{"id":3940,"date":"2022-04-11T12:57:36","date_gmt":"2022-04-11T12:57:36","guid":{"rendered":"https:\/\/wenttrip.com.br\/?p=3940"},"modified":"2022-07-11T14:05:42","modified_gmt":"2022-07-11T14:05:42","slug":"oktoberfest-2022-atualizado","status":"publish","type":"post","link":"https:\/\/wenttrip.com.br\/it\/brasile\/brasil-sul\/santa-catarina\/blumenau\/oktoberfest-2022-aggiornato\/","title":{"rendered":"Oktoberfest Blumenau 2022- AGGIORNATO"},"content":{"rendered":"<div id=\"ez-toc-container\" class=\"ez-toc-v2_0_82_2 counter-hierarchy ez-toc-counter ez-toc-grey ez-toc-container-direction\">\n<div class=\"ez-toc-title-container\">\n<p class=\"ez-toc-title\" style=\"cursor:inherit\">Indice<\/p>\n<span class=\"ez-toc-title-toggle\"><a href=\"#\" class=\"ez-toc-pull-right ez-toc-btn ez-toc-btn-xs ez-toc-btn-default ez-toc-toggle\" aria-label=\"Attiva\/disattiva sommario\"><span class=\"ez-toc-js-icon-con\"><span class=\"\"><span class=\"eztoc-hide\" style=\"display:none;\">alternare<\/span><span class=\"ez-toc-icon-toggle-span\"><svg style=\"fill: #999;color:#999\" xmlns=\"http:\/\/www.w3.org\/2000\/svg\" class=\"list-377408\" width=\"20px\" height=\"20px\" viewbox=\"0 0 24 24\" fill=\"none\"><path d=\"M6 6H4v2h2V6zm14 0H8v2h12V6zM4 11h2v2H4v-2zm16 0H8v2h12v-2zM4 16h2v2H4v-2zm16 0H8v2h12v-2z\" fill=\"currentColor\"><\/path><\/svg><svg style=\"fill: #999;color:#999\" class=\"arrow-unsorted-368013\" xmlns=\"http:\/\/www.w3.org\/2000\/svg\" width=\"10px\" height=\"10px\" viewbox=\"0 0 24 24\" version=\"1.2\" baseprofile=\"tiny\"><path d=\"M18.2 9.3l-6.2-6.3-6.2 6.3c-.2.2-.3.4-.3.7s.1.5.3.7c.2.2.4.3.7.3h11c.3 0 .5-.1.7-.3.2-.2.3-.5.3-.7s-.1-.5-.3-.7zM5.8 14.7l6.2 6.3 6.2-6.3c.2-.2.3-.5.3-.7s-.1-.5-.3-.7c-.2-.2-.4-.3-.7-.3h-11c-.3 0-.5.1-.7.3-.2.2-.3.5-.3.7s.1.5.3.7z\"\/><\/svg><\/span><\/span><\/span><\/a><\/span><\/div>\n<nav><ul class='ez-toc-list ez-toc-list-level-1' ><li class='ez-toc-page-1 ez-toc-heading-level-2'><a class=\"ez-toc-link ez-toc-heading-1\" href=\"https:\/\/wenttrip.com.br\/it\/brasile\/brasil-sul\/santa-catarina\/blumenau\/oktoberfest-2022-aggiornato\/#Trajes_tipicos_da_Oktoberfest\" >Costumi tipici dell&#039;Oktoberfest<\/a><ul class='ez-toc-list-level-3' ><li class='ez-toc-heading-level-3'><a class=\"ez-toc-link ez-toc-heading-2\" href=\"https:\/\/wenttrip.com.br\/it\/brasile\/brasil-sul\/santa-catarina\/blumenau\/oktoberfest-2022-aggiornato\/#Famosos_Fritz_Frida\" >Famosi Fritz &amp; Frida<\/a><\/li><\/ul><\/li><li class='ez-toc-page-1 ez-toc-heading-level-2'><a class=\"ez-toc-link ez-toc-heading-3\" href=\"https:\/\/wenttrip.com.br\/it\/brasile\/brasil-sul\/santa-catarina\/blumenau\/oktoberfest-2022-aggiornato\/#Oktoberfest_Blumenau_%E2%80%93_SC\" >Oktoberfest Blumenau \u2013 SC<\/a><ul class='ez-toc-list-level-3' ><li class='ez-toc-heading-level-3'><a class=\"ez-toc-link ez-toc-heading-4\" href=\"https:\/\/wenttrip.com.br\/it\/brasile\/brasil-sul\/santa-catarina\/blumenau\/oktoberfest-2022-aggiornato\/#Culinaria\" >cucinando<\/a><\/li><li class='ez-toc-page-1 ez-toc-heading-level-3'><a class=\"ez-toc-link ez-toc-heading-5\" href=\"https:\/\/wenttrip.com.br\/it\/brasile\/brasil-sul\/santa-catarina\/blumenau\/oktoberfest-2022-aggiornato\/#Shows_Oktoberfest_Blumenau\" >Spettacoli dell&#039;Oktoberfest Blumenau<\/a><\/li><li class='ez-toc-page-1 ez-toc-heading-level-3'><a class=\"ez-toc-link ez-toc-heading-6\" href=\"https:\/\/wenttrip.com.br\/it\/brasile\/brasil-sul\/santa-catarina\/blumenau\/oktoberfest-2022-aggiornato\/#Ingressos_para_Oktoberfest_Blumenau\" >Biglietti per Oktoberfest Blumenau<\/a><ul class='ez-toc-list-level-4' ><li class='ez-toc-heading-level-4'><a class=\"ez-toc-link ez-toc-heading-7\" href=\"https:\/\/wenttrip.com.br\/it\/brasile\/brasil-sul\/santa-catarina\/blumenau\/oktoberfest-2022-aggiornato\/#Gratuidade_para_Oktoberfest_Blumenau\" >Gratuito per l&#039;Oktoberfest Blumenau<\/a><\/li><li class='ez-toc-page-1 ez-toc-heading-level-4'><a class=\"ez-toc-link ez-toc-heading-8\" href=\"https:\/\/wenttrip.com.br\/it\/brasile\/brasil-sul\/santa-catarina\/blumenau\/oktoberfest-2022-aggiornato\/#Meia_entrada_Oktoberfest_Blumenau\" >Met\u00e0 biglietto Oktoberfest Blumenau<\/a><\/li><\/ul><\/li><\/ul><\/li><li class='ez-toc-page-1 ez-toc-heading-level-2'><a class=\"ez-toc-link ez-toc-heading-9\" href=\"https:\/\/wenttrip.com.br\/it\/brasile\/brasil-sul\/santa-catarina\/blumenau\/oktoberfest-2022-aggiornato\/#Oktoberfest\" >oktoberfest<\/a><ul class='ez-toc-list-level-3' ><li class='ez-toc-heading-level-3'><a class=\"ez-toc-link ez-toc-heading-10\" href=\"https:\/\/wenttrip.com.br\/it\/brasile\/brasil-sul\/santa-catarina\/blumenau\/oktoberfest-2022-aggiornato\/#Oktoberfest_Igrejinha_%E2%80%93_RS\" >Oktoberfest Igrejinha \u2013 RS<\/a><ul class='ez-toc-list-level-4' ><li class='ez-toc-heading-level-4'><a class=\"ez-toc-link ez-toc-heading-11\" href=\"https:\/\/wenttrip.com.br\/it\/brasile\/brasil-sul\/santa-catarina\/blumenau\/oktoberfest-2022-aggiornato\/#Culinaria-2\" >cucinando<\/a><\/li><\/ul><\/li><li class='ez-toc-page-1 ez-toc-heading-level-3'><a class=\"ez-toc-link ez-toc-heading-12\" href=\"https:\/\/wenttrip.com.br\/it\/brasile\/brasil-sul\/santa-catarina\/blumenau\/oktoberfest-2022-aggiornato\/#Oktoberfest_Sao_Paulo_%E2%80%93_SP\" >Oktoberfest San Paolo \u2013 SP<\/a><\/li><li class='ez-toc-page-1 ez-toc-heading-level-3'><a class=\"ez-toc-link ez-toc-heading-13\" href=\"https:\/\/wenttrip.com.br\/it\/brasile\/brasil-sul\/santa-catarina\/blumenau\/oktoberfest-2022-aggiornato\/#Oktoberfest_Santa_Cruz_do_Sul_%E2%80%93_RS\" >Oktoberfest Santa Cruz do Sul \u2013 RS<\/a><\/li><\/ul><\/li><li class='ez-toc-page-1 ez-toc-heading-level-2'><a class=\"ez-toc-link ez-toc-heading-14\" href=\"https:\/\/wenttrip.com.br\/it\/brasile\/brasil-sul\/santa-catarina\/blumenau\/oktoberfest-2022-aggiornato\/#Oktoberfest_2022-_ATUALIZADO\" >Oktoberfest 2022- AGGIORNATO<\/a><\/li><\/ul><\/nav><\/div>\n\n<p>Per te che ami la birra alla spina ghiacciata, le birre artigianali e la deliziosa cucina tedesca, qui in questo post parleremo <strong>TUTTO<\/strong> di:<strong> Oktoberfest 2022 -AGGIORNATO<\/strong> da Blumenau, Igrejinha, San Paolo e Santa Cruz do Sul.<\/p>\n\n\n\n<p>Questa festa \u00e8 nata a Monaco, in Germania. Attualmente si verifica in diversi paesi del mondo, luoghi in cui sono presenti colonizzatori tedeschi.<\/p>\n\n\n\n<p>Feste scandite da tanto ballo, sfilate con abiti tipici tedeschi, folclore, birre, birra alla spina e tanto divertimento.<\/p>\n\n\n\n<p><\/p>\n\n\n\n<h2 class=\"wp-block-heading\"><span class=\"ez-toc-section\" id=\"Trajes_tipicos_da_Oktoberfest\"><\/span><strong>Costumi tipici dell&#039;Oktoberfest<\/strong><span class=\"ez-toc-section-end\"><\/span><\/h2>\n\n\n\n<div class=\"wp-block-columns is-layout-flex wp-container-core-columns-is-layout-9d6595d7 wp-block-columns-is-layout-flex\">\n<div class=\"wp-block-column is-layout-flow wp-block-column-is-layout-flow\">\n<figure class=\"wp-block-image size-full\"><img decoding=\"async\" width=\"504\" height=\"770\" src=\"https:\/\/wenttrip.com.br\/wp-content\/uploads\/2022\/04\/frida.png\" alt=\"Tipico costume femminile dell&#039;Oktoberfest\" class=\"wp-image-3946\" srcset=\"https:\/\/wenttrip.com.br\/wp-content\/uploads\/2022\/04\/frida.png 504w, https:\/\/wenttrip.com.br\/wp-content\/uploads\/2022\/04\/frida-196x300.png 196w\" sizes=\"(max-width: 504px) 100vw, 504px\" \/><\/figure>\n<\/div>\n\n\n\n<div class=\"wp-block-column is-layout-flow wp-block-column-is-layout-flow\">\n<figure class=\"wp-block-image size-full\"><img decoding=\"async\" width=\"504\" height=\"770\" src=\"https:\/\/wenttrip.com.br\/wp-content\/uploads\/2022\/04\/fritz-1.png\" alt=\"Costume tradizionale maschile dell&#039;Oktoberfest\" class=\"wp-image-3947\" srcset=\"https:\/\/wenttrip.com.br\/wp-content\/uploads\/2022\/04\/fritz-1.png 504w, https:\/\/wenttrip.com.br\/wp-content\/uploads\/2022\/04\/fritz-1-196x300.png 196w\" sizes=\"(max-width: 504px) 100vw, 504px\" \/><\/figure>\n<\/div>\n<\/div>\n\n\n\n<p class=\"has-background\" style=\"background-color:#fff4de\">Consiglio: a tutti gli Oktoberfest vestitevi con i costumi tipici tedeschi, portano vantaggi di accesso ai parchi e si gareggia comunque per il concorso per il miglior costume della festa.<\/p>\n\n\n\n<p>I costumi che indossano i festaioli sono chiamati:<strong> landhausmode<\/strong>, caratteristici della vita quotidiana tedesca, abiti indossati dai contadini e che divennero l&#039;abbigliamento ufficiale dei gruppi folkloristici.<\/p>\n\n\n\n<h3 class=\"wp-block-heading\"><span class=\"ez-toc-section\" id=\"Famosos_Fritz_Frida\"><\/span><strong>Famosi Fritz &amp; Frida<\/strong><span class=\"ez-toc-section-end\"><\/span><\/h3>\n\n\n\n<p>i costumi <strong>femminile <\/strong>sono chiamati <strong>Frida,<\/strong> caratterizzato da corpetto aderente, abito lungo o camicetta gitana con gonna svasata, ballerine o scarpe con tacco piccolo, collant tre quarti, capelli intrecciati e grembiule in vita.<\/p>\n\n\n\n<figure class=\"wp-block-image size-full is-resized\"><img decoding=\"async\" src=\"https:\/\/wenttrip.com.br\/wp-content\/uploads\/2022\/04\/Adulto-feminino-oktoberfest-dirndl-traje-baviera-cerveja-festa-menina-wench-traje-fantasia-outfit.jpg_Q90.jpg_.webp\" alt=\"Frida - Oktoberfest\" class=\"wp-image-3949\" width=\"366\" height=\"366\" srcset=\"https:\/\/wenttrip.com.br\/wp-content\/uploads\/2022\/04\/Adulto-feminino-oktoberfest-dirndl-traje-baviera-cerveja-festa-menina-wench-traje-fantasia-outfit.jpg_Q90.jpg_.webp 800w, https:\/\/wenttrip.com.br\/wp-content\/uploads\/2022\/04\/Adulto-feminino-oktoberfest-dirndl-traje-baviera-cerveja-festa-menina-wench-traje-fantasia-outfit.jpg_Q90.jpg_-300x300.webp 300w, https:\/\/wenttrip.com.br\/wp-content\/uploads\/2022\/04\/Adulto-feminino-oktoberfest-dirndl-traje-baviera-cerveja-festa-menina-wench-traje-fantasia-outfit.jpg_Q90.jpg_-150x150.webp 150w, https:\/\/wenttrip.com.br\/wp-content\/uploads\/2022\/04\/Adulto-feminino-oktoberfest-dirndl-traje-baviera-cerveja-festa-menina-wench-traje-fantasia-outfit.jpg_Q90.jpg_-768x768.webp 768w\" sizes=\"(max-width: 366px) 100vw, 366px\" \/><\/figure>\n\n\n\n<p>i costumi <strong>maschile<\/strong> sono chiamati<strong> fritz<\/strong>, caratterizzato da tute con pantaloncini lunghi (pantaloni bavaresi), una camicia, scarpe con calze alte che coprono l&#039;intero polpaccio. In testa c&#039;\u00e8 un cappello Trachtenhut, il classico cappello alpino in feltro, solitamente con una fascia attorno al vaso e decorato con pelliccia scamosciata.<\/p>\n\n\n\n<div class=\"wp-block-columns is-layout-flex wp-container-core-columns-is-layout-9d6595d7 wp-block-columns-is-layout-flex\">\n<div class=\"wp-block-column is-layout-flow wp-block-column-is-layout-flow\">\n<figure class=\"wp-block-image size-full\"><img decoding=\"async\" width=\"450\" height=\"450\" src=\"https:\/\/wenttrip.com.br\/wp-content\/uploads\/2022\/04\/lederhosen-oktoberfest.jpg\" alt=\"Oktoberfest 2022- AGGIORNATO\" class=\"wp-image-3950\" srcset=\"https:\/\/wenttrip.com.br\/wp-content\/uploads\/2022\/04\/lederhosen-oktoberfest.jpg 450w, https:\/\/wenttrip.com.br\/wp-content\/uploads\/2022\/04\/lederhosen-oktoberfest-300x300.jpg 300w, https:\/\/wenttrip.com.br\/wp-content\/uploads\/2022\/04\/lederhosen-oktoberfest-150x150.jpg 150w\" sizes=\"(max-width: 450px) 100vw, 450px\" \/><\/figure>\n<\/div>\n\n\n\n<div class=\"wp-block-column is-layout-flow wp-block-column-is-layout-flow\">\n<figure class=\"wp-block-image size-large\"><img decoding=\"async\" width=\"768\" height=\"1024\" src=\"https:\/\/wenttrip.com.br\/wp-content\/uploads\/2022\/04\/103700651_max-768x1024.jpg\" alt=\"Fritz - Oktoberfest\" class=\"wp-image-3951\" srcset=\"https:\/\/wenttrip.com.br\/wp-content\/uploads\/2022\/04\/103700651_max-768x1023.jpg 768w, https:\/\/wenttrip.com.br\/wp-content\/uploads\/2022\/04\/103700651_max-225x300.jpg 225w, https:\/\/wenttrip.com.br\/wp-content\/uploads\/2022\/04\/103700651_max-1153x1536.jpg 1153w, https:\/\/wenttrip.com.br\/wp-content\/uploads\/2022\/04\/103700651_max.jpg 1500w\" sizes=\"(max-width: 768px) 100vw, 768px\" \/><\/figure>\n<\/div>\n\n\n\n<div class=\"wp-block-column is-layout-flow wp-block-column-is-layout-flow\">\n<figure class=\"wp-block-image size-full\"><img decoding=\"async\" width=\"800\" height=\"800\" src=\"https:\/\/wenttrip.com.br\/wp-content\/uploads\/2022\/04\/Adult-Male-Traditional-Oktoberfest-Costume-Lederhosen-Bavarian-Octoberfest-German-Beer-Men-s-Costume.jpg\" alt=\"Oktoberfest 2022- AGGIORNATO\" class=\"wp-image-3952\" srcset=\"https:\/\/wenttrip.com.br\/wp-content\/uploads\/2022\/04\/Adult-Male-Traditional-Oktoberfest-Costume-Lederhosen-Bavarian-Octoberfest-German-Beer-Men-s-Costume.jpg 800w, https:\/\/wenttrip.com.br\/wp-content\/uploads\/2022\/04\/Adult-Male-Traditional-Oktoberfest-Costume-Lederhosen-Bavarian-Octoberfest-German-Beer-Men-s-Costume-300x300.jpg 300w, https:\/\/wenttrip.com.br\/wp-content\/uploads\/2022\/04\/Adult-Male-Traditional-Oktoberfest-Costume-Lederhosen-Bavarian-Octoberfest-German-Beer-Men-s-Costume-150x150.jpg 150w, https:\/\/wenttrip.com.br\/wp-content\/uploads\/2022\/04\/Adult-Male-Traditional-Oktoberfest-Costume-Lederhosen-Bavarian-Octoberfest-German-Beer-Men-s-Costume-768x768.jpg 768w\" sizes=\"(max-width: 800px) 100vw, 800px\" \/><\/figure>\n<\/div>\n<\/div>\n\n\n\n<h2 class=\"wp-block-heading\"><span class=\"ez-toc-section\" id=\"Oktoberfest_Blumenau_%E2%80%93_SC\"><\/span><strong>Oktoberfest Blumenau \u2013 SC<\/strong><span class=\"ez-toc-section-end\"><\/span><\/h2>\n\n\n\n<figure class=\"wp-block-image size-full\"><img decoding=\"async\" width=\"851\" height=\"310\" src=\"https:\/\/wenttrip.com.br\/wp-content\/uploads\/2022\/04\/219761108_4803179089711513_3337931274681440168_n.png\" alt=\"blumenau dell&#039;oktoberfest\" class=\"wp-image-3953\" srcset=\"https:\/\/wenttrip.com.br\/wp-content\/uploads\/2022\/04\/219761108_4803179089711513_3337931274681440168_n.png 851w, https:\/\/wenttrip.com.br\/wp-content\/uploads\/2022\/04\/219761108_4803179089711513_3337931274681440168_n-300x109.png 300w, https:\/\/wenttrip.com.br\/wp-content\/uploads\/2022\/04\/219761108_4803179089711513_3337931274681440168_n-768x280.png 768w, https:\/\/wenttrip.com.br\/wp-content\/uploads\/2022\/04\/219761108_4803179089711513_3337931274681440168_n-389x142.png 389w\" sizes=\"(max-width: 851px) 100vw, 851px\" \/><\/figure>\n\n\n\n<p>Ci sono cos\u00ec tanti coloni tedeschi che l&#039;Oktoberfest non poteva non esistere in questa citt\u00e0 o meglio regione dello stato. \u00c8 praticamente un pezzetto di Germania.<\/p>\n\n\n\n<p class=\"has-background\" style=\"background-color:#e8f7e0\">Le date di <strong>37a edizione<\/strong> sono gi\u00e0 definiti e saranno del <strong>dal 5 al 23 ottobre<\/strong> dal 2022.<\/p>\n\n\n\n<p>Prepara i tuoi costumi per la sfilata <strong>Parco della Villa Germanica<\/strong>!<\/p>\n\n\n\n<figure class=\"wp-block-image size-full is-resized\"><img decoding=\"async\" src=\"https:\/\/wenttrip.com.br\/wp-content\/uploads\/2022\/04\/5094490713_502e014dc9_b.jpg\" alt=\"Oktoberfest Blumenau\" class=\"wp-image-3954\" width=\"584\" height=\"438\" srcset=\"https:\/\/wenttrip.com.br\/wp-content\/uploads\/2022\/04\/5094490713_502e014dc9_b.jpg 1024w, https:\/\/wenttrip.com.br\/wp-content\/uploads\/2022\/04\/5094490713_502e014dc9_b-300x225.jpg 300w, https:\/\/wenttrip.com.br\/wp-content\/uploads\/2022\/04\/5094490713_502e014dc9_b-768x576.jpg 768w, https:\/\/wenttrip.com.br\/wp-content\/uploads\/2022\/04\/5094490713_502e014dc9_b-389x292.jpg 389w\" sizes=\"(max-width: 584px) 100vw, 584px\" \/><\/figure>\n\n\n\n<h3 class=\"wp-block-heading\"><span class=\"ez-toc-section\" id=\"Culinaria\"><\/span><strong>cucinando<\/strong><span class=\"ez-toc-section-end\"><\/span><\/h3>\n\n\n\n<p>Tenetevi pronti, perch\u00e9 anche la cucina ha sapori particolari, tra i secondi piatti ci sono: bretzel, gulasch e spatzle.<\/p>\n\n\n\n<p>Sono circa 150 le proposte di piatti tipici distribuiti in diversi ristoranti della food court dell&#039;evento.<\/p>\n\n\n\n<p>E, naturalmente, la speciale birra alla spina e le birre artigianali.<\/p>\n\n\n\n<h3 class=\"wp-block-heading\"><span class=\"ez-toc-section\" id=\"Shows_Oktoberfest_Blumenau\"><\/span>Spettacoli dell&#039;Oktoberfest Blumenau<span class=\"ez-toc-section-end\"><\/span><\/h3>\n\n\n\n<p>Nei giorni<strong> 7 e 8 <\/strong>ottobre: la banda <strong>Tim Toupet <\/strong>fai la festa! Hanno quella famosa canzone del &quot;piccolo aereo&quot;.<\/p>\n\n\n\n<figure class=\"wp-block-image size-full is-resized\"><img decoding=\"async\" src=\"https:\/\/wenttrip.com.br\/wp-content\/uploads\/2022\/06\/tim-toupet.jpg\" alt=\"Tim Toupet\" class=\"wp-image-4690\" width=\"350\" height=\"350\" srcset=\"https:\/\/wenttrip.com.br\/wp-content\/uploads\/2022\/06\/tim-toupet.jpg 768w, https:\/\/wenttrip.com.br\/wp-content\/uploads\/2022\/06\/tim-toupet-300x300.jpg 300w, https:\/\/wenttrip.com.br\/wp-content\/uploads\/2022\/06\/tim-toupet-150x150.jpg 150w\" sizes=\"(max-width: 350px) 100vw, 350px\" \/><\/figure>\n\n\n\n<p>Nei giorni <strong>13, 14 e 15<\/strong> ottobre: il <strong>Gruppo tedesco VoxxClub<\/strong> scuoter\u00e0 le notti.<\/p>\n\n\n\n<figure class=\"wp-block-image size-large\"><img decoding=\"async\" width=\"1024\" height=\"511\" src=\"https:\/\/wenttrip.com.br\/wp-content\/uploads\/2022\/06\/image4-1024x511.jpg\" alt=\" VoxxClub\" class=\"wp-image-4691\" srcset=\"https:\/\/wenttrip.com.br\/wp-content\/uploads\/2022\/06\/image4-1024x511.jpg 1024w, https:\/\/wenttrip.com.br\/wp-content\/uploads\/2022\/06\/image4-300x150.jpg 300w, https:\/\/wenttrip.com.br\/wp-content\/uploads\/2022\/06\/image4-768x383.jpg 768w, https:\/\/wenttrip.com.br\/wp-content\/uploads\/2022\/06\/image4-1536x766.jpg 1536w, https:\/\/wenttrip.com.br\/wp-content\/uploads\/2022\/06\/image4.jpg 1920w\" sizes=\"(max-width: 1024px) 100vw, 1024px\" \/><\/figure>\n\n\n\n<p>Nei giorni <strong>21 e 22<\/strong> di ottobre: <strong>Pietro Wackel<\/strong>, considerato uno degli artisti pi\u00f9 famosi con lo stile \u201cmallhorca\u201d e hitmaker, di tutti gli oktoberfest del mondo. Finir\u00e0 lo spettacolo dell&#039;Oktoberfest.<\/p>\n\n\n\n<figure class=\"wp-block-image size-large is-resized\"><img decoding=\"async\" src=\"https:\/\/wenttrip.com.br\/wp-content\/uploads\/2022\/06\/2016_Super_Sommer_Sause_-_Peter_Wackel_-_by_2eight_-_DSC1420-682x1024.jpg\" alt=\"Pietro Wackel\" class=\"wp-image-4692\" width=\"350\" height=\"526\" srcset=\"https:\/\/wenttrip.com.br\/wp-content\/uploads\/2022\/06\/2016_Super_Sommer_Sause_-_Peter_Wackel_-_by_2eight_-_DSC1420-682x1024.jpg 682w, https:\/\/wenttrip.com.br\/wp-content\/uploads\/2022\/06\/2016_Super_Sommer_Sause_-_Peter_Wackel_-_by_2eight_-_DSC1420-200x300.jpg 200w, https:\/\/wenttrip.com.br\/wp-content\/uploads\/2022\/06\/2016_Super_Sommer_Sause_-_Peter_Wackel_-_by_2eight_-_DSC1420-768x1154.jpg 768w, https:\/\/wenttrip.com.br\/wp-content\/uploads\/2022\/06\/2016_Super_Sommer_Sause_-_Peter_Wackel_-_by_2eight_-_DSC1420-1022x1536.jpg 1022w, https:\/\/wenttrip.com.br\/wp-content\/uploads\/2022\/06\/2016_Super_Sommer_Sause_-_Peter_Wackel_-_by_2eight_-_DSC1420.jpg 1363w\" sizes=\"(max-width: 350px) 100vw, 350px\" \/><\/figure>\n\n\n\n<h3 class=\"wp-block-heading\"><span class=\"ez-toc-section\" id=\"Ingressos_para_Oktoberfest_Blumenau\"><\/span><strong>Biglietti per Oktoberfest Blumenau<\/strong><span class=\"ez-toc-section-end\"><\/span><\/h3>\n\n\n\n<figure class=\"wp-block-image size-large\"><img decoding=\"async\" width=\"1024\" height=\"768\" src=\"https:\/\/wenttrip.com.br\/wp-content\/uploads\/2022\/04\/2odesfile_oktober-322-1024x768.jpg\" alt=\"Biglietti per Oktoberfest Blumenau\" class=\"wp-image-3955\" srcset=\"https:\/\/wenttrip.com.br\/wp-content\/uploads\/2022\/04\/2odesfile_oktober-322-1024x768.jpg 1024w, https:\/\/wenttrip.com.br\/wp-content\/uploads\/2022\/04\/2odesfile_oktober-322-300x225.jpg 300w, https:\/\/wenttrip.com.br\/wp-content\/uploads\/2022\/04\/2odesfile_oktober-322-768x576.jpg 768w, https:\/\/wenttrip.com.br\/wp-content\/uploads\/2022\/04\/2odesfile_oktober-322-1536x1152.jpg 1536w, https:\/\/wenttrip.com.br\/wp-content\/uploads\/2022\/04\/2odesfile_oktober-322-389x292.jpg 389w, https:\/\/wenttrip.com.br\/wp-content\/uploads\/2022\/04\/2odesfile_oktober-322.jpg 1600w\" sizes=\"(max-width: 1024px) 100vw, 1024px\" \/><\/figure>\n\n\n\n<p>Sotto i valori:<\/p>\n\n\n\n<ul class=\"wp-block-list\"><li><strong>Entrata Libera<\/strong><strong>:<\/strong><ul><li>Primo giorno (05\/10);<\/li><li>luned\u00ec (10\/10);<\/li><li>Marted\u00ec (17\/10);<\/li><li>Ultimo giorno (23\/10).<\/li><\/ul><\/li><li><strong>domenica* \/ marted\u00ec* \/ mercoled\u00ec \/ gioved\u00ec:<\/strong><ul><li>Intero: R$ 20,00;<\/li><li>Calza: R$ 10.00.<br>*Tranne (11\/10 e 23\/10)<\/li><\/ul><\/li><li><strong>venerd\u00ec e vigilia festiva:<\/strong><ul><li>Intero: R$ 44,00;<\/li><li>Calza: R$ 22.00.<\/li><\/ul><\/li><li><strong>Sabato:<\/strong><ul><li>Intero: R$ 56,00;<\/li><li>Calza: R$ 28.00.<\/li><\/ul><\/li><li><strong>Vacanza (10\/12):<\/strong><ul><li>Intero: R$ 20,00;<\/li><li>Calza: R$ 10.00.<\/li><\/ul><\/li><\/ul>\n\n\n\n<h4 class=\"wp-block-heading\"><span class=\"ez-toc-section\" id=\"Gratuidade_para_Oktoberfest_Blumenau\"><\/span>Gratuito per l&#039;Oktoberfest Blumenau<span class=\"ez-toc-section-end\"><\/span><\/h4>\n\n\n\n<p><strong>Giovani fino a 12 anni:<\/strong>&nbsp;deve presentare un documento di identit\u00e0 con foto rilasciato da un ente pubblico.<\/p>\n\n\n\n<h4 class=\"wp-block-heading\"><span class=\"ez-toc-section\" id=\"Meia_entrada_Oktoberfest_Blumenau\"><\/span>Met\u00e0 biglietto Oktoberfest Blumenau<span class=\"ez-toc-section-end\"><\/span><\/h4>\n\n\n\n<ul class=\"wp-block-list\"><li>Visitatori che indossano i tipici costumi culturali tedeschi<\/li><li>Giovani sotto i 18 anni<\/li><li>Studenti (con presentazione della tessera dello studente)<\/li><li>Giovani sotto i 18 anni<\/li><li>insegnanti<\/li><li>Persone di et\u00e0 pari o superiore a 60 anni<\/li><li>Persone con disabilit\u00e0 e accompagnatore<\/li><li>Donatori di sangue da tutto il Brasile<\/li><\/ul>\n\n\n\n<h2 class=\"wp-block-heading\"><span class=\"ez-toc-section\" id=\"Oktoberfest\"><\/span><strong>oktoberfest<\/strong><span class=\"ez-toc-section-end\"><\/span><\/h2>\n\n\n\n<p>Cogliendo l&#039;occasione per condividere con voi gli altri Oktoberfest che avremo entro la fine dell&#039;anno e in questo modo potrete organizzarvi per godervi un sacco di balli, cibo tipico e birra fresca alla spina!<\/p>\n\n\n\n<h3 class=\"wp-block-heading\"><span class=\"ez-toc-section\" id=\"Oktoberfest_Igrejinha_%E2%80%93_RS\"><\/span><strong>Oktoberfest Igrejinha \u2013 RS<\/strong><span class=\"ez-toc-section-end\"><\/span><\/h3>\n\n\n\n<figure class=\"wp-block-image size-large\"><img decoding=\"async\" width=\"1024\" height=\"682\" src=\"https:\/\/wenttrip.com.br\/wp-content\/uploads\/2022\/04\/1de49fa9f7bc3403ef9def127663a9be-1024x682.jpg\" alt=\"Oktoberfest Igrejinha \u2013 RS\" class=\"wp-image-3956\" srcset=\"https:\/\/wenttrip.com.br\/wp-content\/uploads\/2022\/04\/1de49fa9f7bc3403ef9def127663a9be-1024x682.jpg 1024w, https:\/\/wenttrip.com.br\/wp-content\/uploads\/2022\/04\/1de49fa9f7bc3403ef9def127663a9be-300x200.jpg 300w, https:\/\/wenttrip.com.br\/wp-content\/uploads\/2022\/04\/1de49fa9f7bc3403ef9def127663a9be-768x512.jpg 768w, https:\/\/wenttrip.com.br\/wp-content\/uploads\/2022\/04\/1de49fa9f7bc3403ef9def127663a9be-389x259.jpg 389w, https:\/\/wenttrip.com.br\/wp-content\/uploads\/2022\/04\/1de49fa9f7bc3403ef9def127663a9be.jpg 1100w\" sizes=\"(max-width: 1024px) 100vw, 1024px\" \/><\/figure>\n\n\n\n<p class=\"has-background\" style=\"background-color:#edf5d9\">Le date di <strong>33a edizione<\/strong> sono gi\u00e0 definiti e saranno del <strong>dal 14 al 23 ottobre<\/strong> 2022, all&#039;Almiro Grings Event Park.<\/p>\n\n\n\n<p>Sul sito dell&#039;organizzazione non ci sono ancora informazioni su biglietti o spettacoli. <strong>Aggiorneremo il prima possibile.<\/strong><\/p>\n\n\n\n<p>Prenota subito queste date!<\/p>\n\n\n\n<figure class=\"wp-block-image size-full\"><img decoding=\"async\" width=\"585\" height=\"380\" src=\"https:\/\/wenttrip.com.br\/wp-content\/uploads\/2022\/04\/oktober2019.jpg\" alt=\"Oktoberfest Igrejinha \u2013 RS\" class=\"wp-image-3957\" srcset=\"https:\/\/wenttrip.com.br\/wp-content\/uploads\/2022\/04\/oktober2019.jpg 585w, https:\/\/wenttrip.com.br\/wp-content\/uploads\/2022\/04\/oktober2019-300x195.jpg 300w, https:\/\/wenttrip.com.br\/wp-content\/uploads\/2022\/04\/oktober2019-389x253.jpg 389w\" sizes=\"(max-width: 585px) 100vw, 585px\" \/><\/figure>\n\n\n\n<h4 class=\"wp-block-heading\"><span class=\"ez-toc-section\" id=\"Culinaria-2\"><\/span><strong>cucinando<\/strong><span class=\"ez-toc-section-end\"><\/span><\/h4>\n\n\n\n<p>La gastronomia non mancher\u00e0 mai nei festival tedeschi, a Igrejinha le tradizionali ginocchia di maiale, i crauti e la salsiccia di bok sono i punti salienti.<\/p>\n\n\n\n<p>Per chi ama le cucas coloniali, la salsiccia e il ravanello, troverete anche molte variet\u00e0.<\/p>\n\n\n\n<p>E ovviamente le birre alla spina, le birre artigianali e le famose e <strong>tradizionale birra analcolica fatta in casa<\/strong>.<\/p>\n\n\n\n<h3 class=\"wp-block-heading\"><span class=\"ez-toc-section\" id=\"Oktoberfest_Sao_Paulo_%E2%80%93_SP\"><\/span><strong>Oktoberfest San Paolo \u2013 SP<\/strong><span class=\"ez-toc-section-end\"><\/span><\/h3>\n\n\n\n<figure class=\"wp-block-image size-full\"><img decoding=\"async\" width=\"697\" height=\"376\" src=\"https:\/\/wenttrip.com.br\/wp-content\/uploads\/2022\/04\/sao-paulo-oktoberfest-2021.jpg\" alt=\"Oktoberfest SP\" class=\"wp-image-3958\" srcset=\"https:\/\/wenttrip.com.br\/wp-content\/uploads\/2022\/04\/sao-paulo-oktoberfest-2021.jpg 697w, https:\/\/wenttrip.com.br\/wp-content\/uploads\/2022\/04\/sao-paulo-oktoberfest-2021-300x162.jpg 300w, https:\/\/wenttrip.com.br\/wp-content\/uploads\/2022\/04\/sao-paulo-oktoberfest-2021-389x210.jpg 389w\" sizes=\"(max-width: 697px) 100vw, 697px\" \/><\/figure>\n\n\n\n<p class=\"has-background\" style=\"background-color:#cff5d6\">Le date sono gi\u00e0 fissate dal 17 settembre al 3 ottobre 2022.<\/p>\n\n\n\n<p>Inoltre, non ci sono pi\u00f9 informazioni su spettacoli, biglietti e altre informazioni sull&#039;evento. Aggiorneremo in prima persona.<\/p>\n\n\n\n<h3 class=\"wp-block-heading\"><span class=\"ez-toc-section\" id=\"Oktoberfest_Santa_Cruz_do_Sul_%E2%80%93_RS\"><\/span><strong>Oktoberfest Santa Cruz do Sul \u2013 RS<\/strong><span class=\"ez-toc-section-end\"><\/span><\/h3>\n\n\n\n<figure class=\"wp-block-image size-full\"><img decoding=\"async\" width=\"800\" height=\"532\" src=\"https:\/\/wenttrip.com.br\/wp-content\/uploads\/2022\/04\/familia_fritzok_credito_agencia_francisco_frantz-9159210.webp\" alt=\"Oktoberfest Santa Cruz do Sul\" class=\"wp-image-3959\" srcset=\"https:\/\/wenttrip.com.br\/wp-content\/uploads\/2022\/04\/familia_fritzok_credito_agencia_francisco_frantz-9159210.webp 800w, https:\/\/wenttrip.com.br\/wp-content\/uploads\/2022\/04\/familia_fritzok_credito_agencia_francisco_frantz-9159210-300x200.webp 300w, https:\/\/wenttrip.com.br\/wp-content\/uploads\/2022\/04\/familia_fritzok_credito_agencia_francisco_frantz-9159210-768x511.webp 768w, https:\/\/wenttrip.com.br\/wp-content\/uploads\/2022\/04\/familia_fritzok_credito_agencia_francisco_frantz-9159210-389x259.webp 389w\" sizes=\"(max-width: 800px) 100vw, 800px\" \/><\/figure>\n\n\n\n<p class=\"has-background\" style=\"background-color:#c7f8fa\">Le date di <strong>37a edizione<\/strong> sono gi\u00e0 definiti e saranno suddivisi in 3 periodi<strong>: dal 6 al 9, dal 12 al 16 e dal 20 al 23 ottobre 2022<\/strong>.<\/p>\n\n\n\n<p>Sono 14 ettari proprio nel centro della citt\u00e0, con food court, sfilate a tema, tanti balli, ottima cucina e tanto divertimento.<\/p>\n\n\n\n<h2 class=\"wp-block-heading\"><span class=\"ez-toc-section\" id=\"Oktoberfest_2022-_ATUALIZADO\"><\/span><strong>Oktoberfest 2022- AGGIORNATO<\/strong><span class=\"ez-toc-section-end\"><\/span><\/h2>\n\n\n\n<p><strong>Infine<\/strong>, Spero che i suggerimenti ti siano piaciuti e cogli l&#039;occasione per fare il tuo programma!<\/p>\n\n\n\n<p>Effettua prenotazioni alberghiere e assicurati i tuoi abiti in anticipo! Il mio consiglio \u00e8 di farlo con una sarta, di solito \u00e8 pi\u00f9 economico, oppure acquistalo online.<\/p>\n\n\n\n<p><strong>Di seguito suggerimenti e valori:<\/strong><\/p>\n\n\n\n<p>Pu\u00f2 variare molto a seconda della qualit\u00e0 del prodotto.<\/p>\n\n\n\n<div class=\"wp-block-columns is-layout-flex wp-container-core-columns-is-layout-9d6595d7 wp-block-columns-is-layout-flex\">\n<div class=\"wp-block-column is-layout-flow wp-block-column-is-layout-flow\">\n<iframe sandbox=\"allow-popups allow-scripts allow-modals allow-forms allow-same-origin\" style=\"width:120px;height:240px;\" marginwidth=\"0\" marginheight=\"0\" scrolling=\"no\" frameborder=\"0\" src=\"\/\/ws-na.amazon-adsystem.com\/widgets\/q?ServiceVersion=20070822&amp;OneJS=1&amp;Operation=GetAdHtml&amp;MarketPlace=BR&amp;source=ss&amp;ref=as_ss_li_til&amp;ad_type=product_link&amp;tracking_id=wenttrip-20&amp;language=pt_BR&amp;marketplace=amazon&amp;region=BR&amp;placement=B09CTT1RNR&amp;asins=B09CTT1RNR&amp;linkId=b6717780835405b2004decda3d507abf&amp;show_border=true&amp;link_opens_in_new_window=true\"><\/iframe>\n<\/div>\n\n\n\n<div class=\"wp-block-column is-layout-flow wp-block-column-is-layout-flow\">\n<iframe sandbox=\"allow-popups allow-scripts allow-modals allow-forms allow-same-origin\" style=\"width:120px;height:240px;\" marginwidth=\"0\" marginheight=\"0\" scrolling=\"no\" frameborder=\"0\" src=\"\/\/ws-na.amazon-adsystem.com\/widgets\/q?ServiceVersion=20070822&amp;OneJS=1&amp;Operation=GetAdHtml&amp;MarketPlace=BR&amp;source=ss&amp;ref=as_ss_li_til&amp;ad_type=product_link&amp;tracking_id=wenttrip-20&amp;language=pt_BR&amp;marketplace=amazon&amp;region=BR&amp;placement=B09GV8VG5W&amp;asins=B09GV8VG5W&amp;linkId=f4a706da0ee5d22682783b9cffde43cc&amp;show_border=true&amp;link_opens_in_new_window=true\"><\/iframe>\n<\/div>\n\n\n\n<div class=\"wp-block-column is-layout-flow wp-block-column-is-layout-flow\">\n<iframe sandbox=\"allow-popups allow-scripts allow-modals allow-forms allow-same-origin\" style=\"width:120px;height:240px;\" marginwidth=\"0\" marginheight=\"0\" scrolling=\"no\" frameborder=\"0\" src=\"\/\/ws-na.amazon-adsystem.com\/widgets\/q?ServiceVersion=20070822&amp;OneJS=1&amp;Operation=GetAdHtml&amp;MarketPlace=BR&amp;source=ss&amp;ref=as_ss_li_til&amp;ad_type=product_link&amp;tracking_id=wenttrip-20&amp;language=pt_BR&amp;marketplace=amazon&amp;region=BR&amp;placement=B004759M26&amp;asins=B004759M26&amp;linkId=7c4d5ebabb3f7d6bedba9f41a09657b2&amp;show_border=true&amp;link_opens_in_new_window=true\"><\/iframe>\n<\/div>\n\n\n\n<div class=\"wp-block-column is-layout-flow wp-block-column-is-layout-flow\">\n<iframe sandbox=\"allow-popups allow-scripts allow-modals allow-forms allow-same-origin\" style=\"width:120px;height:240px;\" marginwidth=\"0\" marginheight=\"0\" scrolling=\"no\" frameborder=\"0\" src=\"\/\/ws-na.amazon-adsystem.com\/widgets\/q?ServiceVersion=20070822&amp;OneJS=1&amp;Operation=GetAdHtml&amp;MarketPlace=BR&amp;source=ss&amp;ref=as_ss_li_til&amp;ad_type=product_link&amp;tracking_id=wenttrip-20&amp;language=pt_BR&amp;marketplace=amazon&amp;region=BR&amp;placement=B075CWV6ZL&amp;asins=B075CWV6ZL&amp;linkId=7f170e439b933e77795ae9f3f45d3d22&amp;show_border=true&amp;link_opens_in_new_window=true\"><\/iframe>\n<\/div>\n<\/div>\n\n\n\n<p>Divertiti e leggi di pi\u00f9 su:<\/p>\n\n\n\n<p> <a href=\"https:\/\/wenttrip.com.br\/it\/notizia\/aggiornata-prima-neve-del-2022-in-sc\/\">Aggiornato - Prima neve del 2022 in SC<\/a><\/p>\n\n\n\n<p> <a href=\"https:\/\/wenttrip.com.br\/it\/brasile\/brasil-sul\/santa-catarina\/imbituba\/praia-do-rosa-sc\/\">Praia do Rosa SC<\/a><\/p>\n\n\n\n<p> <a href=\"https:\/\/wenttrip.com.br\/it\/brasile\/brasil-sul\/santa-catarina\/praia-grande\/cosa-fare-di-notte-a-praia-grande-sc\/\">Cosa fare di notte a Praia Grande SC<\/a><\/p>\n\n\n\n<p> <a href=\"https:\/\/wenttrip.com.br\/it\/brasile\/brasil-sul\/santa-catarina\/le-migliori-spiagge-di-santa-catarina\/\">Le migliori spiagge di Santa Catarina<\/a><\/p>\n\n\n\n<p> <a href=\"https:\/\/wenttrip.com.br\/it\/brasile\/posti-buoni-del-brasile-per-godersi-l-inverno\/\">Luoghi per godersi l&#039;inverno in Brasile<\/a><\/p>","protected":false},"excerpt":{"rendered":"<p>Per quelli di voi che amano la birra fredda alla spina, le birre artigianali e la deliziosa cucina tedesca, qui in questo post parleremo di TUTTO di: Oktoberfest 2022 -AGGIORNATO da Blumenau, Igrejinha, San Paolo e Santa Cruz do Sul Questa festa che ha avuto origine a Monaco , in Germania. Attualmente si verifica in diversi paesi del mondo, luoghi in cui ci sono colonizzatori...&nbsp;<a href=\"https:\/\/wenttrip.com.br\/it\/brasile\/brasil-sul\/santa-catarina\/blumenau\/oktoberfest-2022-aggiornato\/\" rel=\"bookmark\">Leggi tutto \u00bb<span class=\"screen-reader-text\">Oktoberfest Blumenau 2022- AGGIORNATO<\/span><\/a><\/p>","protected":false},"author":1,"featured_media":3964,"comment_status":"open","ping_status":"open","sticky":false,"template":"","format":"standard","meta":{"neve_meta_sidebar":"","neve_meta_container":"","neve_meta_enable_content_width":"","neve_meta_content_width":0,"neve_meta_title_alignment":"","neve_meta_author_avatar":"","neve_post_elements_order":"","neve_meta_disable_header":"","neve_meta_disable_footer":"","neve_meta_disable_title":"","footnotes":""},"categories":[1727],"tags":[1509,1507,1217,1213,1511,1215,1512,1171,1220,1211,1214,1216,1219,1218,1510,1508,1212],"class_list":["post-3940","post","type-post","status-publish","format-standard","has-post-thumbnail","hentry","category-blumenau","tag-banda-alema-voxxclub","tag-banda-tim-toupet","tag-culinaria-oktoberfest","tag-famosos-fritz-frida","tag-gratuidade-para-oktoberfest-blumenau","tag-ingressos-para-oktoberfest-blumenau","tag-meia-entrada-oktoberfest-blumenau","tag-oktoberfest","tag-oktoberfest-2022","tag-oktoberfest-2022-atualizado","tag-oktoberfest-blumenau-sc","tag-oktoberfest-igrejinha-rs","tag-oktoberfest-santa-cruz-do-sul-rs","tag-oktoberfest-sao-paulo-sp","tag-peter-wackel","tag-shows-oktoberfest-blumenau","tag-trajes-tipicos-da-oktoberfest"],"yoast_head":"<!-- This site is optimized with the Yoast SEO plugin v27.5 - https:\/\/yoast.com\/product\/yoast-seo-wordpress\/ -->\n<title>Oktoberfest Blumenau 2022- ATUALIZADO - saiba-tudo- WentTrip<\/title>\n<meta name=\"description\" content=\"Para voc\u00ea que ama um chope gelado, cervejas...TUDO sobre: Oktoberfest Blumenau 2022 -ATUALIZADO al\u00e9m dos de S\u00e3o Paulo e Santa Cruz do Sul...\" \/>\n<meta name=\"robots\" content=\"index, follow, max-snippet:-1, max-image-preview:large, max-video-preview:-1\" \/>\n<link rel=\"canonical\" href=\"https:\/\/wenttrip.com.br\/it\/brasile\/brasil-sul\/santa-catarina\/blumenau\/oktoberfest-2022-aggiornato\/\" \/>\n<meta property=\"og:locale\" content=\"it_IT\" \/>\n<meta property=\"og:type\" content=\"article\" \/>\n<meta property=\"og:title\" content=\"Oktoberfest Blumenau 2022- ATUALIZADO - saiba-tudo- WentTrip\" \/>\n<meta property=\"og:description\" content=\"Para voc\u00ea que ama um chope gelado, cervejas...TUDO sobre: Oktoberfest Blumenau 2022 -ATUALIZADO al\u00e9m dos de S\u00e3o Paulo e Santa Cruz do Sul...\" \/>\n<meta property=\"og:url\" content=\"https:\/\/wenttrip.com.br\/it\/brasile\/brasil-sul\/santa-catarina\/blumenau\/oktoberfest-2022-aggiornato\/\" \/>\n<meta property=\"og:site_name\" content=\"WentTrip\" \/>\n<meta property=\"article:publisher\" content=\"https:\/\/m.facebook.com\/profile.php\" \/>\n<meta property=\"article:author\" content=\"https:\/\/m.facebook.com\/profile.php\" \/>\n<meta property=\"article:published_time\" content=\"2022-04-11T12:57:36+00:00\" \/>\n<meta property=\"article:modified_time\" content=\"2022-07-11T14:05:42+00:00\" \/>\n<meta property=\"og:image\" content=\"https:\/\/wenttrip.com.br\/wp-content\/uploads\/2022\/04\/DicassobreaOktoberfest.jpg\" \/>\n\t<meta property=\"og:image:width\" content=\"800\" \/>\n\t<meta property=\"og:image:height\" content=\"533\" \/>\n\t<meta property=\"og:image:type\" content=\"image\/jpeg\" \/>\n<meta name=\"author\" content=\"Fernanda Machado\" \/>\n<meta name=\"twitter:card\" content=\"summary_large_image\" \/>\n<meta name=\"twitter:creator\" content=\"@https:\/\/twitter.com\/wenttrip\" \/>\n<meta name=\"twitter:site\" content=\"@wenttrip\" \/>\n<meta name=\"twitter:label1\" content=\"Scritto da\" \/>\n\t<meta name=\"twitter:data1\" content=\"Fernanda Machado\" \/>\n\t<meta name=\"twitter:label2\" content=\"Tempo di lettura stimato\" \/>\n\t<meta name=\"twitter:data2\" content=\"8 minuti\" \/>\n<script type=\"application\/ld+json\" class=\"yoast-schema-graph\">{\"@context\":\"https:\\\/\\\/schema.org\",\"@graph\":[{\"@type\":\"Article\",\"@id\":\"https:\\\/\\\/wenttrip.com.br\\\/it\\\/brasile\\\/brasil-sul\\\/santa-catarina\\\/blumenau\\\/oktoberfest-2022-aggiornato\\\/#article\",\"isPartOf\":{\"@id\":\"https:\\\/\\\/wenttrip.com.br\\\/it\\\/brasile\\\/brasil-sul\\\/santa-catarina\\\/blumenau\\\/oktoberfest-2022-aggiornato\\\/\"},\"author\":{\"name\":\"Fernanda Machado\",\"@id\":\"https:\\\/\\\/wenttrip.com.br\\\/it\\\/#\\\/schema\\\/person\\\/c0ff87b449a960037fdd1b024842fcf9\"},\"headline\":\"Oktoberfest Blumenau 2022- ATUALIZADO\",\"datePublished\":\"2022-04-11T12:57:36+00:00\",\"dateModified\":\"2022-07-11T14:05:42+00:00\",\"mainEntityOfPage\":{\"@id\":\"https:\\\/\\\/wenttrip.com.br\\\/it\\\/brasile\\\/brasil-sul\\\/santa-catarina\\\/blumenau\\\/oktoberfest-2022-aggiornato\\\/\"},\"wordCount\":893,\"commentCount\":1,\"publisher\":{\"@id\":\"https:\\\/\\\/wenttrip.com.br\\\/it\\\/#\\\/schema\\\/person\\\/c0ff87b449a960037fdd1b024842fcf9\"},\"image\":{\"@id\":\"https:\\\/\\\/wenttrip.com.br\\\/it\\\/brasile\\\/brasil-sul\\\/santa-catarina\\\/blumenau\\\/oktoberfest-2022-aggiornato\\\/#primaryimage\"},\"thumbnailUrl\":\"https:\\\/\\\/wenttrip.com.br\\\/wp-content\\\/uploads\\\/2022\\\/04\\\/DicassobreaOktoberfest.jpg\",\"keywords\":[\"banda alem\u00e3 VoxxClub\",\"banda Tim Toupet\",\"Culin\u00e1ria oktoberfest\",\"Famosos Fritz &amp; Frida\",\"Gratuidade para Oktoberfest Blumenau\",\"Ingressos para Oktoberfest Blumenau\",\"Meia entrada Oktoberfest Blumenau\",\"Oktoberfest\",\"oktoberfest 2022\",\"Oktoberfest 2022- ATUALIZADO\",\"Oktoberfest Blumenau - SC\",\"Oktoberfest Igrejinha \u2013 RS\",\"Oktoberfest Santa Cruz do Sul \u2013 RS\",\"Oktoberfest S\u00e3o Paulo \u2013 SP\",\"Peter Wackel\",\"Shows Oktoberfest Blumenau\",\"Trajes t\u00edpicos da Oktoberfest\"],\"articleSection\":[\"Blumenau\"],\"inLanguage\":\"it-IT\",\"potentialAction\":[{\"@type\":\"CommentAction\",\"name\":\"Comment\",\"target\":[\"https:\\\/\\\/wenttrip.com.br\\\/it\\\/brasile\\\/brasil-sul\\\/santa-catarina\\\/blumenau\\\/oktoberfest-2022-aggiornato\\\/#respond\"]}]},{\"@type\":\"WebPage\",\"@id\":\"https:\\\/\\\/wenttrip.com.br\\\/it\\\/brasile\\\/brasil-sul\\\/santa-catarina\\\/blumenau\\\/oktoberfest-2022-aggiornato\\\/\",\"url\":\"https:\\\/\\\/wenttrip.com.br\\\/it\\\/brasile\\\/brasil-sul\\\/santa-catarina\\\/blumenau\\\/oktoberfest-2022-aggiornato\\\/\",\"name\":\"Oktoberfest Blumenau 2022- ATUALIZADO - saiba-tudo- WentTrip\",\"isPartOf\":{\"@id\":\"https:\\\/\\\/wenttrip.com.br\\\/it\\\/#website\"},\"primaryImageOfPage\":{\"@id\":\"https:\\\/\\\/wenttrip.com.br\\\/it\\\/brasile\\\/brasil-sul\\\/santa-catarina\\\/blumenau\\\/oktoberfest-2022-aggiornato\\\/#primaryimage\"},\"image\":{\"@id\":\"https:\\\/\\\/wenttrip.com.br\\\/it\\\/brasile\\\/brasil-sul\\\/santa-catarina\\\/blumenau\\\/oktoberfest-2022-aggiornato\\\/#primaryimage\"},\"thumbnailUrl\":\"https:\\\/\\\/wenttrip.com.br\\\/wp-content\\\/uploads\\\/2022\\\/04\\\/DicassobreaOktoberfest.jpg\",\"datePublished\":\"2022-04-11T12:57:36+00:00\",\"dateModified\":\"2022-07-11T14:05:42+00:00\",\"description\":\"Para voc\u00ea que ama um chope gelado, cervejas...TUDO sobre: Oktoberfest Blumenau 2022 -ATUALIZADO al\u00e9m dos de S\u00e3o Paulo e Santa Cruz do Sul...\",\"breadcrumb\":{\"@id\":\"https:\\\/\\\/wenttrip.com.br\\\/it\\\/brasile\\\/brasil-sul\\\/santa-catarina\\\/blumenau\\\/oktoberfest-2022-aggiornato\\\/#breadcrumb\"},\"inLanguage\":\"it-IT\",\"potentialAction\":[{\"@type\":\"ReadAction\",\"target\":[\"https:\\\/\\\/wenttrip.com.br\\\/it\\\/brasile\\\/brasil-sul\\\/santa-catarina\\\/blumenau\\\/oktoberfest-2022-aggiornato\\\/\"]}]},{\"@type\":\"ImageObject\",\"inLanguage\":\"it-IT\",\"@id\":\"https:\\\/\\\/wenttrip.com.br\\\/it\\\/brasile\\\/brasil-sul\\\/santa-catarina\\\/blumenau\\\/oktoberfest-2022-aggiornato\\\/#primaryimage\",\"url\":\"https:\\\/\\\/wenttrip.com.br\\\/wp-content\\\/uploads\\\/2022\\\/04\\\/DicassobreaOktoberfest.jpg\",\"contentUrl\":\"https:\\\/\\\/wenttrip.com.br\\\/wp-content\\\/uploads\\\/2022\\\/04\\\/DicassobreaOktoberfest.jpg\",\"width\":800,\"height\":533},{\"@type\":\"BreadcrumbList\",\"@id\":\"https:\\\/\\\/wenttrip.com.br\\\/it\\\/brasile\\\/brasil-sul\\\/santa-catarina\\\/blumenau\\\/oktoberfest-2022-aggiornato\\\/#breadcrumb\",\"itemListElement\":[{\"@type\":\"ListItem\",\"position\":1,\"name\":\"In\u00edcio\",\"item\":\"https:\\\/\\\/wenttrip.com.br\\\/it\\\/\"},{\"@type\":\"ListItem\",\"position\":2,\"name\":\"Oktoberfest Blumenau 2022- ATUALIZADO\"}]},{\"@type\":\"WebSite\",\"@id\":\"https:\\\/\\\/wenttrip.com.br\\\/it\\\/#website\",\"url\":\"https:\\\/\\\/wenttrip.com.br\\\/it\\\/\",\"name\":\"WentTrip\",\"description\":\"O seu guia completo com muitas dicas de aventuras, lugares, alimenta\u00e7\u00e3o, hot\u00e9is.\",\"publisher\":{\"@id\":\"https:\\\/\\\/wenttrip.com.br\\\/it\\\/#\\\/schema\\\/person\\\/c0ff87b449a960037fdd1b024842fcf9\"},\"potentialAction\":[{\"@type\":\"SearchAction\",\"target\":{\"@type\":\"EntryPoint\",\"urlTemplate\":\"https:\\\/\\\/wenttrip.com.br\\\/it\\\/?s={search_term_string}\"},\"query-input\":{\"@type\":\"PropertyValueSpecification\",\"valueRequired\":true,\"valueName\":\"search_term_string\"}}],\"inLanguage\":\"it-IT\"},{\"@type\":[\"Person\",\"Organization\"],\"@id\":\"https:\\\/\\\/wenttrip.com.br\\\/it\\\/#\\\/schema\\\/person\\\/c0ff87b449a960037fdd1b024842fcf9\",\"name\":\"Fernanda Machado\",\"image\":{\"@type\":\"ImageObject\",\"inLanguage\":\"it-IT\",\"@id\":\"https:\\\/\\\/wenttrip.com.br\\\/wp-content\\\/uploads\\\/2022\\\/08\\\/WentTrip-2.png\",\"url\":\"https:\\\/\\\/wenttrip.com.br\\\/wp-content\\\/uploads\\\/2022\\\/08\\\/WentTrip-2.png\",\"contentUrl\":\"https:\\\/\\\/wenttrip.com.br\\\/wp-content\\\/uploads\\\/2022\\\/08\\\/WentTrip-2.png\",\"width\":1000,\"height\":1000,\"caption\":\"Fernanda Machado\"},\"logo\":{\"@id\":\"https:\\\/\\\/wenttrip.com.br\\\/wp-content\\\/uploads\\\/2022\\\/08\\\/WentTrip-2.png\"},\"description\":\"Aprendi que a vida \u00e9 mais leve quando colocamos uma mochila nas costas junto com sonhos. Amo viajar! Tenho 34 anos, mam\u00e3e de 3 cachorros: A Pantufa, O mutley e o Mixuruca. Compartilhamos nossas experi\u00eancias por aqui, esperamos que gostem!\",\"sameAs\":[\"https:\\\/\\\/wenttrip.com.br\",\"https:\\\/\\\/m.facebook.com\\\/profile.php\",\"https:\\\/\\\/www.instagram.com\\\/wenttrip\\\/\",\"https:\\\/\\\/x.com\\\/https:\\\/\\\/twitter.com\\\/wenttrip\",\"https:\\\/\\\/www.youtube.com\\\/c\\\/WentTrip\\\/videos\"],\"url\":\"https:\\\/\\\/wenttrip.com.br\\\/it\\\/author\\\/admin\\\/\"}]}<\/script>\n<!-- \/ Yoast SEO plugin. -->","yoast_head_json":{"title":"Oktoberfest Blumenau 2022- AGGIORNATO - sa tutto- WentTrip","description":"Per quelli di voi che amano la birra alla spina fredda, le birre... TUTTO su: Oktoberfest Blumenau 2022 -AGGIORNATO oltre a quelli di San Paolo e Santa Cruz do Sul...","robots":{"index":"index","follow":"follow","max-snippet":"max-snippet:-1","max-image-preview":"max-image-preview:large","max-video-preview":"max-video-preview:-1"},"canonical":"https:\/\/wenttrip.com.br\/it\/brasile\/brasil-sul\/santa-catarina\/blumenau\/oktoberfest-2022-aggiornato\/","og_locale":"it_IT","og_type":"article","og_title":"Oktoberfest Blumenau 2022- ATUALIZADO - saiba-tudo- WentTrip","og_description":"Para voc\u00ea que ama um chope gelado, cervejas...TUDO sobre: Oktoberfest Blumenau 2022 -ATUALIZADO al\u00e9m dos de S\u00e3o Paulo e Santa Cruz do Sul...","og_url":"https:\/\/wenttrip.com.br\/it\/brasile\/brasil-sul\/santa-catarina\/blumenau\/oktoberfest-2022-aggiornato\/","og_site_name":"WentTrip","article_publisher":"https:\/\/m.facebook.com\/profile.php","article_author":"https:\/\/m.facebook.com\/profile.php","article_published_time":"2022-04-11T12:57:36+00:00","article_modified_time":"2022-07-11T14:05:42+00:00","og_image":[{"width":800,"height":533,"url":"https:\/\/wenttrip.com.br\/wp-content\/uploads\/2022\/04\/DicassobreaOktoberfest.jpg","type":"image\/jpeg"}],"author":"Fernanda Machado","twitter_card":"summary_large_image","twitter_creator":"@https:\/\/twitter.com\/wenttrip","twitter_site":"@wenttrip","twitter_misc":{"Scritto da":"Fernanda Machado","Tempo di lettura stimato":"8 minuti"},"schema":{"@context":"https:\/\/schema.org","@graph":[{"@type":"Article","@id":"https:\/\/wenttrip.com.br\/it\/brasile\/brasil-sul\/santa-catarina\/blumenau\/oktoberfest-2022-aggiornato\/#article","isPartOf":{"@id":"https:\/\/wenttrip.com.br\/it\/brasile\/brasil-sul\/santa-catarina\/blumenau\/oktoberfest-2022-aggiornato\/"},"author":{"name":"Fernanda Machado","@id":"https:\/\/wenttrip.com.br\/it\/#\/schema\/person\/c0ff87b449a960037fdd1b024842fcf9"},"headline":"Oktoberfest Blumenau 2022- ATUALIZADO","datePublished":"2022-04-11T12:57:36+00:00","dateModified":"2022-07-11T14:05:42+00:00","mainEntityOfPage":{"@id":"https:\/\/wenttrip.com.br\/it\/brasile\/brasil-sul\/santa-catarina\/blumenau\/oktoberfest-2022-aggiornato\/"},"wordCount":893,"commentCount":1,"publisher":{"@id":"https:\/\/wenttrip.com.br\/it\/#\/schema\/person\/c0ff87b449a960037fdd1b024842fcf9"},"image":{"@id":"https:\/\/wenttrip.com.br\/it\/brasile\/brasil-sul\/santa-catarina\/blumenau\/oktoberfest-2022-aggiornato\/#primaryimage"},"thumbnailUrl":"https:\/\/wenttrip.com.br\/wp-content\/uploads\/2022\/04\/DicassobreaOktoberfest.jpg","keywords":["banda alem\u00e3 VoxxClub","banda Tim Toupet","Culin\u00e1ria oktoberfest","Famosos Fritz &amp; Frida","Gratuidade para Oktoberfest Blumenau","Ingressos para Oktoberfest Blumenau","Meia entrada Oktoberfest Blumenau","Oktoberfest","oktoberfest 2022","Oktoberfest 2022- ATUALIZADO","Oktoberfest Blumenau - SC","Oktoberfest Igrejinha \u2013 RS","Oktoberfest Santa Cruz do Sul \u2013 RS","Oktoberfest S\u00e3o Paulo \u2013 SP","Peter Wackel","Shows Oktoberfest Blumenau","Trajes t\u00edpicos da Oktoberfest"],"articleSection":["Blumenau"],"inLanguage":"it-IT","potentialAction":[{"@type":"CommentAction","name":"Comment","target":["https:\/\/wenttrip.com.br\/it\/brasile\/brasil-sul\/santa-catarina\/blumenau\/oktoberfest-2022-aggiornato\/#respond"]}]},{"@type":"WebPage","@id":"https:\/\/wenttrip.com.br\/it\/brasile\/brasil-sul\/santa-catarina\/blumenau\/oktoberfest-2022-aggiornato\/","url":"https:\/\/wenttrip.com.br\/it\/brasile\/brasil-sul\/santa-catarina\/blumenau\/oktoberfest-2022-aggiornato\/","name":"Oktoberfest Blumenau 2022- AGGIORNATO - sa tutto- WentTrip","isPartOf":{"@id":"https:\/\/wenttrip.com.br\/it\/#website"},"primaryImageOfPage":{"@id":"https:\/\/wenttrip.com.br\/it\/brasile\/brasil-sul\/santa-catarina\/blumenau\/oktoberfest-2022-aggiornato\/#primaryimage"},"image":{"@id":"https:\/\/wenttrip.com.br\/it\/brasile\/brasil-sul\/santa-catarina\/blumenau\/oktoberfest-2022-aggiornato\/#primaryimage"},"thumbnailUrl":"https:\/\/wenttrip.com.br\/wp-content\/uploads\/2022\/04\/DicassobreaOktoberfest.jpg","datePublished":"2022-04-11T12:57:36+00:00","dateModified":"2022-07-11T14:05:42+00:00","description":"Per quelli di voi che amano la birra alla spina fredda, le birre... TUTTO su: Oktoberfest Blumenau 2022 -AGGIORNATO oltre a quelli di San Paolo e Santa Cruz do Sul...","breadcrumb":{"@id":"https:\/\/wenttrip.com.br\/it\/brasile\/brasil-sul\/santa-catarina\/blumenau\/oktoberfest-2022-aggiornato\/#breadcrumb"},"inLanguage":"it-IT","potentialAction":[{"@type":"ReadAction","target":["https:\/\/wenttrip.com.br\/it\/brasile\/brasil-sul\/santa-catarina\/blumenau\/oktoberfest-2022-aggiornato\/"]}]},{"@type":"ImageObject","inLanguage":"it-IT","@id":"https:\/\/wenttrip.com.br\/it\/brasile\/brasil-sul\/santa-catarina\/blumenau\/oktoberfest-2022-aggiornato\/#primaryimage","url":"https:\/\/wenttrip.com.br\/wp-content\/uploads\/2022\/04\/DicassobreaOktoberfest.jpg","contentUrl":"https:\/\/wenttrip.com.br\/wp-content\/uploads\/2022\/04\/DicassobreaOktoberfest.jpg","width":800,"height":533},{"@type":"BreadcrumbList","@id":"https:\/\/wenttrip.com.br\/it\/brasile\/brasil-sul\/santa-catarina\/blumenau\/oktoberfest-2022-aggiornato\/#breadcrumb","itemListElement":[{"@type":"ListItem","position":1,"name":"In\u00edcio","item":"https:\/\/wenttrip.com.br\/it\/"},{"@type":"ListItem","position":2,"name":"Oktoberfest Blumenau 2022- ATUALIZADO"}]},{"@type":"WebSite","@id":"https:\/\/wenttrip.com.br\/it\/#website","url":"https:\/\/wenttrip.com.br\/it\/","name":"Andato in viaggio","description":"La tua guida completa con tanti consigli su avventure, luoghi, cibo, hotel.","publisher":{"@id":"https:\/\/wenttrip.com.br\/it\/#\/schema\/person\/c0ff87b449a960037fdd1b024842fcf9"},"potentialAction":[{"@type":"SearchAction","target":{"@type":"EntryPoint","urlTemplate":"https:\/\/wenttrip.com.br\/it\/?s={search_term_string}"},"query-input":{"@type":"PropertyValueSpecification","valueRequired":true,"valueName":"search_term_string"}}],"inLanguage":"it-IT"},{"@type":["Person","Organization"],"@id":"https:\/\/wenttrip.com.br\/it\/#\/schema\/person\/c0ff87b449a960037fdd1b024842fcf9","name":"Fernanda Macchado","image":{"@type":"ImageObject","inLanguage":"it-IT","@id":"https:\/\/wenttrip.com.br\/wp-content\/uploads\/2022\/08\/WentTrip-2.png","url":"https:\/\/wenttrip.com.br\/wp-content\/uploads\/2022\/08\/WentTrip-2.png","contentUrl":"https:\/\/wenttrip.com.br\/wp-content\/uploads\/2022\/08\/WentTrip-2.png","width":1000,"height":1000,"caption":"Fernanda Machado"},"logo":{"@id":"https:\/\/wenttrip.com.br\/wp-content\/uploads\/2022\/08\/WentTrip-2.png"},"description":"Ho imparato che la vita \u00e8 pi\u00f9 leggera quando ci mettiamo uno zaino in spalla insieme ai sogni. Amo viaggiare! Ho 34 anni, mamma di 3 cani: Pantufa, Mutley e Mixuruca. Condividiamo qui le nostre esperienze, speriamo vi piaccia!","sameAs":["https:\/\/wenttrip.com.br","https:\/\/m.facebook.com\/profile.php","https:\/\/www.instagram.com\/wenttrip\/","https:\/\/x.com\/https:\/\/twitter.com\/wenttrip","https:\/\/www.youtube.com\/c\/WentTrip\/videos"],"url":"https:\/\/wenttrip.com.br\/it\/author\/admin\/"}]}},"_links":{"self":[{"href":"https:\/\/wenttrip.com.br\/it\/wp-json\/wp\/v2\/posts\/3940","targetHints":{"allow":["GET"]}}],"collection":[{"href":"https:\/\/wenttrip.com.br\/it\/wp-json\/wp\/v2\/posts"}],"about":[{"href":"https:\/\/wenttrip.com.br\/it\/wp-json\/wp\/v2\/types\/post"}],"author":[{"embeddable":true,"href":"https:\/\/wenttrip.com.br\/it\/wp-json\/wp\/v2\/users\/1"}],"replies":[{"embeddable":true,"href":"https:\/\/wenttrip.com.br\/it\/wp-json\/wp\/v2\/comments?post=3940"}],"version-history":[{"count":0,"href":"https:\/\/wenttrip.com.br\/it\/wp-json\/wp\/v2\/posts\/3940\/revisions"}],"wp:featuredmedia":[{"embeddable":true,"href":"https:\/\/wenttrip.com.br\/it\/wp-json\/wp\/v2\/media\/3964"}],"wp:attachment":[{"href":"https:\/\/wenttrip.com.br\/it\/wp-json\/wp\/v2\/media?parent=3940"}],"wp:term":[{"taxonomy":"category","embeddable":true,"href":"https:\/\/wenttrip.com.br\/it\/wp-json\/wp\/v2\/categories?post=3940"},{"taxonomy":"post_tag","embeddable":true,"href":"https:\/\/wenttrip.com.br\/it\/wp-json\/wp\/v2\/tags?post=3940"}],"curies":[{"name":"parola chiave","href":"https:\/\/api.w.org\/{rel}","templated":true}]}}