{"id":3919,"date":"2022-04-08T14:03:29","date_gmt":"2022-04-08T14:03:29","guid":{"rendered":"https:\/\/wenttrip.com.br\/?p=3919"},"modified":"2022-07-11T14:09:18","modified_gmt":"2022-07-11T14:09:18","slug":"pontos-turisticos-de-curitiba","status":"publish","type":"post","link":"https:\/\/wenttrip.com.br\/it\/brasile\/brasil-sul\/parana\/curitiba\/luoghi-turistici-di-curitiba\/","title":{"rendered":"Attrazioni turistiche di Curitiba"},"content":{"rendered":"<div id=\"ez-toc-container\" class=\"ez-toc-v2_0_82_2 counter-hierarchy ez-toc-counter ez-toc-grey ez-toc-container-direction\">\n<div class=\"ez-toc-title-container\">\n<p class=\"ez-toc-title\" style=\"cursor:inherit\">Indice<\/p>\n<span class=\"ez-toc-title-toggle\"><a href=\"#\" class=\"ez-toc-pull-right ez-toc-btn ez-toc-btn-xs ez-toc-btn-default ez-toc-toggle\" aria-label=\"Attiva\/disattiva sommario\"><span class=\"ez-toc-js-icon-con\"><span class=\"\"><span class=\"eztoc-hide\" style=\"display:none;\">alternare<\/span><span class=\"ez-toc-icon-toggle-span\"><svg style=\"fill: #999;color:#999\" xmlns=\"http:\/\/www.w3.org\/2000\/svg\" class=\"list-377408\" width=\"20px\" height=\"20px\" viewbox=\"0 0 24 24\" fill=\"none\"><path d=\"M6 6H4v2h2V6zm14 0H8v2h12V6zM4 11h2v2H4v-2zm16 0H8v2h12v-2zM4 16h2v2H4v-2zm16 0H8v2h12v-2z\" fill=\"currentColor\"><\/path><\/svg><svg style=\"fill: #999;color:#999\" class=\"arrow-unsorted-368013\" xmlns=\"http:\/\/www.w3.org\/2000\/svg\" width=\"10px\" height=\"10px\" viewbox=\"0 0 24 24\" version=\"1.2\" baseprofile=\"tiny\"><path d=\"M18.2 9.3l-6.2-6.3-6.2 6.3c-.2.2-.3.4-.3.7s.1.5.3.7c.2.2.4.3.7.3h11c.3 0 .5-.1.7-.3.2-.2.3-.5.3-.7s-.1-.5-.3-.7zM5.8 14.7l6.2 6.3 6.2-6.3c.2-.2.3-.5.3-.7s-.1-.5-.3-.7c-.2-.2-.4-.3-.7-.3h-11c-.3 0-.5.1-.7.3-.2.2-.3.5-.3.7s.1.5.3.7z\"\/><\/svg><\/span><\/span><\/span><\/a><\/span><\/div>\n<nav><ul class='ez-toc-list ez-toc-list-level-1' ><li class='ez-toc-page-1 ez-toc-heading-level-2'><a class=\"ez-toc-link ez-toc-heading-1\" href=\"https:\/\/wenttrip.com.br\/it\/brasile\/brasil-sul\/parana\/curitiba\/luoghi-turistici-di-curitiba\/#Sobre_Curitiba\" >A proposito di Curitiba<\/a><\/li><li class='ez-toc-page-1 ez-toc-heading-level-2'><a class=\"ez-toc-link ez-toc-heading-2\" href=\"https:\/\/wenttrip.com.br\/it\/brasile\/brasil-sul\/parana\/curitiba\/luoghi-turistici-di-curitiba\/#Pontos_turisticos_de_Curitiba\" >Attrazioni turistiche di Curitiba<\/a><ul class='ez-toc-list-level-3' ><li class='ez-toc-heading-level-3'><a class=\"ez-toc-link ez-toc-heading-3\" href=\"https:\/\/wenttrip.com.br\/it\/brasile\/brasil-sul\/parana\/curitiba\/luoghi-turistici-di-curitiba\/#Bairro_Santa_Felicidade\" >Quartiere di Santa Felicidade<\/a><\/li><li class='ez-toc-page-1 ez-toc-heading-level-3'><a class=\"ez-toc-link ez-toc-heading-4\" href=\"https:\/\/wenttrip.com.br\/it\/brasile\/brasil-sul\/parana\/curitiba\/luoghi-turistici-di-curitiba\/#Jardim_Botanico_de_Curitiba\" >Orto Botanico di Curitiba<\/a><\/li><li class='ez-toc-page-1 ez-toc-heading-level-3'><a class=\"ez-toc-link ez-toc-heading-5\" href=\"https:\/\/wenttrip.com.br\/it\/brasile\/brasil-sul\/parana\/curitiba\/luoghi-turistici-di-curitiba\/#Opera_de_Arame_%E2%80%93_Vale_da_Musica\" >Wire Opera \u2013 Valle della Musica<\/a><\/li><li class='ez-toc-page-1 ez-toc-heading-level-3'><a class=\"ez-toc-link ez-toc-heading-6\" href=\"https:\/\/wenttrip.com.br\/it\/brasile\/brasil-sul\/parana\/curitiba\/luoghi-turistici-di-curitiba\/#Museu_Oscar_Niemeyer_%E2%80%93_MON\" >Museo Oscar Niemeyer \u2013 LUN<\/a><\/li><li class='ez-toc-page-1 ez-toc-heading-level-3'><a class=\"ez-toc-link ez-toc-heading-7\" href=\"https:\/\/wenttrip.com.br\/it\/brasile\/brasil-sul\/parana\/curitiba\/luoghi-turistici-di-curitiba\/#Mercado_Municipal\" >Mercato comunale<\/a><\/li><li class='ez-toc-page-1 ez-toc-heading-level-3'><a class=\"ez-toc-link ez-toc-heading-8\" href=\"https:\/\/wenttrip.com.br\/it\/brasile\/brasil-sul\/parana\/curitiba\/luoghi-turistici-di-curitiba\/#Passeio_de_trem_ate_Morretes\" >Viaggio in treno a Morretes<\/a><\/li><li class='ez-toc-page-1 ez-toc-heading-level-3'><a class=\"ez-toc-link ez-toc-heading-9\" href=\"https:\/\/wenttrip.com.br\/it\/brasile\/brasil-sul\/parana\/curitiba\/luoghi-turistici-di-curitiba\/#Torre_Panoramica_da_OI\" >OI Torre Panoramica<\/a><\/li><li class='ez-toc-page-1 ez-toc-heading-level-3'><a class=\"ez-toc-link ez-toc-heading-10\" href=\"https:\/\/wenttrip.com.br\/it\/brasile\/brasil-sul\/parana\/curitiba\/luoghi-turistici-di-curitiba\/#Parque_Tangua\" >Parco Tangua<\/a><\/li><\/ul><\/li><li class='ez-toc-page-1 ez-toc-heading-level-2'><a class=\"ez-toc-link ez-toc-heading-11\" href=\"https:\/\/wenttrip.com.br\/it\/brasile\/brasil-sul\/parana\/curitiba\/luoghi-turistici-di-curitiba\/#Pontos_turisticos_de_Curitiba-2\" >Attrazioni turistiche di Curitiba<\/a><\/li><\/ul><\/nav><\/div>\n\n<p>Fai un tour della capitale pi\u00f9 pulita, organizzata e bella del Brasile. Scopri qui le attrazioni di Curitiba e goditi tutto!<\/p>\n\n\n\n<p><\/p>\n\n\n\n<p><\/p>\n\n\n\n<h2 class=\"wp-block-heading\"><span class=\"ez-toc-section\" id=\"Sobre_Curitiba\"><\/span>S<strong>su Curitiba<\/strong><span class=\"ez-toc-section-end\"><\/span><\/h2>\n\n\n\n<p>Curitiba \u00e8 la capitale dello stato del Paran\u00e1, situata nel sud del Brasile.<\/p>\n\n\n\n<p>Considerata la capitale ecologica, giustificata dalle grandi aree verdi, dalla sua urbanistica e dalla citt\u00e0 ecosostenibile dell&#039;America Latina.<\/p>\n\n\n\n<p>Lei \u00e8 considerata la <strong>pi\u00f9 freddo del paese<\/strong>, la vegetazione \u00e8 caratterizzata da bellissime araucarie, lasciando un&#039;aria invernale ancora pi\u00f9 accogliente.<\/p>\n\n\n\n<p>Avenida Luiz Xavier \u00e8 lunga 152 metri, considerata la <strong>via pi\u00f9 breve del mondo<\/strong>.<\/p>\n\n\n\n<h2 class=\"wp-block-heading\"><span class=\"ez-toc-section\" id=\"Pontos_turisticos_de_Curitiba\"><\/span><strong>Attrazioni turistiche di Curitiba<\/strong><span class=\"ez-toc-section-end\"><\/span><\/h2>\n\n\n\n<h3 class=\"wp-block-heading\"><span class=\"ez-toc-section\" id=\"Bairro_Santa_Felicidade\"><\/span><strong>Quartiere di Santa Felicidade<\/strong><span class=\"ez-toc-section-end\"><\/span><\/h3>\n\n\n\n<p>Partiamo dal quartiere pi\u00f9 goloso della citt\u00e0, famoso per essere interamente dedicato alla cucina italiana. In questo quartiere il ristorante <strong>Madalosso<\/strong>, \u00e8 il ristorante pi\u00f9 grande delle Americhe con quasi 5.000 posti a sedere.<\/p>\n\n\n\n<figure class=\"wp-block-image size-full\"><img decoding=\"async\" width=\"450\" height=\"338\" src=\"https:\/\/wenttrip.com.br\/wp-content\/uploads\/2022\/04\/888410213-MOB.jpg\" alt=\"Bairro da Felicidade - Punti turistici di Curitiba\" class=\"wp-image-3922\" srcset=\"https:\/\/wenttrip.com.br\/wp-content\/uploads\/2022\/04\/888410213-MOB.jpg 450w, https:\/\/wenttrip.com.br\/wp-content\/uploads\/2022\/04\/888410213-MOB-300x225.jpg 300w, https:\/\/wenttrip.com.br\/wp-content\/uploads\/2022\/04\/888410213-MOB-389x292.jpg 389w\" sizes=\"(max-width: 450px) 100vw, 450px\" \/><\/figure>\n\n\n\n<h3 class=\"wp-block-heading\"><span class=\"ez-toc-section\" id=\"Jardim_Botanico_de_Curitiba\"><\/span><strong>Orto Botanico di Curitiba<\/strong><span class=\"ez-toc-section-end\"><\/span><\/h3>\n\n\n\n<p>Lui \u00e8 la cartolina della citt\u00e0!<\/p>\n\n\n\n<p>Sono 178 mila metri quadrati, con molta flora e fauna. All&#039;interno del giardino si trova la famosa serra con i suoi 458mq, ispirata all&#039;architettura europea, \u00e8 tutta in vetro con strutture in ferro, \u00e8 possibile entrarci e fare un giro.<\/p>\n\n\n\n<p>All&#039;interno sono presenti piante ornamentali della flora della Foresta Atlantica.<\/p>\n\n\n\n<p>All&#039;esterno, i contenitori per fiori sono disegnati geometricamente, in perfetto contrasto tra il verde e i fiori colorati.<\/p>\n\n\n\n<figure class=\"wp-block-image size-full\"><img decoding=\"async\" width=\"800\" height=\"400\" src=\"https:\/\/wenttrip.com.br\/wp-content\/uploads\/2022\/04\/Jardim-botanico-Curitiba.jpg\" alt=\"giardino botanico\" class=\"wp-image-3926\" srcset=\"https:\/\/wenttrip.com.br\/wp-content\/uploads\/2022\/04\/Jardim-botanico-Curitiba.jpg 800w, https:\/\/wenttrip.com.br\/wp-content\/uploads\/2022\/04\/Jardim-botanico-Curitiba-300x150.jpg 300w, https:\/\/wenttrip.com.br\/wp-content\/uploads\/2022\/04\/Jardim-botanico-Curitiba-768x384.jpg 768w, https:\/\/wenttrip.com.br\/wp-content\/uploads\/2022\/04\/Jardim-botanico-Curitiba-389x195.jpg 389w\" sizes=\"(max-width: 800px) 100vw, 800px\" \/><\/figure>\n\n\n\n<h3 class=\"wp-block-heading\"><span class=\"ez-toc-section\" id=\"Opera_de_Arame_%E2%80%93_Vale_da_Musica\"><\/span><strong>Wire Opera \u2013 Valle della Musica<\/strong><span class=\"ez-toc-section-end\"><\/span><\/h3>\n\n\n\n<p>\u00c8 un teatro brasiliano, diverso da qualsiasi altro teatro che hai visto, il nome \u00e8 gi\u00e0 indicativo dello spazio fisico.<\/p>\n\n\n\n<p>Realizzata in tubi di acciaio con strutture metalliche, ricoperte da lastre di policarbonato trasparente, che rimanda alla fragilit\u00e0 di una costruzione in filo metallico.<\/p>\n\n\n\n<p>Accanto al Teatro, c&#039;\u00e8 un lago con un palco galleggiante, dove si esibiscono diversi musicisti della citt\u00e0.<\/p>\n\n\n\n<p>Puoi goderti tutto questo anche al ristorante \u00d3pera Arte.<\/p>\n\n\n\n<figure class=\"wp-block-image size-full\"><img decoding=\"async\" width=\"822\" height=\"715\" src=\"https:\/\/wenttrip.com.br\/wp-content\/uploads\/2022\/04\/42297098_1949141591842548_8060529591585865728_n.jpg\" alt=\"filo opera\" class=\"wp-image-3927\" srcset=\"https:\/\/wenttrip.com.br\/wp-content\/uploads\/2022\/04\/42297098_1949141591842548_8060529591585865728_n.jpg 822w, https:\/\/wenttrip.com.br\/wp-content\/uploads\/2022\/04\/42297098_1949141591842548_8060529591585865728_n-300x261.jpg 300w, https:\/\/wenttrip.com.br\/wp-content\/uploads\/2022\/04\/42297098_1949141591842548_8060529591585865728_n-768x668.jpg 768w, https:\/\/wenttrip.com.br\/wp-content\/uploads\/2022\/04\/42297098_1949141591842548_8060529591585865728_n-345x300.jpg 345w\" sizes=\"(max-width: 822px) 100vw, 822px\" \/><\/figure>\n\n\n\n<h3 class=\"wp-block-heading\"><span class=\"ez-toc-section\" id=\"Museu_Oscar_Niemeyer_%E2%80%93_MON\"><\/span><strong>Museo Oscar Niemeyer \u2013 LUN<\/strong><span class=\"ez-toc-section-end\"><\/span><\/h3>\n\n\n\n<p>Il suo focus sono le arti virtuali, l&#039;architettura e il design, popolarmente noto come Museu do Olho.<\/p>\n\n\n\n<p>&nbsp; Progettato da Oscar Niemeyer nel 1967, \u00e8 un museo d&#039;arte.<\/p>\n\n\n\n<figure class=\"wp-block-image size-full\"><img decoding=\"async\" width=\"550\" height=\"366\" src=\"https:\/\/wenttrip.com.br\/wp-content\/uploads\/2022\/04\/museu-oscar-niemeyer.jpg\" alt=\"LUN - Museo Oscar Niemeyer\" class=\"wp-image-3928\" srcset=\"https:\/\/wenttrip.com.br\/wp-content\/uploads\/2022\/04\/museu-oscar-niemeyer.jpg 550w, https:\/\/wenttrip.com.br\/wp-content\/uploads\/2022\/04\/museu-oscar-niemeyer-300x200.jpg 300w, https:\/\/wenttrip.com.br\/wp-content\/uploads\/2022\/04\/museu-oscar-niemeyer-389x259.jpg 389w\" sizes=\"(max-width: 550px) 100vw, 550px\" \/><\/figure>\n\n\n\n<h3 class=\"wp-block-heading\"><span class=\"ez-toc-section\" id=\"Mercado_Municipal\"><\/span><strong>Mercato comunale<\/strong><span class=\"ez-toc-section-end\"><\/span><\/h3>\n\n\n\n<p>Per gli amanti della cucina, non c&#039;\u00e8 niente di meglio che conoscere il luogo da cui provengono le prelibatezze.<\/p>\n\n\n\n<p>L\u00ec troverai ristoranti, bancarelle di verdure, birre importate, cacha\u00e7as e una moltitudine di articoli.<\/p>\n\n\n\n<figure class=\"wp-block-image size-large\"><img decoding=\"async\" width=\"1024\" height=\"683\" src=\"https:\/\/wenttrip.com.br\/wp-content\/uploads\/2022\/04\/00246597-1024x683.jpg\" alt=\"Mercato municipale di CUritiba\" class=\"wp-image-3933\" srcset=\"https:\/\/wenttrip.com.br\/wp-content\/uploads\/2022\/04\/00246597-1024x683.jpg 1024w, https:\/\/wenttrip.com.br\/wp-content\/uploads\/2022\/04\/00246597-300x200.jpg 300w, https:\/\/wenttrip.com.br\/wp-content\/uploads\/2022\/04\/00246597-768x512.jpg 768w, https:\/\/wenttrip.com.br\/wp-content\/uploads\/2022\/04\/00246597-1536x1024.jpg 1536w, https:\/\/wenttrip.com.br\/wp-content\/uploads\/2022\/04\/00246597-2048x1365.jpg 2048w, https:\/\/wenttrip.com.br\/wp-content\/uploads\/2022\/04\/00246597-389x259.jpg 389w\" sizes=\"(max-width: 1024px) 100vw, 1024px\" \/><\/figure>\n\n\n\n<h3 class=\"wp-block-heading\"><span class=\"ez-toc-section\" id=\"Passeio_de_trem_ate_Morretes\"><\/span><strong>Viaggio in treno a Morretes<\/strong><span class=\"ez-toc-section-end\"><\/span><\/h3>\n\n\n\n<p>Pianifica di fare questo divertente giro attraverso la Foresta Atlantica, scoprendo un bellissimo viaggio in treno che ti porter\u00e0 nella storica citt\u00e0 di Morretes.<\/p>\n\n\n\n<figure class=\"wp-block-image size-full\"><img decoding=\"async\" width=\"719\" height=\"475\" src=\"https:\/\/wenttrip.com.br\/wp-content\/uploads\/2022\/04\/tremorretes.jpg\" alt=\"Viaggio in treno a Morretes\" class=\"wp-image-3930\" srcset=\"https:\/\/wenttrip.com.br\/wp-content\/uploads\/2022\/04\/tremorretes.jpg 719w, https:\/\/wenttrip.com.br\/wp-content\/uploads\/2022\/04\/tremorretes-300x198.jpg 300w, https:\/\/wenttrip.com.br\/wp-content\/uploads\/2022\/04\/tremorretes-389x257.jpg 389w\" sizes=\"(max-width: 719px) 100vw, 719px\" \/><\/figure>\n\n\n\n<h3 class=\"wp-block-heading\"><span class=\"ez-toc-section\" id=\"Torre_Panoramica_da_OI\"><\/span><strong>OI Torre Panoramica<\/strong><span class=\"ez-toc-section-end\"><\/span><\/h3>\n\n\n\n<p>\u00c8 alto 109 metri e in cima alla torre \u00e8 possibile avere una vista panoramica a 360\u00ba dell&#039;intera citt\u00e0!<\/p>\n\n\n\n<figure class=\"wp-block-image size-large is-resized\"><img decoding=\"async\" src=\"https:\/\/wenttrip.com.br\/wp-content\/uploads\/2022\/04\/00267927-683x1024.jpg\" alt=\"Torre OI a Curitiba\" class=\"wp-image-3931\" width=\"466\" height=\"699\" srcset=\"https:\/\/wenttrip.com.br\/wp-content\/uploads\/2022\/04\/00267927-683x1024.jpg 683w, https:\/\/wenttrip.com.br\/wp-content\/uploads\/2022\/04\/00267927-200x300.jpg 200w, https:\/\/wenttrip.com.br\/wp-content\/uploads\/2022\/04\/00267927-768x1152.jpg 768w, https:\/\/wenttrip.com.br\/wp-content\/uploads\/2022\/04\/00267927.jpg 800w\" sizes=\"(max-width: 466px) 100vw, 466px\" \/><\/figure>\n\n\n\n<h3 class=\"wp-block-heading\"><span class=\"ez-toc-section\" id=\"Parque_Tangua\"><\/span><strong>Parco Tangua<\/strong><span class=\"ez-toc-section-end\"><\/span><\/h3>\n\n\n\n<p>&nbsp;Con una bella costruzione a forma di piccolo castello, con una bella fontana.<\/p>\n\n\n\n<p>\u00c8 possibile salire sulle piccole torri e abbagliare il paesaggio, il tramonto o riposare con il rumore dell&#039;acqua.<\/p>\n\n\n\n<figure class=\"wp-block-image size-full\"><img decoding=\"async\" width=\"1000\" height=\"1000\" src=\"https:\/\/wenttrip.com.br\/wp-content\/uploads\/2022\/04\/Parque-Tangua-Curitiba-Space-1.jpg\" alt=\"Parco Tangua\" class=\"wp-image-3932\" srcset=\"https:\/\/wenttrip.com.br\/wp-content\/uploads\/2022\/04\/Parque-Tangua-Curitiba-Space-1.jpg 1000w, https:\/\/wenttrip.com.br\/wp-content\/uploads\/2022\/04\/Parque-Tangua-Curitiba-Space-1-300x300.jpg 300w, https:\/\/wenttrip.com.br\/wp-content\/uploads\/2022\/04\/Parque-Tangua-Curitiba-Space-1-150x150.jpg 150w, https:\/\/wenttrip.com.br\/wp-content\/uploads\/2022\/04\/Parque-Tangua-Curitiba-Space-1-768x768.jpg 768w\" sizes=\"(max-width: 1000px) 100vw, 1000px\" \/><\/figure>\n\n\n\n<h2 class=\"wp-block-heading\"><span class=\"ez-toc-section\" id=\"Pontos_turisticos_de_Curitiba-2\"><\/span><strong>Attrazioni turistiche di Curitiba<\/strong><span class=\"ez-toc-section-end\"><\/span><\/h2>\n\n\n\n<p>Infine, spero che i suggerimenti vi siano piaciuti!<\/p>\n\n\n\n<p>Un altro punto importante, fai un tour panoramico in autobus a 2 piani, il turismo della linea del tour della citt\u00e0.<\/p>\n\n\n\n<p>L&#039;autobus parte ogni 30 minuti e copre un percorso di 44 chilometri in 2:30 ore.<\/p>\n\n\n\n<p>Dovrai acquistare una tessera con 5 biglietti, con diritto a salire a bordo e 4 risalite.<\/p>\n\n\n\n<figure class=\"wp-block-image size-full\"><img decoding=\"async\" width=\"398\" height=\"265\" src=\"https:\/\/wenttrip.com.br\/wp-content\/uploads\/2022\/04\/00050211.jpg\" alt=\"Mercato comunale\" class=\"wp-image-3934\" srcset=\"https:\/\/wenttrip.com.br\/wp-content\/uploads\/2022\/04\/00050211.jpg 398w, https:\/\/wenttrip.com.br\/wp-content\/uploads\/2022\/04\/00050211-300x200.jpg 300w, https:\/\/wenttrip.com.br\/wp-content\/uploads\/2022\/04\/00050211-389x259.jpg 389w\" sizes=\"(max-width: 398px) 100vw, 398px\" \/><\/figure>\n\n\n\n<p><strong>Mancia:<\/strong> Ci sono 25 punti di imbarco e sbarco, chiedi una mappa e acquista i biglietti all&#039;ingresso dell&#039;autobus o alla Rodoferrovi\u00e1ria.<\/p>\n\n\n\n<p class=\"has-background\" style=\"background-color:#f4e9d2\"><strong>Divertiti in questa bellissima citt\u00e0!<\/strong><\/p>\n\n\n\n<p>Divertiti e leggi anche:<\/p>\n\n\n\n<p> <a href=\"https:\/\/wenttrip.com.br\/it\/consigli\/come-impostare-una-farmacia-di-viaggio\/\">Come creare una farmacia di viaggio<\/a><\/p>\n\n\n\n<p> <a href=\"https:\/\/wenttrip.com.br\/it\/consigli\/le-migliori-applicazioni-per-girare-il-mondo\/\">Le migliori app per viaggiare per il mondo<\/a><\/p>\n\n\n\n<p> <a href=\"https:\/\/wenttrip.com.br\/it\/brasile\/posti-buoni-del-brasile-per-godersi-l-inverno\/\">Luoghi per godersi l&#039;inverno in Brasile<\/a><\/p>\n\n\n\n<p> <a href=\"https:\/\/wenttrip.com.br\/it\/consigli\/consigli-su-come-viaggiare-con-pochi-soldi\/\">Consigli per viaggiare con pochi soldi<\/a><\/p>\n\n\n\n<p> <a href=\"https:\/\/wenttrip.com.br\/it\/notizia\/il-brasile-e-la-patria-del-piu-grande-acquario-d-acqua-dolce-del-mondo-bioparco-pantanal\/\">Il Brasile ospita il pi\u00f9 grande acquario d&#039;acqua dolce del mondo: il Bioparque Pantanal<\/a><\/p>","protected":false},"excerpt":{"rendered":"<p>Fai un tour della capitale pi\u00f9 pulita, organizzata e bella del Brasile. Scopri qui le attrazioni di Curitiba e goditi tutto! Informazioni su Curitiba Curitiba \u00e8 la capitale dello stato del Paran\u00e1, situata nel sud del Brasile. Considerata la capitale ecologica, giustificata dalle grandi aree verdi, dalla sua urbanistica e dalla citt\u00e0 ecosostenibile di\u2026&nbsp;<a href=\"https:\/\/wenttrip.com.br\/it\/brasile\/brasil-sul\/parana\/curitiba\/luoghi-turistici-di-curitiba\/\" rel=\"bookmark\">Leggi tutto \u00bb<span class=\"screen-reader-text\">Attrazioni turistiche di Curitiba<\/span><\/a><\/p>","protected":false},"author":1,"featured_media":3924,"comment_status":"open","ping_status":"open","sticky":false,"template":"","format":"standard","meta":{"neve_meta_sidebar":"","neve_meta_container":"","neve_meta_enable_content_width":"","neve_meta_content_width":0,"neve_meta_title_alignment":"","neve_meta_author_avatar":"","neve_post_elements_order":"","neve_meta_disable_header":"","neve_meta_disable_footer":"","neve_meta_disable_title":"","footnotes":""},"categories":[1723],"tags":[1201,1203,1206,1207,1205,1204,1210,1208,1199,1202,1200,1209],"class_list":["post-3919","post","type-post","status-publish","format-standard","has-post-thumbnail","hentry","category-curitiba","tag-bairro-santa-felicidade","tag-jardim-botanico-de-curitiba","tag-mercado-municipal","tag-mercado-municipal-de-curitiba","tag-museu-oscar-niemeyer-mon","tag-opera-de-arame-vale-da-musica","tag-parque-tangua","tag-passeio-de-trem-ate-morretes","tag-pontos-turisticos-de-curitiba","tag-restaurante-madalosso","tag-sobre-curitiba","tag-torre-panoramica-da-oi"],"yoast_head":"<!-- This site is optimized with the Yoast SEO plugin v27.5 - https:\/\/yoast.com\/product\/yoast-seo-wordpress\/ -->\n<title>Pontos tur\u00edsticos de Curitiba - WentTrip<\/title>\n<meta name=\"description\" content=\"Fa\u00e7a um tour pela capital mais limpa, organizada e linda do Brasil. Descubra aqui os pontos tur\u00edsticos de Curitiba e aproveite tudo!\" \/>\n<meta name=\"robots\" content=\"index, follow, max-snippet:-1, max-image-preview:large, max-video-preview:-1\" \/>\n<link rel=\"canonical\" href=\"https:\/\/wenttrip.com.br\/it\/brasile\/brasil-sul\/parana\/curitiba\/luoghi-turistici-di-curitiba\/\" \/>\n<meta property=\"og:locale\" content=\"it_IT\" \/>\n<meta property=\"og:type\" content=\"article\" \/>\n<meta property=\"og:title\" content=\"Pontos tur\u00edsticos de Curitiba - WentTrip\" \/>\n<meta property=\"og:description\" content=\"Fa\u00e7a um tour pela capital mais limpa, organizada e linda do Brasil. Descubra aqui os pontos tur\u00edsticos de Curitiba e aproveite tudo!\" \/>\n<meta property=\"og:url\" content=\"https:\/\/wenttrip.com.br\/it\/brasile\/brasil-sul\/parana\/curitiba\/luoghi-turistici-di-curitiba\/\" \/>\n<meta property=\"og:site_name\" content=\"WentTrip\" \/>\n<meta property=\"article:publisher\" content=\"https:\/\/m.facebook.com\/profile.php\" \/>\n<meta property=\"article:author\" content=\"https:\/\/m.facebook.com\/profile.php\" \/>\n<meta property=\"article:published_time\" content=\"2022-04-08T14:03:29+00:00\" \/>\n<meta property=\"article:modified_time\" content=\"2022-07-11T14:09:18+00:00\" \/>\n<meta property=\"og:image\" content=\"https:\/\/wenttrip.com.br\/wp-content\/uploads\/2022\/04\/cidades-mais-baratas-viajar-feriado-7-de-setembro.jpg\" \/>\n\t<meta property=\"og:image:width\" content=\"1920\" \/>\n\t<meta property=\"og:image:height\" content=\"1294\" \/>\n\t<meta property=\"og:image:type\" content=\"image\/jpeg\" \/>\n<meta name=\"author\" content=\"Fernanda Machado\" \/>\n<meta name=\"twitter:card\" content=\"summary_large_image\" \/>\n<meta name=\"twitter:creator\" content=\"@https:\/\/twitter.com\/wenttrip\" \/>\n<meta name=\"twitter:site\" content=\"@wenttrip\" \/>\n<meta name=\"twitter:label1\" content=\"Scritto da\" \/>\n\t<meta name=\"twitter:data1\" content=\"Fernanda Machado\" \/>\n\t<meta name=\"twitter:label2\" content=\"Tempo di lettura stimato\" \/>\n\t<meta name=\"twitter:data2\" content=\"6 minuti\" \/>\n<script type=\"application\/ld+json\" class=\"yoast-schema-graph\">{\"@context\":\"https:\\\/\\\/schema.org\",\"@graph\":[{\"@type\":\"Article\",\"@id\":\"https:\\\/\\\/wenttrip.com.br\\\/it\\\/brasile\\\/brasil-sul\\\/parana\\\/curitiba\\\/luoghi-turistici-di-curitiba\\\/#article\",\"isPartOf\":{\"@id\":\"https:\\\/\\\/wenttrip.com.br\\\/it\\\/brasile\\\/brasil-sul\\\/parana\\\/curitiba\\\/luoghi-turistici-di-curitiba\\\/\"},\"author\":{\"name\":\"Fernanda Machado\",\"@id\":\"https:\\\/\\\/wenttrip.com.br\\\/it\\\/#\\\/schema\\\/person\\\/c0ff87b449a960037fdd1b024842fcf9\"},\"headline\":\"Pontos tur\u00edsticos de Curitiba\",\"datePublished\":\"2022-04-08T14:03:29+00:00\",\"dateModified\":\"2022-07-11T14:09:18+00:00\",\"mainEntityOfPage\":{\"@id\":\"https:\\\/\\\/wenttrip.com.br\\\/it\\\/brasile\\\/brasil-sul\\\/parana\\\/curitiba\\\/luoghi-turistici-di-curitiba\\\/\"},\"wordCount\":621,\"commentCount\":1,\"publisher\":{\"@id\":\"https:\\\/\\\/wenttrip.com.br\\\/it\\\/#\\\/schema\\\/person\\\/c0ff87b449a960037fdd1b024842fcf9\"},\"image\":{\"@id\":\"https:\\\/\\\/wenttrip.com.br\\\/it\\\/brasile\\\/brasil-sul\\\/parana\\\/curitiba\\\/luoghi-turistici-di-curitiba\\\/#primaryimage\"},\"thumbnailUrl\":\"https:\\\/\\\/wenttrip.com.br\\\/wp-content\\\/uploads\\\/2022\\\/04\\\/cidades-mais-baratas-viajar-feriado-7-de-setembro.jpg\",\"keywords\":[\"Bairro Santa Felicidade\",\"Jardim Bot\u00e2nico de Curitiba\",\"Mercado Municipal\",\"Mercado Municipal de Curitiba\",\"Museu Oscar Niemeyer - MON\",\"\u00d3pera de Arame \u2013 Vale da M\u00fasica\",\"Parque Tangu\u00e1\",\"Passeio de tr\u00eam at\u00e9 Morretes\",\"Pontos tur\u00edsticos de Curitiba\",\"restaurante Madalosso\",\"Sobre Curitiba\",\"Torre Panor\u00e2mica da OI\"],\"articleSection\":[\"Curitiba\"],\"inLanguage\":\"it-IT\",\"potentialAction\":[{\"@type\":\"CommentAction\",\"name\":\"Comment\",\"target\":[\"https:\\\/\\\/wenttrip.com.br\\\/it\\\/brasile\\\/brasil-sul\\\/parana\\\/curitiba\\\/luoghi-turistici-di-curitiba\\\/#respond\"]}]},{\"@type\":\"WebPage\",\"@id\":\"https:\\\/\\\/wenttrip.com.br\\\/it\\\/brasile\\\/brasil-sul\\\/parana\\\/curitiba\\\/luoghi-turistici-di-curitiba\\\/\",\"url\":\"https:\\\/\\\/wenttrip.com.br\\\/it\\\/brasile\\\/brasil-sul\\\/parana\\\/curitiba\\\/luoghi-turistici-di-curitiba\\\/\",\"name\":\"Pontos tur\u00edsticos de Curitiba - WentTrip\",\"isPartOf\":{\"@id\":\"https:\\\/\\\/wenttrip.com.br\\\/it\\\/#website\"},\"primaryImageOfPage\":{\"@id\":\"https:\\\/\\\/wenttrip.com.br\\\/it\\\/brasile\\\/brasil-sul\\\/parana\\\/curitiba\\\/luoghi-turistici-di-curitiba\\\/#primaryimage\"},\"image\":{\"@id\":\"https:\\\/\\\/wenttrip.com.br\\\/it\\\/brasile\\\/brasil-sul\\\/parana\\\/curitiba\\\/luoghi-turistici-di-curitiba\\\/#primaryimage\"},\"thumbnailUrl\":\"https:\\\/\\\/wenttrip.com.br\\\/wp-content\\\/uploads\\\/2022\\\/04\\\/cidades-mais-baratas-viajar-feriado-7-de-setembro.jpg\",\"datePublished\":\"2022-04-08T14:03:29+00:00\",\"dateModified\":\"2022-07-11T14:09:18+00:00\",\"description\":\"Fa\u00e7a um tour pela capital mais limpa, organizada e linda do Brasil. Descubra aqui os pontos tur\u00edsticos de Curitiba e aproveite tudo!\",\"breadcrumb\":{\"@id\":\"https:\\\/\\\/wenttrip.com.br\\\/it\\\/brasile\\\/brasil-sul\\\/parana\\\/curitiba\\\/luoghi-turistici-di-curitiba\\\/#breadcrumb\"},\"inLanguage\":\"it-IT\",\"potentialAction\":[{\"@type\":\"ReadAction\",\"target\":[\"https:\\\/\\\/wenttrip.com.br\\\/it\\\/brasile\\\/brasil-sul\\\/parana\\\/curitiba\\\/luoghi-turistici-di-curitiba\\\/\"]}]},{\"@type\":\"ImageObject\",\"inLanguage\":\"it-IT\",\"@id\":\"https:\\\/\\\/wenttrip.com.br\\\/it\\\/brasile\\\/brasil-sul\\\/parana\\\/curitiba\\\/luoghi-turistici-di-curitiba\\\/#primaryimage\",\"url\":\"https:\\\/\\\/wenttrip.com.br\\\/wp-content\\\/uploads\\\/2022\\\/04\\\/cidades-mais-baratas-viajar-feriado-7-de-setembro.jpg\",\"contentUrl\":\"https:\\\/\\\/wenttrip.com.br\\\/wp-content\\\/uploads\\\/2022\\\/04\\\/cidades-mais-baratas-viajar-feriado-7-de-setembro.jpg\",\"width\":1920,\"height\":1294},{\"@type\":\"BreadcrumbList\",\"@id\":\"https:\\\/\\\/wenttrip.com.br\\\/it\\\/brasile\\\/brasil-sul\\\/parana\\\/curitiba\\\/luoghi-turistici-di-curitiba\\\/#breadcrumb\",\"itemListElement\":[{\"@type\":\"ListItem\",\"position\":1,\"name\":\"In\u00edcio\",\"item\":\"https:\\\/\\\/wenttrip.com.br\\\/it\\\/\"},{\"@type\":\"ListItem\",\"position\":2,\"name\":\"Pontos tur\u00edsticos de Curitiba\"}]},{\"@type\":\"WebSite\",\"@id\":\"https:\\\/\\\/wenttrip.com.br\\\/it\\\/#website\",\"url\":\"https:\\\/\\\/wenttrip.com.br\\\/it\\\/\",\"name\":\"WentTrip\",\"description\":\"O seu guia completo com muitas dicas de aventuras, lugares, alimenta\u00e7\u00e3o, hot\u00e9is.\",\"publisher\":{\"@id\":\"https:\\\/\\\/wenttrip.com.br\\\/it\\\/#\\\/schema\\\/person\\\/c0ff87b449a960037fdd1b024842fcf9\"},\"potentialAction\":[{\"@type\":\"SearchAction\",\"target\":{\"@type\":\"EntryPoint\",\"urlTemplate\":\"https:\\\/\\\/wenttrip.com.br\\\/it\\\/?s={search_term_string}\"},\"query-input\":{\"@type\":\"PropertyValueSpecification\",\"valueRequired\":true,\"valueName\":\"search_term_string\"}}],\"inLanguage\":\"it-IT\"},{\"@type\":[\"Person\",\"Organization\"],\"@id\":\"https:\\\/\\\/wenttrip.com.br\\\/it\\\/#\\\/schema\\\/person\\\/c0ff87b449a960037fdd1b024842fcf9\",\"name\":\"Fernanda Machado\",\"image\":{\"@type\":\"ImageObject\",\"inLanguage\":\"it-IT\",\"@id\":\"https:\\\/\\\/wenttrip.com.br\\\/wp-content\\\/uploads\\\/2022\\\/08\\\/WentTrip-2.png\",\"url\":\"https:\\\/\\\/wenttrip.com.br\\\/wp-content\\\/uploads\\\/2022\\\/08\\\/WentTrip-2.png\",\"contentUrl\":\"https:\\\/\\\/wenttrip.com.br\\\/wp-content\\\/uploads\\\/2022\\\/08\\\/WentTrip-2.png\",\"width\":1000,\"height\":1000,\"caption\":\"Fernanda Machado\"},\"logo\":{\"@id\":\"https:\\\/\\\/wenttrip.com.br\\\/wp-content\\\/uploads\\\/2022\\\/08\\\/WentTrip-2.png\"},\"description\":\"Aprendi que a vida \u00e9 mais leve quando colocamos uma mochila nas costas junto com sonhos. Amo viajar! Tenho 34 anos, mam\u00e3e de 3 cachorros: A Pantufa, O mutley e o Mixuruca. Compartilhamos nossas experi\u00eancias por aqui, esperamos que gostem!\",\"sameAs\":[\"https:\\\/\\\/wenttrip.com.br\",\"https:\\\/\\\/m.facebook.com\\\/profile.php\",\"https:\\\/\\\/www.instagram.com\\\/wenttrip\\\/\",\"https:\\\/\\\/x.com\\\/https:\\\/\\\/twitter.com\\\/wenttrip\",\"https:\\\/\\\/www.youtube.com\\\/c\\\/WentTrip\\\/videos\"],\"url\":\"https:\\\/\\\/wenttrip.com.br\\\/it\\\/author\\\/admin\\\/\"}]}<\/script>\n<!-- \/ Yoast SEO plugin. -->","yoast_head_json":{"title":"Punti turistici di Curitiba - WentTrip","description":"Fai un tour della capitale pi\u00f9 pulita, organizzata e bella del Brasile. Scopri qui le attrazioni di Curitiba e goditi tutto!","robots":{"index":"index","follow":"follow","max-snippet":"max-snippet:-1","max-image-preview":"max-image-preview:large","max-video-preview":"max-video-preview:-1"},"canonical":"https:\/\/wenttrip.com.br\/it\/brasile\/brasil-sul\/parana\/curitiba\/luoghi-turistici-di-curitiba\/","og_locale":"it_IT","og_type":"article","og_title":"Pontos tur\u00edsticos de Curitiba - WentTrip","og_description":"Fa\u00e7a um tour pela capital mais limpa, organizada e linda do Brasil. Descubra aqui os pontos tur\u00edsticos de Curitiba e aproveite tudo!","og_url":"https:\/\/wenttrip.com.br\/it\/brasile\/brasil-sul\/parana\/curitiba\/luoghi-turistici-di-curitiba\/","og_site_name":"WentTrip","article_publisher":"https:\/\/m.facebook.com\/profile.php","article_author":"https:\/\/m.facebook.com\/profile.php","article_published_time":"2022-04-08T14:03:29+00:00","article_modified_time":"2022-07-11T14:09:18+00:00","og_image":[{"width":1920,"height":1294,"url":"https:\/\/wenttrip.com.br\/wp-content\/uploads\/2022\/04\/cidades-mais-baratas-viajar-feriado-7-de-setembro.jpg","type":"image\/jpeg"}],"author":"Fernanda Machado","twitter_card":"summary_large_image","twitter_creator":"@https:\/\/twitter.com\/wenttrip","twitter_site":"@wenttrip","twitter_misc":{"Scritto da":"Fernanda Machado","Tempo di lettura stimato":"6 minuti"},"schema":{"@context":"https:\/\/schema.org","@graph":[{"@type":"Article","@id":"https:\/\/wenttrip.com.br\/it\/brasile\/brasil-sul\/parana\/curitiba\/luoghi-turistici-di-curitiba\/#article","isPartOf":{"@id":"https:\/\/wenttrip.com.br\/it\/brasile\/brasil-sul\/parana\/curitiba\/luoghi-turistici-di-curitiba\/"},"author":{"name":"Fernanda Machado","@id":"https:\/\/wenttrip.com.br\/it\/#\/schema\/person\/c0ff87b449a960037fdd1b024842fcf9"},"headline":"Pontos tur\u00edsticos de Curitiba","datePublished":"2022-04-08T14:03:29+00:00","dateModified":"2022-07-11T14:09:18+00:00","mainEntityOfPage":{"@id":"https:\/\/wenttrip.com.br\/it\/brasile\/brasil-sul\/parana\/curitiba\/luoghi-turistici-di-curitiba\/"},"wordCount":621,"commentCount":1,"publisher":{"@id":"https:\/\/wenttrip.com.br\/it\/#\/schema\/person\/c0ff87b449a960037fdd1b024842fcf9"},"image":{"@id":"https:\/\/wenttrip.com.br\/it\/brasile\/brasil-sul\/parana\/curitiba\/luoghi-turistici-di-curitiba\/#primaryimage"},"thumbnailUrl":"https:\/\/wenttrip.com.br\/wp-content\/uploads\/2022\/04\/cidades-mais-baratas-viajar-feriado-7-de-setembro.jpg","keywords":["Bairro Santa Felicidade","Jardim Bot\u00e2nico de Curitiba","Mercado Municipal","Mercado Municipal de Curitiba","Museu Oscar Niemeyer - MON","\u00d3pera de Arame \u2013 Vale da M\u00fasica","Parque Tangu\u00e1","Passeio de tr\u00eam at\u00e9 Morretes","Pontos tur\u00edsticos de Curitiba","restaurante Madalosso","Sobre Curitiba","Torre Panor\u00e2mica da OI"],"articleSection":["Curitiba"],"inLanguage":"it-IT","potentialAction":[{"@type":"CommentAction","name":"Comment","target":["https:\/\/wenttrip.com.br\/it\/brasile\/brasil-sul\/parana\/curitiba\/luoghi-turistici-di-curitiba\/#respond"]}]},{"@type":"WebPage","@id":"https:\/\/wenttrip.com.br\/it\/brasile\/brasil-sul\/parana\/curitiba\/luoghi-turistici-di-curitiba\/","url":"https:\/\/wenttrip.com.br\/it\/brasile\/brasil-sul\/parana\/curitiba\/luoghi-turistici-di-curitiba\/","name":"Punti turistici di Curitiba - WentTrip","isPartOf":{"@id":"https:\/\/wenttrip.com.br\/it\/#website"},"primaryImageOfPage":{"@id":"https:\/\/wenttrip.com.br\/it\/brasile\/brasil-sul\/parana\/curitiba\/luoghi-turistici-di-curitiba\/#primaryimage"},"image":{"@id":"https:\/\/wenttrip.com.br\/it\/brasile\/brasil-sul\/parana\/curitiba\/luoghi-turistici-di-curitiba\/#primaryimage"},"thumbnailUrl":"https:\/\/wenttrip.com.br\/wp-content\/uploads\/2022\/04\/cidades-mais-baratas-viajar-feriado-7-de-setembro.jpg","datePublished":"2022-04-08T14:03:29+00:00","dateModified":"2022-07-11T14:09:18+00:00","description":"Fai un tour della capitale pi\u00f9 pulita, organizzata e bella del Brasile. Scopri qui le attrazioni di Curitiba e goditi tutto!","breadcrumb":{"@id":"https:\/\/wenttrip.com.br\/it\/brasile\/brasil-sul\/parana\/curitiba\/luoghi-turistici-di-curitiba\/#breadcrumb"},"inLanguage":"it-IT","potentialAction":[{"@type":"ReadAction","target":["https:\/\/wenttrip.com.br\/it\/brasile\/brasil-sul\/parana\/curitiba\/luoghi-turistici-di-curitiba\/"]}]},{"@type":"ImageObject","inLanguage":"it-IT","@id":"https:\/\/wenttrip.com.br\/it\/brasile\/brasil-sul\/parana\/curitiba\/luoghi-turistici-di-curitiba\/#primaryimage","url":"https:\/\/wenttrip.com.br\/wp-content\/uploads\/2022\/04\/cidades-mais-baratas-viajar-feriado-7-de-setembro.jpg","contentUrl":"https:\/\/wenttrip.com.br\/wp-content\/uploads\/2022\/04\/cidades-mais-baratas-viajar-feriado-7-de-setembro.jpg","width":1920,"height":1294},{"@type":"BreadcrumbList","@id":"https:\/\/wenttrip.com.br\/it\/brasile\/brasil-sul\/parana\/curitiba\/luoghi-turistici-di-curitiba\/#breadcrumb","itemListElement":[{"@type":"ListItem","position":1,"name":"In\u00edcio","item":"https:\/\/wenttrip.com.br\/it\/"},{"@type":"ListItem","position":2,"name":"Pontos tur\u00edsticos de Curitiba"}]},{"@type":"WebSite","@id":"https:\/\/wenttrip.com.br\/it\/#website","url":"https:\/\/wenttrip.com.br\/it\/","name":"Andato in viaggio","description":"La tua guida completa con tanti consigli su avventure, luoghi, cibo, hotel.","publisher":{"@id":"https:\/\/wenttrip.com.br\/it\/#\/schema\/person\/c0ff87b449a960037fdd1b024842fcf9"},"potentialAction":[{"@type":"SearchAction","target":{"@type":"EntryPoint","urlTemplate":"https:\/\/wenttrip.com.br\/it\/?s={search_term_string}"},"query-input":{"@type":"PropertyValueSpecification","valueRequired":true,"valueName":"search_term_string"}}],"inLanguage":"it-IT"},{"@type":["Person","Organization"],"@id":"https:\/\/wenttrip.com.br\/it\/#\/schema\/person\/c0ff87b449a960037fdd1b024842fcf9","name":"Fernanda Macchado","image":{"@type":"ImageObject","inLanguage":"it-IT","@id":"https:\/\/wenttrip.com.br\/wp-content\/uploads\/2022\/08\/WentTrip-2.png","url":"https:\/\/wenttrip.com.br\/wp-content\/uploads\/2022\/08\/WentTrip-2.png","contentUrl":"https:\/\/wenttrip.com.br\/wp-content\/uploads\/2022\/08\/WentTrip-2.png","width":1000,"height":1000,"caption":"Fernanda Machado"},"logo":{"@id":"https:\/\/wenttrip.com.br\/wp-content\/uploads\/2022\/08\/WentTrip-2.png"},"description":"Ho imparato che la vita \u00e8 pi\u00f9 leggera quando ci mettiamo uno zaino in spalla insieme ai sogni. Amo viaggiare! Ho 34 anni, mamma di 3 cani: Pantufa, Mutley e Mixuruca. Condividiamo qui le nostre esperienze, speriamo vi piaccia!","sameAs":["https:\/\/wenttrip.com.br","https:\/\/m.facebook.com\/profile.php","https:\/\/www.instagram.com\/wenttrip\/","https:\/\/x.com\/https:\/\/twitter.com\/wenttrip","https:\/\/www.youtube.com\/c\/WentTrip\/videos"],"url":"https:\/\/wenttrip.com.br\/it\/author\/admin\/"}]}},"_links":{"self":[{"href":"https:\/\/wenttrip.com.br\/it\/wp-json\/wp\/v2\/posts\/3919","targetHints":{"allow":["GET"]}}],"collection":[{"href":"https:\/\/wenttrip.com.br\/it\/wp-json\/wp\/v2\/posts"}],"about":[{"href":"https:\/\/wenttrip.com.br\/it\/wp-json\/wp\/v2\/types\/post"}],"author":[{"embeddable":true,"href":"https:\/\/wenttrip.com.br\/it\/wp-json\/wp\/v2\/users\/1"}],"replies":[{"embeddable":true,"href":"https:\/\/wenttrip.com.br\/it\/wp-json\/wp\/v2\/comments?post=3919"}],"version-history":[{"count":0,"href":"https:\/\/wenttrip.com.br\/it\/wp-json\/wp\/v2\/posts\/3919\/revisions"}],"wp:featuredmedia":[{"embeddable":true,"href":"https:\/\/wenttrip.com.br\/it\/wp-json\/wp\/v2\/media\/3924"}],"wp:attachment":[{"href":"https:\/\/wenttrip.com.br\/it\/wp-json\/wp\/v2\/media?parent=3919"}],"wp:term":[{"taxonomy":"category","embeddable":true,"href":"https:\/\/wenttrip.com.br\/it\/wp-json\/wp\/v2\/categories?post=3919"},{"taxonomy":"post_tag","embeddable":true,"href":"https:\/\/wenttrip.com.br\/it\/wp-json\/wp\/v2\/tags?post=3919"}],"curies":[{"name":"parola chiave","href":"https:\/\/api.w.org\/{rel}","templated":true}]}}