{"id":25318,"date":"2024-04-03T16:39:54","date_gmt":"2024-04-03T19:39:54","guid":{"rendered":"https:\/\/wenttrip.com.br\/?p=25318"},"modified":"2024-04-03T16:39:55","modified_gmt":"2024-04-03T19:39:55","slug":"conheca-a-quiero-cafe-em-torres-rs","status":"publish","type":"post","link":"https:\/\/wenttrip.com.br\/it\/brasile\/brasil-sul\/rio-grande-do-sul\/torres\/incontra-il-quiero-cafe-in-torres-rs\/","title":{"rendered":"Scopri Quiero Caf\u00e9 a Torres RS"},"content":{"rendered":"<div id=\"ez-toc-container\" class=\"ez-toc-v2_0_82_2 counter-hierarchy ez-toc-counter ez-toc-grey ez-toc-container-direction\">\n<div class=\"ez-toc-title-container\">\n<p class=\"ez-toc-title\" style=\"cursor:inherit\">Indice<\/p>\n<span class=\"ez-toc-title-toggle\"><a href=\"#\" class=\"ez-toc-pull-right ez-toc-btn ez-toc-btn-xs ez-toc-btn-default ez-toc-toggle\" aria-label=\"Attiva\/disattiva sommario\"><span class=\"ez-toc-js-icon-con\"><span class=\"\"><span class=\"eztoc-hide\" style=\"display:none;\">alternare<\/span><span class=\"ez-toc-icon-toggle-span\"><svg style=\"fill: #999;color:#999\" xmlns=\"http:\/\/www.w3.org\/2000\/svg\" class=\"list-377408\" width=\"20px\" height=\"20px\" viewbox=\"0 0 24 24\" fill=\"none\"><path d=\"M6 6H4v2h2V6zm14 0H8v2h12V6zM4 11h2v2H4v-2zm16 0H8v2h12v-2zM4 16h2v2H4v-2zm16 0H8v2h12v-2z\" fill=\"currentColor\"><\/path><\/svg><svg style=\"fill: #999;color:#999\" class=\"arrow-unsorted-368013\" xmlns=\"http:\/\/www.w3.org\/2000\/svg\" width=\"10px\" height=\"10px\" viewbox=\"0 0 24 24\" version=\"1.2\" baseprofile=\"tiny\"><path d=\"M18.2 9.3l-6.2-6.3-6.2 6.3c-.2.2-.3.4-.3.7s.1.5.3.7c.2.2.4.3.7.3h11c.3 0 .5-.1.7-.3.2-.2.3-.5.3-.7s-.1-.5-.3-.7zM5.8 14.7l6.2 6.3 6.2-6.3c.2-.2.3-.5.3-.7s-.1-.5-.3-.7c-.2-.2-.4-.3-.7-.3h-11c-.3 0-.5.1-.7.3-.2.2-.3.5-.3.7s.1.5.3.7z\"\/><\/svg><\/span><\/span><\/span><\/a><\/span><\/div>\n<nav><ul class='ez-toc-list ez-toc-list-level-1' ><li class='ez-toc-page-1 ez-toc-heading-level-2'><a class=\"ez-toc-link ez-toc-heading-1\" href=\"https:\/\/wenttrip.com.br\/it\/brasile\/brasil-sul\/rio-grande-do-sul\/torres\/incontra-il-quiero-cafe-in-torres-rs\/#Endereco_Quiero_Cafe_em_Torres\" >Indirizzo del Quiero Caf\u00e9 a Torres<\/a><\/li><li class='ez-toc-page-1 ez-toc-heading-level-2'><a class=\"ez-toc-link ez-toc-heading-2\" href=\"https:\/\/wenttrip.com.br\/it\/brasile\/brasil-sul\/rio-grande-do-sul\/torres\/incontra-il-quiero-cafe-in-torres-rs\/#Horario_de_Funcionamento\" >Ore di operazione<\/a><\/li><li class='ez-toc-page-1 ez-toc-heading-level-2'><a class=\"ez-toc-link ez-toc-heading-3\" href=\"https:\/\/wenttrip.com.br\/it\/brasile\/brasil-sul\/rio-grande-do-sul\/torres\/incontra-il-quiero-cafe-in-torres-rs\/#O_que_tem_no_cardapio_da_Quiero_Cafe\" >Cosa c&#039;\u00e8 nel menu del Quiero Caf\u00e9?<\/a><\/li><\/ul><\/nav><\/div>\n\n<p>Che si tratti di iniziare la giornata con energia o di concedersi una pausa o anche di lavoro, il caff\u00e8 ha il potere di deliziare i sensi e regalare esperienze memorabili. E se vi trovate a Torres, nel Rio Grande do Sul, una visita imperdibile \u00e8 la <strong>voglio caff\u00e8<\/strong>. <\/p>\n\n\n\n<p>In questo articolo condivideremo con te tutto ci\u00f2 che offre questo spazio accogliente e affascinante! <\/p>\n\n\n\n<blockquote class=\"wp-block-quote is-layout-flow wp-block-quote-is-layout-flow\">\n<p><strong>Ricordandovi che abbiamo realizzato un articolo dove potrete trovare tutto ci\u00f2 che riguarda \ud83d\udc49&nbsp;<a href=\"https:\/\/wenttrip.com.br\/it\/brasile\/brasil-sul\/rio-grande-do-sul\/torres\/cosa-fare-a-torres-rs-spiagge-e-luoghi-turistici\/\">o&nbsp;<\/a><a href=\"https:\/\/wenttrip.com.br\/it\/brasile\/brasil-sul\/rio-grande-do-sul\/torres\/cosa-fare-a-torres-rs-spiagge-e-luoghi-turistici\/\" target=\"_blank\" rel=\"noreferrer noopener\">Cosa fare a Torres \u2013 RS \u2013 Spiagge e attrazioni turistiche<\/a>&nbsp;e&nbsp;<a href=\"https:\/\/wenttrip.com.br\/it\/brasile\/brasil-sul\/rio-grande-do-sul\/torres\/i-10-migliori-hotel-nelle-torri\/\" target=\"_blank\" rel=\"noreferrer noopener\">Hotel a Torres: la top 10 migliore<\/a><\/strong><\/p>\n\n\n\n<p>Ma prima, scopri il paradiso delle opzioni che&nbsp;<strong><a href=\"https:\/\/www.booking.com\/index.html?aid=8010377\" target=\"_blank\" rel=\"noreferrer noopener\">Booking.com<\/a><\/strong>&nbsp;ha da offrire e trasformare i tuoi sogni di viaggio in realt\u00e0! Effettuare le prenotazioni&nbsp;<a href=\"https:\/\/www.booking.com\/index.html?aid=8010377\" target=\"_blank\" rel=\"noreferrer noopener\"><strong>il nostro collegamento<\/strong><\/a>&nbsp;ci aiuterai e non pagherai nulla in pi\u00f9 \ud83d\ude42<\/p>\n\n\n\n<p>o&nbsp;<strong><a href=\"https:\/\/www.booking.com\/index.html?aid=8010377\" target=\"_blank\" rel=\"noreferrer noopener\">booking.com<\/a><\/strong>&nbsp;\u00e8 il nostro sito web di fiducia, abbiamo effettuato tutte le nostre prenotazioni tramite loro e ora puoi anche effettuare acquisti da&nbsp;<strong><a href=\"https:\/\/www.booking.com\/index.html?aid=8010377\" target=\"_blank\" rel=\"noreferrer noopener\">biglietti aerei<\/a><\/strong>!<\/p>\n<\/blockquote>\n\n\n\n<h2 class=\"wp-block-heading\"><span class=\"ez-toc-section\" id=\"Endereco_Quiero_Cafe_em_Torres\"><\/span>Indirizzo del Quiero Caf\u00e9 a Torres<span class=\"ez-toc-section-end\"><\/span><\/h2>\n\n\n\n<p><strong>Indirizzo:<\/strong>\u00a0R. J\u00falio de Castilhos, 284 \u2013 Centro, Torres. Di fronte al distributore di benzina Ipiranga.<\/p>\n\n\n\n<h2 class=\"wp-block-heading\"><span class=\"ez-toc-section\" id=\"Horario_de_Funcionamento\"><\/span>Ore di operazione<span class=\"ez-toc-section-end\"><\/span><\/h2>\n\n\n\n<p>Aperto tutti i giorni dalle 9 alle 23 e solo la domenica gli orari di apertura sono diversi: dalle 12 alle 21.<\/p>\n\n\n\n<p><\/p>\n\n\n\n<h2 class=\"wp-block-heading\"><span class=\"ez-toc-section\" id=\"O_que_tem_no_cardapio_da_Quiero_Cafe\"><\/span>Cosa c&#039;\u00e8 nel menu del Quiero Caf\u00e9?<span class=\"ez-toc-section-end\"><\/span><\/h2>\n\n\n\n<p>Molte persone pensano che lo spazio sia solo per bere un caff\u00e8 o pasti veloci, come i panini. Vorrei per\u00f2 anticiparvi che lo spazio \u00e8 molto di pi\u00f9. Da Quiero troverai la migliore birra alla spina della regione, deliziosi snack, piatti per il pranzo, insalate, dessert e hamburger. <\/p>\n\n\n\n<p>Con un menu preparato con cura, ricco di opzioni irresistibili, ogni visita diventa un&#039;esperienza memorabile per tutti i sensi.<\/p>\n\n\n\n<p><strong>Brunch e Frittate:<\/strong> Inizia la giornata nel modo giusto con brunch e omelette preparati su ordinazione. Dalla classica frittata con formaggio ed erbe fresche agli stravaganti brunch ricchi di deliziose opzioni, ogni piatto \u00e8 preparato con ingredienti freschi e stagionali, garantendo un&#039;esplosione di sapori ad ogni boccone.<\/p>\n\n\n\n<p><strong>Caff\u00e8 Speciali e Tradizionali:<\/strong> Per gli amanti del caff\u00e8, offrono una selezione esclusiva di caff\u00e8 speciali e tradizionali, preparati con cura per offrire un&#039;esperienza davvero sublime. Dagli espressi corposi ai cremosi cappuccini.<\/p>\n\n\n\n<p><strong>Dolci e Gelati:<\/strong> Per i pi\u00f9 golosi, la scelta di dolci e gelati \u00e8 semplicemente irresistibile. Dalle crostate al cremoso gelato, ogni dessert \u00e8 una tentazione per i sensi, garantendo un finale dolce e appagante ad ogni pasto. <\/p>\n\n\n\n<figure class=\"wp-block-image size-full\"><img decoding=\"async\" width=\"360\" height=\"400\" src=\"https:\/\/wenttrip.com.br\/wp-content\/uploads\/2024\/02\/quiero-cafe-.png\" alt=\"Quiero Caf\u00e9 Torres\" class=\"wp-image-24513\" srcset=\"https:\/\/wenttrip.com.br\/wp-content\/uploads\/2024\/02\/quiero-cafe-.png 360w, https:\/\/wenttrip.com.br\/wp-content\/uploads\/2024\/02\/quiero-cafe--270x300.png 270w, https:\/\/wenttrip.com.br\/wp-content\/uploads\/2024\/02\/quiero-cafe--11x12.png 11w\" sizes=\"(max-width: 360px) 100vw, 360px\" \/><\/figure>\n\n\n\n<p><strong><mark style=\"background-color:#edf300\" class=\"has-inline-color\">Mancia<\/mark><\/strong>: dimostrare il<strong> Alfajor supremo<\/strong>, ha una copertura semidolce o bianca e un ripieno di dulce de leche servito caldo, con Dulce de Leche o Nutella, sciroppo di cioccolato e Ovomaltina.<\/p>\n\n\n\n<p><strong>Frutta e A\u00e7a\u00ed:<\/strong> Assapora la freschezza della natura con frutta fresca e opzioni a\u00e7a\u00ed. Perfetto per uno spuntino leggero o un dessert salutare.<\/p>\n\n\n\n<p><strong>Toast e Salati:<\/strong> Goditi una selezione di toast e snack salati perfettamente preparati per soddisfare la tua fame. Dalle opzioni vegetariane ai piatti pi\u00f9 sostanziosi a base di carne e pesce.<\/p>\n\n\n\n<p><strong>Snack e Baguette:<\/strong> Da condividere o da gustare da soli, gli snack e le baguette sono una vera tentazione. Dalle opzioni vegetariane ai piatti pi\u00f9 sostanziosi a base di carne e formaggio, ogni porzione \u00e8 un&#039;esperienza gastronomica unica.<\/p>\n\n\n\n<p><mark style=\"background-color:#e5fc00\" class=\"has-inline-color\"><strong>Mancia<\/strong>: <\/mark>il nostro spuntino preferito \u00e8 <strong>Pollo croccante<\/strong>, \u00e8 composto da filetti di pollo impanati con farina di panko.<\/p>\n\n\n\n<p><strong>Pasta e Carne:<\/strong> Godetevi la pasta fresca e le carni succulente preparate alla perfezione. Dai piatti classici alle esclusive creazioni della casa.<\/p>\n\n\n\n<p><strong>Beat e Bowls:<\/strong> Rivitalizzati con frullati energetici e ciotole nutrienti. Realizzate con ingredienti freschi e salutari, ogni opzione \u00e8 un&#039;esplosione di sapore e vitalit\u00e0, perfetta per un pasto leggero e nutriente.<\/p>\n\n\n\n<p><strong>Insalate e Vini:<\/strong> Assapora la freschezza di insalate fresche e salutari, perfettamente accompagnate da una selezione accuratamente scelta di vini pregiati. <\/p>\n\n\n\n<p><strong>Birre, bevande e analcolici:<\/strong> Rinfrescati con una selezione di birre fredde, goditi deliziosi drink o opta per un&#039;opzione analcolica. <\/p>\n\n\n\n<figure class=\"wp-block-image size-full\"><img decoding=\"async\" width=\"314\" height=\"473\" src=\"https:\/\/wenttrip.com.br\/wp-content\/uploads\/2024\/02\/quiero-cafe.png\" alt=\"Quiero Caf\u00e9 Torres\" class=\"wp-image-24515\" srcset=\"https:\/\/wenttrip.com.br\/wp-content\/uploads\/2024\/02\/quiero-cafe.png 314w, https:\/\/wenttrip.com.br\/wp-content\/uploads\/2024\/02\/quiero-cafe-199x300.png 199w, https:\/\/wenttrip.com.br\/wp-content\/uploads\/2024\/02\/quiero-cafe-8x12.png 8w\" sizes=\"(max-width: 314px) 100vw, 314px\" \/><\/figure>\n\n\n\n<p><strong>Opzioni speciali per restrizioni dietetiche:<\/strong> Al Quiero Caf\u00e9 apprezziamo la diversit\u00e0 e l&#039;inclusione, motivo per cui offriamo una variet\u00e0 di opzioni per soddisfare le esigenze dietetiche di tutti i clienti. Dai piatti vegetariani alle opzioni senza glutine e senza lattosio.<\/p>\n\n\n\n<p>Speriamo che i suggerimenti ti siano piaciuti!! La prossima volta che sarai a Torres, assicurati di fermarti al Quiero Caf\u00e9.<\/p>","protected":false},"excerpt":{"rendered":"<p>Che si tratti di iniziare la giornata con energia o di concedersi una pausa o anche di lavoro, il caff\u00e8 ha il potere di deliziare i sensi e regalare esperienze memorabili. E se ti trovi a Torres, Rio Grande do Sul, una visita imperdibile \u00e8 il Quiero Caf\u00e9. In questo articolo condivideremo con...&nbsp;<a href=\"https:\/\/wenttrip.com.br\/it\/brasile\/brasil-sul\/rio-grande-do-sul\/torres\/incontra-il-quiero-cafe-in-torres-rs\/\" rel=\"bookmark\">Leggi tutto \u00bb<span class=\"screen-reader-text\">Scopri Quiero Caf\u00e9 a Torres RS<\/span><\/a><\/p>","protected":false},"author":1,"featured_media":3132,"comment_status":"open","ping_status":"closed","sticky":false,"template":"","format":"standard","meta":{"neve_meta_sidebar":"","neve_meta_container":"","neve_meta_enable_content_width":"","neve_meta_content_width":0,"neve_meta_title_alignment":"","neve_meta_author_avatar":"","neve_post_elements_order":"","neve_meta_disable_header":"","neve_meta_disable_footer":"","neve_meta_disable_title":"","footnotes":""},"categories":[1720],"tags":[4576],"class_list":["post-25318","post","type-post","status-publish","format-standard","has-post-thumbnail","hentry","category-torres","tag-quiero-cafe"],"yoast_head":"<!-- This site is optimized with the Yoast SEO plugin v27.5 - https:\/\/yoast.com\/product\/yoast-seo-wordpress\/ -->\n<title>Conhe\u00e7a a Quiero Caf\u00e9 em Torres RS - WentTrip<\/title>\n<meta name=\"description\" content=\"Conhe\u00e7a a Quiero Caf\u00e9 em Torres RS - Seja para come\u00e7ar o dia com energia ou para desfrutar de um momento de pausa ou at\u00e9 de neg\u00f3cio, o caf\u00e9 tem o poder de encantar os sentidos e proporcionar experi\u00eancias memor\u00e1veis. E se voc\u00ea est\u00e1 em Torres, no Rio Grande do Sul, uma visita obrigat\u00f3ria \u00e9 \u00e0 Quiero Caf\u00e9.\" \/>\n<meta name=\"robots\" content=\"index, follow, max-snippet:-1, max-image-preview:large, max-video-preview:-1\" \/>\n<link rel=\"canonical\" href=\"https:\/\/wenttrip.com.br\/it\/brasile\/brasil-sul\/rio-grande-do-sul\/torres\/incontra-il-quiero-cafe-in-torres-rs\/\" \/>\n<meta property=\"og:locale\" content=\"it_IT\" \/>\n<meta property=\"og:type\" content=\"article\" \/>\n<meta property=\"og:title\" content=\"Conhe\u00e7a a Quiero Caf\u00e9 em Torres RS - WentTrip\" \/>\n<meta property=\"og:description\" content=\"Conhe\u00e7a a Quiero Caf\u00e9 em Torres RS - Seja para come\u00e7ar o dia com energia ou para desfrutar de um momento de pausa ou at\u00e9 de neg\u00f3cio, o caf\u00e9 tem o poder de encantar os sentidos e proporcionar experi\u00eancias memor\u00e1veis. E se voc\u00ea est\u00e1 em Torres, no Rio Grande do Sul, uma visita obrigat\u00f3ria \u00e9 \u00e0 Quiero Caf\u00e9.\" \/>\n<meta property=\"og:url\" content=\"https:\/\/wenttrip.com.br\/it\/brasile\/brasil-sul\/rio-grande-do-sul\/torres\/incontra-il-quiero-cafe-in-torres-rs\/\" \/>\n<meta property=\"og:site_name\" content=\"WentTrip\" \/>\n<meta property=\"article:publisher\" content=\"https:\/\/m.facebook.com\/profile.php\" \/>\n<meta property=\"article:author\" content=\"https:\/\/m.facebook.com\/profile.php\" \/>\n<meta property=\"article:published_time\" content=\"2024-04-03T19:39:54+00:00\" \/>\n<meta property=\"article:modified_time\" content=\"2024-04-03T19:39:55+00:00\" \/>\n<meta property=\"og:image\" content=\"https:\/\/wenttrip.com.br\/wp-content\/uploads\/2021\/11\/QuieroCafeTorres_0048_web-1024x683-1.jpg\" \/>\n\t<meta property=\"og:image:width\" content=\"1024\" \/>\n\t<meta property=\"og:image:height\" content=\"683\" \/>\n\t<meta property=\"og:image:type\" content=\"image\/jpeg\" \/>\n<meta name=\"author\" content=\"Fernanda Machado\" \/>\n<meta name=\"twitter:card\" content=\"summary_large_image\" \/>\n<meta name=\"twitter:creator\" content=\"@https:\/\/twitter.com\/wenttrip\" \/>\n<meta name=\"twitter:site\" content=\"@wenttrip\" \/>\n<meta name=\"twitter:label1\" content=\"Scritto da\" \/>\n\t<meta name=\"twitter:data1\" content=\"Fernanda Machado\" \/>\n\t<meta name=\"twitter:label2\" content=\"Tempo di lettura stimato\" \/>\n\t<meta name=\"twitter:data2\" content=\"4 minuti\" \/>\n<script type=\"application\/ld+json\" class=\"yoast-schema-graph\">{\"@context\":\"https:\\\/\\\/schema.org\",\"@graph\":[{\"@type\":\"Article\",\"@id\":\"https:\\\/\\\/wenttrip.com.br\\\/it\\\/brasile\\\/brasil-sul\\\/rio-grande-do-sul\\\/torres\\\/incontra-il-quiero-cafe-in-torres-rs\\\/#article\",\"isPartOf\":{\"@id\":\"https:\\\/\\\/wenttrip.com.br\\\/it\\\/brasile\\\/brasil-sul\\\/rio-grande-do-sul\\\/torres\\\/incontra-il-quiero-cafe-in-torres-rs\\\/\"},\"author\":{\"name\":\"Fernanda Machado\",\"@id\":\"https:\\\/\\\/wenttrip.com.br\\\/it\\\/#\\\/schema\\\/person\\\/c0ff87b449a960037fdd1b024842fcf9\"},\"headline\":\"Conhe\u00e7a a Quiero Caf\u00e9 em Torres RS\",\"datePublished\":\"2024-04-03T19:39:54+00:00\",\"dateModified\":\"2024-04-03T19:39:55+00:00\",\"mainEntityOfPage\":{\"@id\":\"https:\\\/\\\/wenttrip.com.br\\\/it\\\/brasile\\\/brasil-sul\\\/rio-grande-do-sul\\\/torres\\\/incontra-il-quiero-cafe-in-torres-rs\\\/\"},\"wordCount\":790,\"commentCount\":0,\"publisher\":{\"@id\":\"https:\\\/\\\/wenttrip.com.br\\\/it\\\/#\\\/schema\\\/person\\\/c0ff87b449a960037fdd1b024842fcf9\"},\"image\":{\"@id\":\"https:\\\/\\\/wenttrip.com.br\\\/it\\\/brasile\\\/brasil-sul\\\/rio-grande-do-sul\\\/torres\\\/incontra-il-quiero-cafe-in-torres-rs\\\/#primaryimage\"},\"thumbnailUrl\":\"https:\\\/\\\/wenttrip.com.br\\\/wp-content\\\/uploads\\\/2021\\\/11\\\/QuieroCafeTorres_0048_web-1024x683-1.jpg\",\"keywords\":[\"quiero caf\u00e9\"],\"articleSection\":[\"Torres\"],\"inLanguage\":\"it-IT\",\"potentialAction\":[{\"@type\":\"CommentAction\",\"name\":\"Comment\",\"target\":[\"https:\\\/\\\/wenttrip.com.br\\\/it\\\/brasile\\\/brasil-sul\\\/rio-grande-do-sul\\\/torres\\\/incontra-il-quiero-cafe-in-torres-rs\\\/#respond\"]}]},{\"@type\":\"WebPage\",\"@id\":\"https:\\\/\\\/wenttrip.com.br\\\/it\\\/brasile\\\/brasil-sul\\\/rio-grande-do-sul\\\/torres\\\/incontra-il-quiero-cafe-in-torres-rs\\\/\",\"url\":\"https:\\\/\\\/wenttrip.com.br\\\/it\\\/brasile\\\/brasil-sul\\\/rio-grande-do-sul\\\/torres\\\/incontra-il-quiero-cafe-in-torres-rs\\\/\",\"name\":\"Conhe\u00e7a a Quiero Caf\u00e9 em Torres RS - WentTrip\",\"isPartOf\":{\"@id\":\"https:\\\/\\\/wenttrip.com.br\\\/it\\\/#website\"},\"primaryImageOfPage\":{\"@id\":\"https:\\\/\\\/wenttrip.com.br\\\/it\\\/brasile\\\/brasil-sul\\\/rio-grande-do-sul\\\/torres\\\/incontra-il-quiero-cafe-in-torres-rs\\\/#primaryimage\"},\"image\":{\"@id\":\"https:\\\/\\\/wenttrip.com.br\\\/it\\\/brasile\\\/brasil-sul\\\/rio-grande-do-sul\\\/torres\\\/incontra-il-quiero-cafe-in-torres-rs\\\/#primaryimage\"},\"thumbnailUrl\":\"https:\\\/\\\/wenttrip.com.br\\\/wp-content\\\/uploads\\\/2021\\\/11\\\/QuieroCafeTorres_0048_web-1024x683-1.jpg\",\"datePublished\":\"2024-04-03T19:39:54+00:00\",\"dateModified\":\"2024-04-03T19:39:55+00:00\",\"description\":\"Conhe\u00e7a a Quiero Caf\u00e9 em Torres RS - Seja para come\u00e7ar o dia com energia ou para desfrutar de um momento de pausa ou at\u00e9 de neg\u00f3cio, o caf\u00e9 tem o poder de encantar os sentidos e proporcionar experi\u00eancias memor\u00e1veis. E se voc\u00ea est\u00e1 em Torres, no Rio Grande do Sul, uma visita obrigat\u00f3ria \u00e9 \u00e0 Quiero Caf\u00e9.\",\"breadcrumb\":{\"@id\":\"https:\\\/\\\/wenttrip.com.br\\\/it\\\/brasile\\\/brasil-sul\\\/rio-grande-do-sul\\\/torres\\\/incontra-il-quiero-cafe-in-torres-rs\\\/#breadcrumb\"},\"inLanguage\":\"it-IT\",\"potentialAction\":[{\"@type\":\"ReadAction\",\"target\":[\"https:\\\/\\\/wenttrip.com.br\\\/it\\\/brasile\\\/brasil-sul\\\/rio-grande-do-sul\\\/torres\\\/incontra-il-quiero-cafe-in-torres-rs\\\/\"]}]},{\"@type\":\"ImageObject\",\"inLanguage\":\"it-IT\",\"@id\":\"https:\\\/\\\/wenttrip.com.br\\\/it\\\/brasile\\\/brasil-sul\\\/rio-grande-do-sul\\\/torres\\\/incontra-il-quiero-cafe-in-torres-rs\\\/#primaryimage\",\"url\":\"https:\\\/\\\/wenttrip.com.br\\\/wp-content\\\/uploads\\\/2021\\\/11\\\/QuieroCafeTorres_0048_web-1024x683-1.jpg\",\"contentUrl\":\"https:\\\/\\\/wenttrip.com.br\\\/wp-content\\\/uploads\\\/2021\\\/11\\\/QuieroCafeTorres_0048_web-1024x683-1.jpg\",\"width\":1024,\"height\":683,\"caption\":\"Quiero Cafe Torres\"},{\"@type\":\"BreadcrumbList\",\"@id\":\"https:\\\/\\\/wenttrip.com.br\\\/it\\\/brasile\\\/brasil-sul\\\/rio-grande-do-sul\\\/torres\\\/incontra-il-quiero-cafe-in-torres-rs\\\/#breadcrumb\",\"itemListElement\":[{\"@type\":\"ListItem\",\"position\":1,\"name\":\"In\u00edcio\",\"item\":\"https:\\\/\\\/wenttrip.com.br\\\/it\\\/\"},{\"@type\":\"ListItem\",\"position\":2,\"name\":\"Conhe\u00e7a a Quiero Caf\u00e9 em Torres RS\"}]},{\"@type\":\"WebSite\",\"@id\":\"https:\\\/\\\/wenttrip.com.br\\\/it\\\/#website\",\"url\":\"https:\\\/\\\/wenttrip.com.br\\\/it\\\/\",\"name\":\"WentTrip\",\"description\":\"O seu guia completo com muitas dicas de aventuras, lugares, alimenta\u00e7\u00e3o, hot\u00e9is.\",\"publisher\":{\"@id\":\"https:\\\/\\\/wenttrip.com.br\\\/it\\\/#\\\/schema\\\/person\\\/c0ff87b449a960037fdd1b024842fcf9\"},\"potentialAction\":[{\"@type\":\"SearchAction\",\"target\":{\"@type\":\"EntryPoint\",\"urlTemplate\":\"https:\\\/\\\/wenttrip.com.br\\\/it\\\/?s={search_term_string}\"},\"query-input\":{\"@type\":\"PropertyValueSpecification\",\"valueRequired\":true,\"valueName\":\"search_term_string\"}}],\"inLanguage\":\"it-IT\"},{\"@type\":[\"Person\",\"Organization\"],\"@id\":\"https:\\\/\\\/wenttrip.com.br\\\/it\\\/#\\\/schema\\\/person\\\/c0ff87b449a960037fdd1b024842fcf9\",\"name\":\"Fernanda Machado\",\"image\":{\"@type\":\"ImageObject\",\"inLanguage\":\"it-IT\",\"@id\":\"https:\\\/\\\/wenttrip.com.br\\\/wp-content\\\/uploads\\\/2022\\\/08\\\/WentTrip-2.png\",\"url\":\"https:\\\/\\\/wenttrip.com.br\\\/wp-content\\\/uploads\\\/2022\\\/08\\\/WentTrip-2.png\",\"contentUrl\":\"https:\\\/\\\/wenttrip.com.br\\\/wp-content\\\/uploads\\\/2022\\\/08\\\/WentTrip-2.png\",\"width\":1000,\"height\":1000,\"caption\":\"Fernanda Machado\"},\"logo\":{\"@id\":\"https:\\\/\\\/wenttrip.com.br\\\/wp-content\\\/uploads\\\/2022\\\/08\\\/WentTrip-2.png\"},\"description\":\"Aprendi que a vida \u00e9 mais leve quando colocamos uma mochila nas costas junto com sonhos. Amo viajar! Tenho 34 anos, mam\u00e3e de 3 cachorros: A Pantufa, O mutley e o Mixuruca. Compartilhamos nossas experi\u00eancias por aqui, esperamos que gostem!\",\"sameAs\":[\"https:\\\/\\\/wenttrip.com.br\",\"https:\\\/\\\/m.facebook.com\\\/profile.php\",\"https:\\\/\\\/www.instagram.com\\\/wenttrip\\\/\",\"https:\\\/\\\/x.com\\\/https:\\\/\\\/twitter.com\\\/wenttrip\",\"https:\\\/\\\/www.youtube.com\\\/c\\\/WentTrip\\\/videos\"],\"url\":\"https:\\\/\\\/wenttrip.com.br\\\/it\\\/author\\\/admin\\\/\"}]}<\/script>\n<!-- \/ Yoast SEO plugin. -->","yoast_head_json":{"title":"Scopri il Quiero Caf\u00e9 a Torres RS - WentTrip","description":"Scopri Quiero Caf\u00e9 a Torres RS - Che sia per iniziare la giornata con energia o per godersi un momento di pausa o anche di lavoro, il caff\u00e8 ha il potere di deliziare i sensi e regalare esperienze memorabili. E se ti trovi a Torres, nel Rio Grande do Sul, una visita imperdibile \u00e8 il Quiero Caf\u00e9.","robots":{"index":"index","follow":"follow","max-snippet":"max-snippet:-1","max-image-preview":"max-image-preview:large","max-video-preview":"max-video-preview:-1"},"canonical":"https:\/\/wenttrip.com.br\/it\/brasile\/brasil-sul\/rio-grande-do-sul\/torres\/incontra-il-quiero-cafe-in-torres-rs\/","og_locale":"it_IT","og_type":"article","og_title":"Conhe\u00e7a a Quiero Caf\u00e9 em Torres RS - WentTrip","og_description":"Conhe\u00e7a a Quiero Caf\u00e9 em Torres RS - Seja para come\u00e7ar o dia com energia ou para desfrutar de um momento de pausa ou at\u00e9 de neg\u00f3cio, o caf\u00e9 tem o poder de encantar os sentidos e proporcionar experi\u00eancias memor\u00e1veis. E se voc\u00ea est\u00e1 em Torres, no Rio Grande do Sul, uma visita obrigat\u00f3ria \u00e9 \u00e0 Quiero Caf\u00e9.","og_url":"https:\/\/wenttrip.com.br\/it\/brasile\/brasil-sul\/rio-grande-do-sul\/torres\/incontra-il-quiero-cafe-in-torres-rs\/","og_site_name":"WentTrip","article_publisher":"https:\/\/m.facebook.com\/profile.php","article_author":"https:\/\/m.facebook.com\/profile.php","article_published_time":"2024-04-03T19:39:54+00:00","article_modified_time":"2024-04-03T19:39:55+00:00","og_image":[{"width":1024,"height":683,"url":"https:\/\/wenttrip.com.br\/wp-content\/uploads\/2021\/11\/QuieroCafeTorres_0048_web-1024x683-1.jpg","type":"image\/jpeg"}],"author":"Fernanda Machado","twitter_card":"summary_large_image","twitter_creator":"@https:\/\/twitter.com\/wenttrip","twitter_site":"@wenttrip","twitter_misc":{"Scritto da":"Fernanda Machado","Tempo di lettura stimato":"4 minuti"},"schema":{"@context":"https:\/\/schema.org","@graph":[{"@type":"Article","@id":"https:\/\/wenttrip.com.br\/it\/brasile\/brasil-sul\/rio-grande-do-sul\/torres\/incontra-il-quiero-cafe-in-torres-rs\/#article","isPartOf":{"@id":"https:\/\/wenttrip.com.br\/it\/brasile\/brasil-sul\/rio-grande-do-sul\/torres\/incontra-il-quiero-cafe-in-torres-rs\/"},"author":{"name":"Fernanda Machado","@id":"https:\/\/wenttrip.com.br\/it\/#\/schema\/person\/c0ff87b449a960037fdd1b024842fcf9"},"headline":"Conhe\u00e7a a Quiero Caf\u00e9 em Torres RS","datePublished":"2024-04-03T19:39:54+00:00","dateModified":"2024-04-03T19:39:55+00:00","mainEntityOfPage":{"@id":"https:\/\/wenttrip.com.br\/it\/brasile\/brasil-sul\/rio-grande-do-sul\/torres\/incontra-il-quiero-cafe-in-torres-rs\/"},"wordCount":790,"commentCount":0,"publisher":{"@id":"https:\/\/wenttrip.com.br\/it\/#\/schema\/person\/c0ff87b449a960037fdd1b024842fcf9"},"image":{"@id":"https:\/\/wenttrip.com.br\/it\/brasile\/brasil-sul\/rio-grande-do-sul\/torres\/incontra-il-quiero-cafe-in-torres-rs\/#primaryimage"},"thumbnailUrl":"https:\/\/wenttrip.com.br\/wp-content\/uploads\/2021\/11\/QuieroCafeTorres_0048_web-1024x683-1.jpg","keywords":["quiero caf\u00e9"],"articleSection":["Torres"],"inLanguage":"it-IT","potentialAction":[{"@type":"CommentAction","name":"Comment","target":["https:\/\/wenttrip.com.br\/it\/brasile\/brasil-sul\/rio-grande-do-sul\/torres\/incontra-il-quiero-cafe-in-torres-rs\/#respond"]}]},{"@type":"WebPage","@id":"https:\/\/wenttrip.com.br\/it\/brasile\/brasil-sul\/rio-grande-do-sul\/torres\/incontra-il-quiero-cafe-in-torres-rs\/","url":"https:\/\/wenttrip.com.br\/it\/brasile\/brasil-sul\/rio-grande-do-sul\/torres\/incontra-il-quiero-cafe-in-torres-rs\/","name":"Scopri il Quiero Caf\u00e9 a Torres RS - WentTrip","isPartOf":{"@id":"https:\/\/wenttrip.com.br\/it\/#website"},"primaryImageOfPage":{"@id":"https:\/\/wenttrip.com.br\/it\/brasile\/brasil-sul\/rio-grande-do-sul\/torres\/incontra-il-quiero-cafe-in-torres-rs\/#primaryimage"},"image":{"@id":"https:\/\/wenttrip.com.br\/it\/brasile\/brasil-sul\/rio-grande-do-sul\/torres\/incontra-il-quiero-cafe-in-torres-rs\/#primaryimage"},"thumbnailUrl":"https:\/\/wenttrip.com.br\/wp-content\/uploads\/2021\/11\/QuieroCafeTorres_0048_web-1024x683-1.jpg","datePublished":"2024-04-03T19:39:54+00:00","dateModified":"2024-04-03T19:39:55+00:00","description":"Scopri Quiero Caf\u00e9 a Torres RS - Che sia per iniziare la giornata con energia o per godersi un momento di pausa o anche di lavoro, il caff\u00e8 ha il potere di deliziare i sensi e regalare esperienze memorabili. E se ti trovi a Torres, nel Rio Grande do Sul, una visita imperdibile \u00e8 il Quiero Caf\u00e9.","breadcrumb":{"@id":"https:\/\/wenttrip.com.br\/it\/brasile\/brasil-sul\/rio-grande-do-sul\/torres\/incontra-il-quiero-cafe-in-torres-rs\/#breadcrumb"},"inLanguage":"it-IT","potentialAction":[{"@type":"ReadAction","target":["https:\/\/wenttrip.com.br\/it\/brasile\/brasil-sul\/rio-grande-do-sul\/torres\/incontra-il-quiero-cafe-in-torres-rs\/"]}]},{"@type":"ImageObject","inLanguage":"it-IT","@id":"https:\/\/wenttrip.com.br\/it\/brasile\/brasil-sul\/rio-grande-do-sul\/torres\/incontra-il-quiero-cafe-in-torres-rs\/#primaryimage","url":"https:\/\/wenttrip.com.br\/wp-content\/uploads\/2021\/11\/QuieroCafeTorres_0048_web-1024x683-1.jpg","contentUrl":"https:\/\/wenttrip.com.br\/wp-content\/uploads\/2021\/11\/QuieroCafeTorres_0048_web-1024x683-1.jpg","width":1024,"height":683,"caption":"Quiero Cafe Torres"},{"@type":"BreadcrumbList","@id":"https:\/\/wenttrip.com.br\/it\/brasile\/brasil-sul\/rio-grande-do-sul\/torres\/incontra-il-quiero-cafe-in-torres-rs\/#breadcrumb","itemListElement":[{"@type":"ListItem","position":1,"name":"In\u00edcio","item":"https:\/\/wenttrip.com.br\/it\/"},{"@type":"ListItem","position":2,"name":"Conhe\u00e7a a Quiero Caf\u00e9 em Torres RS"}]},{"@type":"WebSite","@id":"https:\/\/wenttrip.com.br\/it\/#website","url":"https:\/\/wenttrip.com.br\/it\/","name":"Andato in viaggio","description":"La tua guida completa con tanti consigli su avventure, luoghi, cibo, hotel.","publisher":{"@id":"https:\/\/wenttrip.com.br\/it\/#\/schema\/person\/c0ff87b449a960037fdd1b024842fcf9"},"potentialAction":[{"@type":"SearchAction","target":{"@type":"EntryPoint","urlTemplate":"https:\/\/wenttrip.com.br\/it\/?s={search_term_string}"},"query-input":{"@type":"PropertyValueSpecification","valueRequired":true,"valueName":"search_term_string"}}],"inLanguage":"it-IT"},{"@type":["Person","Organization"],"@id":"https:\/\/wenttrip.com.br\/it\/#\/schema\/person\/c0ff87b449a960037fdd1b024842fcf9","name":"Fernanda Macchado","image":{"@type":"ImageObject","inLanguage":"it-IT","@id":"https:\/\/wenttrip.com.br\/wp-content\/uploads\/2022\/08\/WentTrip-2.png","url":"https:\/\/wenttrip.com.br\/wp-content\/uploads\/2022\/08\/WentTrip-2.png","contentUrl":"https:\/\/wenttrip.com.br\/wp-content\/uploads\/2022\/08\/WentTrip-2.png","width":1000,"height":1000,"caption":"Fernanda Machado"},"logo":{"@id":"https:\/\/wenttrip.com.br\/wp-content\/uploads\/2022\/08\/WentTrip-2.png"},"description":"Ho imparato che la vita \u00e8 pi\u00f9 leggera quando ci mettiamo uno zaino in spalla insieme ai sogni. Amo viaggiare! Ho 34 anni, mamma di 3 cani: Pantufa, Mutley e Mixuruca. Condividiamo qui le nostre esperienze, speriamo vi piaccia!","sameAs":["https:\/\/wenttrip.com.br","https:\/\/m.facebook.com\/profile.php","https:\/\/www.instagram.com\/wenttrip\/","https:\/\/x.com\/https:\/\/twitter.com\/wenttrip","https:\/\/www.youtube.com\/c\/WentTrip\/videos"],"url":"https:\/\/wenttrip.com.br\/it\/author\/admin\/"}]}},"_links":{"self":[{"href":"https:\/\/wenttrip.com.br\/it\/wp-json\/wp\/v2\/posts\/25318","targetHints":{"allow":["GET"]}}],"collection":[{"href":"https:\/\/wenttrip.com.br\/it\/wp-json\/wp\/v2\/posts"}],"about":[{"href":"https:\/\/wenttrip.com.br\/it\/wp-json\/wp\/v2\/types\/post"}],"author":[{"embeddable":true,"href":"https:\/\/wenttrip.com.br\/it\/wp-json\/wp\/v2\/users\/1"}],"replies":[{"embeddable":true,"href":"https:\/\/wenttrip.com.br\/it\/wp-json\/wp\/v2\/comments?post=25318"}],"version-history":[{"count":0,"href":"https:\/\/wenttrip.com.br\/it\/wp-json\/wp\/v2\/posts\/25318\/revisions"}],"wp:featuredmedia":[{"embeddable":true,"href":"https:\/\/wenttrip.com.br\/it\/wp-json\/wp\/v2\/media\/3132"}],"wp:attachment":[{"href":"https:\/\/wenttrip.com.br\/it\/wp-json\/wp\/v2\/media?parent=25318"}],"wp:term":[{"taxonomy":"category","embeddable":true,"href":"https:\/\/wenttrip.com.br\/it\/wp-json\/wp\/v2\/categories?post=25318"},{"taxonomy":"post_tag","embeddable":true,"href":"https:\/\/wenttrip.com.br\/it\/wp-json\/wp\/v2\/tags?post=25318"}],"curies":[{"name":"parola chiave","href":"https:\/\/api.w.org\/{rel}","templated":true}]}}