{"id":16129,"date":"2023-04-24T23:48:45","date_gmt":"2023-04-24T23:48:45","guid":{"rendered":"https:\/\/wenttrip.com.br\/?p=16129"},"modified":"2023-04-24T23:48:48","modified_gmt":"2023-04-24T23:48:48","slug":"bandeira-do-rio-grande-do-sul","status":"publish","type":"post","link":"https:\/\/wenttrip.com.br\/it\/brasile\/brasil-sul\/rio-grande-do-sul\/bandiera-do-rio-grande-do-sul\/","title":{"rendered":"Bandiera del Rio Grande do Sul"},"content":{"rendered":"<div id=\"ez-toc-container\" class=\"ez-toc-v2_0_82_2 counter-hierarchy ez-toc-counter ez-toc-grey ez-toc-container-direction\">\n<div class=\"ez-toc-title-container\">\n<p class=\"ez-toc-title\" style=\"cursor:inherit\">Indice<\/p>\n<span class=\"ez-toc-title-toggle\"><a href=\"#\" class=\"ez-toc-pull-right ez-toc-btn ez-toc-btn-xs ez-toc-btn-default ez-toc-toggle\" aria-label=\"Attiva\/disattiva sommario\"><span class=\"ez-toc-js-icon-con\"><span class=\"\"><span class=\"eztoc-hide\" style=\"display:none;\">alternare<\/span><span class=\"ez-toc-icon-toggle-span\"><svg style=\"fill: #999;color:#999\" xmlns=\"http:\/\/www.w3.org\/2000\/svg\" class=\"list-377408\" width=\"20px\" height=\"20px\" viewbox=\"0 0 24 24\" fill=\"none\"><path d=\"M6 6H4v2h2V6zm14 0H8v2h12V6zM4 11h2v2H4v-2zm16 0H8v2h12v-2zM4 16h2v2H4v-2zm16 0H8v2h12v-2z\" fill=\"currentColor\"><\/path><\/svg><svg style=\"fill: #999;color:#999\" class=\"arrow-unsorted-368013\" xmlns=\"http:\/\/www.w3.org\/2000\/svg\" width=\"10px\" height=\"10px\" viewbox=\"0 0 24 24\" version=\"1.2\" baseprofile=\"tiny\"><path d=\"M18.2 9.3l-6.2-6.3-6.2 6.3c-.2.2-.3.4-.3.7s.1.5.3.7c.2.2.4.3.7.3h11c.3 0 .5-.1.7-.3.2-.2.3-.5.3-.7s-.1-.5-.3-.7zM5.8 14.7l6.2 6.3 6.2-6.3c.2-.2.3-.5.3-.7s-.1-.5-.3-.7c-.2-.2-.4-.3-.7-.3h-11c-.3 0-.5.1-.7.3-.2.2-.3.5-.3.7s.1.5.3.7z\"\/><\/svg><\/span><\/span><\/span><\/a><\/span><\/div>\n<nav><ul class='ez-toc-list ez-toc-list-level-1' ><li class='ez-toc-page-1 ez-toc-heading-level-2'><a class=\"ez-toc-link ez-toc-heading-1\" href=\"https:\/\/wenttrip.com.br\/it\/brasile\/brasil-sul\/rio-grande-do-sul\/bandiera-do-rio-grande-do-sul\/#O_que_se_comemora_hoje_no_Rio_Grande_do_Sul\" >Cosa si celebra oggi nel Rio Grande do Sul?<\/a><\/li><li class='ez-toc-page-1 ez-toc-heading-level-2'><a class=\"ez-toc-link ez-toc-heading-2\" href=\"https:\/\/wenttrip.com.br\/it\/brasile\/brasil-sul\/rio-grande-do-sul\/bandiera-do-rio-grande-do-sul\/#Que_dia_e_o_dia_do_gaucho\" >Che giorno \u00e8 il giorno del gaucho?<\/a><\/li><li class='ez-toc-page-1 ez-toc-heading-level-2'><a class=\"ez-toc-link ez-toc-heading-3\" href=\"https:\/\/wenttrip.com.br\/it\/brasile\/brasil-sul\/rio-grande-do-sul\/bandiera-do-rio-grande-do-sul\/#Qual_a_capital_do_Rio_Grande_do_Sul\" >Qual \u00e8 la capitale del Rio Grande do Sul?<\/a><\/li><li class='ez-toc-page-1 ez-toc-heading-level-2'><a class=\"ez-toc-link ez-toc-heading-4\" href=\"https:\/\/wenttrip.com.br\/it\/brasile\/brasil-sul\/rio-grande-do-sul\/bandiera-do-rio-grande-do-sul\/#Hino_do_Rio_Grande_do_Sul\" >Inno del Rio Grande do Sul<\/a><\/li><li class='ez-toc-page-1 ez-toc-heading-level-2'><a class=\"ez-toc-link ez-toc-heading-5\" href=\"https:\/\/wenttrip.com.br\/it\/brasile\/brasil-sul\/rio-grande-do-sul\/bandiera-do-rio-grande-do-sul\/#Rua_Rio_Grande_do_Sul\" >Rua Rio Grande do Sul<\/a><\/li><li class='ez-toc-page-1 ez-toc-heading-level-2'><a class=\"ez-toc-link ez-toc-heading-6\" href=\"https:\/\/wenttrip.com.br\/it\/brasile\/brasil-sul\/rio-grande-do-sul\/bandiera-do-rio-grande-do-sul\/#Como_as_pessoas_sao_chamadas_no_Rio_Grande_do_Sul\" >Come si chiamano le persone a Rio Grande do Sul?<\/a><\/li><li class='ez-toc-page-1 ez-toc-heading-level-2'><a class=\"ez-toc-link ez-toc-heading-7\" href=\"https:\/\/wenttrip.com.br\/it\/brasile\/brasil-sul\/rio-grande-do-sul\/bandiera-do-rio-grande-do-sul\/#Quem_mora_na_Divisa_do_Rio_Grande_do_Sul_e_Santa_Catarina_e_chamado_de\" >Si chiamano quelli che vivono al confine tra Rio Grande do Sul e Santa Catarina<\/a><\/li><\/ul><\/nav><\/div>\n\n<p>La bandiera del Rio Grande do Sul ha colori molto vivaci: rosso, verde e giallo. La mappa, invece, ha la forma di una zucca, un espediente spesso utilizzato dai gauchos per bere un buon chimarr\u00e3o. <\/p>\n\n\n\n<figure class=\"wp-block-image size-full\"><img decoding=\"async\" width=\"710\" height=\"444\" src=\"https:\/\/wenttrip.com.br\/wp-content\/uploads\/2023\/04\/rio-grande-do-sul11-f4d445b9d18583424116294017958094-1024-1024.png\" alt=\"Bandiera del Rio Grande do Sul\" class=\"wp-image-16131\" srcset=\"https:\/\/wenttrip.com.br\/wp-content\/uploads\/2023\/04\/rio-grande-do-sul11-f4d445b9d18583424116294017958094-1024-1024.png 710w, https:\/\/wenttrip.com.br\/wp-content\/uploads\/2023\/04\/rio-grande-do-sul11-f4d445b9d18583424116294017958094-1024-1024-300x188.png 300w, https:\/\/wenttrip.com.br\/wp-content\/uploads\/2023\/04\/rio-grande-do-sul11-f4d445b9d18583424116294017958094-1024-1024-18x12.png 18w\" sizes=\"(max-width: 710px) 100vw, 710px\" \/><figcaption class=\"wp-element-caption\">Bandiera del Rio Grande do Sul<\/figcaption><\/figure>\n\n\n\n<h2 class=\"wp-block-heading\"><span class=\"ez-toc-section\" id=\"O_que_se_comemora_hoje_no_Rio_Grande_do_Sul\"><\/span>Cosa si celebra oggi nel Rio Grande do Sul?<span class=\"ez-toc-section-end\"><\/span><\/h2>\n\n\n\n<p>20 settembre, noto come il\u00a0<strong>Il giorno di Gaucho<\/strong>, \u00e8 un giorno festivo nello stato del Rio Grande do Sul.\u00a0<\/p>\n\n\n\n<h2 class=\"wp-block-heading\"><span class=\"ez-toc-section\" id=\"Que_dia_e_o_dia_do_gaucho\"><\/span>Che giorno \u00e8 il giorno del gaucho?<span class=\"ez-toc-section-end\"><\/span><\/h2>\n\n\n\n<p>Il 20 settembre \u00e8 un giorno festivo nello Stato del Rio Grande do Sul.\u00a0<\/p>\n\n\n\n<h2 class=\"wp-block-heading\"><span class=\"ez-toc-section\" id=\"Qual_a_capital_do_Rio_Grande_do_Sul\"><\/span>Qual \u00e8 la capitale del Rio Grande do Sul?<span class=\"ez-toc-section-end\"><\/span><\/h2>\n\n\n\n<p>Porto Alegre.<\/p>\n\n\n\n<h2 class=\"wp-block-heading\"><span class=\"ez-toc-section\" id=\"Hino_do_Rio_Grande_do_Sul\"><\/span>Inno del Rio Grande do Sul<span class=\"ez-toc-section-end\"><\/span><\/h2>\n\n\n\n<p>Come l&#039;alba precursore<br>Dal faro della divinit\u00e0<br>Era il 20 settembre<br>Il precursore della libert\u00e0<\/p>\n\n\n\n<p>Dimostriamo valore, costanza<br>In questa guerra empia e ingiusta<br>Servi i nostri exploit<br>Da modello a tutta la Terra<\/p>\n\n\n\n<p>Da modello a tutta la Terra<br>Servi i nostri exploit<br>Da modello a tutta la Terra<\/p>\n\n\n\n<p>Ma non basta essere liberi<br>Sii forte, coraggioso e coraggioso<br>Gente che non ha virt\u00f9<br>Diventa solo uno schiavo<\/p>\n\n\n\n<p>Dimostriamo valore, costanza<br>In questa guerra empia e ingiusta<br>Servi i nostri exploit<br>Da modello a tutta la Terra<\/p>\n\n\n\n<p>Da modello a tutta la Terra<br>Servi i nostri exploit<br>Da modello a tutta la Terra.<\/p>\n\n\n\n<p><\/p>\n\n\n\n<p><strong>Compositore: Francisco Pinto Da Fontoura.<\/strong><\/p>\n\n\n\n<h2 class=\"wp-block-heading\"><span class=\"ez-toc-section\" id=\"Rua_Rio_Grande_do_Sul\"><\/span>Rua Rio Grande do Sul<span class=\"ez-toc-section-end\"><\/span><\/h2>\n\n\n\n<p>Sapevi che ci sono strade che prendono il nome dallo stato?! Uno si trova a Tramanda\u00ed e l&#039;altro a Canoas. Inoltre, c&#039;\u00e8 anche fuori dallo stato, una Rua Rio Grande do Sul a Belo Horizonte.<\/p>\n\n\n\n<h2 class=\"wp-block-heading\"><span class=\"ez-toc-section\" id=\"Como_as_pessoas_sao_chamadas_no_Rio_Grande_do_Sul\"><\/span>Come si chiamano le persone a Rio Grande do Sul?<span class=\"ez-toc-section-end\"><\/span><\/h2>\n\n\n\n<p>le persone sono chiamate<strong> Gauchos<\/strong>. <\/p>\n\n\n\n<h2 class=\"wp-block-heading\"><span class=\"ez-toc-section\" id=\"Quem_mora_na_Divisa_do_Rio_Grande_do_Sul_e_Santa_Catarina_e_chamado_de\"><\/span>Si chiamano quelli che vivono al confine tra Rio Grande do Sul e Santa Catarina<span class=\"ez-toc-section-end\"><\/span><\/h2>\n\n\n\n<p>Cata\u00facho, una miscela di Catarina e Gaucho. Ma logicamente \u00e8 solo una forma affettuosa usata tra residenti che fanno parte del confine tra i due stati.<\/p>\n\n\n\n<p>Leggi anche:<\/p>\n\n\n\n<p> <a href=\"https:\/\/wenttrip.com.br\/it\/brasile\/brasil-sul\/rio-grande-do-sul\/rio-grande-do-sul-curiosita\/\">Rio Grande do Sul \u2013 Curiosit\u00e0<\/a><\/p>","protected":false},"excerpt":{"rendered":"<p>La bandiera del Rio Grande do Sul ha colori molto vivaci: rosso, verde e giallo. La mappa ha la forma di una zucca, uno strumento spesso utilizzato dai gauchos per bere un buon chimarr\u00e3o. Cosa si festeggia oggi nel Rio Grande do Sul? Il 20 settembre, noto come Gaucho Day, \u00e8 una festa nello Stato\u2026&nbsp;<a href=\"https:\/\/wenttrip.com.br\/it\/brasile\/brasil-sul\/rio-grande-do-sul\/bandiera-do-rio-grande-do-sul\/\" rel=\"bookmark\">Leggi tutto \u00bb<span class=\"screen-reader-text\">Bandiera del Rio Grande do Sul<\/span><\/a><\/p>","protected":false},"author":1,"featured_media":16131,"comment_status":"open","ping_status":"closed","sticky":false,"template":"","format":"standard","meta":{"neve_meta_sidebar":"","neve_meta_container":"","neve_meta_enable_content_width":"","neve_meta_content_width":0,"neve_meta_title_alignment":"","neve_meta_author_avatar":"","neve_post_elements_order":"","neve_meta_disable_header":"","neve_meta_disable_footer":"","neve_meta_disable_title":"","footnotes":""},"categories":[1704],"tags":[2145,4200,4198,4199],"class_list":["post-16129","post","type-post","status-publish","format-standard","has-post-thumbnail","hentry","category-rio-grande-do-sul","tag-bandeira-do-rio-grande-do-sul","tag-hino-do-rio-grande-do-sul","tag-o-que-se-comemora-hoje-no-rio-grande-do-sul","tag-qual-a-capital-do-rio-grande-do-sul"],"yoast_head":"<!-- This site is optimized with the Yoast SEO plugin v27.5 - https:\/\/yoast.com\/product\/yoast-seo-wordpress\/ -->\n<title>Bandeira do Rio Grande do Sul - WentTrip<\/title>\n<meta name=\"description\" content=\"A bandeira do Rio Grande do Sul tem cores bem vibrantes: vermelho, verde e amarelo....do pelos ga\u00fachos para tomar um bom chimarr\u00e3o...\" \/>\n<meta name=\"robots\" content=\"index, follow, max-snippet:-1, max-image-preview:large, max-video-preview:-1\" \/>\n<link rel=\"canonical\" href=\"https:\/\/wenttrip.com.br\/it\/brasile\/brasil-sul\/rio-grande-do-sul\/bandiera-do-rio-grande-do-sul\/\" \/>\n<meta property=\"og:locale\" content=\"it_IT\" \/>\n<meta property=\"og:type\" content=\"article\" \/>\n<meta property=\"og:title\" content=\"Bandeira do Rio Grande do Sul - WentTrip\" \/>\n<meta property=\"og:description\" content=\"A bandeira do Rio Grande do Sul tem cores bem vibrantes: vermelho, verde e amarelo....do pelos ga\u00fachos para tomar um bom chimarr\u00e3o...\" \/>\n<meta property=\"og:url\" content=\"https:\/\/wenttrip.com.br\/it\/brasile\/brasil-sul\/rio-grande-do-sul\/bandiera-do-rio-grande-do-sul\/\" \/>\n<meta property=\"og:site_name\" content=\"WentTrip\" \/>\n<meta property=\"article:publisher\" content=\"https:\/\/m.facebook.com\/profile.php\" \/>\n<meta property=\"article:author\" content=\"https:\/\/m.facebook.com\/profile.php\" \/>\n<meta property=\"article:published_time\" content=\"2023-04-24T23:48:45+00:00\" \/>\n<meta property=\"article:modified_time\" content=\"2023-04-24T23:48:48+00:00\" \/>\n<meta property=\"og:image\" content=\"https:\/\/wenttrip.com.br\/wp-content\/uploads\/2023\/04\/rio-grande-do-sul11-f4d445b9d18583424116294017958094-1024-1024.png\" \/>\n\t<meta property=\"og:image:width\" content=\"710\" \/>\n\t<meta property=\"og:image:height\" content=\"444\" \/>\n\t<meta property=\"og:image:type\" content=\"image\/png\" \/>\n<meta name=\"author\" content=\"Fernanda Machado\" \/>\n<meta name=\"twitter:card\" content=\"summary_large_image\" \/>\n<meta name=\"twitter:creator\" content=\"@https:\/\/twitter.com\/wenttrip\" \/>\n<meta name=\"twitter:site\" content=\"@wenttrip\" \/>\n<meta name=\"twitter:label1\" content=\"Scritto da\" \/>\n\t<meta name=\"twitter:data1\" content=\"Fernanda Machado\" \/>\n\t<meta name=\"twitter:label2\" content=\"Tempo di lettura stimato\" \/>\n\t<meta name=\"twitter:data2\" content=\"2 minuti\" \/>\n<script type=\"application\/ld+json\" class=\"yoast-schema-graph\">{\"@context\":\"https:\\\/\\\/schema.org\",\"@graph\":[{\"@type\":\"Article\",\"@id\":\"https:\\\/\\\/wenttrip.com.br\\\/it\\\/brasile\\\/brasil-sul\\\/rio-grande-do-sul\\\/bandiera-do-rio-grande-do-sul\\\/#article\",\"isPartOf\":{\"@id\":\"https:\\\/\\\/wenttrip.com.br\\\/it\\\/brasile\\\/brasil-sul\\\/rio-grande-do-sul\\\/bandiera-do-rio-grande-do-sul\\\/\"},\"author\":{\"name\":\"Fernanda Machado\",\"@id\":\"https:\\\/\\\/wenttrip.com.br\\\/it\\\/#\\\/schema\\\/person\\\/c0ff87b449a960037fdd1b024842fcf9\"},\"headline\":\"Bandeira do Rio Grande do Sul\",\"datePublished\":\"2023-04-24T23:48:45+00:00\",\"dateModified\":\"2023-04-24T23:48:48+00:00\",\"mainEntityOfPage\":{\"@id\":\"https:\\\/\\\/wenttrip.com.br\\\/it\\\/brasile\\\/brasil-sul\\\/rio-grande-do-sul\\\/bandiera-do-rio-grande-do-sul\\\/\"},\"wordCount\":308,\"commentCount\":0,\"publisher\":{\"@id\":\"https:\\\/\\\/wenttrip.com.br\\\/it\\\/#\\\/schema\\\/person\\\/c0ff87b449a960037fdd1b024842fcf9\"},\"image\":{\"@id\":\"https:\\\/\\\/wenttrip.com.br\\\/it\\\/brasile\\\/brasil-sul\\\/rio-grande-do-sul\\\/bandiera-do-rio-grande-do-sul\\\/#primaryimage\"},\"thumbnailUrl\":\"https:\\\/\\\/wenttrip.com.br\\\/wp-content\\\/uploads\\\/2023\\\/04\\\/rio-grande-do-sul11-f4d445b9d18583424116294017958094-1024-1024.png\",\"keywords\":[\"Bandeira do rio grande do sul\",\"Hino do Rio Grande do Sul\",\"O que se comemora hoje no Rio Grande do Sul?\",\"Qual a capital do Rio Grande do Sul?\"],\"articleSection\":[\"Rio Grande do Sul\"],\"inLanguage\":\"it-IT\",\"potentialAction\":[{\"@type\":\"CommentAction\",\"name\":\"Comment\",\"target\":[\"https:\\\/\\\/wenttrip.com.br\\\/it\\\/brasile\\\/brasil-sul\\\/rio-grande-do-sul\\\/bandiera-do-rio-grande-do-sul\\\/#respond\"]}]},{\"@type\":\"WebPage\",\"@id\":\"https:\\\/\\\/wenttrip.com.br\\\/it\\\/brasile\\\/brasil-sul\\\/rio-grande-do-sul\\\/bandiera-do-rio-grande-do-sul\\\/\",\"url\":\"https:\\\/\\\/wenttrip.com.br\\\/it\\\/brasile\\\/brasil-sul\\\/rio-grande-do-sul\\\/bandiera-do-rio-grande-do-sul\\\/\",\"name\":\"Bandeira do Rio Grande do Sul - WentTrip\",\"isPartOf\":{\"@id\":\"https:\\\/\\\/wenttrip.com.br\\\/it\\\/#website\"},\"primaryImageOfPage\":{\"@id\":\"https:\\\/\\\/wenttrip.com.br\\\/it\\\/brasile\\\/brasil-sul\\\/rio-grande-do-sul\\\/bandiera-do-rio-grande-do-sul\\\/#primaryimage\"},\"image\":{\"@id\":\"https:\\\/\\\/wenttrip.com.br\\\/it\\\/brasile\\\/brasil-sul\\\/rio-grande-do-sul\\\/bandiera-do-rio-grande-do-sul\\\/#primaryimage\"},\"thumbnailUrl\":\"https:\\\/\\\/wenttrip.com.br\\\/wp-content\\\/uploads\\\/2023\\\/04\\\/rio-grande-do-sul11-f4d445b9d18583424116294017958094-1024-1024.png\",\"datePublished\":\"2023-04-24T23:48:45+00:00\",\"dateModified\":\"2023-04-24T23:48:48+00:00\",\"description\":\"A bandeira do Rio Grande do Sul tem cores bem vibrantes: vermelho, verde e amarelo....do pelos ga\u00fachos para tomar um bom chimarr\u00e3o...\",\"breadcrumb\":{\"@id\":\"https:\\\/\\\/wenttrip.com.br\\\/it\\\/brasile\\\/brasil-sul\\\/rio-grande-do-sul\\\/bandiera-do-rio-grande-do-sul\\\/#breadcrumb\"},\"inLanguage\":\"it-IT\",\"potentialAction\":[{\"@type\":\"ReadAction\",\"target\":[\"https:\\\/\\\/wenttrip.com.br\\\/it\\\/brasile\\\/brasil-sul\\\/rio-grande-do-sul\\\/bandiera-do-rio-grande-do-sul\\\/\"]}]},{\"@type\":\"ImageObject\",\"inLanguage\":\"it-IT\",\"@id\":\"https:\\\/\\\/wenttrip.com.br\\\/it\\\/brasile\\\/brasil-sul\\\/rio-grande-do-sul\\\/bandiera-do-rio-grande-do-sul\\\/#primaryimage\",\"url\":\"https:\\\/\\\/wenttrip.com.br\\\/wp-content\\\/uploads\\\/2023\\\/04\\\/rio-grande-do-sul11-f4d445b9d18583424116294017958094-1024-1024.png\",\"contentUrl\":\"https:\\\/\\\/wenttrip.com.br\\\/wp-content\\\/uploads\\\/2023\\\/04\\\/rio-grande-do-sul11-f4d445b9d18583424116294017958094-1024-1024.png\",\"width\":710,\"height\":444},{\"@type\":\"BreadcrumbList\",\"@id\":\"https:\\\/\\\/wenttrip.com.br\\\/it\\\/brasile\\\/brasil-sul\\\/rio-grande-do-sul\\\/bandiera-do-rio-grande-do-sul\\\/#breadcrumb\",\"itemListElement\":[{\"@type\":\"ListItem\",\"position\":1,\"name\":\"In\u00edcio\",\"item\":\"https:\\\/\\\/wenttrip.com.br\\\/it\\\/\"},{\"@type\":\"ListItem\",\"position\":2,\"name\":\"Bandeira do Rio Grande do Sul\"}]},{\"@type\":\"WebSite\",\"@id\":\"https:\\\/\\\/wenttrip.com.br\\\/it\\\/#website\",\"url\":\"https:\\\/\\\/wenttrip.com.br\\\/it\\\/\",\"name\":\"WentTrip\",\"description\":\"O seu guia completo com muitas dicas de aventuras, lugares, alimenta\u00e7\u00e3o, hot\u00e9is.\",\"publisher\":{\"@id\":\"https:\\\/\\\/wenttrip.com.br\\\/it\\\/#\\\/schema\\\/person\\\/c0ff87b449a960037fdd1b024842fcf9\"},\"potentialAction\":[{\"@type\":\"SearchAction\",\"target\":{\"@type\":\"EntryPoint\",\"urlTemplate\":\"https:\\\/\\\/wenttrip.com.br\\\/it\\\/?s={search_term_string}\"},\"query-input\":{\"@type\":\"PropertyValueSpecification\",\"valueRequired\":true,\"valueName\":\"search_term_string\"}}],\"inLanguage\":\"it-IT\"},{\"@type\":[\"Person\",\"Organization\"],\"@id\":\"https:\\\/\\\/wenttrip.com.br\\\/it\\\/#\\\/schema\\\/person\\\/c0ff87b449a960037fdd1b024842fcf9\",\"name\":\"Fernanda Machado\",\"image\":{\"@type\":\"ImageObject\",\"inLanguage\":\"it-IT\",\"@id\":\"https:\\\/\\\/wenttrip.com.br\\\/wp-content\\\/uploads\\\/2022\\\/08\\\/WentTrip-2.png\",\"url\":\"https:\\\/\\\/wenttrip.com.br\\\/wp-content\\\/uploads\\\/2022\\\/08\\\/WentTrip-2.png\",\"contentUrl\":\"https:\\\/\\\/wenttrip.com.br\\\/wp-content\\\/uploads\\\/2022\\\/08\\\/WentTrip-2.png\",\"width\":1000,\"height\":1000,\"caption\":\"Fernanda Machado\"},\"logo\":{\"@id\":\"https:\\\/\\\/wenttrip.com.br\\\/wp-content\\\/uploads\\\/2022\\\/08\\\/WentTrip-2.png\"},\"description\":\"Aprendi que a vida \u00e9 mais leve quando colocamos uma mochila nas costas junto com sonhos. Amo viajar! Tenho 34 anos, mam\u00e3e de 3 cachorros: A Pantufa, O mutley e o Mixuruca. Compartilhamos nossas experi\u00eancias por aqui, esperamos que gostem!\",\"sameAs\":[\"https:\\\/\\\/wenttrip.com.br\",\"https:\\\/\\\/m.facebook.com\\\/profile.php\",\"https:\\\/\\\/www.instagram.com\\\/wenttrip\\\/\",\"https:\\\/\\\/x.com\\\/https:\\\/\\\/twitter.com\\\/wenttrip\",\"https:\\\/\\\/www.youtube.com\\\/c\\\/WentTrip\\\/videos\"],\"url\":\"https:\\\/\\\/wenttrip.com.br\\\/it\\\/author\\\/admin\\\/\"}]}<\/script>\n<!-- \/ Yoast SEO plugin. -->","yoast_head_json":{"title":"Bandiera del Rio Grande do Sul - WentTrip","description":"La bandiera del Rio Grande do Sul ha colori molto vivaci: rosso, verde e giallo...","robots":{"index":"index","follow":"follow","max-snippet":"max-snippet:-1","max-image-preview":"max-image-preview:large","max-video-preview":"max-video-preview:-1"},"canonical":"https:\/\/wenttrip.com.br\/it\/brasile\/brasil-sul\/rio-grande-do-sul\/bandiera-do-rio-grande-do-sul\/","og_locale":"it_IT","og_type":"article","og_title":"Bandeira do Rio Grande do Sul - WentTrip","og_description":"A bandeira do Rio Grande do Sul tem cores bem vibrantes: vermelho, verde e amarelo....do pelos ga\u00fachos para tomar um bom chimarr\u00e3o...","og_url":"https:\/\/wenttrip.com.br\/it\/brasile\/brasil-sul\/rio-grande-do-sul\/bandiera-do-rio-grande-do-sul\/","og_site_name":"WentTrip","article_publisher":"https:\/\/m.facebook.com\/profile.php","article_author":"https:\/\/m.facebook.com\/profile.php","article_published_time":"2023-04-24T23:48:45+00:00","article_modified_time":"2023-04-24T23:48:48+00:00","og_image":[{"width":710,"height":444,"url":"https:\/\/wenttrip.com.br\/wp-content\/uploads\/2023\/04\/rio-grande-do-sul11-f4d445b9d18583424116294017958094-1024-1024.png","type":"image\/png"}],"author":"Fernanda Machado","twitter_card":"summary_large_image","twitter_creator":"@https:\/\/twitter.com\/wenttrip","twitter_site":"@wenttrip","twitter_misc":{"Scritto da":"Fernanda Machado","Tempo di lettura stimato":"2 minuti"},"schema":{"@context":"https:\/\/schema.org","@graph":[{"@type":"Article","@id":"https:\/\/wenttrip.com.br\/it\/brasile\/brasil-sul\/rio-grande-do-sul\/bandiera-do-rio-grande-do-sul\/#article","isPartOf":{"@id":"https:\/\/wenttrip.com.br\/it\/brasile\/brasil-sul\/rio-grande-do-sul\/bandiera-do-rio-grande-do-sul\/"},"author":{"name":"Fernanda Machado","@id":"https:\/\/wenttrip.com.br\/it\/#\/schema\/person\/c0ff87b449a960037fdd1b024842fcf9"},"headline":"Bandeira do Rio Grande do Sul","datePublished":"2023-04-24T23:48:45+00:00","dateModified":"2023-04-24T23:48:48+00:00","mainEntityOfPage":{"@id":"https:\/\/wenttrip.com.br\/it\/brasile\/brasil-sul\/rio-grande-do-sul\/bandiera-do-rio-grande-do-sul\/"},"wordCount":308,"commentCount":0,"publisher":{"@id":"https:\/\/wenttrip.com.br\/it\/#\/schema\/person\/c0ff87b449a960037fdd1b024842fcf9"},"image":{"@id":"https:\/\/wenttrip.com.br\/it\/brasile\/brasil-sul\/rio-grande-do-sul\/bandiera-do-rio-grande-do-sul\/#primaryimage"},"thumbnailUrl":"https:\/\/wenttrip.com.br\/wp-content\/uploads\/2023\/04\/rio-grande-do-sul11-f4d445b9d18583424116294017958094-1024-1024.png","keywords":["Bandeira do rio grande do sul","Hino do Rio Grande do Sul","O que se comemora hoje no Rio Grande do Sul?","Qual a capital do Rio Grande do Sul?"],"articleSection":["Rio Grande do Sul"],"inLanguage":"it-IT","potentialAction":[{"@type":"CommentAction","name":"Comment","target":["https:\/\/wenttrip.com.br\/it\/brasile\/brasil-sul\/rio-grande-do-sul\/bandiera-do-rio-grande-do-sul\/#respond"]}]},{"@type":"WebPage","@id":"https:\/\/wenttrip.com.br\/it\/brasile\/brasil-sul\/rio-grande-do-sul\/bandiera-do-rio-grande-do-sul\/","url":"https:\/\/wenttrip.com.br\/it\/brasile\/brasil-sul\/rio-grande-do-sul\/bandiera-do-rio-grande-do-sul\/","name":"Bandiera del Rio Grande do Sul - WentTrip","isPartOf":{"@id":"https:\/\/wenttrip.com.br\/it\/#website"},"primaryImageOfPage":{"@id":"https:\/\/wenttrip.com.br\/it\/brasile\/brasil-sul\/rio-grande-do-sul\/bandiera-do-rio-grande-do-sul\/#primaryimage"},"image":{"@id":"https:\/\/wenttrip.com.br\/it\/brasile\/brasil-sul\/rio-grande-do-sul\/bandiera-do-rio-grande-do-sul\/#primaryimage"},"thumbnailUrl":"https:\/\/wenttrip.com.br\/wp-content\/uploads\/2023\/04\/rio-grande-do-sul11-f4d445b9d18583424116294017958094-1024-1024.png","datePublished":"2023-04-24T23:48:45+00:00","dateModified":"2023-04-24T23:48:48+00:00","description":"La bandiera del Rio Grande do Sul ha colori molto vivaci: rosso, verde e giallo...","breadcrumb":{"@id":"https:\/\/wenttrip.com.br\/it\/brasile\/brasil-sul\/rio-grande-do-sul\/bandiera-do-rio-grande-do-sul\/#breadcrumb"},"inLanguage":"it-IT","potentialAction":[{"@type":"ReadAction","target":["https:\/\/wenttrip.com.br\/it\/brasile\/brasil-sul\/rio-grande-do-sul\/bandiera-do-rio-grande-do-sul\/"]}]},{"@type":"ImageObject","inLanguage":"it-IT","@id":"https:\/\/wenttrip.com.br\/it\/brasile\/brasil-sul\/rio-grande-do-sul\/bandiera-do-rio-grande-do-sul\/#primaryimage","url":"https:\/\/wenttrip.com.br\/wp-content\/uploads\/2023\/04\/rio-grande-do-sul11-f4d445b9d18583424116294017958094-1024-1024.png","contentUrl":"https:\/\/wenttrip.com.br\/wp-content\/uploads\/2023\/04\/rio-grande-do-sul11-f4d445b9d18583424116294017958094-1024-1024.png","width":710,"height":444},{"@type":"BreadcrumbList","@id":"https:\/\/wenttrip.com.br\/it\/brasile\/brasil-sul\/rio-grande-do-sul\/bandiera-do-rio-grande-do-sul\/#breadcrumb","itemListElement":[{"@type":"ListItem","position":1,"name":"In\u00edcio","item":"https:\/\/wenttrip.com.br\/it\/"},{"@type":"ListItem","position":2,"name":"Bandeira do Rio Grande do Sul"}]},{"@type":"WebSite","@id":"https:\/\/wenttrip.com.br\/it\/#website","url":"https:\/\/wenttrip.com.br\/it\/","name":"Andato in viaggio","description":"La tua guida completa con tanti consigli su avventure, luoghi, cibo, hotel.","publisher":{"@id":"https:\/\/wenttrip.com.br\/it\/#\/schema\/person\/c0ff87b449a960037fdd1b024842fcf9"},"potentialAction":[{"@type":"SearchAction","target":{"@type":"EntryPoint","urlTemplate":"https:\/\/wenttrip.com.br\/it\/?s={search_term_string}"},"query-input":{"@type":"PropertyValueSpecification","valueRequired":true,"valueName":"search_term_string"}}],"inLanguage":"it-IT"},{"@type":["Person","Organization"],"@id":"https:\/\/wenttrip.com.br\/it\/#\/schema\/person\/c0ff87b449a960037fdd1b024842fcf9","name":"Fernanda Macchado","image":{"@type":"ImageObject","inLanguage":"it-IT","@id":"https:\/\/wenttrip.com.br\/wp-content\/uploads\/2022\/08\/WentTrip-2.png","url":"https:\/\/wenttrip.com.br\/wp-content\/uploads\/2022\/08\/WentTrip-2.png","contentUrl":"https:\/\/wenttrip.com.br\/wp-content\/uploads\/2022\/08\/WentTrip-2.png","width":1000,"height":1000,"caption":"Fernanda Machado"},"logo":{"@id":"https:\/\/wenttrip.com.br\/wp-content\/uploads\/2022\/08\/WentTrip-2.png"},"description":"Ho imparato che la vita \u00e8 pi\u00f9 leggera quando ci mettiamo uno zaino in spalla insieme ai sogni. Amo viaggiare! Ho 34 anni, mamma di 3 cani: Pantufa, Mutley e Mixuruca. Condividiamo qui le nostre esperienze, speriamo vi piaccia!","sameAs":["https:\/\/wenttrip.com.br","https:\/\/m.facebook.com\/profile.php","https:\/\/www.instagram.com\/wenttrip\/","https:\/\/x.com\/https:\/\/twitter.com\/wenttrip","https:\/\/www.youtube.com\/c\/WentTrip\/videos"],"url":"https:\/\/wenttrip.com.br\/it\/author\/admin\/"}]}},"_links":{"self":[{"href":"https:\/\/wenttrip.com.br\/it\/wp-json\/wp\/v2\/posts\/16129","targetHints":{"allow":["GET"]}}],"collection":[{"href":"https:\/\/wenttrip.com.br\/it\/wp-json\/wp\/v2\/posts"}],"about":[{"href":"https:\/\/wenttrip.com.br\/it\/wp-json\/wp\/v2\/types\/post"}],"author":[{"embeddable":true,"href":"https:\/\/wenttrip.com.br\/it\/wp-json\/wp\/v2\/users\/1"}],"replies":[{"embeddable":true,"href":"https:\/\/wenttrip.com.br\/it\/wp-json\/wp\/v2\/comments?post=16129"}],"version-history":[{"count":0,"href":"https:\/\/wenttrip.com.br\/it\/wp-json\/wp\/v2\/posts\/16129\/revisions"}],"wp:featuredmedia":[{"embeddable":true,"href":"https:\/\/wenttrip.com.br\/it\/wp-json\/wp\/v2\/media\/16131"}],"wp:attachment":[{"href":"https:\/\/wenttrip.com.br\/it\/wp-json\/wp\/v2\/media?parent=16129"}],"wp:term":[{"taxonomy":"category","embeddable":true,"href":"https:\/\/wenttrip.com.br\/it\/wp-json\/wp\/v2\/categories?post=16129"},{"taxonomy":"post_tag","embeddable":true,"href":"https:\/\/wenttrip.com.br\/it\/wp-json\/wp\/v2\/tags?post=16129"}],"curies":[{"name":"parola chiave","href":"https:\/\/api.w.org\/{rel}","templated":true}]}}