{"id":15048,"date":"2023-01-19T10:44:05","date_gmt":"2023-01-19T10:44:05","guid":{"rendered":"https:\/\/wenttrip.com.br\/?p=15048"},"modified":"2023-09-19T14:50:15","modified_gmt":"2023-09-19T17:50:15","slug":"praias-proprias-e-improprias-para-banho-em-santa-catarina","status":"publish","type":"post","link":"https:\/\/wenttrip.com.br\/it\/brasile\/brasil-sul\/santa-catarina\/spiagge-adatte-e-non-adatte-alla-balneazione-a-santa-catarina\/","title":{"rendered":"Spiagge adatte e non adatte alla balneazione a Santa Catarina"},"content":{"rendered":"<div id=\"ez-toc-container\" class=\"ez-toc-v2_0_82_2 counter-hierarchy ez-toc-counter ez-toc-grey ez-toc-container-direction\">\n<div class=\"ez-toc-title-container\">\n<p class=\"ez-toc-title\" style=\"cursor:inherit\">Indice<\/p>\n<span class=\"ez-toc-title-toggle\"><a href=\"#\" class=\"ez-toc-pull-right ez-toc-btn ez-toc-btn-xs ez-toc-btn-default ez-toc-toggle\" aria-label=\"Attiva\/disattiva sommario\"><span class=\"ez-toc-js-icon-con\"><span class=\"\"><span class=\"eztoc-hide\" style=\"display:none;\">alternare<\/span><span class=\"ez-toc-icon-toggle-span\"><svg style=\"fill: #999;color:#999\" xmlns=\"http:\/\/www.w3.org\/2000\/svg\" class=\"list-377408\" width=\"20px\" height=\"20px\" viewbox=\"0 0 24 24\" fill=\"none\"><path d=\"M6 6H4v2h2V6zm14 0H8v2h12V6zM4 11h2v2H4v-2zm16 0H8v2h12v-2zM4 16h2v2H4v-2zm16 0H8v2h12v-2z\" fill=\"currentColor\"><\/path><\/svg><svg style=\"fill: #999;color:#999\" class=\"arrow-unsorted-368013\" xmlns=\"http:\/\/www.w3.org\/2000\/svg\" width=\"10px\" height=\"10px\" viewbox=\"0 0 24 24\" version=\"1.2\" baseprofile=\"tiny\"><path d=\"M18.2 9.3l-6.2-6.3-6.2 6.3c-.2.2-.3.4-.3.7s.1.5.3.7c.2.2.4.3.7.3h11c.3 0 .5-.1.7-.3.2-.2.3-.5.3-.7s-.1-.5-.3-.7zM5.8 14.7l6.2 6.3 6.2-6.3c.2-.2.3-.5.3-.7s-.1-.5-.3-.7c-.2-.2-.4-.3-.7-.3h-11c-.3 0-.5.1-.7.3-.2.2-.3.5-.3.7s.1.5.3.7z\"\/><\/svg><\/span><\/span><\/span><\/a><\/span><\/div>\n<nav><ul class='ez-toc-list ez-toc-list-level-1' ><li class='ez-toc-page-1 ez-toc-heading-level-2'><a class=\"ez-toc-link ez-toc-heading-1\" href=\"https:\/\/wenttrip.com.br\/it\/brasile\/brasil-sul\/santa-catarina\/spiagge-adatte-e-non-adatte-alla-balneazione-a-santa-catarina\/#Como_e_feita_a_classificacao_das_aguas_proprias_e_improprias_para_banho_em_SC\" >Com&#039;\u00e8 la classificazione delle acque idonee e non idonee alla balneazione in SC<\/a><ul class='ez-toc-list-level-3' ><li class='ez-toc-heading-level-3'><a class=\"ez-toc-link ez-toc-heading-2\" href=\"https:\/\/wenttrip.com.br\/it\/brasile\/brasil-sul\/santa-catarina\/spiagge-adatte-e-non-adatte-alla-balneazione-a-santa-catarina\/#Analise_para_considerar_a_agua_Propria_para_banho\" >Analisi per considerare l&#039;acqua Adatto alla balneazione:<\/a><\/li><li class='ez-toc-page-1 ez-toc-heading-level-3'><a class=\"ez-toc-link ez-toc-heading-3\" href=\"https:\/\/wenttrip.com.br\/it\/brasile\/brasil-sul\/santa-catarina\/spiagge-adatte-e-non-adatte-alla-balneazione-a-santa-catarina\/#Analise_para_considerar_a_agua_Impropria_para_banho\" >Analisi per considerare le acque non balneabili:<\/a><\/li><\/ul><\/li><li class='ez-toc-page-1 ez-toc-heading-level-2'><a class=\"ez-toc-link ez-toc-heading-4\" href=\"https:\/\/wenttrip.com.br\/it\/brasile\/brasil-sul\/santa-catarina\/spiagge-adatte-e-non-adatte-alla-balneazione-a-santa-catarina\/#Quais_prais_de_SC_estao_improprias_para_banho\" >Quali spiagge SC non sono adatte per il nuoto?<\/a><ul class='ez-toc-list-level-3' ><li class='ez-toc-heading-level-3'><a class=\"ez-toc-link ez-toc-heading-5\" href=\"https:\/\/wenttrip.com.br\/it\/brasile\/brasil-sul\/santa-catarina\/spiagge-adatte-e-non-adatte-alla-balneazione-a-santa-catarina\/#Praia_Morro_dos_convenos\" >Spiaggia del Morro dos Convenos<\/a><\/li><li class='ez-toc-page-1 ez-toc-heading-level-3'><a class=\"ez-toc-link ez-toc-heading-6\" href=\"https:\/\/wenttrip.com.br\/it\/brasile\/brasil-sul\/santa-catarina\/spiagge-adatte-e-non-adatte-alla-balneazione-a-santa-catarina\/#Balneario_Arroio_do_Silva\" >Balneario Arroio do Silva<\/a><\/li><li class='ez-toc-page-1 ez-toc-heading-level-3'><a class=\"ez-toc-link ez-toc-heading-7\" href=\"https:\/\/wenttrip.com.br\/it\/brasile\/brasil-sul\/santa-catarina\/spiagge-adatte-e-non-adatte-alla-balneazione-a-santa-catarina\/#Balneario_Gaivota\" >terme del gabbiano<\/a><\/li><li class='ez-toc-page-1 ez-toc-heading-level-3'><a class=\"ez-toc-link ez-toc-heading-8\" href=\"https:\/\/wenttrip.com.br\/it\/brasile\/brasil-sul\/santa-catarina\/spiagge-adatte-e-non-adatte-alla-balneazione-a-santa-catarina\/#Balneario_Camboriu\" >Balne\u00e1rio Camboriu<\/a><ul class='ez-toc-list-level-4' ><li class='ez-toc-heading-level-4'><a class=\"ez-toc-link ez-toc-heading-9\" href=\"https:\/\/wenttrip.com.br\/it\/brasile\/brasil-sul\/santa-catarina\/spiagge-adatte-e-non-adatte-alla-balneazione-a-santa-catarina\/#Praia_do_Baln_Camboriu\" >Balne Beach. Cambogia:<\/a><\/li><\/ul><\/li><li class='ez-toc-page-1 ez-toc-heading-level-3'><a class=\"ez-toc-link ez-toc-heading-10\" href=\"https:\/\/wenttrip.com.br\/it\/brasile\/brasil-sul\/santa-catarina\/spiagge-adatte-e-non-adatte-alla-balneazione-a-santa-catarina\/#Praia_da_Barra_do_Sul\" >La spiaggia di Barra do Sul<\/a><\/li><li class='ez-toc-page-1 ez-toc-heading-level-3'><a class=\"ez-toc-link ez-toc-heading-11\" href=\"https:\/\/wenttrip.com.br\/it\/brasile\/brasil-sul\/santa-catarina\/spiagge-adatte-e-non-adatte-alla-balneazione-a-santa-catarina\/#BALNEARIO_PICARRAS\" >BALNE\u00c1RIO PI\u00c7ARRAS<\/a><\/li><li class='ez-toc-page-1 ez-toc-heading-level-3'><a class=\"ez-toc-link ez-toc-heading-12\" href=\"https:\/\/wenttrip.com.br\/it\/brasile\/brasil-sul\/santa-catarina\/spiagge-adatte-e-non-adatte-alla-balneazione-a-santa-catarina\/#Balneario_Rincao\" >Spa d&#039;angolo<\/a><\/li><li class='ez-toc-page-1 ez-toc-heading-level-3'><a class=\"ez-toc-link ez-toc-heading-13\" href=\"https:\/\/wenttrip.com.br\/it\/brasile\/brasil-sul\/santa-catarina\/spiagge-adatte-e-non-adatte-alla-balneazione-a-santa-catarina\/#Barra_Velha\" >Barra Velha<\/a><\/li><li class='ez-toc-page-1 ez-toc-heading-level-3'><a class=\"ez-toc-link ez-toc-heading-14\" href=\"https:\/\/wenttrip.com.br\/it\/brasile\/brasil-sul\/santa-catarina\/spiagge-adatte-e-non-adatte-alla-balneazione-a-santa-catarina\/#Biguacu\" >Bigua\u00e7\u00fa<\/a><\/li><li class='ez-toc-page-1 ez-toc-heading-level-3'><a class=\"ez-toc-link ez-toc-heading-15\" href=\"https:\/\/wenttrip.com.br\/it\/brasile\/brasil-sul\/santa-catarina\/spiagge-adatte-e-non-adatte-alla-balneazione-a-santa-catarina\/#Bombinhas\" >petardi<\/a><ul class='ez-toc-list-level-4' ><li class='ez-toc-heading-level-4'><a class=\"ez-toc-link ez-toc-heading-16\" href=\"https:\/\/wenttrip.com.br\/it\/brasile\/brasil-sul\/santa-catarina\/spiagge-adatte-e-non-adatte-alla-balneazione-a-santa-catarina\/#Praia_de_Bombas\" >La spiaggia di Bombas<\/a><\/li><li class='ez-toc-page-1 ez-toc-heading-level-4'><a class=\"ez-toc-link ez-toc-heading-17\" href=\"https:\/\/wenttrip.com.br\/it\/brasile\/brasil-sul\/santa-catarina\/spiagge-adatte-e-non-adatte-alla-balneazione-a-santa-catarina\/#Praia_de_Bombinhas\" >La spiaggia di Bombinhas<\/a><\/li><\/ul><\/li><li class='ez-toc-page-1 ez-toc-heading-level-3'><a class=\"ez-toc-link ez-toc-heading-18\" href=\"https:\/\/wenttrip.com.br\/it\/brasile\/brasil-sul\/santa-catarina\/spiagge-adatte-e-non-adatte-alla-balneazione-a-santa-catarina\/#Praia_de_Zimbros\" >La spiaggia di Zimbros<\/a><ul class='ez-toc-list-level-4' ><li class='ez-toc-heading-level-4'><a class=\"ez-toc-link ez-toc-heading-19\" href=\"https:\/\/wenttrip.com.br\/it\/brasile\/brasil-sul\/santa-catarina\/spiagge-adatte-e-non-adatte-alla-balneazione-a-santa-catarina\/#Praia_do_Canto_Grande\" >La spiaggia del Canto Grande<\/a><\/li><li class='ez-toc-page-1 ez-toc-heading-level-4'><a class=\"ez-toc-link ez-toc-heading-20\" href=\"https:\/\/wenttrip.com.br\/it\/brasile\/brasil-sul\/santa-catarina\/spiagge-adatte-e-non-adatte-alla-balneazione-a-santa-catarina\/#Praia_do_Mariscal\" >Praia do Mariscal<\/a><\/li><\/ul><\/li><li class='ez-toc-page-1 ez-toc-heading-level-3'><a class=\"ez-toc-link ez-toc-heading-21\" href=\"https:\/\/wenttrip.com.br\/it\/brasile\/brasil-sul\/santa-catarina\/spiagge-adatte-e-non-adatte-alla-balneazione-a-santa-catarina\/#Florianopolis\" >Florianopoli<\/a><ul class='ez-toc-list-level-4' ><li class='ez-toc-heading-level-4'><a class=\"ez-toc-link ez-toc-heading-22\" href=\"https:\/\/wenttrip.com.br\/it\/brasile\/brasil-sul\/santa-catarina\/spiagge-adatte-e-non-adatte-alla-balneazione-a-santa-catarina\/#Lagoa_da_Conceicao\" >Laguna di Concei\u00e7\u00e3o<\/a><\/li><li class='ez-toc-page-1 ez-toc-heading-level-4'><a class=\"ez-toc-link ez-toc-heading-23\" href=\"https:\/\/wenttrip.com.br\/it\/brasile\/brasil-sul\/santa-catarina\/spiagge-adatte-e-non-adatte-alla-balneazione-a-santa-catarina\/#Lagoa_do_Peri\" >Laguna di Peri<\/a><\/li><li class='ez-toc-page-1 ez-toc-heading-level-4'><a class=\"ez-toc-link ez-toc-heading-24\" href=\"https:\/\/wenttrip.com.br\/it\/brasile\/brasil-sul\/santa-catarina\/spiagge-adatte-e-non-adatte-alla-balneazione-a-santa-catarina\/#Praia_Brava\" >Praia Brava<\/a><\/li><li class='ez-toc-page-1 ez-toc-heading-level-4'><a class=\"ez-toc-link ez-toc-heading-25\" href=\"https:\/\/wenttrip.com.br\/it\/brasile\/brasil-sul\/santa-catarina\/spiagge-adatte-e-non-adatte-alla-balneazione-a-santa-catarina\/#Praia_da_Armacao_do_Pantano_do_Sul\" >Praia da Arma\u00e7\u00e3o do P\u00e2ntano do Sul<\/a><\/li><li class='ez-toc-page-1 ez-toc-heading-level-4'><a class=\"ez-toc-link ez-toc-heading-26\" href=\"https:\/\/wenttrip.com.br\/it\/brasile\/brasil-sul\/santa-catarina\/spiagge-adatte-e-non-adatte-alla-balneazione-a-santa-catarina\/#Praia_da_Barra_da_Lagoa\" >Spiaggia Barra da Lagoa<\/a><\/li><li class='ez-toc-page-1 ez-toc-heading-level-4'><a class=\"ez-toc-link ez-toc-heading-27\" href=\"https:\/\/wenttrip.com.br\/it\/brasile\/brasil-sul\/santa-catarina\/spiagge-adatte-e-non-adatte-alla-balneazione-a-santa-catarina\/#Praia_da_Beira_Mar_Norte\" >Spiaggia di Beira nel Mare del Nord<\/a><\/li><li class='ez-toc-page-1 ez-toc-heading-level-4'><a class=\"ez-toc-link ez-toc-heading-28\" href=\"https:\/\/wenttrip.com.br\/it\/brasile\/brasil-sul\/santa-catarina\/spiagge-adatte-e-non-adatte-alla-balneazione-a-santa-catarina\/#Praia_da_Cachoeira_do_Bom_Jesus\" >Praia da Cachoeira do Bom Jesus<\/a><\/li><li class='ez-toc-page-1 ez-toc-heading-level-4'><a class=\"ez-toc-link ez-toc-heading-29\" href=\"https:\/\/wenttrip.com.br\/it\/brasile\/brasil-sul\/santa-catarina\/spiagge-adatte-e-non-adatte-alla-balneazione-a-santa-catarina\/#Praia_da_Caiacangacu\" >Spiaggia di Caiacanga\u00e7\u00fa<\/a><\/li><li class='ez-toc-page-1 ez-toc-heading-level-4'><a class=\"ez-toc-link ez-toc-heading-30\" href=\"https:\/\/wenttrip.com.br\/it\/brasile\/brasil-sul\/santa-catarina\/spiagge-adatte-e-non-adatte-alla-balneazione-a-santa-catarina\/#Praia_da_Daniela\" >Spiaggia Daniela<\/a><\/li><li class='ez-toc-page-1 ez-toc-heading-level-4'><a class=\"ez-toc-link ez-toc-heading-31\" href=\"https:\/\/wenttrip.com.br\/it\/brasile\/brasil-sul\/santa-catarina\/spiagge-adatte-e-non-adatte-alla-balneazione-a-santa-catarina\/#Praia_da_Joaquina\" >Spiaggia di Joaquina<\/a><\/li><li class='ez-toc-page-1 ez-toc-heading-level-4'><a class=\"ez-toc-link ez-toc-heading-32\" href=\"https:\/\/wenttrip.com.br\/it\/brasile\/brasil-sul\/santa-catarina\/spiagge-adatte-e-non-adatte-alla-balneazione-a-santa-catarina\/#Praia_da_Lagoinha\" >Spiaggia Lagoina<\/a><\/li><li class='ez-toc-page-1 ez-toc-heading-level-4'><a class=\"ez-toc-link ez-toc-heading-33\" href=\"https:\/\/wenttrip.com.br\/it\/brasile\/brasil-sul\/santa-catarina\/spiagge-adatte-e-non-adatte-alla-balneazione-a-santa-catarina\/#Praia_da_Saudade\" >Praia da Saudade<\/a><\/li><li class='ez-toc-page-1 ez-toc-heading-level-4'><a class=\"ez-toc-link ez-toc-heading-34\" href=\"https:\/\/wenttrip.com.br\/it\/brasile\/brasil-sul\/santa-catarina\/spiagge-adatte-e-non-adatte-alla-balneazione-a-santa-catarina\/#Praia_da_Solidao\" >Spiaggia della solitudine<\/a><\/li><li class='ez-toc-page-1 ez-toc-heading-level-4'><a class=\"ez-toc-link ez-toc-heading-35\" href=\"https:\/\/wenttrip.com.br\/it\/brasile\/brasil-sul\/santa-catarina\/spiagge-adatte-e-non-adatte-alla-balneazione-a-santa-catarina\/#Praia_da_Tapera\" >Spiaggia di Tapera<\/a><\/li><li class='ez-toc-page-1 ez-toc-heading-level-4'><a class=\"ez-toc-link ez-toc-heading-36\" href=\"https:\/\/wenttrip.com.br\/it\/brasile\/brasil-sul\/santa-catarina\/spiagge-adatte-e-non-adatte-alla-balneazione-a-santa-catarina\/#Praia_da_Palmeiras\" >Spiaggia Palmeiras<\/a><\/li><li class='ez-toc-page-1 ez-toc-heading-level-4'><a class=\"ez-toc-link ez-toc-heading-37\" href=\"https:\/\/wenttrip.com.br\/it\/brasile\/brasil-sul\/santa-catarina\/spiagge-adatte-e-non-adatte-alla-balneazione-a-santa-catarina\/#Praia_de_Canasvieiras\" >La spiaggia di Canasvieiras<\/a><\/li><li class='ez-toc-page-1 ez-toc-heading-level-4'><a class=\"ez-toc-link ez-toc-heading-38\" href=\"https:\/\/wenttrip.com.br\/it\/brasile\/brasil-sul\/santa-catarina\/spiagge-adatte-e-non-adatte-alla-balneazione-a-santa-catarina\/#Praia_de_Jurere\" >Spiaggia di Jurere<\/a><\/li><li class='ez-toc-page-1 ez-toc-heading-level-4'><a class=\"ez-toc-link ez-toc-heading-39\" href=\"https:\/\/wenttrip.com.br\/it\/brasile\/brasil-sul\/santa-catarina\/spiagge-adatte-e-non-adatte-alla-balneazione-a-santa-catarina\/#Praia_de_Jurere_Internacional\" >Spiaggia Jurer\u00ea Internazionale<\/a><\/li><li class='ez-toc-page-1 ez-toc-heading-level-4'><a class=\"ez-toc-link ez-toc-heading-40\" href=\"https:\/\/wenttrip.com.br\/it\/brasile\/brasil-sul\/santa-catarina\/spiagge-adatte-e-non-adatte-alla-balneazione-a-santa-catarina\/#Praia_de_Ponta_das_Canas\" >Spiaggia di Ponta das Canas<\/a><\/li><li class='ez-toc-page-1 ez-toc-heading-level-4'><a class=\"ez-toc-link ez-toc-heading-41\" href=\"https:\/\/wenttrip.com.br\/it\/brasile\/brasil-sul\/santa-catarina\/spiagge-adatte-e-non-adatte-alla-balneazione-a-santa-catarina\/#Praia_de_Sambaqui\" >Spiaggia di Sambaqui<\/a><\/li><li class='ez-toc-page-1 ez-toc-heading-level-4'><a class=\"ez-toc-link ez-toc-heading-42\" href=\"https:\/\/wenttrip.com.br\/it\/brasile\/brasil-sul\/santa-catarina\/spiagge-adatte-e-non-adatte-alla-balneazione-a-santa-catarina\/#Praia_Santo_Antonio_de_Lisboa\" >Spiaggia di Santo Ant\u00f4nio a Lisbona<\/a><\/li><li class='ez-toc-page-1 ez-toc-heading-level-4'><a class=\"ez-toc-link ez-toc-heading-43\" href=\"https:\/\/wenttrip.com.br\/it\/brasile\/brasil-sul\/santa-catarina\/spiagge-adatte-e-non-adatte-alla-balneazione-a-santa-catarina\/#Praia_do_Balneario\" >Praia do Balne\u00e1rio<\/a><\/li><li class='ez-toc-page-1 ez-toc-heading-level-4'><a class=\"ez-toc-link ez-toc-heading-44\" href=\"https:\/\/wenttrip.com.br\/it\/brasile\/brasil-sul\/santa-catarina\/spiagge-adatte-e-non-adatte-alla-balneazione-a-santa-catarina\/#Praia_do_Bom_Abrigo\" >La spiaggia di Bom Abrigo<\/a><\/li><li class='ez-toc-page-1 ez-toc-heading-level-4'><a class=\"ez-toc-link ez-toc-heading-45\" href=\"https:\/\/wenttrip.com.br\/it\/brasile\/brasil-sul\/santa-catarina\/spiagge-adatte-e-non-adatte-alla-balneazione-a-santa-catarina\/#Praia_do_Cacupe\" >Spiaggia Cacupe<\/a><\/li><li class='ez-toc-page-1 ez-toc-heading-level-4'><a class=\"ez-toc-link ez-toc-heading-46\" href=\"https:\/\/wenttrip.com.br\/it\/brasile\/brasil-sul\/santa-catarina\/spiagge-adatte-e-non-adatte-alla-balneazione-a-santa-catarina\/#Praia_do_Campeche\" >Spiaggia di Camp\u00e8che<\/a><\/li><li class='ez-toc-page-1 ez-toc-heading-level-4'><a class=\"ez-toc-link ez-toc-heading-47\" href=\"https:\/\/wenttrip.com.br\/it\/brasile\/brasil-sul\/santa-catarina\/spiagge-adatte-e-non-adatte-alla-balneazione-a-santa-catarina\/#Praia_do_Forte\" >Praia do Forte<\/a><\/li><li class='ez-toc-page-1 ez-toc-heading-level-4'><a class=\"ez-toc-link ez-toc-heading-48\" href=\"https:\/\/wenttrip.com.br\/it\/brasile\/brasil-sul\/santa-catarina\/spiagge-adatte-e-non-adatte-alla-balneazione-a-santa-catarina\/#Praia_do_Itaguacu\" >Spiaggia di Itagua\u00e7u<\/a><\/li><li class='ez-toc-page-1 ez-toc-heading-level-4'><a class=\"ez-toc-link ez-toc-heading-49\" href=\"https:\/\/wenttrip.com.br\/it\/brasile\/brasil-sul\/santa-catarina\/spiagge-adatte-e-non-adatte-alla-balneazione-a-santa-catarina\/#Praia_do_Jardim_Atlantico\" >Spiaggia del Giardino Atlantico<\/a><\/li><li class='ez-toc-page-1 ez-toc-heading-level-4'><a class=\"ez-toc-link ez-toc-heading-50\" href=\"https:\/\/wenttrip.com.br\/it\/brasile\/brasil-sul\/santa-catarina\/spiagge-adatte-e-non-adatte-alla-balneazione-a-santa-catarina\/#Praia_do_Jose_Mendes\" >Spiaggia Jos\u00e9 Mendes<\/a><\/li><li class='ez-toc-page-1 ez-toc-heading-level-4'><a class=\"ez-toc-link ez-toc-heading-51\" href=\"https:\/\/wenttrip.com.br\/it\/brasile\/brasil-sul\/santa-catarina\/spiagge-adatte-e-non-adatte-alla-balneazione-a-santa-catarina\/#Praia_do_Matadouro\" >La spiaggia di Matadouro<\/a><\/li><li class='ez-toc-page-1 ez-toc-heading-level-4'><a class=\"ez-toc-link ez-toc-heading-52\" href=\"https:\/\/wenttrip.com.br\/it\/brasile\/brasil-sul\/santa-catarina\/spiagge-adatte-e-non-adatte-alla-balneazione-a-santa-catarina\/#Praia_do_Meio\" >Praia do Meio<\/a><\/li><li class='ez-toc-page-1 ez-toc-heading-level-4'><a class=\"ez-toc-link ez-toc-heading-53\" href=\"https:\/\/wenttrip.com.br\/it\/brasile\/brasil-sul\/santa-catarina\/spiagge-adatte-e-non-adatte-alla-balneazione-a-santa-catarina\/#Praia_dos_Ingleses\" >Praia dos Ingles<\/a><\/li><li class='ez-toc-page-1 ez-toc-heading-level-4'><a class=\"ez-toc-link ez-toc-heading-54\" href=\"https:\/\/wenttrip.com.br\/it\/brasile\/brasil-sul\/santa-catarina\/spiagge-adatte-e-non-adatte-alla-balneazione-a-santa-catarina\/#Praia_Mole\" >Praia Mole<\/a><\/li><\/ul><\/li><li class='ez-toc-page-1 ez-toc-heading-level-3'><a class=\"ez-toc-link ez-toc-heading-55\" href=\"https:\/\/wenttrip.com.br\/it\/brasile\/brasil-sul\/santa-catarina\/spiagge-adatte-e-non-adatte-alla-balneazione-a-santa-catarina\/#Garopaba\" >Garopaba<\/a><ul class='ez-toc-list-level-4' ><li class='ez-toc-heading-level-4'><a class=\"ez-toc-link ez-toc-heading-56\" href=\"https:\/\/wenttrip.com.br\/it\/brasile\/brasil-sul\/santa-catarina\/spiagge-adatte-e-non-adatte-alla-balneazione-a-santa-catarina\/#Lagoa_da_Ferrugem\" >Laguna Ferrugem<\/a><\/li><li class='ez-toc-page-1 ez-toc-heading-level-4'><a class=\"ez-toc-link ez-toc-heading-57\" href=\"https:\/\/wenttrip.com.br\/it\/brasile\/brasil-sul\/santa-catarina\/spiagge-adatte-e-non-adatte-alla-balneazione-a-santa-catarina\/#Praia_da_Vigia\" >Spiaggia della Vigia<\/a><\/li><li class='ez-toc-page-1 ez-toc-heading-level-4'><a class=\"ez-toc-link ez-toc-heading-58\" href=\"https:\/\/wenttrip.com.br\/it\/brasile\/brasil-sul\/santa-catarina\/spiagge-adatte-e-non-adatte-alla-balneazione-a-santa-catarina\/#Praia_de_Garopaba\" >Spiaggia di Garopaba<\/a><\/li><li class='ez-toc-page-1 ez-toc-heading-level-4'><a class=\"ez-toc-link ez-toc-heading-59\" href=\"https:\/\/wenttrip.com.br\/it\/brasile\/brasil-sul\/santa-catarina\/spiagge-adatte-e-non-adatte-alla-balneazione-a-santa-catarina\/#Praia_do_Siriu\" >Spiaggia di Siri\u00fa<\/a><\/li><\/ul><\/li><li class='ez-toc-page-1 ez-toc-heading-level-3'><a class=\"ez-toc-link ez-toc-heading-60\" href=\"https:\/\/wenttrip.com.br\/it\/brasile\/brasil-sul\/santa-catarina\/spiagge-adatte-e-non-adatte-alla-balneazione-a-santa-catarina\/#Governador_Celso_Ramos\" >Governatore Celso Ramos<\/a><ul class='ez-toc-list-level-4' ><li class='ez-toc-heading-level-4'><a class=\"ez-toc-link ez-toc-heading-61\" href=\"https:\/\/wenttrip.com.br\/it\/brasile\/brasil-sul\/santa-catarina\/spiagge-adatte-e-non-adatte-alla-balneazione-a-santa-catarina\/#Praia_da_Armacao_da_Piedade\" >Praia da Arma\u00e7\u00e3o da Piedade<\/a><\/li><li class='ez-toc-page-1 ez-toc-heading-level-4'><a class=\"ez-toc-link ez-toc-heading-62\" href=\"https:\/\/wenttrip.com.br\/it\/brasile\/brasil-sul\/santa-catarina\/spiagge-adatte-e-non-adatte-alla-balneazione-a-santa-catarina\/#Praia_da_Fazenda_da_Armacao\" >Praia da Fazenda da Arma\u00e7\u00e3o<\/a><\/li><li class='ez-toc-page-1 ez-toc-heading-level-4'><a class=\"ez-toc-link ez-toc-heading-63\" href=\"https:\/\/wenttrip.com.br\/it\/brasile\/brasil-sul\/santa-catarina\/spiagge-adatte-e-non-adatte-alla-balneazione-a-santa-catarina\/#Praia_da_Gamboa\" >Spiaggia Gamboa<\/a><\/li><li class='ez-toc-page-1 ez-toc-heading-level-4'><a class=\"ez-toc-link ez-toc-heading-64\" href=\"https:\/\/wenttrip.com.br\/it\/brasile\/brasil-sul\/santa-catarina\/spiagge-adatte-e-non-adatte-alla-balneazione-a-santa-catarina\/#Praia_de_Calheiros\" >Spiaggia di Calheiros<\/a><\/li><li class='ez-toc-page-1 ez-toc-heading-level-4'><a class=\"ez-toc-link ez-toc-heading-65\" href=\"https:\/\/wenttrip.com.br\/it\/brasile\/brasil-sul\/santa-catarina\/spiagge-adatte-e-non-adatte-alla-balneazione-a-santa-catarina\/#Praia_de_Canto_de_Ganchos\" >Spiaggia di Canto de Ganchos<\/a><\/li><li class='ez-toc-page-1 ez-toc-heading-level-4'><a class=\"ez-toc-link ez-toc-heading-66\" href=\"https:\/\/wenttrip.com.br\/it\/brasile\/brasil-sul\/santa-catarina\/spiagge-adatte-e-non-adatte-alla-balneazione-a-santa-catarina\/#Praia_de_Ganchos\" >Spiaggia Ganchos<\/a><\/li><li class='ez-toc-page-1 ez-toc-heading-level-4'><a class=\"ez-toc-link ez-toc-heading-67\" href=\"https:\/\/wenttrip.com.br\/it\/brasile\/brasil-sul\/santa-catarina\/spiagge-adatte-e-non-adatte-alla-balneazione-a-santa-catarina\/#Praia_de_Palmas\" >Spiaggia di Palma<\/a><\/li><li class='ez-toc-page-1 ez-toc-heading-level-4'><a class=\"ez-toc-link ez-toc-heading-68\" href=\"https:\/\/wenttrip.com.br\/it\/brasile\/brasil-sul\/santa-catarina\/spiagge-adatte-e-non-adatte-alla-balneazione-a-santa-catarina\/#Praia_do_Antenor\" >Spiaggia di Antenore<\/a><\/li><li class='ez-toc-page-1 ez-toc-heading-level-4'><a class=\"ez-toc-link ez-toc-heading-69\" href=\"https:\/\/wenttrip.com.br\/it\/brasile\/brasil-sul\/santa-catarina\/spiagge-adatte-e-non-adatte-alla-balneazione-a-santa-catarina\/#Praia_do_Magalhoes\" >Spiaggia Magalh\u00f5es<\/a><\/li><li class='ez-toc-page-1 ez-toc-heading-level-4'><a class=\"ez-toc-link ez-toc-heading-70\" href=\"https:\/\/wenttrip.com.br\/it\/brasile\/brasil-sul\/santa-catarina\/spiagge-adatte-e-non-adatte-alla-balneazione-a-santa-catarina\/#Praia_Grande\" >Grande spiaggia<\/a><\/li><\/ul><\/li><li class='ez-toc-page-1 ez-toc-heading-level-3'><a class=\"ez-toc-link ez-toc-heading-71\" href=\"https:\/\/wenttrip.com.br\/it\/brasile\/brasil-sul\/santa-catarina\/spiagge-adatte-e-non-adatte-alla-balneazione-a-santa-catarina\/#Imbituba\" >Imbituba<\/a><ul class='ez-toc-list-level-4' ><li class='ez-toc-heading-level-4'><a class=\"ez-toc-link ez-toc-heading-72\" href=\"https:\/\/wenttrip.com.br\/it\/brasile\/brasil-sul\/santa-catarina\/spiagge-adatte-e-non-adatte-alla-balneazione-a-santa-catarina\/#Praia_de_Ibiraquera\" >Spiaggia di Ibiraquera<\/a><\/li><li class='ez-toc-page-1 ez-toc-heading-level-4'><a class=\"ez-toc-link ez-toc-heading-73\" href=\"https:\/\/wenttrip.com.br\/it\/brasile\/brasil-sul\/santa-catarina\/spiagge-adatte-e-non-adatte-alla-balneazione-a-santa-catarina\/#Praia_da_Vila_Nova\" >Spiaggia di Vila Nova<\/a><\/li><li class='ez-toc-page-1 ez-toc-heading-level-4'><a class=\"ez-toc-link ez-toc-heading-74\" href=\"https:\/\/wenttrip.com.br\/it\/brasile\/brasil-sul\/santa-catarina\/spiagge-adatte-e-non-adatte-alla-balneazione-a-santa-catarina\/#Praia_do_Porto\" >Spiaggia di Oporto<\/a><\/li><li class='ez-toc-page-1 ez-toc-heading-level-4'><a class=\"ez-toc-link ez-toc-heading-75\" href=\"https:\/\/wenttrip.com.br\/it\/brasile\/brasil-sul\/santa-catarina\/spiagge-adatte-e-non-adatte-alla-balneazione-a-santa-catarina\/#Praia_do_Rosa\" >Praia do Rosa<\/a><\/li><\/ul><\/li><li class='ez-toc-page-1 ez-toc-heading-level-3'><a class=\"ez-toc-link ez-toc-heading-76\" href=\"https:\/\/wenttrip.com.br\/it\/brasile\/brasil-sul\/santa-catarina\/spiagge-adatte-e-non-adatte-alla-balneazione-a-santa-catarina\/#Itajai\" >Itajai<\/a><ul class='ez-toc-list-level-4' ><li class='ez-toc-heading-level-4'><a class=\"ez-toc-link ez-toc-heading-77\" href=\"https:\/\/wenttrip.com.br\/it\/brasile\/brasil-sul\/santa-catarina\/spiagge-adatte-e-non-adatte-alla-balneazione-a-santa-catarina\/#Praia_Brava-2\" >Praia Brava<\/a><\/li><li class='ez-toc-page-1 ez-toc-heading-level-4'><a class=\"ez-toc-link ez-toc-heading-78\" href=\"https:\/\/wenttrip.com.br\/it\/brasile\/brasil-sul\/santa-catarina\/spiagge-adatte-e-non-adatte-alla-balneazione-a-santa-catarina\/#Praia_de_Cabecudas\" >Praia de Cabe\u00e7udas<\/a><\/li><li class='ez-toc-page-1 ez-toc-heading-level-4'><a class=\"ez-toc-link ez-toc-heading-79\" href=\"https:\/\/wenttrip.com.br\/it\/brasile\/brasil-sul\/santa-catarina\/spiagge-adatte-e-non-adatte-alla-balneazione-a-santa-catarina\/#Praia_do_Atalaia\" >Spiaggia Atalaia<\/a><\/li><\/ul><\/li><li class='ez-toc-page-1 ez-toc-heading-level-3'><a class=\"ez-toc-link ez-toc-heading-80\" href=\"https:\/\/wenttrip.com.br\/it\/brasile\/brasil-sul\/santa-catarina\/spiagge-adatte-e-non-adatte-alla-balneazione-a-santa-catarina\/#Itapema\" >Itapema<\/a><ul class='ez-toc-list-level-4' ><li class='ez-toc-heading-level-4'><a class=\"ez-toc-link ez-toc-heading-81\" href=\"https:\/\/wenttrip.com.br\/it\/brasile\/brasil-sul\/santa-catarina\/spiagge-adatte-e-non-adatte-alla-balneazione-a-santa-catarina\/#Praia_do_Porto-2\" >Spiaggia di Oporto<\/a><\/li><\/ul><\/li><li class='ez-toc-page-1 ez-toc-heading-level-3'><a class=\"ez-toc-link ez-toc-heading-82\" href=\"https:\/\/wenttrip.com.br\/it\/brasile\/brasil-sul\/santa-catarina\/spiagge-adatte-e-non-adatte-alla-balneazione-a-santa-catarina\/#Itapoa\" >Itapo\u00e3<\/a><ul class='ez-toc-list-level-4' ><li class='ez-toc-heading-level-4'><a class=\"ez-toc-link ez-toc-heading-83\" href=\"https:\/\/wenttrip.com.br\/it\/brasile\/brasil-sul\/santa-catarina\/spiagge-adatte-e-non-adatte-alla-balneazione-a-santa-catarina\/#Praia_de_Itapoa\" >La spiaggia di Itapoa<\/a><\/li><\/ul><\/li><li class='ez-toc-page-1 ez-toc-heading-level-3'><a class=\"ez-toc-link ez-toc-heading-84\" href=\"https:\/\/wenttrip.com.br\/it\/brasile\/brasil-sul\/santa-catarina\/spiagge-adatte-e-non-adatte-alla-balneazione-a-santa-catarina\/#Jaguaruna\" >Jaguaruna<\/a><ul class='ez-toc-list-level-4' ><li class='ez-toc-heading-level-4'><a class=\"ez-toc-link ez-toc-heading-85\" href=\"https:\/\/wenttrip.com.br\/it\/brasile\/brasil-sul\/santa-catarina\/spiagge-adatte-e-non-adatte-alla-balneazione-a-santa-catarina\/#Canal_do_Camacho\" >Canale di Camacho<\/a><\/li><li class='ez-toc-page-1 ez-toc-heading-level-4'><a class=\"ez-toc-link ez-toc-heading-86\" href=\"https:\/\/wenttrip.com.br\/it\/brasile\/brasil-sul\/santa-catarina\/spiagge-adatte-e-non-adatte-alla-balneazione-a-santa-catarina\/#Lagoa_do_Arroio_Corrente\" >Laguna dell&#039;Arroio Corrente<\/a><\/li><li class='ez-toc-page-1 ez-toc-heading-level-4'><a class=\"ez-toc-link ez-toc-heading-87\" href=\"https:\/\/wenttrip.com.br\/it\/brasile\/brasil-sul\/santa-catarina\/spiagge-adatte-e-non-adatte-alla-balneazione-a-santa-catarina\/#Praia_do_Arroio_Corrente\" >Spiaggia dell&#039;Arroio Corrente<\/a><\/li><\/ul><\/li><li class='ez-toc-page-1 ez-toc-heading-level-3'><a class=\"ez-toc-link ez-toc-heading-88\" href=\"https:\/\/wenttrip.com.br\/it\/brasile\/brasil-sul\/santa-catarina\/spiagge-adatte-e-non-adatte-alla-balneazione-a-santa-catarina\/#Joinville\" >Joinville<\/a><ul class='ez-toc-list-level-4' ><li class='ez-toc-heading-level-4'><a class=\"ez-toc-link ez-toc-heading-89\" href=\"https:\/\/wenttrip.com.br\/it\/brasile\/brasil-sul\/santa-catarina\/spiagge-adatte-e-non-adatte-alla-balneazione-a-santa-catarina\/#Praia_de_Vigorelli\" >Spiaggia Vigorelli<\/a><\/li><\/ul><\/li><li class='ez-toc-page-1 ez-toc-heading-level-3'><a class=\"ez-toc-link ez-toc-heading-90\" href=\"https:\/\/wenttrip.com.br\/it\/brasile\/brasil-sul\/santa-catarina\/spiagge-adatte-e-non-adatte-alla-balneazione-a-santa-catarina\/#Laguna\" >Laguna<\/a><ul class='ez-toc-list-level-4' ><li class='ez-toc-heading-level-4'><a class=\"ez-toc-link ez-toc-heading-91\" href=\"https:\/\/wenttrip.com.br\/it\/brasile\/brasil-sul\/santa-catarina\/spiagge-adatte-e-non-adatte-alla-balneazione-a-santa-catarina\/#Lagoa_de_Cabecudas\" >Laguna di Cabe\u00e7udas<\/a><\/li><li class='ez-toc-page-1 ez-toc-heading-level-4'><a class=\"ez-toc-link ez-toc-heading-92\" href=\"https:\/\/wenttrip.com.br\/it\/brasile\/brasil-sul\/santa-catarina\/spiagge-adatte-e-non-adatte-alla-balneazione-a-santa-catarina\/#Praia_da_Teresa\" >Spiaggia Teresa<\/a><\/li><li class='ez-toc-page-1 ez-toc-heading-level-4'><a class=\"ez-toc-link ez-toc-heading-93\" href=\"https:\/\/wenttrip.com.br\/it\/brasile\/brasil-sul\/santa-catarina\/spiagge-adatte-e-non-adatte-alla-balneazione-a-santa-catarina\/#Praia_de_Itapiruba\" >Spiaggia di Itapirub\u00e1<\/a><\/li><li class='ez-toc-page-1 ez-toc-heading-level-4'><a class=\"ez-toc-link ez-toc-heading-94\" href=\"https:\/\/wenttrip.com.br\/it\/brasile\/brasil-sul\/santa-catarina\/spiagge-adatte-e-non-adatte-alla-balneazione-a-santa-catarina\/#Praia_do_Cardoso\" >Spiaggia del Cardoso<\/a><\/li><li class='ez-toc-page-1 ez-toc-heading-level-4'><a class=\"ez-toc-link ez-toc-heading-95\" href=\"https:\/\/wenttrip.com.br\/it\/brasile\/brasil-sul\/santa-catarina\/spiagge-adatte-e-non-adatte-alla-balneazione-a-santa-catarina\/#Praia_do_GI\" >Spiaggia GI<\/a><\/li><li class='ez-toc-page-1 ez-toc-heading-level-4'><a class=\"ez-toc-link ez-toc-heading-96\" href=\"https:\/\/wenttrip.com.br\/it\/brasile\/brasil-sul\/santa-catarina\/spiagge-adatte-e-non-adatte-alla-balneazione-a-santa-catarina\/#Praia_do_Mar_Grosso\" >Praia do Mar Grosso<\/a><\/li><li class='ez-toc-page-1 ez-toc-heading-level-4'><a class=\"ez-toc-link ez-toc-heading-97\" href=\"https:\/\/wenttrip.com.br\/it\/brasile\/brasil-sul\/santa-catarina\/spiagge-adatte-e-non-adatte-alla-balneazione-a-santa-catarina\/#Prainha_do_Farol\" >Prainha do Farol<\/a><\/li><\/ul><\/li><li class='ez-toc-page-1 ez-toc-heading-level-3'><a class=\"ez-toc-link ez-toc-heading-98\" href=\"https:\/\/wenttrip.com.br\/it\/brasile\/brasil-sul\/santa-catarina\/spiagge-adatte-e-non-adatte-alla-balneazione-a-santa-catarina\/#Navegantes\" >Navigatori<\/a><ul class='ez-toc-list-level-4' ><li class='ez-toc-heading-level-4'><a class=\"ez-toc-link ez-toc-heading-99\" href=\"https:\/\/wenttrip.com.br\/it\/brasile\/brasil-sul\/santa-catarina\/spiagge-adatte-e-non-adatte-alla-balneazione-a-santa-catarina\/#Praia_de_Navegantes\" >Spiaggia di Navegantes<\/a><\/li><\/ul><\/li><li class='ez-toc-page-1 ez-toc-heading-level-3'><a class=\"ez-toc-link ez-toc-heading-100\" href=\"https:\/\/wenttrip.com.br\/it\/brasile\/brasil-sul\/santa-catarina\/spiagge-adatte-e-non-adatte-alla-balneazione-a-santa-catarina\/#Palhoca\" >Palho\u00e7a<\/a><ul class='ez-toc-list-level-4' ><li class='ez-toc-heading-level-4'><a class=\"ez-toc-link ez-toc-heading-101\" href=\"https:\/\/wenttrip.com.br\/it\/brasile\/brasil-sul\/santa-catarina\/spiagge-adatte-e-non-adatte-alla-balneazione-a-santa-catarina\/#Guarda_do_Emabu\" >Guardia Emabu<\/a><\/li><li class='ez-toc-page-1 ez-toc-heading-level-4'><a class=\"ez-toc-link ez-toc-heading-102\" href=\"https:\/\/wenttrip.com.br\/it\/brasile\/brasil-sul\/santa-catarina\/spiagge-adatte-e-non-adatte-alla-balneazione-a-santa-catarina\/#Praia_da_Pinheira\" >Spiaggia di Pinheira<\/a><\/li><li class='ez-toc-page-1 ez-toc-heading-level-4'><a class=\"ez-toc-link ez-toc-heading-103\" href=\"https:\/\/wenttrip.com.br\/it\/brasile\/brasil-sul\/santa-catarina\/spiagge-adatte-e-non-adatte-alla-balneazione-a-santa-catarina\/#Praia_de_Fora\" >Praia de Fora<\/a><\/li><li class='ez-toc-page-1 ez-toc-heading-level-4'><a class=\"ez-toc-link ez-toc-heading-104\" href=\"https:\/\/wenttrip.com.br\/it\/brasile\/brasil-sul\/santa-catarina\/spiagge-adatte-e-non-adatte-alla-balneazione-a-santa-catarina\/#Praia_do_Sonho\" >Spiaggia da sogno<\/a><\/li><\/ul><\/li><li class='ez-toc-page-1 ez-toc-heading-level-3'><a class=\"ez-toc-link ez-toc-heading-105\" href=\"https:\/\/wenttrip.com.br\/it\/brasile\/brasil-sul\/santa-catarina\/spiagge-adatte-e-non-adatte-alla-balneazione-a-santa-catarina\/#Passo_de_Torres\" >Passo Torres<\/a><ul class='ez-toc-list-level-4' ><li class='ez-toc-heading-level-4'><a class=\"ez-toc-link ez-toc-heading-106\" href=\"https:\/\/wenttrip.com.br\/it\/brasile\/brasil-sul\/santa-catarina\/spiagge-adatte-e-non-adatte-alla-balneazione-a-santa-catarina\/#Braco_Morto_do_Rio_Mampituba\" >Braccio morto del fiume Mampituba<\/a><\/li><li class='ez-toc-page-1 ez-toc-heading-level-4'><a class=\"ez-toc-link ez-toc-heading-107\" href=\"https:\/\/wenttrip.com.br\/it\/brasile\/brasil-sul\/santa-catarina\/spiagge-adatte-e-non-adatte-alla-balneazione-a-santa-catarina\/#Praia_de_Passo_de_Torres\" >Spiaggia del Passo di Torres<\/a><\/li><\/ul><\/li><li class='ez-toc-page-1 ez-toc-heading-level-3'><a class=\"ez-toc-link ez-toc-heading-108\" href=\"https:\/\/wenttrip.com.br\/it\/brasile\/brasil-sul\/santa-catarina\/spiagge-adatte-e-non-adatte-alla-balneazione-a-santa-catarina\/#Paulo_Lopes\" >Paolo Lopes<\/a><ul class='ez-toc-list-level-4' ><li class='ez-toc-heading-level-4'><a class=\"ez-toc-link ez-toc-heading-109\" href=\"https:\/\/wenttrip.com.br\/it\/brasile\/brasil-sul\/santa-catarina\/spiagge-adatte-e-non-adatte-alla-balneazione-a-santa-catarina\/#Praia_da_Guarda_do_Embau\" >Spiaggia di Guarda do Embau<\/a><\/li><\/ul><\/li><li class='ez-toc-page-1 ez-toc-heading-level-3'><a class=\"ez-toc-link ez-toc-heading-110\" href=\"https:\/\/wenttrip.com.br\/it\/brasile\/brasil-sul\/santa-catarina\/spiagge-adatte-e-non-adatte-alla-balneazione-a-santa-catarina\/#Penha\" >penha<\/a><ul class='ez-toc-list-level-4' ><li class='ez-toc-heading-level-4'><a class=\"ez-toc-link ez-toc-heading-111\" href=\"https:\/\/wenttrip.com.br\/it\/brasile\/brasil-sul\/santa-catarina\/spiagge-adatte-e-non-adatte-alla-balneazione-a-santa-catarina\/#Praia_Alegre\" >Spiaggia di Alegre<\/a><\/li><li class='ez-toc-page-1 ez-toc-heading-level-4'><a class=\"ez-toc-link ez-toc-heading-112\" href=\"https:\/\/wenttrip.com.br\/it\/brasile\/brasil-sul\/santa-catarina\/spiagge-adatte-e-non-adatte-alla-balneazione-a-santa-catarina\/#Praia_da_Armacao_do_Itapocoroi\" >Praia da Arma\u00e7\u00e3o do Itapocor\u00f3i<\/a><\/li><li class='ez-toc-page-1 ez-toc-heading-level-4'><a class=\"ez-toc-link ez-toc-heading-113\" href=\"https:\/\/wenttrip.com.br\/it\/brasile\/brasil-sul\/santa-catarina\/spiagge-adatte-e-non-adatte-alla-balneazione-a-santa-catarina\/#Praia_da_Saudade-2\" >Praia da Saudade<\/a><\/li><li class='ez-toc-page-1 ez-toc-heading-level-4'><a class=\"ez-toc-link ez-toc-heading-114\" href=\"https:\/\/wenttrip.com.br\/it\/brasile\/brasil-sul\/santa-catarina\/spiagge-adatte-e-non-adatte-alla-balneazione-a-santa-catarina\/#Praia_de_Sao_Miguel\" >Spiaggia di S\u00e3o Miguel<\/a><\/li><li class='ez-toc-page-1 ez-toc-heading-level-4'><a class=\"ez-toc-link ez-toc-heading-115\" href=\"https:\/\/wenttrip.com.br\/it\/brasile\/brasil-sul\/santa-catarina\/spiagge-adatte-e-non-adatte-alla-balneazione-a-santa-catarina\/#Praia_Grande-2\" >Grande spiaggia<\/a><\/li><li class='ez-toc-page-1 ez-toc-heading-level-4'><a class=\"ez-toc-link ez-toc-heading-116\" href=\"https:\/\/wenttrip.com.br\/it\/brasile\/brasil-sul\/santa-catarina\/spiagge-adatte-e-non-adatte-alla-balneazione-a-santa-catarina\/#Praia_Vermelha\" >Spiaggia Rossa<\/a><\/li><li class='ez-toc-page-1 ez-toc-heading-level-4'><a class=\"ez-toc-link ez-toc-heading-117\" href=\"https:\/\/wenttrip.com.br\/it\/brasile\/brasil-sul\/santa-catarina\/spiagge-adatte-e-non-adatte-alla-balneazione-a-santa-catarina\/#Prainha_da_Penha\" >Prainha da Penha<\/a><\/li><\/ul><\/li><li class='ez-toc-page-1 ez-toc-heading-level-3'><a class=\"ez-toc-link ez-toc-heading-118\" href=\"https:\/\/wenttrip.com.br\/it\/brasile\/brasil-sul\/santa-catarina\/spiagge-adatte-e-non-adatte-alla-balneazione-a-santa-catarina\/#Porto_Belo\" >Porto Bello<\/a><ul class='ez-toc-list-level-4' ><li class='ez-toc-heading-level-4'><a class=\"ez-toc-link ez-toc-heading-119\" href=\"https:\/\/wenttrip.com.br\/it\/brasile\/brasil-sul\/santa-catarina\/spiagge-adatte-e-non-adatte-alla-balneazione-a-santa-catarina\/#Praia_de_Pereque\" >Spiaggia di Perequ\u00ea<\/a><\/li><li class='ez-toc-page-1 ez-toc-heading-level-4'><a class=\"ez-toc-link ez-toc-heading-120\" href=\"https:\/\/wenttrip.com.br\/it\/brasile\/brasil-sul\/santa-catarina\/spiagge-adatte-e-non-adatte-alla-balneazione-a-santa-catarina\/#Praia_de_Porto_Belo\" >Spiaggia di Porto Belo<\/a><\/li><\/ul><\/li><li class='ez-toc-page-1 ez-toc-heading-level-3'><a class=\"ez-toc-link ez-toc-heading-121\" href=\"https:\/\/wenttrip.com.br\/it\/brasile\/brasil-sul\/santa-catarina\/spiagge-adatte-e-non-adatte-alla-balneazione-a-santa-catarina\/#Sao_Francisco_do_Sul\" >sud san francisco<\/a><ul class='ez-toc-list-level-4' ><li class='ez-toc-heading-level-4'><a class=\"ez-toc-link ez-toc-heading-122\" href=\"https:\/\/wenttrip.com.br\/it\/brasile\/brasil-sul\/santa-catarina\/spiagge-adatte-e-non-adatte-alla-balneazione-a-santa-catarina\/#Praia_da_Enseada\" >Praia da Enseada<\/a><\/li><li class='ez-toc-page-1 ez-toc-heading-level-4'><a class=\"ez-toc-link ez-toc-heading-123\" href=\"https:\/\/wenttrip.com.br\/it\/brasile\/brasil-sul\/santa-catarina\/spiagge-adatte-e-non-adatte-alla-balneazione-a-santa-catarina\/#Praia_de_Itaguacu\" >Spiaggia di Itagua\u00e7u<\/a><\/li><li class='ez-toc-page-1 ez-toc-heading-level-4'><a class=\"ez-toc-link ez-toc-heading-124\" href=\"https:\/\/wenttrip.com.br\/it\/brasile\/brasil-sul\/santa-catarina\/spiagge-adatte-e-non-adatte-alla-balneazione-a-santa-catarina\/#Praia_do_Capri\" >spiaggia di Capri<\/a><\/li><li class='ez-toc-page-1 ez-toc-heading-level-4'><a class=\"ez-toc-link ez-toc-heading-125\" href=\"https:\/\/wenttrip.com.br\/it\/brasile\/brasil-sul\/santa-catarina\/spiagge-adatte-e-non-adatte-alla-balneazione-a-santa-catarina\/#Praia_dos_Paulas\" >spiaggia di Paola<\/a><\/li><li class='ez-toc-page-1 ez-toc-heading-level-4'><a class=\"ez-toc-link ez-toc-heading-126\" href=\"https:\/\/wenttrip.com.br\/it\/brasile\/brasil-sul\/santa-catarina\/spiagge-adatte-e-non-adatte-alla-balneazione-a-santa-catarina\/#Prainha_da_Enseada\" >Prainha da Enseada<\/a><\/li><\/ul><\/li><li class='ez-toc-page-1 ez-toc-heading-level-3'><a class=\"ez-toc-link ez-toc-heading-127\" href=\"https:\/\/wenttrip.com.br\/it\/brasile\/brasil-sul\/santa-catarina\/spiagge-adatte-e-non-adatte-alla-balneazione-a-santa-catarina\/#Sao_Jose\" >San Jose<\/a><ul class='ez-toc-list-level-4' ><li class='ez-toc-heading-level-4'><a class=\"ez-toc-link ez-toc-heading-128\" href=\"https:\/\/wenttrip.com.br\/it\/brasile\/brasil-sul\/santa-catarina\/spiagge-adatte-e-non-adatte-alla-balneazione-a-santa-catarina\/#Praia_de_Guararema\" >La spiaggia di Guararema<\/a><\/li><\/ul><\/li><\/ul><\/li><li class='ez-toc-page-1 ez-toc-heading-level-2'><a class=\"ez-toc-link ez-toc-heading-129\" href=\"https:\/\/wenttrip.com.br\/it\/brasile\/brasil-sul\/santa-catarina\/spiagge-adatte-e-non-adatte-alla-balneazione-a-santa-catarina\/#Quais_as_praias_mais_limpas_de_Santa_Catarina\" >Quali sono le spiagge pi\u00f9 pulite di Santa Catarina?<\/a><\/li><li class='ez-toc-page-1 ez-toc-heading-level-2'><a class=\"ez-toc-link ez-toc-heading-130\" href=\"https:\/\/wenttrip.com.br\/it\/brasile\/brasil-sul\/santa-catarina\/spiagge-adatte-e-non-adatte-alla-balneazione-a-santa-catarina\/#Qual_a_praia_mais_poluida_de_Santa_Catarina\" >Qual \u00e8 la spiaggia pi\u00f9 inquinata di Santa Catarina?<\/a><\/li><\/ul><\/nav><\/div>\n\n<p>In questi giorni, quello che ha maggiormente preoccupato i turisti che si recano sulle spiagge di SC, \u00e8 la possibilit\u00e0 di fare il bagno in acque pulite, adatte alla balneazione.<\/p>\n\n\n\n<p>o <strong>Istituto dell&#039;Ambiente di Santa Catarina<\/strong> \u2013<strong> MAGNETE<\/strong>, rilascia rapporti che informano sulla situazione delle spiagge.<\/p>\n\n\n\n<p>In data 31 agosto 2023 \u00e8 stato pubblicato un verbale, di seguito riporto la situazione cos\u00ec come fornita dall&#039;Istituto.<\/p>\n\n\n\n<figure class=\"wp-block-image size-full\"><img decoding=\"async\" width=\"660\" height=\"425\" src=\"https:\/\/wenttrip.com.br\/wp-content\/uploads\/2023\/01\/banner-post.jpg\" alt=\"analisi dell&#039;acqua\" class=\"wp-image-15070\" srcset=\"https:\/\/wenttrip.com.br\/wp-content\/uploads\/2023\/01\/banner-post.jpg 660w, https:\/\/wenttrip.com.br\/wp-content\/uploads\/2023\/01\/banner-post-300x193.jpg 300w, https:\/\/wenttrip.com.br\/wp-content\/uploads\/2023\/01\/banner-post-18x12.jpg 18w\" sizes=\"(max-width: 660px) 100vw, 660px\" \/><figcaption class=\"wp-element-caption\">analisi dell&#039;acqua<\/figcaption><\/figure>\n\n\n\n<h2 class=\"wp-block-heading\"><span class=\"ez-toc-section\" id=\"Como_e_feita_a_classificacao_das_aguas_proprias_e_improprias_para_banho_em_SC\"><\/span>Com&#039;\u00e8 la classificazione delle acque idonee e non idonee alla balneazione in SC <span class=\"ez-toc-section-end\"><\/span><\/h2>\n\n\n\n<p>La classificazione viene effettuata con prelievo a campione, ed analizzata secondo la delibera CONAMA n\u00ba 274\/2000.<\/p>\n\n\n\n<h3 class=\"wp-block-heading\"><span class=\"ez-toc-section\" id=\"Analise_para_considerar_a_agua_Propria_para_banho\"><\/span>Analisi per considerare l&#039;acqua <strong>adatto per il bagno<\/strong>:<span class=\"ez-toc-section-end\"><\/span><\/h3>\n\n\n\n<p>Quando in 80% o pi\u00f9 di una serie di campioni raccolti nelle 5 settimane precedenti, nella stessa posizione c&#039;\u00e8 un massimo di 800 Escherichia coli per 100 millilitri.<\/p>\n\n\n\n<h3 class=\"wp-block-heading\"><span class=\"ez-toc-section\" id=\"Analise_para_considerar_a_agua_Impropria_para_banho\"><\/span>Analisi per considerare l&#039;acqua <strong>inadatto al bagno<\/strong>:<span class=\"ez-toc-section-end\"><\/span><\/h3>\n\n\n\n<p>Quando in pi\u00f9 di 20% di un set di campioni raccolti nelle ultime 5 settimane, nello stesso luogo, \u00e8 superiore a 800 Escherichia coli per 100 millilitri o quando, nell&#039;ultima raccolta, il risultato \u00e8 superiore a 2000 Escherichia coli per 100 millilitri millilitri.<\/p>\n\n\n\n<h2 class=\"wp-block-heading\"><span class=\"ez-toc-section\" id=\"Quais_prais_de_SC_estao_improprias_para_banho\"><\/span>Quali spiagge SC non sono adatte per il nuoto?<span class=\"ez-toc-section-end\"><\/span><\/h2>\n\n\n\n<p>Dei 237 punti di analisi, <strong>116 non erano idonei<\/strong> per la balneazione ci sono intere spiagge senza condizioni per la balneazione, purtroppo.<\/p>\n\n\n\n<p>Di seguito l&#039;elenco delle spiagge non adatte e balneabili, accanto ad ogni punto metter\u00f2 una nota, trova nell&#039;indice la spiaggia in cui intendi andare e ne conoscerai le condizioni:<\/p>\n\n\n\n<h3 class=\"wp-block-heading\"><span class=\"ez-toc-section\" id=\"Praia_Morro_dos_convenos\"><\/span>Spiaggia del Morro dos Convenos<span class=\"ez-toc-section-end\"><\/span><\/h3>\n\n\n\n<p>Punto 1: di fronte alla postazione Centrale Bagnini: <mark style=\"background-color:#17ff00\" class=\"has-inline-color\">Possedere<\/mark><\/p>\n\n\n\n<h3 class=\"wp-block-heading\"><span class=\"ez-toc-section\" id=\"Balneario_Arroio_do_Silva\"><\/span>Balneario Arroio do Silva<span class=\"ez-toc-section-end\"><\/span><\/h3>\n\n\n\n<ul class=\"wp-block-list\">\n<li>Punto 01: Rua Apol\u00f4nio I. Cardoso \u2013 100 ma nord del torrente: <mark style=\"background-color:#65fa49\" class=\"has-inline-color\">Possedere<\/mark><\/li>\n\n\n\n<li>Punto 2: Rua P. Oliveira \u2013 100 m a sud del torrente: <mark style=\"background-color:#5df44d\" class=\"has-inline-color\">Possedere<\/mark><\/li>\n\n\n\n<li>Punto 3: Av. Mondardo \u2013 Foz do arroio: <mark style=\"background-color:#ff1111\" class=\"has-inline-color\">Improprio<\/mark><\/li>\n\n\n\n<li>Punto 17: Av. Florian\u00f3polis: <mark style=\"background-color:#4bfc40\" class=\"has-inline-color\">Possedere<\/mark><\/li>\n<\/ul>\n\n\n\n<h3 class=\"wp-block-heading\"><span class=\"ez-toc-section\" id=\"Balneario_Gaivota\"><\/span>terme del gabbiano<span class=\"ez-toc-section-end\"><\/span><\/h3>\n\n\n\n<ul class=\"wp-block-list\">\n<li>Punto 01: Av. Itapuan \u2013 di fronte alla piazza dello sport: <mark style=\"background-color:#52fc0b\" class=\"has-inline-color\">Possedere<\/mark><\/li>\n\n\n\n<li>Punto 2: alla foce del torrente, in mare: <mark style=\"background-color:#f90101\" class=\"has-inline-color\">Improprio<\/mark><\/li>\n<\/ul>\n\n\n\n<h3 class=\"wp-block-heading\"><span class=\"ez-toc-section\" id=\"Balneario_Camboriu\"><\/span>Balne\u00e1rio Camboriu<span class=\"ez-toc-section-end\"><\/span><\/h3>\n\n\n\n<h4 class=\"wp-block-heading\"><span class=\"ez-toc-section\" id=\"Praia_do_Baln_Camboriu\"><\/span>Balne Beach. Cambogia:<span class=\"ez-toc-section-end\"><\/span><\/h4>\n\n\n\n<ul class=\"wp-block-list\">\n<li>Punto 06: IN MEZZO ALLA SPIAGGIA: <mark style=\"background-color:#53f11c\" class=\"has-inline-color\">Possedere<\/mark><\/li>\n\n\n\n<li>Punto 08: DAVANTI ALLA SCUOLA COMUNALE: <mark style=\"background-color:#2ffd2b\" class=\"has-inline-color\">Possedere<\/mark><\/li>\n\n\n\n<li>Punto 09: LAGUNA DI TAQUARAS: <mark style=\"background-color:#f91010\" class=\"has-inline-color\">Improprio<\/mark><\/li>\n\n\n\n<li>Punto 01: PONTALE NORD: <mark style=\"background-color:#fd1515\" class=\"has-inline-color\">Improprio<\/mark><\/li>\n\n\n\n<li>Punto 02: FRONTE VIA 1001: <mark style=\"background-color:#5ffe1c\" class=\"has-inline-color\">Possedere<\/mark><\/li>\n\n\n\n<li>Punto 03: FRONTE STRADA 2000: <mark style=\"background-color:#44f622\" class=\"has-inline-color\">Possedere<\/mark><\/li>\n\n\n\n<li>Punto 04: FRONTE STRADA 3000: <mark style=\"background-color:#fe1616\" class=\"has-inline-color\">Improprio<\/mark><\/li>\n\n\n\n<li>Punto 05: PONTAL SUL \u2013 FRONTE RUA 4900: <mark style=\"background-color:#f40808\" class=\"has-inline-color\">Improprio<\/mark><\/li>\n\n\n\n<li>Punto 10: FRONTE VIA 4000: <mark style=\"background-color:#f10a0a\" class=\"has-inline-color\">Improprio<\/mark><\/li>\n\n\n\n<li>Punto 11: FRONTE 3500 STRADA: <mark style=\"background-color:#0cf616\" class=\"has-inline-color\">Possedere<\/mark><\/li>\n\n\n\n<li>Punto 12: FRONTE VIA 2500: <mark style=\"background-color:#f60202\" class=\"has-inline-color\">Improprio<\/mark><\/li>\n\n\n\n<li>Punto 13: FRONTE VIA 1400: <mark style=\"background-color:#0bf61d\" class=\"has-inline-color\">Possedere<\/mark><\/li>\n\n\n\n<li>Punto 14: FRONTE ALLA 51\u00aa STRADA: <mark style=\"background-color:#0efa11\" class=\"has-inline-color\">Possedere<\/mark><\/li>\n\n\n\n<li>Punto 15: Di fronte a Rua Jose Amaro da Cunha: <mark style=\"background-color:#09f30c\" class=\"has-inline-color\">Possedere<\/mark><\/li>\n\n\n\n<li>Punto 07: TRA R. DOMINGOS FONSECA E NAPOLE\u00c3O VIEIRA: <mark style=\"background-color:#08f80b\" class=\"has-inline-color\">Possedere<\/mark><\/li>\n<\/ul>\n\n\n\n<h3 class=\"wp-block-heading\"><span class=\"ez-toc-section\" id=\"Praia_da_Barra_do_Sul\"><\/span>La spiaggia di Barra do Sul<span class=\"ez-toc-section-end\"><\/span><\/h3>\n\n\n\n<ul class=\"wp-block-list\">\n<li>Punto 3: Canal do Linguado a Praianha da Foz do Canal do Linguado e di fronte a Otto Fiedler Street: <mark style=\"background-color:#f90c0c\" class=\"has-inline-color\">Improprio<\/mark><\/li>\n\n\n\n<li>Punto 02: PRAINHA DA FOZ DO CANAL DO LINGUADO:<mark style=\"background-color:#0af91d\" class=\"has-inline-color\"> Possedere<\/mark><\/li>\n\n\n\n<li>Punto 01: PRAIA DO BISPO, DAVANTI ALLA CAPPELLA DEI NAVEGANTES: <mark style=\"background-color:#02ff05\" class=\"has-inline-color\">Possedere<\/mark><\/li>\n<\/ul>\n\n\n\n<h3 class=\"wp-block-heading\"><span class=\"ez-toc-section\" id=\"BALNEARIO_PICARRAS\"><\/span>BALNE\u00c1RIO PI\u00c7ARRAS<span class=\"ez-toc-section-end\"><\/span><\/h3>\n\n\n\n<p>I punti 1 (FRONTE RUA NAKLE FRANCISCO) e 2 (FTE AV GETULIO VARGAS, A SINISTRA DEL DOVE) sono <mark style=\"background-color:#10fa2a\" class=\"has-inline-color\">Proprio<\/mark> per il bagno \ud83d\ude42<\/p>\n\n\n\n<ul class=\"wp-block-list\">\n<li> <a href=\"https:\/\/wenttrip.com.br\/it\/brasile\/brasil-sul\/santa-catarina\/balneario-picarras\/conoscere-le-spiagge-di-balneario-picarras-in-sc\/\">Scopri le spiagge di Balne\u00e1rio Pi\u00e7arras in SC<\/a><\/li>\n\n\n\n<li> <a href=\"https:\/\/wenttrip.com.br\/it\/brasile\/brasil-sul\/santa-catarina\/balneario-picarras\/i-10-migliori-hotel-economici-di-picarras-sc\/\">I 10 migliori hotel economici a Pi\u00e7arras SC<\/a><\/li>\n<\/ul>\n\n\n\n<h3 class=\"wp-block-heading\"><span class=\"ez-toc-section\" id=\"Balneario_Rincao\"><\/span>Spa d&#039;angolo<span class=\"ez-toc-section-end\"><\/span><\/h3>\n\n\n\n<ul class=\"wp-block-list\">\n<li>LAGOA DO FAXINAL (Punto 03): Parque Verde: <mark style=\"background-color:#1af904\" class=\"has-inline-color\">Possedere<\/mark><\/li>\n\n\n\n<li>LAGOA DOS FREITAS (Punto 01): Rua Cambori\u00fa \u2013 vicino a Salva Vidas: <mark style=\"background-color:#f90606\" class=\"has-inline-color\">Improprio<\/mark><\/li>\n\n\n\n<li>SPIAGGIA DEL RINC\u00c3O (Punto 04): Rua Paran\u00e1 \u2013 Cal\u00e7ad\u00e3o: <mark style=\"background-color:#04f427\" class=\"has-inline-color\">Possedere<\/mark><\/li>\n\n\n\n<li>Spiaggia Rinc\u00e3o punto 5: Arroio da Praia do Rinc\u00e3o, ad Arroio: <mark style=\"background-color:#fa0505\" class=\"has-inline-color\">Improprio<\/mark><\/li>\n\n\n\n<li>Punto 06: Rua Castro Alves: <mark style=\"background-color:#47f908\" class=\"has-inline-color\">Possedere<\/mark><\/li>\n\n\n\n<li>Punto 07: Rua Manoel Jos\u00e9 Mag\u00e9: <mark style=\"background-color:#3efb06\" class=\"has-inline-color\">Possedere<\/mark><\/li>\n\n\n\n<li>Punto 08: 100 m a nord del torrente: <mark style=\"background-color:#41f70b\" class=\"has-inline-color\">Possedere<\/mark><\/li>\n<\/ul>\n\n\n\n<h3 class=\"wp-block-heading\"><span class=\"ez-toc-section\" id=\"Barra_Velha\"><\/span>Barra Velha<span class=\"ez-toc-section-end\"><\/span><\/h3>\n\n\n\n<ul class=\"wp-block-list\">\n<li>Lagoa de Barra Velha: punto 5, Rua DR. Placido Gomes de Oliveira, al numero 336: <mark style=\"background-color:#fa1010\" class=\"has-inline-color\">Improprio<\/mark><\/li>\n\n\n\n<li>Praia da Barra Velha: punto 3, Rua ANtonio R. da G. Moura: <mark style=\"background-color:#fc0707\" class=\"has-inline-color\">Improprio<\/mark><\/li>\n\n\n\n<li>Punto 01: AV. ARMANDO PETRELI, ALL&#039;EPOCA DEL N\u00ba555: <mark style=\"background-color:#29fd0b\" class=\"has-inline-color\">Possedere<\/mark><\/li>\n\n\n\n<li>Punto 02: DAVANTI A VIA HUMBERTO PIMENTEL: <mark style=\"background-color:#0afd2e\" class=\"has-inline-color\">Possedere<\/mark><\/li>\n\n\n\n<li>Punto 06: Tra le vie Chapeco e Maria Athanasia da Costa Chaves: <mark style=\"background-color:#11f72b\" class=\"has-inline-color\">Possedere<\/mark><\/li>\n<\/ul>\n\n\n\n<h3 class=\"wp-block-heading\"><span class=\"ez-toc-section\" id=\"Biguacu\"><\/span>Bigua\u00e7\u00fa<span class=\"ez-toc-section-end\"><\/span><\/h3>\n\n\n\n<p>SPIAGGIA S\u00c3O MIGUEL (Punto 01) di fronte all&#039;acquedotto: <mark style=\"background-color:#1af914\" class=\"has-inline-color\">Possedere<\/mark><\/p>\n\n\n\n<h3 class=\"wp-block-heading\"><span class=\"ez-toc-section\" id=\"Bombinhas\"><\/span>petardi<span class=\"ez-toc-section-end\"><\/span><\/h3>\n\n\n\n<h4 class=\"wp-block-heading\"><span class=\"ez-toc-section\" id=\"Praia_de_Bombas\"><\/span>La spiaggia di Bombas<span class=\"ez-toc-section-end\"><\/span><\/h4>\n\n\n\n<p>Tutti questi punti sulle spiagge di Bombas lo sono<mark style=\"background-color:#55f507\" class=\"has-inline-color\"> Possedere <\/mark>per il bagno:<\/p>\n\n\n\n<ul class=\"wp-block-list\">\n<li>Fermata 2: Rua Mart\u00edn Pescador<\/li>\n\n\n\n<li>Punto 04: Via Tiriba<\/li>\n\n\n\n<li>Punto 5: Rua Ariramba a sinistra del torrente<\/li>\n<\/ul>\n\n\n\n<h4 class=\"wp-block-heading\"><span class=\"ez-toc-section\" id=\"Praia_de_Bombinhas\"><\/span>La spiaggia di Bombinhas<span class=\"ez-toc-section-end\"><\/span><\/h4>\n\n\n\n<p>Tutti questi luoghi sulla spiaggia lo sono<mark style=\"background-color:#55f507\" class=\"has-inline-color\"> Possedere <\/mark>per il bagno:<\/p>\n\n\n\n<ul class=\"wp-block-list\">\n<li>Punto 1: Av. Vedere. Manoel Jos\u00e9 dos Santos, 1.149<\/li>\n\n\n\n<li>Punto 6: angolo destro della spiaggia, vicino al torrente<\/li>\n\n\n\n<li>Punto 7: Rua Castanheta<\/li>\n<\/ul>\n\n\n\n<h3 class=\"wp-block-heading\"><span class=\"ez-toc-section\" id=\"Praia_de_Zimbros\"><\/span>La spiaggia di Zimbros<span class=\"ez-toc-section-end\"><\/span><\/h3>\n\n\n\n<p>PUNTO 09: FTE A RUA RIO MADEIRA: <mark style=\"background-color:#0cfa17\" class=\"has-inline-color\">Possedere<\/mark><\/p>\n\n\n\n<h4 class=\"wp-block-heading\"><span class=\"ez-toc-section\" id=\"Praia_do_Canto_Grande\"><\/span>La spiaggia del Canto Grande<span class=\"ez-toc-section-end\"><\/span><\/h4>\n\n\n\n<p>Punto 8: Jequiti Street vicino al magazzino: <mark style=\"background-color:#0cfa17\" class=\"has-inline-color\">Possedere<\/mark><\/p>\n\n\n\n<h4 class=\"wp-block-heading\"><span class=\"ez-toc-section\" id=\"Praia_do_Mariscal\"><\/span>Praia do Mariscal<span class=\"ez-toc-section-end\"><\/span><\/h4>\n\n\n\n<p>Punto 3: Av. \u00c1gua Marinha, altezza n\u00ba 3,244: <mark style=\"background-color:#0cfa17\" class=\"has-inline-color\">Possedere<\/mark><\/p>\n\n\n\n<h3 class=\"wp-block-heading\"><span class=\"ez-toc-section\" id=\"Florianopolis\"><\/span>Florianopoli<span class=\"ez-toc-section-end\"><\/span><\/h3>\n\n\n\n<h4 class=\"wp-block-heading\"><span class=\"ez-toc-section\" id=\"Lagoa_da_Conceicao\"><\/span>Laguna di Concei\u00e7\u00e3o<span class=\"ez-toc-section-end\"><\/span><\/h4>\n\n\n\n<p>Tutte le spiagge di Lagoa da Concei\u00e7\u00e3o lo sono <mark style=\"background-color:#23fe04\" class=\"has-inline-color\">Possedere<\/mark> per il bagno \ud83d\ude42<\/p>\n\n\n\n<ul class=\"wp-block-list\">\n<li>Punto 37: DAVANTI ALLA SERVITURA PEDRO MANUEL FERNANDES<\/li>\n\n\n\n<li>Punto 38: ALLE BOCCHETTE DEI SERVIZI DI TRASPORTO<\/li>\n\n\n\n<li>Punto 39: DAVANTI ALLA STRADA DI ACCESSO ALLA SPIAGGIA DI JOAQUINA<\/li>\n\n\n\n<li>Punto 41: ANGOLO DELLA LAGOA \u2013 VICINO AL CENTRO SANITARIO<\/li>\n\n\n\n<li>Punto 43: FRONTE D&#039;ACCESSO AL FIUME TAVARES<\/li>\n\n\n\n<li>Punto 61: ALTEZZA N\u00ba 1480 DI AV. DI PIZZI<\/li>\n\n\n\n<li>Numero 62: DAVANTI A RUA MANUEL ISIDORO DA SILVEIRA<\/li>\n\n\n\n<li>Punto 66: ALTEZZA N\u00ba 2267 AV. OSNI ORTIGA<\/li>\n\n\n\n<li>Numero 72: DAVANTI A RUA CANTO DA AMIZADE<\/li>\n<\/ul>\n\n\n\n<h4 class=\"wp-block-heading\"><span class=\"ez-toc-section\" id=\"Lagoa_do_Peri\"><\/span>Laguna di Peri<span class=\"ez-toc-section-end\"><\/span><\/h4>\n\n\n\n<p>Punto 74: Lagoa do Peri davanti alla sede del parco: <mark style=\"background-color:#23fe04\" class=\"has-inline-color\">Possedere<\/mark><\/p>\n\n\n\n<h4 class=\"wp-block-heading\"><span class=\"ez-toc-section\" id=\"Praia_Brava\"><\/span>Praia Brava<span class=\"ez-toc-section-end\"><\/span><\/h4>\n\n\n\n<ul class=\"wp-block-list\">\n<li>Punto 24: VICINO ALLA FOCE DEL RIACHO (COSTA SUD, SUL MARE): <mark style=\"background-color:#23fe04\" class=\"has-inline-color\">Possedere<\/mark><\/li>\n\n\n\n<li>Punto 25: DAVANTI AL POST LIFE SAVE: <mark style=\"background-color:#23fe04\" class=\"has-inline-color\">Possedere<\/mark><\/li>\n\n\n\n<li>Punto 69: Al torrente: <mark style=\"background-color:#f40c0c\" class=\"has-inline-color\">Improprio<\/mark><\/li>\n\n\n\n<li>Punto 79: Rotonda alla fine di Av Traugott Wildi:  <mark style=\"background-color:#23fe04\" class=\"has-inline-color\">Possedere<\/mark><\/li>\n<\/ul>\n\n\n\n<h4 class=\"wp-block-heading\"><span class=\"ez-toc-section\" id=\"Praia_da_Armacao_do_Pantano_do_Sul\"><\/span>Praia da Arma\u00e7\u00e3o do P\u00e2ntano do Sul<span class=\"ez-toc-section-end\"><\/span><\/h4>\n\n\n\n<ul class=\"wp-block-list\">\n<li>Punto 44: DAVANTI ALLA CHIESA DEL PAESE: <mark style=\"background-color:#23fe04\" class=\"has-inline-color\">Possedere<\/mark><\/li>\n\n\n\n<li>Punto 64: FOZ RIO SANGRADOURO (SUL FIUME): <mark style=\"background-color:#f40c0c\" class=\"has-inline-color\">Improprio<\/mark><\/li>\n\n\n\n<li>PUNTO 92: Fte Lagoa do Peri, CALDEIRAO: <mark style=\"background-color:#23fe04\" class=\"has-inline-color\">Possedere<\/mark><\/li>\n<\/ul>\n\n\n\n<h4 class=\"wp-block-heading\"><span class=\"ez-toc-section\" id=\"Praia_da_Barra_da_Lagoa\"><\/span>Spiaggia Barra da Lagoa<span class=\"ez-toc-section-end\"><\/span><\/h4>\n\n\n\n<ul class=\"wp-block-list\">\n<li>Punto 32: CIRCA 50 METRI A SINISTRA. DELLE GIACCHE: <mark style=\"background-color:#23fe04\" class=\"has-inline-color\">Possedere<\/mark><\/li>\n\n\n\n<li>PUNTO 88: Fte Rua Aconchego do Mar: <mark style=\"background-color:#23fe04\" class=\"has-inline-color\">Possedere<\/mark><\/li>\n<\/ul>\n\n\n\n<h4 class=\"wp-block-heading\"><span class=\"ez-toc-section\" id=\"Praia_da_Beira_Mar_Norte\"><\/span>Spiaggia di Beira nel Mare del Nord<span class=\"ez-toc-section-end\"><\/span><\/h4>\n\n\n\n<ul class=\"wp-block-list\">\n<li>Punto 11: DAVANTI AL MONUMENTO DELLA POLIZIA MILITARE: <mark style=\"background-color:#f40c0c\" class=\"has-inline-color\">Improprio<\/mark><\/li>\n\n\n\n<li>Punto 94: Di fronte a Praca Esteves Junior: <mark style=\"background-color:#f40c0c\" class=\"has-inline-color\">Improprio<\/mark><\/li>\n\n\n\n<li>Punto 95: Di fronte a Rua Altamiro Guimaraes: <mark style=\"background-color:#f40c0c\" class=\"has-inline-color\">Improprio<\/mark><\/li>\n<\/ul>\n\n\n\n<h4 class=\"wp-block-heading\"><span class=\"ez-toc-section\" id=\"Praia_da_Cachoeira_do_Bom_Jesus\"><\/span>Praia da Cachoeira do Bom Jesus<span class=\"ez-toc-section-end\"><\/span><\/h4>\n\n\n\n<ul class=\"wp-block-list\">\n<li>Punto 56: DAVANTI AL TRIFOGLIO INGLESE: <mark style=\"background-color:#23fe04\" class=\"has-inline-color\">Possedere<\/mark><\/li>\n\n\n\n<li>Punto 80: Di fronte a Rua Dep Otacilio Costa: <mark style=\"background-color:#23fe04\" class=\"has-inline-color\">Possedere<\/mark><\/li>\n<\/ul>\n\n\n\n<h4 class=\"wp-block-heading\"><span class=\"ez-toc-section\" id=\"Praia_da_Caiacangacu\"><\/span>Spiaggia di Caiacanga\u00e7\u00fa<span class=\"ez-toc-section-end\"><\/span><\/h4>\n\n\n\n<p>Punto 63: ALTEZZA N. 12,820 DELLA STRADA GENERAL DO RIBEIR\u00c3O: <mark style=\"background-color:#23fe04\" class=\"has-inline-color\">Possedere<\/mark><\/p>\n\n\n\n<h4 class=\"wp-block-heading\"><span class=\"ez-toc-section\" id=\"Praia_da_Daniela\"><\/span>Spiaggia Daniela<span class=\"ez-toc-section-end\"><\/span><\/h4>\n\n\n\n<ul class=\"wp-block-list\">\n<li>Punto 16: DAVANTI A RUA DOS CACTOS: <mark style=\"background-color:#23fe04\" class=\"has-inline-color\">Possedere<\/mark><\/li>\n\n\n\n<li>PUNTO 84: Fte Rua das Hortencias: <mark style=\"background-color:#23fe04\" class=\"has-inline-color\">Possedere<\/mark><\/li>\n<\/ul>\n\n\n\n<h4 class=\"wp-block-heading\"><span class=\"ez-toc-section\" id=\"Praia_da_Joaquina\"><\/span>Spiaggia di Joaquina<span class=\"ez-toc-section-end\"><\/span><\/h4>\n\n\n\n<p>Punto 33: DAVANTI AL POST LIFE SAVE: <mark style=\"background-color:#23fe04\" class=\"has-inline-color\">Possedere<\/mark><\/p>\n\n\n\n<h4 class=\"wp-block-heading\"><span class=\"ez-toc-section\" id=\"Praia_da_Lagoinha\"><\/span><strong>Spiaggia Lagoina <\/strong><span class=\"ez-toc-section-end\"><\/span><\/h4>\n\n\n\n<ul class=\"wp-block-list\">\n<li>Punto 26: USCITA A SINISTRA LAGUNA: <mark style=\"background-color:#23fe04\" class=\"has-inline-color\">Possedere<\/mark><\/li>\n\n\n\n<li>Punto 86: Estr. Giornalista Jaime de A. Ramos, n altezza: <mark style=\"background-color:#23fe04\" class=\"has-inline-color\">Possedere<\/mark><\/li>\n<\/ul>\n\n\n\n<h4 class=\"wp-block-heading\"><span class=\"ez-toc-section\" id=\"Praia_da_Saudade\"><\/span>Praia da Saudade<span class=\"ez-toc-section-end\"><\/span><\/h4>\n\n\n\n<p>Punto 04: ANGOLO SINISTRO DELLA SPIAGGIA: <mark style=\"background-color:#23fe04\" class=\"has-inline-color\">Possedere<\/mark><\/p>\n\n\n\n<h4 class=\"wp-block-heading\"><span class=\"ez-toc-section\" id=\"Praia_da_Solidao\"><\/span>Spiaggia della solitudine<span class=\"ez-toc-section-end\"><\/span><\/h4>\n\n\n\n<p>Punto 65: FOCE DEL FIUME PACAS:  <mark style=\"background-color:#23fe04\" class=\"has-inline-color\">Possedere<\/mark><\/p>\n\n\n\n<h4 class=\"wp-block-heading\"><span class=\"ez-toc-section\" id=\"Praia_da_Tapera\"><\/span>Spiaggia di Tapera<span class=\"ez-toc-section-end\"><\/span><\/h4>\n\n\n\n<p>Punto 48: IN MEZZO ALLA SPIAGGIA:  <mark style=\"background-color:#23fe04\" class=\"has-inline-color\">Possedere<\/mark><\/p>\n\n\n\n<h4 class=\"wp-block-heading\"><span class=\"ez-toc-section\" id=\"Praia_da_Palmeiras\"><\/span>Spiaggia Palmeiras<span class=\"ez-toc-section-end\"><\/span><\/h4>\n\n\n\n<p>Punto 7: al centro della spiaggia:  <mark style=\"background-color:#23fe04\" class=\"has-inline-color\">Possedere<\/mark><\/p>\n\n\n\n<h4 class=\"wp-block-heading\"><span class=\"ez-toc-section\" id=\"Praia_de_Canasvieiras\"><\/span>La spiaggia di Canasvieiras<span class=\"ez-toc-section-end\"><\/span><\/h4>\n\n\n\n<p>Tutti i punti lo sono <mark style=\"background-color:#23fe04\" class=\"has-inline-color\">Puntello<\/mark><mark style=\"background-color:#09f32c\" class=\"has-inline-color\">fiumi<\/mark> per il bagno \ud83d\ude42<\/p>\n\n\n\n<ul class=\"wp-block-list\">\n<li>Punto 20: DI FRONTE A RUA DAS FL\u00d4RES <\/li>\n\n\n\n<li>Punto 21: DI FRONTE ALL&#039;AVENIDA DAS NA\u00c7\u00d5ES <\/li>\n\n\n\n<li>Punto 22: LATO SINISTRO DELLE TRAPICHE<\/li>\n\n\n\n<li>Punto 55: FRONTE DELLA VIA HEITOR BITENCOURT<\/li>\n\n\n\n<li>Punto 59: DI FRONTE A RUA ACAR\u00ed MARGARIDA<\/li>\n\n\n\n<li>Punto 60: ANGOLO SINISTRO DELLA SPIAGGIA VICINO. LE PIETRE <\/li>\n\n\n\n<li>Punto 81: Di fronte a Rua Afonso Cardoso da Veiga<\/li>\n\n\n\n<li>Punto 82: Di fronte a via Jose Daux<\/li>\n<\/ul>\n\n\n\n<h4 class=\"wp-block-heading\"><span class=\"ez-toc-section\" id=\"Praia_de_Jurere\"><\/span>Spiaggia di Jurere<span class=\"ez-toc-section-end\"><\/span><\/h4>\n\n\n\n<p>Tutti sono <mark style=\"background-color:#08f33b\" class=\"has-inline-color\">Proprio <\/mark>per il bagno \ud83d\ude42<\/p>\n\n\n\n<ul class=\"wp-block-list\">\n<li>Fermata 18: DAVANTI A RUA DAS MOREIAS<\/li>\n\n\n\n<li>Punto 19: DAVANTI ALL&#039;ASTA. MAURICIO SIROTSKY NIPOTE<\/li>\n\n\n\n<li>Punto 54: DAVANTI A RUA LUIS RAMPA<\/li>\n\n\n\n<li>Numero 68: DAVANTI A RUA VALDEMAR MEDEIROS<\/li>\n\n\n\n<li>Punto 76: Fine di Av. dos Buzios, di fronte alla rotonda verso Praia do Forte<\/li>\n<\/ul>\n\n\n\n<h4 class=\"wp-block-heading\"><span class=\"ez-toc-section\" id=\"Praia_de_Jurere_Internacional\"><\/span>Spiaggia Jurer\u00ea Internazionale<span class=\"ez-toc-section-end\"><\/span><\/h4>\n\n\n\n<ul class=\"wp-block-list\">\n<li>Punto 53: FRONTE AV. DI SALMONE: <mark style=\"background-color:#08f33b\" class=\"has-inline-color\">Proprio<\/mark><\/li>\n\n\n\n<li>Punto 85: Fronte Av dos Pampos: <mark style=\"background-color:#08f33b\" class=\"has-inline-color\">Proprio<\/mark><\/li>\n<\/ul>\n\n\n\n<h4 class=\"wp-block-heading\"><span class=\"ez-toc-section\" id=\"Praia_de_Ponta_das_Canas\"><\/span>Spiaggia di Ponta das Canas<span class=\"ez-toc-section-end\"><\/span><\/h4>\n\n\n\n<ul class=\"wp-block-list\">\n<li>Punto 23: 100 METRI A SINISTRA DELLA CHIESA: <mark style=\"background-color:#08f33b\" class=\"has-inline-color\">Proprio<\/mark><\/li>\n\n\n\n<li>Punto 67: QUOTA N\u00ba5.281 DELLA STRADA GENERALE (NELLA LAGUNA): <mark style=\"background-color:#fb0808\" class=\"has-inline-color\">Improprio<\/mark><\/li>\n\n\n\n<li>Punto 70: DI FRONTE A VIA ALCINA JANNIS: <mark style=\"background-color:#08f33b\" class=\"has-inline-color\">Proprio <\/mark><\/li>\n\n\n\n<li>Punto 83: Di fronte a Rua Alcina Janis, sul canale: <mark style=\"background-color:#08f33b\" class=\"has-inline-color\">Proprio <\/mark><\/li>\n<\/ul>\n\n\n\n<h4 class=\"wp-block-heading\"><span class=\"ez-toc-section\" id=\"Praia_de_Sambaqui\"><\/span>Spiaggia di Sambaqui<span class=\"ez-toc-section-end\"><\/span><\/h4>\n\n\n\n<ul class=\"wp-block-list\">\n<li>Punto 14: FRONTE DELLA VIA SERVIDOM PARA\u00cdSO DAS FLORES: <mark style=\"background-color:#08f33b\" class=\"has-inline-color\">Proprio <\/mark><\/li>\n\n\n\n<li>Punto 15: PONTA DO SAMBAQUI: <mark style=\"background-color:#08f33b\" class=\"has-inline-color\">Proprio <\/mark><\/li>\n<\/ul>\n\n\n\n<h4 class=\"wp-block-heading\"><span class=\"ez-toc-section\" id=\"Praia_Santo_Antonio_de_Lisboa\"><\/span>Spiaggia di Santo Ant\u00f4nio a Lisbona<span class=\"ez-toc-section-end\"><\/span><\/h4>\n\n\n\n<ul class=\"wp-block-list\">\n<li>Punto 12: IN FTE AI PIRI DI P\u00c7 ROLD\u00c3O DA ROCHA:<mark style=\"background-color:#fa0606\" class=\"has-inline-color\"> Improprio<\/mark><\/li>\n\n\n\n<li>Punto 13:FRONTE DELLA SERVITUDINE HIP\u00d3LITO MACHADO: <mark style=\"background-color:#08f33b\" class=\"has-inline-color\">Proprio <\/mark><\/li>\n<\/ul>\n\n\n\n<h4 class=\"wp-block-heading\"><span class=\"ez-toc-section\" id=\"Praia_do_Balneario\"><\/span>Praia do Balne\u00e1rio<span class=\"ez-toc-section-end\"><\/span><\/h4>\n\n\n\n<p>Punto 2: DI FRONTE A RUA JOS\u00c9 C\u00c2NDIDO DA SILVA: <mark style=\"background-color:#fa0a0a\" class=\"has-inline-color\">Improprio<\/mark><\/p>\n\n\n\n<h4 class=\"wp-block-heading\"><span class=\"ez-toc-section\" id=\"Praia_do_Bom_Abrigo\"><\/span>La spiaggia di Bom Abrigo<span class=\"ez-toc-section-end\"><\/span><\/h4>\n\n\n\n<p>Punto 8: DAVANTI A RUA TE\u00d3FILO ALMEIDA: <mark style=\"background-color:#fa0a0a\" class=\"has-inline-color\">Improprio<\/mark><\/p>\n\n\n\n<h4 class=\"wp-block-heading\"><span class=\"ez-toc-section\" id=\"Praia_do_Cacupe\"><\/span>Spiaggia Cacupe<span class=\"ez-toc-section-end\"><\/span><\/h4>\n\n\n\n<p>Punto 09: VICINO ASTA N\u00ba 4000. HAROLDO S.GLAVAN: <mark style=\"background-color:#08f33b\" class=\"has-inline-color\">Proprio <\/mark><\/p>\n\n\n\n<p>Punto 10: al centro della spiaggia: <mark style=\"background-color:#08f33b\" class=\"has-inline-color\">Proprio <\/mark><\/p>\n\n\n\n<h4 class=\"wp-block-heading\"><span class=\"ez-toc-section\" id=\"Praia_do_Campeche\"><\/span>Spiaggia di Camp\u00e8che<span class=\"ez-toc-section-end\"><\/span><\/h4>\n\n\n\n<ul class=\"wp-block-list\">\n<li>Punto 35: DAVANTI AVENIDA PEQUENO PRINCIPE: <mark style=\"background-color:#08f33b\" class=\"has-inline-color\">Proprio <\/mark><\/li>\n\n\n\n<li>Punto 73: RIOZINHO (NO RIO) FTE A SERV. FAMIGLIA NUNES: <mark style=\"background-color:#08f33b\" class=\"has-inline-color\">Proprio <\/mark><\/li>\n\n\n\n<li>PUNTO 75: 100 m a destra di Riozinho (in mare): <mark style=\"background-color:#08f33b\" class=\"has-inline-color\">Proprio<\/mark><\/li>\n\n\n\n<li>PUNTO 89: Fondi Fte Posto Salva Vidas, CEEL: <mark style=\"background-color:#08f33b\" class=\"has-inline-color\">Proprio<\/mark><\/li>\n\n\n\n<li>PUNTO 90: Areias do Campeche \u2013 Fte Rua Lomba do Sab: <mark style=\"background-color:#08f33b\" class=\"has-inline-color\">Proprio<\/mark><\/li>\n<\/ul>\n\n\n\n<h4 class=\"wp-block-heading\"><span class=\"ez-toc-section\" id=\"Praia_do_Forte\"><\/span>Praia do Forte<span class=\"ez-toc-section-end\"><\/span><\/h4>\n\n\n\n<p>Punto 17: ALL&#039;INGRESSO DELLA SPIAGGIA: <mark style=\"background-color:#f50c0c\" class=\"has-inline-color\">Improprio<\/mark><\/p>\n\n\n\n<h4 class=\"wp-block-heading\"><span class=\"ez-toc-section\" id=\"Praia_do_Itaguacu\"><\/span>Spiaggia di Itagua\u00e7u<span class=\"ez-toc-section-end\"><\/span><\/h4>\n\n\n\n<p>Punto 6: TRA TR\u00caVO E RUA EUCLIDES DA CUNHA: <mark style=\"background-color:#08f33b\" class=\"has-inline-color\">Proprio<\/mark><\/p>\n\n\n\n<h4 class=\"wp-block-heading\"><span class=\"ez-toc-section\" id=\"Praia_do_Jardim_Atlantico\"><\/span>Spiaggia del Giardino Atlantico<span class=\"ez-toc-section-end\"><\/span><\/h4>\n\n\n\n<p>Punto 1: FRONTE VIA ELESB\u00c3O PINTO DA LUZ: <mark style=\"background-color:#f50c0c\" class=\"has-inline-color\">Improprio<\/mark><\/p>\n\n\n\n<h4 class=\"wp-block-heading\"><span class=\"ez-toc-section\" id=\"Praia_do_Jose_Mendes\"><\/span>Spiaggia Jos\u00e9 Mendes<span class=\"ez-toc-section-end\"><\/span><\/h4>\n\n\n\n<p>Punto 52: IN MEZZO ALLA SPIAGGIA: <mark style=\"background-color:#f50c0c\" class=\"has-inline-color\">Improprio<\/mark><\/p>\n\n\n\n<h4 class=\"wp-block-heading\"><span class=\"ez-toc-section\" id=\"Praia_do_Matadouro\"><\/span>La spiaggia di Matadouro<span class=\"ez-toc-section-end\"><\/span><\/h4>\n\n\n\n<p>punto 3: Belmira Isabel Martins: <mark style=\"background-color:#f50c0c\" class=\"has-inline-color\">Improprio<\/mark><\/p>\n\n\n\n<h4 class=\"wp-block-heading\"><span class=\"ez-toc-section\" id=\"Praia_do_Meio\"><\/span>Praia do Meio<span class=\"ez-toc-section-end\"><\/span><\/h4>\n\n\n\n<p>Punto 5: al centro della spiaggia:  <mark style=\"background-color:#23fe04\" class=\"has-inline-color\">Possedere<\/mark><\/p>\n\n\n\n<p>Spiaggia del Mozambico<\/p>\n\n\n\n<p>Punto 87: Rod.SC 406 km 10,5, di fronte all&#039;accesso:  <mark style=\"background-color:#23fe04\" class=\"has-inline-color\">Possedere<\/mark><\/p>\n\n\n\n<p>Spiaggia Morro das Pedras<\/p>\n\n\n\n<p>PUNTO 91: Curva SC 406:  <mark style=\"background-color:#23fe04\" class=\"has-inline-color\">Possedere<\/mark><\/p>\n\n\n\n<p>Spiaggia Pantano do Sul<\/p>\n\n\n\n<p>Punto 45: FRONTE RUA ABELARDO OTACILIO GOMES:  <mark style=\"background-color:#23fe04\" class=\"has-inline-color\">Possedere<\/mark><\/p>\n\n\n\n<p>PUNTO 93: Fte Rua Algas Marinhas \u2013 A:  <mark style=\"background-color:#23fe04\" class=\"has-inline-color\">Possedere<\/mark><\/p>\n\n\n\n<p>Spiaggia di Ribeir\u00e3o da Ilha<\/p>\n\n\n\n<p>Punto 47: FRONTE DELLA PIAZZA:  <mark style=\"background-color:#23fe04\" class=\"has-inline-color\">Possedere<\/mark><\/p>\n\n\n\n<p>Spiaggia del Sant\u00ednho<\/p>\n\n\n\n<p>Punto 31: 200 METRI A SINISTRA DELLA SPONDA SUD:  <mark style=\"background-color:#23fe04\" class=\"has-inline-color\">Possedere<\/mark><\/p>\n\n\n\n<h4 class=\"wp-block-heading\"><span class=\"ez-toc-section\" id=\"Praia_dos_Ingleses\"><\/span>Praia dos Ingles<span class=\"ez-toc-section-end\"><\/span><\/h4>\n\n\n\n<p>Tutti i punti di raccolta lo sono <mark style=\"background-color:#25fb06\" class=\"has-inline-color\">adatto per fare il bagno<\/mark> \ud83c\udde7\ud83c\uddf7<\/p>\n\n\n\n<ul class=\"wp-block-list\">\n<li>Punto 27: FRONTE FIUME CAPIVARI<\/li>\n\n\n\n<li>Punto 28: DAVANTI ALLA STAZIONE DI SALVATAGGIO<\/li>\n\n\n\n<li>Punto 29: DAVANTI A VIA CHIESA<\/li>\n\n\n\n<li>Punto 57: DAVANTI A RUA DO SIRI<\/li>\n\n\n\n<li>Punto 58: DAVANTI A RUA DANTE DE PATA<\/li>\n\n\n\n<li>Punto 77: Di fronte a Rua Morro das Feiticeiras, all&#039;angolo sinistro<\/li>\n\n\n\n<li>Quota 78: Davanti al gasdotto, a sinistra della quota 28<\/li>\n<\/ul>\n\n\n\n<h4 class=\"wp-block-heading\"><span class=\"ez-toc-section\" id=\"Praia_Mole\"><\/span>Praia Mole<span class=\"ez-toc-section-end\"><\/span><\/h4>\n\n\n\n<p>Punto 71: ACCESSO PRINCIPALE:  <mark style=\"background-color:#23fe04\" class=\"has-inline-color\">Possedere<\/mark><\/p>\n\n\n\n<h3 class=\"wp-block-heading\"><span class=\"ez-toc-section\" id=\"Garopaba\"><\/span>Garopaba<span class=\"ez-toc-section-end\"><\/span><\/h3>\n\n\n\n<p>Tutte le spiagge di Garopaba lo sono <mark style=\"background-color:#23f505\" class=\"has-inline-color\">adatto per fare il bagno<\/mark><code><mark style=\"background-color:#23f505\" class=\"has-inline-color\">.<\/mark><\/code> \ud83c\udde7\ud83c\uddf7<\/p>\n\n\n\n<h4 class=\"wp-block-heading\"><span class=\"ez-toc-section\" id=\"Lagoa_da_Ferrugem\"><\/span>Laguna Ferrugem<span class=\"ez-toc-section-end\"><\/span><\/h4>\n\n\n\n<p>Punto 4: IL DIRITTO DI ACCESSO PRINCIPALE \u2013 STRADA GENERALE DEL<br>RUGGINE:  <mark style=\"background-color:#23fe04\" class=\"has-inline-color\">Possedere<\/mark><\/p>\n\n\n\n<h4 class=\"wp-block-heading\"><span class=\"ez-toc-section\" id=\"Praia_da_Vigia\"><\/span>Spiaggia della Vigia<span class=\"ez-toc-section-end\"><\/span><\/h4>\n\n\n\n<p>PUNTO 05: ACCESSO PRINCIPALE FTE:  <mark style=\"background-color:#23fe04\" class=\"has-inline-color\">Possedere<\/mark><\/p>\n\n\n\n<h4 class=\"wp-block-heading\"><span class=\"ez-toc-section\" id=\"Praia_de_Garopaba\"><\/span>Spiaggia di Garopaba<span class=\"ez-toc-section-end\"><\/span><\/h4>\n\n\n\n<ul class=\"wp-block-list\">\n<li>Punto 01: Davanti alla piazza:  <mark style=\"background-color:#23fe04\" class=\"has-inline-color\">Possedere<\/mark><\/li>\n\n\n\n<li>Punto 02: Rua Lauro S.Muller:  <mark style=\"background-color:#23fe04\" class=\"has-inline-color\">Possedere<\/mark><\/li>\n<\/ul>\n\n\n\n<h4 class=\"wp-block-heading\"><span class=\"ez-toc-section\" id=\"Praia_do_Siriu\"><\/span>Spiaggia di Siri\u00fa<span class=\"ez-toc-section-end\"><\/span><\/h4>\n\n\n\n<p>Punto 03: Strada generale per la spiaggia di Siri\u00fa:  <mark style=\"background-color:#23fe04\" class=\"has-inline-color\">Possedere<\/mark><\/p>\n\n\n\n<h3 class=\"wp-block-heading\"><span class=\"ez-toc-section\" id=\"Governador_Celso_Ramos\"><\/span>Governatore Celso Ramos<span class=\"ez-toc-section-end\"><\/span><\/h3>\n\n\n\n<h4 class=\"wp-block-heading\"><span class=\"ez-toc-section\" id=\"Praia_da_Armacao_da_Piedade\"><\/span>Praia da Arma\u00e7\u00e3o da Piedade<span class=\"ez-toc-section-end\"><\/span><\/h4>\n\n\n\n<p>Punto 1: al centro della spiaggia:  <mark style=\"background-color:#23fe04\" class=\"has-inline-color\">Possedere<\/mark><\/p>\n\n\n\n<p>Spiaggia della Baia dos Golfinhos<\/p>\n\n\n\n<p>Punto 03: A destra del magazzino:  <mark style=\"background-color:#23fe04\" class=\"has-inline-color\">Possedere<\/mark><\/p>\n\n\n\n<h4 class=\"wp-block-heading\"><span class=\"ez-toc-section\" id=\"Praia_da_Fazenda_da_Armacao\"><\/span>Praia da Fazenda da Arma\u00e7\u00e3o<span class=\"ez-toc-section-end\"><\/span><\/h4>\n\n\n\n<p>Punto 7: Rua Greg\u00f3rio Monteiro<mark style=\"background-color:#f70505\" class=\"has-inline-color\">: Inappropriato<\/mark><\/p>\n\n\n\n<p>Punto 8: Rua Gerino B. dos Santos \u2013 vicino al ruscello:  <mark style=\"background-color:#23fe04\" class=\"has-inline-color\">Possedere<\/mark><\/p>\n\n\n\n<h4 class=\"wp-block-heading\"><span class=\"ez-toc-section\" id=\"Praia_da_Gamboa\"><\/span>Spiaggia Gamboa<span class=\"ez-toc-section-end\"><\/span><\/h4>\n\n\n\n<p>Punto 9: Rua Flamboiam<mark style=\"background-color:#f70505\" class=\"has-inline-color\">: Inappropriato<\/mark><\/p>\n\n\n\n<h4 class=\"wp-block-heading\"><span class=\"ez-toc-section\" id=\"Praia_de_Calheiros\"><\/span>Spiaggia di Calheiros<span class=\"ez-toc-section-end\"><\/span><\/h4>\n\n\n\n<p>Punto 16: Angolo sinistro della spiaggia:  <mark style=\"background-color:#23fe04\" class=\"has-inline-color\">Possedere<\/mark><\/p>\n\n\n\n<h4 class=\"wp-block-heading\"><span class=\"ez-toc-section\" id=\"Praia_de_Canto_de_Ganchos\"><\/span>Spiaggia di Canto de Ganchos<span class=\"ez-toc-section-end\"><\/span><\/h4>\n\n\n\n<p>Punto 12: Rua Deodoro Simas Custodio, a sinistra del torrente<mark style=\"background-color:#f70505\" class=\"has-inline-color\">: Inappropriato<\/mark><\/p>\n\n\n\n<h4 class=\"wp-block-heading\"><span class=\"ez-toc-section\" id=\"Praia_de_Ganchos\"><\/span>Spiaggia Ganchos<span class=\"ez-toc-section-end\"><\/span><\/h4>\n\n\n\n<p>Punto 13: Av. Altezza ganci n. 1008 a destra del magazzino<mark style=\"background-color:#f70505\" class=\"has-inline-color\">: Inappropriato<\/mark><\/p>\n\n\n\n<p>Spiaggia Ganchos de Fora<\/p>\n\n\n\n<p>Punto 15: Canale di scolo Fte Rua dos Navegantes (in mare):  <mark style=\"background-color:#23fe04\" class=\"has-inline-color\">Possedere<\/mark><\/p>\n\n\n\n<h4 class=\"wp-block-heading\"><span class=\"ez-toc-section\" id=\"Praia_de_Palmas\"><\/span>Spiaggia di Palma<span class=\"ez-toc-section-end\"><\/span><\/h4>\n\n\n\n<p>Punto 2: Av. Aderbal Ramos da Silva:  <mark style=\"background-color:#23fe04\" class=\"has-inline-color\">Possedere<\/mark><\/p>\n\n\n\n<p>Punto 11: Di fronte a Rua 51, a sinistra. Alameda das Laranjeiras. SV giusto:  <mark style=\"background-color:#23fe04\" class=\"has-inline-color\">Possedere<\/mark><\/p>\n\n\n\n<p>Punto 14: Di fronte a Rua das Samambaias:  <mark style=\"background-color:#23fe04\" class=\"has-inline-color\">Possedere<\/mark><\/p>\n\n\n\n<h4 class=\"wp-block-heading\"><span class=\"ez-toc-section\" id=\"Praia_do_Antenor\"><\/span>Spiaggia di Antenore<span class=\"ez-toc-section-end\"><\/span><\/h4>\n\n\n\n<p>Punto 04: al centro della spiaggia:  <mark style=\"background-color:#23fe04\" class=\"has-inline-color\">Possedere<\/mark><\/p>\n\n\n\n<p>Punto 5: Angolo sinistro davanti al ruscello:  <mark style=\"background-color:#23fe04\" class=\"has-inline-color\">Possedere<\/mark><\/p>\n\n\n\n<h4 class=\"wp-block-heading\"><span class=\"ez-toc-section\" id=\"Praia_do_Magalhoes\"><\/span>Spiaggia Magalh\u00f5es<span class=\"ez-toc-section-end\"><\/span><\/h4>\n\n\n\n<p>Punto 06: Rua Beija Flor davanti alla rampa<strong>:  <mark style=\"background-color:#23fe04\" class=\"has-inline-color\">Possedere<\/mark><\/strong><\/p>\n\n\n\n<h4 class=\"wp-block-heading\"><span class=\"ez-toc-section\" id=\"Praia_Grande\"><\/span>Grande spiaggia<span class=\"ez-toc-section-end\"><\/span><\/h4>\n\n\n\n<p>Punto 10: Av. CARAVELAS:  <mark style=\"background-color:#23fe04\" class=\"has-inline-color\">Possedere<\/mark><\/p>\n\n\n\n<h3 class=\"wp-block-heading\"><span class=\"ez-toc-section\" id=\"Imbituba\"><\/span>Imbituba<span class=\"ez-toc-section-end\"><\/span><\/h3>\n\n\n\n<h4 class=\"wp-block-heading\"><span class=\"ez-toc-section\" id=\"Praia_de_Ibiraquera\"><\/span>Spiaggia di Ibiraquera<span class=\"ez-toc-section-end\"><\/span><\/h4>\n\n\n\n<ul class=\"wp-block-list\">\n<li>Punto 02: Vicino all&#039;imboccatura della barra:  <mark style=\"background-color:#23fe04\" class=\"has-inline-color\">Possedere<\/mark><\/li>\n\n\n\n<li>Punto 04: Fronte Rua Joao Martins, salva vite umane:  <mark style=\"background-color:#23fe04\" class=\"has-inline-color\">Possedere<\/mark><\/li>\n\n\n\n<li>Punto 03: 100 m a sud dell&#039;imboccatura della sbarra:  <mark style=\"background-color:#23fe04\" class=\"has-inline-color\">Possedere<\/mark><\/li>\n<\/ul>\n\n\n\n<h4 class=\"wp-block-heading\"><span class=\"ez-toc-section\" id=\"Praia_da_Vila_Nova\"><\/span>Spiaggia di Vila Nova<span class=\"ez-toc-section-end\"><\/span><\/h4>\n\n\n\n<ul class=\"wp-block-list\">\n<li>Punto 06: Rua Francisco Moreira Alves:  <mark style=\"background-color:#23fe04\" class=\"has-inline-color\">Possedere<\/mark><\/li>\n\n\n\n<li>Punto 07: Via Hans de Schmidt:  <mark style=\"background-color:#23fe04\" class=\"has-inline-color\">Possedere<\/mark><\/li>\n<\/ul>\n\n\n\n<h4 class=\"wp-block-heading\"><span class=\"ez-toc-section\" id=\"Praia_do_Porto\"><\/span>Spiaggia di Oporto<span class=\"ez-toc-section-end\"><\/span><\/h4>\n\n\n\n<ul class=\"wp-block-list\">\n<li>Punto 08: A sinistra del molo centrale: Non idoneo<\/li>\n\n\n\n<li>Punto 05: Accanto alla nave arenata:  <mark style=\"background-color:#23fe04\" class=\"has-inline-color\">Possedere<\/mark><\/li>\n<\/ul>\n\n\n\n<h4 class=\"wp-block-heading\"><span class=\"ez-toc-section\" id=\"Praia_do_Rosa\"><\/span>Praia do Rosa<span class=\"ez-toc-section-end\"><\/span><\/h4>\n\n\n\n<p>Punto 01: Angolo Sud:  <mark style=\"background-color:#23fe04\" class=\"has-inline-color\">Possedere<\/mark><\/p>\n\n\n\n<h3 class=\"wp-block-heading\"><span class=\"ez-toc-section\" id=\"Itajai\"><\/span>Itajai<span class=\"ez-toc-section-end\"><\/span><\/h3>\n\n\n\n<h4 class=\"wp-block-heading\"><span class=\"ez-toc-section\" id=\"Praia_Brava-2\"><\/span>Praia Brava<span class=\"ez-toc-section-end\"><\/span><\/h4>\n\n\n\n<p>Punto 03: AV. JOS\u00c9 M. VIEIRA DAVANTI A RUA DOCA REBELLO:  <mark style=\"background-color:#23fe04\" class=\"has-inline-color\">Possedere<\/mark><\/p>\n\n\n\n<p>Punto 04: FTE AL CONGEDO DI LAGOA, R. JOS\u00c9 MANOEL C. SILVA:  <mark style=\"background-color:#23fe04\" class=\"has-inline-color\">Possedere<\/mark><\/p>\n\n\n\n<p>Punto 05: Di fronte al Salva Vidas Post 11:  <mark style=\"background-color:#23fe04\" class=\"has-inline-color\">Possedere<\/mark><\/p>\n\n\n\n<h4 class=\"wp-block-heading\"><span class=\"ez-toc-section\" id=\"Praia_de_Cabecudas\"><\/span>Praia de Cabe\u00e7udas<span class=\"ez-toc-section-end\"><\/span><\/h4>\n\n\n\n<p>Punto 01: FRONTE VIA QUINTINO BOCAI\u00daVA:  <mark style=\"background-color:#23fe04\" class=\"has-inline-color\">Possedere<\/mark><\/p>\n\n\n\n<h4 class=\"wp-block-heading\"><span class=\"ez-toc-section\" id=\"Praia_do_Atalaia\"><\/span>Spiaggia Atalaia<span class=\"ez-toc-section-end\"><\/span><\/h4>\n\n\n\n<p>Punto 02: DAVANTI AL POST SAVES LIVES:  <mark style=\"background-color:#23fe04\" class=\"has-inline-color\">Possedere<\/mark><\/p>\n\n\n\n<h3 class=\"wp-block-heading\"><span class=\"ez-toc-section\" id=\"Itapema\"><\/span>Itapema<span class=\"ez-toc-section-end\"><\/span><\/h3>\n\n\n\n<ul class=\"wp-block-list\">\n<li>Punto 01: 113esima Strada:  <mark style=\"background-color:#23fe04\" class=\"has-inline-color\">Possedere<\/mark><\/li>\n\n\n\n<li>Punto 02: 149esima Strada:  <mark style=\"background-color:#23fe04\" class=\"has-inline-color\">Possedere<\/mark><\/li>\n\n\n\n<li>Punto 03: 227esima Strada<mark style=\"background-color:#fc0505\" class=\"has-inline-color\">: Inappropriato<\/mark><\/li>\n\n\n\n<li>Punto 04: 319esima Strada:  <mark style=\"background-color:#23fe04\" class=\"has-inline-color\">Possedere<\/mark><\/li>\n\n\n\n<li>Punto 05 205th Street<mark style=\"background-color:#fc0505\" class=\"has-inline-color\">: Inappropriato<\/mark><\/li>\n\n\n\n<li>Punto 07: Rua 129 E 1 \u2013 a sud del fiume Bela Cruz:  <mark style=\"background-color:#23fe04\" class=\"has-inline-color\">Possedere<\/mark><\/li>\n\n\n\n<li>Punto 08: 261\u00aa Strada:  <mark style=\"background-color:#23fe04\" class=\"has-inline-color\">Possedere<\/mark><\/li>\n\n\n\n<li>Punto 09: 163\u00aa Strada:  <mark style=\"background-color:#23fe04\" class=\"has-inline-color\">Possedere<\/mark><\/li>\n<\/ul>\n\n\n\n<h4 class=\"wp-block-heading\"><span class=\"ez-toc-section\" id=\"Praia_do_Porto-2\"><\/span>Spiaggia di Oporto<span class=\"ez-toc-section-end\"><\/span><\/h4>\n\n\n\n<p>PUNTO 10: FTE RUA 1100:  <mark style=\"background-color:#23fe04\" class=\"has-inline-color\">Possedere<\/mark><\/p>\n\n\n\n<h3 class=\"wp-block-heading\"><span class=\"ez-toc-section\" id=\"Itapoa\"><\/span>Itapo\u00e3<span class=\"ez-toc-section-end\"><\/span><\/h3>\n\n\n\n<h4 class=\"wp-block-heading\"><span class=\"ez-toc-section\" id=\"Praia_de_Itapoa\"><\/span>La spiaggia di Itapoa<span class=\"ez-toc-section-end\"><\/span><\/h4>\n\n\n\n<p>Tutte le spiagge lo sono <mark style=\"background-color:#15f415\" class=\"has-inline-color has-nv-dark-bg-color\">adatto per fare il bagno<\/mark>. \ud83d\ude42<\/p>\n\n\n\n<ul class=\"wp-block-list\">\n<li>Punto 1: BAL. BRAS\u00cdLIA \u2013 FINE AVENIDA 650<\/li>\n\n\n\n<li>Punto 02: BAL. PAESE \u2013 TRA 1020 E 1030 VIA<\/li>\n\n\n\n<li>Punto 03: BAL. PALMEIRAS-RUA 1970<\/li>\n\n\n\n<li>Punto 04: BAL. BARRA DO SA\u00cd \u2013 RUA 20<\/li>\n\n\n\n<li>Punto 5: AV. D. HENRIQUE II, FTE AL PUNTO DI VISTA (A RIO)<\/li>\n<\/ul>\n\n\n\n<h3 class=\"wp-block-heading\"><span class=\"ez-toc-section\" id=\"Jaguaruna\"><\/span>Jaguaruna<span class=\"ez-toc-section-end\"><\/span><\/h3>\n\n\n\n<h4 class=\"wp-block-heading\"><span class=\"ez-toc-section\" id=\"Canal_do_Camacho\"><\/span>Canale di Camacho<span class=\"ez-toc-section-end\"><\/span><\/h4>\n\n\n\n<p>Punto 03: Accanto al ponte:  <mark style=\"background-color:#23fe04\" class=\"has-inline-color\">Possedere<\/mark><\/p>\n\n\n\n<h4 class=\"wp-block-heading\"><span class=\"ez-toc-section\" id=\"Lagoa_do_Arroio_Corrente\"><\/span>Laguna dell&#039;Arroio Corrente<span class=\"ez-toc-section-end\"><\/span><\/h4>\n\n\n\n<p>Punto 02: Alla presa d&#039;acqua di Chuveir\u00e3o:  <mark style=\"background-color:#23fe04\" class=\"has-inline-color\">Possedere<\/mark><\/p>\n\n\n\n<h4 class=\"wp-block-heading\"><span class=\"ez-toc-section\" id=\"Praia_do_Arroio_Corrente\"><\/span>Spiaggia dell&#039;Arroio Corrente<span class=\"ez-toc-section-end\"><\/span><\/h4>\n\n\n\n<p>Punto 01: 300 m a sud della foce del torrente Corrente:  <mark style=\"background-color:#23fe04\" class=\"has-inline-color\">Possedere<\/mark><\/p>\n\n\n\n<h3 class=\"wp-block-heading\"><span class=\"ez-toc-section\" id=\"Joinville\"><\/span>Joinville<span class=\"ez-toc-section-end\"><\/span><\/h3>\n\n\n\n<h4 class=\"wp-block-heading\"><span class=\"ez-toc-section\" id=\"Praia_de_Vigorelli\"><\/span>Spiaggia Vigorelli<span class=\"ez-toc-section-end\"><\/span><\/h4>\n\n\n\n<p>Punto 1: 50 METRI A SINISTRA DELLE TRAPICHE:  <mark style=\"background-color:#23fe04\" class=\"has-inline-color\">Possedere<\/mark><\/p>\n\n\n\n<h3 class=\"wp-block-heading\"><span class=\"ez-toc-section\" id=\"Laguna\"><\/span>Laguna<span class=\"ez-toc-section-end\"><\/span><\/h3>\n\n\n\n<h4 class=\"wp-block-heading\"><span class=\"ez-toc-section\" id=\"Lagoa_de_Cabecudas\"><\/span>Laguna di Cabe\u00e7udas<span class=\"ez-toc-section-end\"><\/span><\/h4>\n\n\n\n<p>Punto 04: Di fronte al Km 313 della BR 101:  <mark style=\"background-color:#23fe04\" class=\"has-inline-color\">Possedere<\/mark><\/p>\n\n\n\n<h4 class=\"wp-block-heading\"><span class=\"ez-toc-section\" id=\"Praia_da_Teresa\"><\/span>Spiaggia Teresa<span class=\"ez-toc-section-end\"><\/span><\/h4>\n\n\n\n<p>Punto 05: Al centro della spiaggia:  <mark style=\"background-color:#23fe04\" class=\"has-inline-color\">Possedere<\/mark><\/p>\n\n\n\n<h4 class=\"wp-block-heading\"><span class=\"ez-toc-section\" id=\"Praia_de_Itapiruba\"><\/span>Spiaggia di Itapirub\u00e1<span class=\"ez-toc-section-end\"><\/span><\/h4>\n\n\n\n<p>Punto 01: 100 m dalla costa sud:  <mark style=\"background-color:#23fe04\" class=\"has-inline-color\">Possedere<\/mark><\/p>\n\n\n\n<h4 class=\"wp-block-heading\"><span class=\"ez-toc-section\" id=\"Praia_do_Cardoso\"><\/span>Spiaggia del Cardoso<span class=\"ez-toc-section-end\"><\/span><\/h4>\n\n\n\n<p>Punto 06: All&#039;estrema sinistra della spiaggia:  <mark style=\"background-color:#23fe04\" class=\"has-inline-color\">Possedere<\/mark><\/p>\n\n\n\n<h4 class=\"wp-block-heading\"><span class=\"ez-toc-section\" id=\"Praia_do_GI\"><\/span>Spiaggia GI<span class=\"ez-toc-section-end\"><\/span><\/h4>\n\n\n\n<p>Punto 02: Di fronte alla stazione Salva Vidas<strong>:  <mark style=\"background-color:#23fe04\" class=\"has-inline-color\">Possedere<\/mark><\/strong><\/p>\n\n\n\n<h4 class=\"wp-block-heading\"><span class=\"ez-toc-section\" id=\"Praia_do_Mar_Grosso\"><\/span>Praia do Mar Grosso<span class=\"ez-toc-section-end\"><\/span><\/h4>\n\n\n\n<p>Punto 03: Di fronte all&#039;emissario CASAN:  <mark style=\"background-color:#23fe04\" class=\"has-inline-color\">Possedere<\/mark><\/p>\n\n\n\n<h4 class=\"wp-block-heading\"><span class=\"ez-toc-section\" id=\"Prainha_do_Farol\"><\/span>Prainha do Farol<span class=\"ez-toc-section-end\"><\/span><\/h4>\n\n\n\n<p>Punto 07: All&#039;ingresso della spiaggia:  <mark style=\"background-color:#23fe04\" class=\"has-inline-color\">Possedere<\/mark><\/p>\n\n\n\n<h3 class=\"wp-block-heading\"><span class=\"ez-toc-section\" id=\"Navegantes\"><\/span>Navigatori<span class=\"ez-toc-section-end\"><\/span><\/h3>\n\n\n\n<h4 class=\"wp-block-heading\"><span class=\"ez-toc-section\" id=\"Praia_de_Navegantes\"><\/span>Spiaggia di Navegantes<span class=\"ez-toc-section-end\"><\/span><\/h4>\n\n\n\n<p>Punto 2: FRONTE VIA 8150-POSTO 7 SALVA VITE:  <mark style=\"background-color:#23fe04\" class=\"has-inline-color\">Possedere<\/mark><\/p>\n\n\n\n<p>Punto 3: FRONTE RUA JULIA C. DO NASCIMENTO:  <mark style=\"background-color:#23fe04\" class=\"has-inline-color\">Possedere<\/mark><\/p>\n\n\n\n<p>Punto 4: FOZ DEL FIUME GRAVAT\u00c1:  <mark style=\"background-color:#23fe04\" class=\"has-inline-color\">Possedere<\/mark><\/p>\n\n\n\n<p>Punto 05: Di fronte all&#039;Avenida Jo\u00e3o Sacavem:  <mark style=\"background-color:#23fe04\" class=\"has-inline-color\">Possedere<\/mark><\/p>\n\n\n\n<h3 class=\"wp-block-heading\"><span class=\"ez-toc-section\" id=\"Palhoca\"><\/span>Palho\u00e7a<span class=\"ez-toc-section-end\"><\/span><\/h3>\n\n\n\n<h4 class=\"wp-block-heading\"><span class=\"ez-toc-section\" id=\"Guarda_do_Emabu\"><\/span>Guardia Emabu<span class=\"ez-toc-section-end\"><\/span><\/h4>\n\n\n\n<p>Punto 03: Sul fiume, di fronte al paese:  <mark style=\"background-color:#23fe04\" class=\"has-inline-color\">Possedere<\/mark><\/p>\n\n\n\n<h4 class=\"wp-block-heading\"><span class=\"ez-toc-section\" id=\"Praia_da_Pinheira\"><\/span>Spiaggia di Pinheira<span class=\"ez-toc-section-end\"><\/span><\/h4>\n\n\n\n<ul class=\"wp-block-list\">\n<li>Punto 02: RUA DO PESCADORES:  <mark style=\"background-color:#23fe04\" class=\"has-inline-color\">Possedere<\/mark><\/li>\n\n\n\n<li>Punto 05: RUA BEIRA RIO, A RIO:  <mark style=\"background-color:#23fe04\" class=\"has-inline-color\">Possedere<\/mark><\/li>\n\n\n\n<li>Punto 06: Ponta do Papagaio Save Life Post Front:  <mark style=\"background-color:#23fe04\" class=\"has-inline-color\">Possedere<\/mark><\/li>\n<\/ul>\n\n\n\n<h4 class=\"wp-block-heading\"><span class=\"ez-toc-section\" id=\"Praia_de_Fora\"><\/span>Praia de Fora<span class=\"ez-toc-section-end\"><\/span><\/h4>\n\n\n\n<p>Punto 04: Rua Ant\u00f4nio J\u00falio Fagundes<mark style=\"background-color:#fd0d0d\" class=\"has-inline-color\">: Inappropriato<\/mark><\/p>\n\n\n\n<p>PUNTO 07: FTE RUA DO GIRASSOL<mark style=\"background-color:#fd0d0d\" class=\"has-inline-color\">: Inappropriato<\/mark><\/p>\n\n\n\n<h4 class=\"wp-block-heading\"><span class=\"ez-toc-section\" id=\"Praia_do_Sonho\"><\/span>Spiaggia da sogno<span class=\"ez-toc-section-end\"><\/span><\/h4>\n\n\n\n<p>Punto 01: Rua Canind\u00e9:  <mark style=\"background-color:#23fe04\" class=\"has-inline-color\">Possedere<\/mark><\/p>\n\n\n\n<h3 class=\"wp-block-heading\"><span class=\"ez-toc-section\" id=\"Passo_de_Torres\"><\/span>Passo Torres<span class=\"ez-toc-section-end\"><\/span><\/h3>\n\n\n\n<h4 class=\"wp-block-heading\"><span class=\"ez-toc-section\" id=\"Braco_Morto_do_Rio_Mampituba\"><\/span>Braccio morto del fiume Mampituba<span class=\"ez-toc-section-end\"><\/span><\/h4>\n\n\n\n<p>Punto 2: vicino al ponte<mark style=\"background-color:#fd0d0d\" class=\"has-inline-color\">: Inappropriato<\/mark><\/p>\n\n\n\n<h4 class=\"wp-block-heading\"><span class=\"ez-toc-section\" id=\"Praia_de_Passo_de_Torres\"><\/span>Spiaggia del Passo di Torres<span class=\"ez-toc-section-end\"><\/span><\/h4>\n\n\n\n<p>Punto 01: Rua Vinte de Maio:  <mark style=\"background-color:#23fe04\" class=\"has-inline-color\">Possedere<\/mark><\/p>\n\n\n\n<h3 class=\"wp-block-heading\"><span class=\"ez-toc-section\" id=\"Paulo_Lopes\"><\/span>Paolo Lopes<span class=\"ez-toc-section-end\"><\/span><\/h3>\n\n\n\n<h4 class=\"wp-block-heading\"><span class=\"ez-toc-section\" id=\"Praia_da_Guarda_do_Embau\"><\/span>Spiaggia di Guarda do Embau<span class=\"ez-toc-section-end\"><\/span><\/h4>\n\n\n\n<p>Punto 01: Di fronte alla sedia del bagnino, in spiaggia:  <mark style=\"background-color:#23fe04\" class=\"has-inline-color\">Possedere<\/mark><\/p>\n\n\n\n<h3 class=\"wp-block-heading\"><span class=\"ez-toc-section\" id=\"Penha\"><\/span>penha<span class=\"ez-toc-section-end\"><\/span><\/h3>\n\n\n\n<h4 class=\"wp-block-heading\"><span class=\"ez-toc-section\" id=\"Praia_Alegre\"><\/span>Spiaggia di Alegre<span class=\"ez-toc-section-end\"><\/span><\/h4>\n\n\n\n<ul class=\"wp-block-list\">\n<li>Punto 1: DAVANTI A TRAV. PARTICOLARE MARCELO DOS SANTOS<mark style=\"background-color:#fd0d0d\" class=\"has-inline-color\">: Inappropriato<\/mark><\/li>\n\n\n\n<li>Punto 02: FOZ DEL FIUME PI\u00c7ARRAS:  <mark style=\"background-color:#23fe04\" class=\"has-inline-color\">Possedere<\/mark><\/li>\n<\/ul>\n\n\n\n<h4 class=\"wp-block-heading\"><span class=\"ez-toc-section\" id=\"Praia_da_Armacao_do_Itapocoroi\"><\/span>Praia da Arma\u00e7\u00e3o do Itapocor\u00f3i<span class=\"ez-toc-section-end\"><\/span><\/h4>\n\n\n\n<ul class=\"wp-block-list\">\n<li>Punto 03: FTE R. IN\u00caS DE SOUZA \u2013 PRAIA DO QUILOMBO:  <mark style=\"background-color:#23fe04\" class=\"has-inline-color\">Possedere<\/mark><\/li>\n\n\n\n<li>Punto 4: FTE R. BLUMENAU, 5450 \u2013 PRAIA DA FORTALEZA<mark style=\"background-color:#fd0d0d\" class=\"has-inline-color\">: Inappropriato<\/mark><\/li>\n\n\n\n<li>Punto 5: DAVANTI A RUA MARIA EMILIA COSTA<mark style=\"background-color:#fd0d0d\" class=\"has-inline-color\">: Inappropriato<\/mark><\/li>\n\n\n\n<li>Fermata 11: DAVANTI A RUA ANTONIO ANICETO DA COSTA<mark style=\"background-color:#fd0d0d\" class=\"has-inline-color\">: Inappropriato<\/mark><\/li>\n<\/ul>\n\n\n\n<h4 class=\"wp-block-heading\"><span class=\"ez-toc-section\" id=\"Praia_da_Saudade-2\"><\/span>Praia da Saudade<span class=\"ez-toc-section-end\"><\/span><\/h4>\n\n\n\n<p>Punto 06: ALL&#039;INGRESSO DELLA SPIAGGIA:  <mark style=\"background-color:#23fe04\" class=\"has-inline-color\">Possedere<\/mark><\/p>\n\n\n\n<h4 class=\"wp-block-heading\"><span class=\"ez-toc-section\" id=\"Praia_de_Sao_Miguel\"><\/span>Spiaggia di S\u00e3o Miguel<span class=\"ez-toc-section-end\"><\/span><\/h4>\n\n\n\n<p>Fermata 10: DAVANTI A RUA ARNO BECKER<mark style=\"background-color:#fd0d0d\" class=\"has-inline-color\">: Inappropriato<\/mark><\/p>\n\n\n\n<h4 class=\"wp-block-heading\"><span class=\"ez-toc-section\" id=\"Praia_Grande-2\"><\/span>Grande spiaggia<span class=\"ez-toc-section-end\"><\/span><\/h4>\n\n\n\n<p>Punto 08: VICINO ALLE PIETRE:  <mark style=\"background-color:#23fe04\" class=\"has-inline-color\">Possedere<\/mark><\/p>\n\n\n\n<h4 class=\"wp-block-heading\"><span class=\"ez-toc-section\" id=\"Praia_Vermelha\"><\/span>Spiaggia Rossa<span class=\"ez-toc-section-end\"><\/span><\/h4>\n\n\n\n<p>Punto 09: DAVANTI ALLA VIA DI ACCESSO PRINCIPALE:  <mark style=\"background-color:#23fe04\" class=\"has-inline-color\">Possedere<\/mark><\/p>\n\n\n\n<h4 class=\"wp-block-heading\"><span class=\"ez-toc-section\" id=\"Prainha_da_Penha\"><\/span>Prainha da Penha<span class=\"ez-toc-section-end\"><\/span><\/h4>\n\n\n\n<p>Punto 07: DAVANTI AL COLLO DI RITORNO (BACINO DELLA NONNA):  <mark style=\"background-color:#23fe04\" class=\"has-inline-color\">Possedere<\/mark><\/p>\n\n\n\n<h3 class=\"wp-block-heading\"><span class=\"ez-toc-section\" id=\"Porto_Belo\"><\/span>Porto Bello<span class=\"ez-toc-section-end\"><\/span><\/h3>\n\n\n\n<h4 class=\"wp-block-heading\"><span class=\"ez-toc-section\" id=\"Praia_de_Pereque\"><\/span>Spiaggia di Perequ\u00ea<span class=\"ez-toc-section-end\"><\/span><\/h4>\n\n\n\n<ul class=\"wp-block-list\">\n<li>Punto 03: Foce del fiume Perequezinho<mark style=\"background-color:#fd0d0d\" class=\"has-inline-color\">: Inappropriato<\/mark><\/li>\n\n\n\n<li>Punto 04: Rua Rubens Alves:  <mark style=\"background-color:#23fe04\" class=\"has-inline-color\">Possedere<\/mark><\/li>\n\n\n\n<li>Punto 05: Rua Alm. Fonseca Neves:  <mark style=\"background-color:#23fe04\" class=\"has-inline-color\">Possedere<\/mark><\/li>\n<\/ul>\n\n\n\n<h4 class=\"wp-block-heading\"><span class=\"ez-toc-section\" id=\"Praia_de_Porto_Belo\"><\/span>Spiaggia di Porto Belo<span class=\"ez-toc-section-end\"><\/span><\/h4>\n\n\n\n<ul class=\"wp-block-list\">\n<li>Punto 01: Rua Manoel F. da S. Neto \u2013 accanto al magazzino:  <mark style=\"background-color:#23fe04\" class=\"has-inline-color\">Possedere<\/mark><\/li>\n\n\n\n<li>Punto 02: Rua Jo\u00e3o B. Guerreiro:  <mark style=\"background-color:#23fe04\" class=\"has-inline-color\">Possedere<\/mark><\/li>\n\n\n\n<li>Punto 06: Rua Cap. Gualberto Leal Nunes:  <mark style=\"background-color:#23fe04\" class=\"has-inline-color\">Possedere<\/mark><\/li>\n<\/ul>\n\n\n\n<h3 class=\"wp-block-heading\"><span class=\"ez-toc-section\" id=\"Sao_Francisco_do_Sul\"><\/span>sud san francisco<span class=\"ez-toc-section-end\"><\/span><\/h3>\n\n\n\n<h4 class=\"wp-block-heading\"><span class=\"ez-toc-section\" id=\"Praia_da_Enseada\"><\/span>Praia da Enseada<span class=\"ez-toc-section-end\"><\/span><\/h4>\n\n\n\n<ul class=\"wp-block-list\">\n<li>Punto 1: DAVANTI AL POST LIFE SAVE:  <mark style=\"background-color:#23fe04\" class=\"has-inline-color\">Possedere<\/mark><\/li>\n\n\n\n<li>Punto 02: DAVANTI ALLA VIA MINAS GERAIS<strong>:  <mark style=\"background-color:#23fe04\" class=\"has-inline-color\">Possedere<\/mark><\/strong><\/li>\n\n\n\n<li>Punto 08: FRONTE ACRE STREET:  <mark style=\"background-color:#23fe04\" class=\"has-inline-color\">Possedere<\/mark><\/li>\n<\/ul>\n\n\n\n<h4 class=\"wp-block-heading\"><span class=\"ez-toc-section\" id=\"Praia_de_Itaguacu\"><\/span>Spiaggia di Itagua\u00e7u<span class=\"ez-toc-section-end\"><\/span><\/h4>\n\n\n\n<p>Punto 03: DI FRONTE A MANILA STREET:  <mark style=\"background-color:#23fe04\" class=\"has-inline-color\">Possedere<\/mark><\/p>\n\n\n\n<h4 class=\"wp-block-heading\"><span class=\"ez-toc-section\" id=\"Praia_do_Capri\"><\/span>spiaggia di Capri<span class=\"ez-toc-section-end\"><\/span><\/h4>\n\n\n\n<p>Punto 5: DI FRONTE A RUA INGLATERRA:  <mark style=\"background-color:#23fe04\" class=\"has-inline-color\">Possedere<\/mark><\/p>\n\n\n\n<h4 class=\"wp-block-heading\"><span class=\"ez-toc-section\" id=\"Praia_dos_Paulas\"><\/span>spiaggia di Paola<span class=\"ez-toc-section-end\"><\/span><\/h4>\n\n\n\n<ul class=\"wp-block-list\">\n<li>Punto 6: DAVANTI A PRA\u00c7A DA FIGUEIRA<mark style=\"background-color:#fd0d0d\" class=\"has-inline-color\">: Inappropriato<\/mark><\/li>\n\n\n\n<li>Punto 7: DAVANTI A PRA\u00c7A DO INGL\u00caS<mark style=\"background-color:#fd0d0d\" class=\"has-inline-color\">: Inappropriato<\/mark><\/li>\n<\/ul>\n\n\n\n<h4 class=\"wp-block-heading\"><span class=\"ez-toc-section\" id=\"Prainha_da_Enseada\"><\/span>Prainha da Enseada<span class=\"ez-toc-section-end\"><\/span><\/h4>\n\n\n\n<p>Punto 09: Di fronte a Calle Maceio, Fronte Salva Vidas 05:  <mark style=\"background-color:#23fe04\" class=\"has-inline-color\">Possedere<\/mark><\/p>\n\n\n\n<h3 class=\"wp-block-heading\"><span class=\"ez-toc-section\" id=\"Sao_Jose\"><\/span>San Jose<span class=\"ez-toc-section-end\"><\/span><\/h3>\n\n\n\n<h4 class=\"wp-block-heading\"><span class=\"ez-toc-section\" id=\"Praia_de_Guararema\"><\/span>La spiaggia di Guararema<span class=\"ez-toc-section-end\"><\/span><\/h4>\n\n\n\n<p>Punto 1: Angolo sinistro della spiaggia<mark style=\"background-color:#fd0d0d\" class=\"has-inline-color\">: Inappropriato<\/mark><\/p>\n\n\n\n<h2 class=\"wp-block-heading\"><span class=\"ez-toc-section\" id=\"Quais_as_praias_mais_limpas_de_Santa_Catarina\"><\/span>Quali sono le spiagge pi\u00f9 pulite di Santa Catarina?<span class=\"ez-toc-section-end\"><\/span><\/h2>\n\n\n\n<p>le spiagge di <strong>Garopada<\/strong>, <strong>Imbituba, Jaguaruna, Laguna, Palho\u00e7a e Pi\u00e7arras<\/strong> hanno tutti i punti adatti per fare il bagno.<\/p>\n\n\n\n<h2 class=\"wp-block-heading\"><span class=\"ez-toc-section\" id=\"Qual_a_praia_mais_poluida_de_Santa_Catarina\"><\/span>Qual \u00e8 la spiaggia pi\u00f9 inquinata di Santa Catarina?<span class=\"ez-toc-section-end\"><\/span><\/h2>\n\n\n\n<p>Le spiagge con tutti i punti inappropriati sono: Itapema, Joinville e S\u00e3o Jos\u00e9 a Praia de Guararema.<\/p>\n\n\n\n<p><\/p>\n\n\n\n<p>Leggi anche:<\/p>\n\n\n\n<p> <a href=\"https:\/\/wenttrip.com.br\/it\/brasile\/brasil-sul\/santa-catarina\/curiosita-su-santa-catarina\/\">Fatti su Santa Catarina<\/a><\/p>\n\n\n\n<p> <a href=\"https:\/\/wenttrip.com.br\/it\/brasile\/brasil-sul\/santa-catarina\/viste-di-santa-catarina\/\">Attrazioni di Santa Catarina<\/a><\/p>\n\n\n\n<p> <a href=\"https:\/\/wenttrip.com.br\/it\/brasile\/brasil-sul\/santa-catarina\/cosa-fare-a-santa-catarina\/\">Cosa fare a Santa Catarina<\/a><\/p>","protected":false},"excerpt":{"rendered":"<p>Negli ultimi giorni, ci\u00f2 che pi\u00f9 preoccupa i turisti diretti alle spiagge di SC \u00e8 la possibilit\u00e0 di fare il bagno in acque pulite e adatte alla balneazione. L&#039;Istituto Ambientale Santa Catarina \u2013 IMA, pubblica rapporti che informano sulla situazione delle spiagge. Il 31 agosto 2023,\u2026&nbsp;<a href=\"https:\/\/wenttrip.com.br\/it\/brasile\/brasil-sul\/santa-catarina\/spiagge-adatte-e-non-adatte-alla-balneazione-a-santa-catarina\/\" rel=\"bookmark\">Leggi tutto \u00bb<span class=\"screen-reader-text\">Spiagge adatte e non adatte alla balneazione a Santa Catarina<\/span><\/a><\/p>","protected":false},"author":1,"featured_media":14393,"comment_status":"open","ping_status":"closed","sticky":false,"template":"","format":"standard","meta":{"neve_meta_sidebar":"","neve_meta_container":"","neve_meta_enable_content_width":"","neve_meta_content_width":0,"neve_meta_title_alignment":"","neve_meta_author_avatar":"","neve_post_elements_order":"","neve_meta_disable_header":"","neve_meta_disable_footer":"","neve_meta_disable_title":"","footnotes":""},"categories":[1705],"tags":[3848,3847,3849,3850,2998],"class_list":["post-15048","post","type-post","status-publish","format-standard","has-post-thumbnail","hentry","category-santa-catarina","tag-aguas-limpas-para-banho","tag-aguas-proprias-e-improprias-para-banho","tag-mar-limpo","tag-mar-poluido","tag-santa-catarina"],"yoast_head":"<!-- This site is optimized with the Yoast SEO plugin v27.5 - https:\/\/yoast.com\/product\/yoast-seo-wordpress\/ -->\n<title>Praias pr\u00f3prias e impr\u00f3prias para banho em Santa Catarina - WentTrip<\/title>\n<meta name=\"description\" content=\"Nos \u00faltimos dias o que mais tem preocupado os turistas que est\u00e3o indo para as praias de SC, \u00e9 a possibilidade de tomar banho em \u00e1guas limp...\" \/>\n<meta name=\"robots\" content=\"index, follow, max-snippet:-1, max-image-preview:large, max-video-preview:-1\" \/>\n<link rel=\"canonical\" href=\"https:\/\/wenttrip.com.br\/it\/brasile\/brasil-sul\/santa-catarina\/spiagge-adatte-e-non-adatte-alla-balneazione-a-santa-catarina\/\" \/>\n<meta property=\"og:locale\" content=\"it_IT\" \/>\n<meta property=\"og:type\" content=\"article\" \/>\n<meta property=\"og:title\" content=\"Praias pr\u00f3prias e impr\u00f3prias para banho em Santa Catarina - WentTrip\" \/>\n<meta property=\"og:description\" content=\"Nos \u00faltimos dias o que mais tem preocupado os turistas que est\u00e3o indo para as praias de SC, \u00e9 a possibilidade de tomar banho em \u00e1guas limp...\" \/>\n<meta property=\"og:url\" content=\"https:\/\/wenttrip.com.br\/it\/brasile\/brasil-sul\/santa-catarina\/spiagge-adatte-e-non-adatte-alla-balneazione-a-santa-catarina\/\" \/>\n<meta property=\"og:site_name\" content=\"WentTrip\" \/>\n<meta property=\"article:publisher\" content=\"https:\/\/m.facebook.com\/profile.php\" \/>\n<meta property=\"article:author\" content=\"https:\/\/m.facebook.com\/profile.php\" \/>\n<meta property=\"article:published_time\" content=\"2023-01-19T10:44:05+00:00\" \/>\n<meta property=\"article:modified_time\" content=\"2023-09-19T17:50:15+00:00\" \/>\n<meta property=\"og:image\" content=\"https:\/\/wenttrip.com.br\/wp-content\/uploads\/2022\/12\/ponta-do-jacques-balneario-picarras-santa-catarina-clube-candeias.webp\" \/>\n\t<meta property=\"og:image:width\" content=\"800\" \/>\n\t<meta property=\"og:image:height\" content=\"533\" \/>\n\t<meta property=\"og:image:type\" content=\"image\/webp\" \/>\n<meta name=\"author\" content=\"Fernanda Machado\" \/>\n<meta name=\"twitter:card\" content=\"summary_large_image\" \/>\n<meta name=\"twitter:creator\" content=\"@https:\/\/twitter.com\/wenttrip\" \/>\n<meta name=\"twitter:site\" content=\"@wenttrip\" \/>\n<meta name=\"twitter:label1\" content=\"Scritto da\" \/>\n\t<meta name=\"twitter:data1\" content=\"Fernanda Machado\" \/>\n\t<meta name=\"twitter:label2\" content=\"Tempo di lettura stimato\" \/>\n\t<meta name=\"twitter:data2\" content=\"16 minuti\" \/>\n<script type=\"application\/ld+json\" class=\"yoast-schema-graph\">{\"@context\":\"https:\\\/\\\/schema.org\",\"@graph\":[{\"@type\":\"Article\",\"@id\":\"https:\\\/\\\/wenttrip.com.br\\\/it\\\/brasile\\\/brasil-sul\\\/santa-catarina\\\/spiagge-adatte-e-non-adatte-alla-balneazione-a-santa-catarina\\\/#article\",\"isPartOf\":{\"@id\":\"https:\\\/\\\/wenttrip.com.br\\\/it\\\/brasile\\\/brasil-sul\\\/santa-catarina\\\/spiagge-adatte-e-non-adatte-alla-balneazione-a-santa-catarina\\\/\"},\"author\":{\"name\":\"Fernanda Machado\",\"@id\":\"https:\\\/\\\/wenttrip.com.br\\\/it\\\/#\\\/schema\\\/person\\\/c0ff87b449a960037fdd1b024842fcf9\"},\"headline\":\"Praias pr\u00f3prias e impr\u00f3prias para banho em Santa Catarina\",\"datePublished\":\"2023-01-19T10:44:05+00:00\",\"dateModified\":\"2023-09-19T17:50:15+00:00\",\"mainEntityOfPage\":{\"@id\":\"https:\\\/\\\/wenttrip.com.br\\\/it\\\/brasile\\\/brasil-sul\\\/santa-catarina\\\/spiagge-adatte-e-non-adatte-alla-balneazione-a-santa-catarina\\\/\"},\"wordCount\":2820,\"commentCount\":0,\"publisher\":{\"@id\":\"https:\\\/\\\/wenttrip.com.br\\\/it\\\/#\\\/schema\\\/person\\\/c0ff87b449a960037fdd1b024842fcf9\"},\"image\":{\"@id\":\"https:\\\/\\\/wenttrip.com.br\\\/it\\\/brasile\\\/brasil-sul\\\/santa-catarina\\\/spiagge-adatte-e-non-adatte-alla-balneazione-a-santa-catarina\\\/#primaryimage\"},\"thumbnailUrl\":\"https:\\\/\\\/wenttrip.com.br\\\/wp-content\\\/uploads\\\/2022\\\/12\\\/ponta-do-jacques-balneario-picarras-santa-catarina-clube-candeias.webp\",\"keywords\":[\"\u00e1guas limpas para banho\",\"\u00e1guas pr\u00f3prias e impr\u00f3prias para banho\",\"mar limpo\",\"mar polu\u00eddo\",\"Santa Catarina\"],\"articleSection\":[\"Santa Catarina\"],\"inLanguage\":\"it-IT\",\"potentialAction\":[{\"@type\":\"CommentAction\",\"name\":\"Comment\",\"target\":[\"https:\\\/\\\/wenttrip.com.br\\\/it\\\/brasile\\\/brasil-sul\\\/santa-catarina\\\/spiagge-adatte-e-non-adatte-alla-balneazione-a-santa-catarina\\\/#respond\"]}]},{\"@type\":\"WebPage\",\"@id\":\"https:\\\/\\\/wenttrip.com.br\\\/it\\\/brasile\\\/brasil-sul\\\/santa-catarina\\\/spiagge-adatte-e-non-adatte-alla-balneazione-a-santa-catarina\\\/\",\"url\":\"https:\\\/\\\/wenttrip.com.br\\\/it\\\/brasile\\\/brasil-sul\\\/santa-catarina\\\/spiagge-adatte-e-non-adatte-alla-balneazione-a-santa-catarina\\\/\",\"name\":\"Praias pr\u00f3prias e impr\u00f3prias para banho em Santa Catarina - WentTrip\",\"isPartOf\":{\"@id\":\"https:\\\/\\\/wenttrip.com.br\\\/it\\\/#website\"},\"primaryImageOfPage\":{\"@id\":\"https:\\\/\\\/wenttrip.com.br\\\/it\\\/brasile\\\/brasil-sul\\\/santa-catarina\\\/spiagge-adatte-e-non-adatte-alla-balneazione-a-santa-catarina\\\/#primaryimage\"},\"image\":{\"@id\":\"https:\\\/\\\/wenttrip.com.br\\\/it\\\/brasile\\\/brasil-sul\\\/santa-catarina\\\/spiagge-adatte-e-non-adatte-alla-balneazione-a-santa-catarina\\\/#primaryimage\"},\"thumbnailUrl\":\"https:\\\/\\\/wenttrip.com.br\\\/wp-content\\\/uploads\\\/2022\\\/12\\\/ponta-do-jacques-balneario-picarras-santa-catarina-clube-candeias.webp\",\"datePublished\":\"2023-01-19T10:44:05+00:00\",\"dateModified\":\"2023-09-19T17:50:15+00:00\",\"description\":\"Nos \u00faltimos dias o que mais tem preocupado os turistas que est\u00e3o indo para as praias de SC, \u00e9 a possibilidade de tomar banho em \u00e1guas limp...\",\"breadcrumb\":{\"@id\":\"https:\\\/\\\/wenttrip.com.br\\\/it\\\/brasile\\\/brasil-sul\\\/santa-catarina\\\/spiagge-adatte-e-non-adatte-alla-balneazione-a-santa-catarina\\\/#breadcrumb\"},\"inLanguage\":\"it-IT\",\"potentialAction\":[{\"@type\":\"ReadAction\",\"target\":[\"https:\\\/\\\/wenttrip.com.br\\\/it\\\/brasile\\\/brasil-sul\\\/santa-catarina\\\/spiagge-adatte-e-non-adatte-alla-balneazione-a-santa-catarina\\\/\"]}]},{\"@type\":\"ImageObject\",\"inLanguage\":\"it-IT\",\"@id\":\"https:\\\/\\\/wenttrip.com.br\\\/it\\\/brasile\\\/brasil-sul\\\/santa-catarina\\\/spiagge-adatte-e-non-adatte-alla-balneazione-a-santa-catarina\\\/#primaryimage\",\"url\":\"https:\\\/\\\/wenttrip.com.br\\\/wp-content\\\/uploads\\\/2022\\\/12\\\/ponta-do-jacques-balneario-picarras-santa-catarina-clube-candeias.webp\",\"contentUrl\":\"https:\\\/\\\/wenttrip.com.br\\\/wp-content\\\/uploads\\\/2022\\\/12\\\/ponta-do-jacques-balneario-picarras-santa-catarina-clube-candeias.webp\",\"width\":800,\"height\":533},{\"@type\":\"BreadcrumbList\",\"@id\":\"https:\\\/\\\/wenttrip.com.br\\\/it\\\/brasile\\\/brasil-sul\\\/santa-catarina\\\/spiagge-adatte-e-non-adatte-alla-balneazione-a-santa-catarina\\\/#breadcrumb\",\"itemListElement\":[{\"@type\":\"ListItem\",\"position\":1,\"name\":\"In\u00edcio\",\"item\":\"https:\\\/\\\/wenttrip.com.br\\\/it\\\/\"},{\"@type\":\"ListItem\",\"position\":2,\"name\":\"Praias pr\u00f3prias e impr\u00f3prias para banho em Santa Catarina\"}]},{\"@type\":\"WebSite\",\"@id\":\"https:\\\/\\\/wenttrip.com.br\\\/it\\\/#website\",\"url\":\"https:\\\/\\\/wenttrip.com.br\\\/it\\\/\",\"name\":\"WentTrip\",\"description\":\"O seu guia completo com muitas dicas de aventuras, lugares, alimenta\u00e7\u00e3o, hot\u00e9is.\",\"publisher\":{\"@id\":\"https:\\\/\\\/wenttrip.com.br\\\/it\\\/#\\\/schema\\\/person\\\/c0ff87b449a960037fdd1b024842fcf9\"},\"potentialAction\":[{\"@type\":\"SearchAction\",\"target\":{\"@type\":\"EntryPoint\",\"urlTemplate\":\"https:\\\/\\\/wenttrip.com.br\\\/it\\\/?s={search_term_string}\"},\"query-input\":{\"@type\":\"PropertyValueSpecification\",\"valueRequired\":true,\"valueName\":\"search_term_string\"}}],\"inLanguage\":\"it-IT\"},{\"@type\":[\"Person\",\"Organization\"],\"@id\":\"https:\\\/\\\/wenttrip.com.br\\\/it\\\/#\\\/schema\\\/person\\\/c0ff87b449a960037fdd1b024842fcf9\",\"name\":\"Fernanda Machado\",\"image\":{\"@type\":\"ImageObject\",\"inLanguage\":\"it-IT\",\"@id\":\"https:\\\/\\\/wenttrip.com.br\\\/wp-content\\\/uploads\\\/2022\\\/08\\\/WentTrip-2.png\",\"url\":\"https:\\\/\\\/wenttrip.com.br\\\/wp-content\\\/uploads\\\/2022\\\/08\\\/WentTrip-2.png\",\"contentUrl\":\"https:\\\/\\\/wenttrip.com.br\\\/wp-content\\\/uploads\\\/2022\\\/08\\\/WentTrip-2.png\",\"width\":1000,\"height\":1000,\"caption\":\"Fernanda Machado\"},\"logo\":{\"@id\":\"https:\\\/\\\/wenttrip.com.br\\\/wp-content\\\/uploads\\\/2022\\\/08\\\/WentTrip-2.png\"},\"description\":\"Aprendi que a vida \u00e9 mais leve quando colocamos uma mochila nas costas junto com sonhos. Amo viajar! Tenho 34 anos, mam\u00e3e de 3 cachorros: A Pantufa, O mutley e o Mixuruca. Compartilhamos nossas experi\u00eancias por aqui, esperamos que gostem!\",\"sameAs\":[\"https:\\\/\\\/wenttrip.com.br\",\"https:\\\/\\\/m.facebook.com\\\/profile.php\",\"https:\\\/\\\/www.instagram.com\\\/wenttrip\\\/\",\"https:\\\/\\\/x.com\\\/https:\\\/\\\/twitter.com\\\/wenttrip\",\"https:\\\/\\\/www.youtube.com\\\/c\\\/WentTrip\\\/videos\"],\"url\":\"https:\\\/\\\/wenttrip.com.br\\\/it\\\/author\\\/admin\\\/\"}]}<\/script>\n<!-- \/ Yoast SEO plugin. -->","yoast_head_json":{"title":"Spiagge adatte e non adatte per nuotare a Santa Catarina - WentTrip","description":"In questi giorni, ci\u00f2 che ha maggiormente preoccupato i turisti che si recano sulle spiagge di SC, \u00e8 la possibilit\u00e0 di fare il bagno in acque pulite...","robots":{"index":"index","follow":"follow","max-snippet":"max-snippet:-1","max-image-preview":"max-image-preview:large","max-video-preview":"max-video-preview:-1"},"canonical":"https:\/\/wenttrip.com.br\/it\/brasile\/brasil-sul\/santa-catarina\/spiagge-adatte-e-non-adatte-alla-balneazione-a-santa-catarina\/","og_locale":"it_IT","og_type":"article","og_title":"Praias pr\u00f3prias e impr\u00f3prias para banho em Santa Catarina - WentTrip","og_description":"Nos \u00faltimos dias o que mais tem preocupado os turistas que est\u00e3o indo para as praias de SC, \u00e9 a possibilidade de tomar banho em \u00e1guas limp...","og_url":"https:\/\/wenttrip.com.br\/it\/brasile\/brasil-sul\/santa-catarina\/spiagge-adatte-e-non-adatte-alla-balneazione-a-santa-catarina\/","og_site_name":"WentTrip","article_publisher":"https:\/\/m.facebook.com\/profile.php","article_author":"https:\/\/m.facebook.com\/profile.php","article_published_time":"2023-01-19T10:44:05+00:00","article_modified_time":"2023-09-19T17:50:15+00:00","og_image":[{"width":800,"height":533,"url":"https:\/\/wenttrip.com.br\/wp-content\/uploads\/2022\/12\/ponta-do-jacques-balneario-picarras-santa-catarina-clube-candeias.webp","type":"image\/webp"}],"author":"Fernanda Machado","twitter_card":"summary_large_image","twitter_creator":"@https:\/\/twitter.com\/wenttrip","twitter_site":"@wenttrip","twitter_misc":{"Scritto da":"Fernanda Machado","Tempo di lettura stimato":"16 minuti"},"schema":{"@context":"https:\/\/schema.org","@graph":[{"@type":"Article","@id":"https:\/\/wenttrip.com.br\/it\/brasile\/brasil-sul\/santa-catarina\/spiagge-adatte-e-non-adatte-alla-balneazione-a-santa-catarina\/#article","isPartOf":{"@id":"https:\/\/wenttrip.com.br\/it\/brasile\/brasil-sul\/santa-catarina\/spiagge-adatte-e-non-adatte-alla-balneazione-a-santa-catarina\/"},"author":{"name":"Fernanda Machado","@id":"https:\/\/wenttrip.com.br\/it\/#\/schema\/person\/c0ff87b449a960037fdd1b024842fcf9"},"headline":"Praias pr\u00f3prias e impr\u00f3prias para banho em Santa Catarina","datePublished":"2023-01-19T10:44:05+00:00","dateModified":"2023-09-19T17:50:15+00:00","mainEntityOfPage":{"@id":"https:\/\/wenttrip.com.br\/it\/brasile\/brasil-sul\/santa-catarina\/spiagge-adatte-e-non-adatte-alla-balneazione-a-santa-catarina\/"},"wordCount":2820,"commentCount":0,"publisher":{"@id":"https:\/\/wenttrip.com.br\/it\/#\/schema\/person\/c0ff87b449a960037fdd1b024842fcf9"},"image":{"@id":"https:\/\/wenttrip.com.br\/it\/brasile\/brasil-sul\/santa-catarina\/spiagge-adatte-e-non-adatte-alla-balneazione-a-santa-catarina\/#primaryimage"},"thumbnailUrl":"https:\/\/wenttrip.com.br\/wp-content\/uploads\/2022\/12\/ponta-do-jacques-balneario-picarras-santa-catarina-clube-candeias.webp","keywords":["\u00e1guas limpas para banho","\u00e1guas pr\u00f3prias e impr\u00f3prias para banho","mar limpo","mar polu\u00eddo","Santa Catarina"],"articleSection":["Santa Catarina"],"inLanguage":"it-IT","potentialAction":[{"@type":"CommentAction","name":"Comment","target":["https:\/\/wenttrip.com.br\/it\/brasile\/brasil-sul\/santa-catarina\/spiagge-adatte-e-non-adatte-alla-balneazione-a-santa-catarina\/#respond"]}]},{"@type":"WebPage","@id":"https:\/\/wenttrip.com.br\/it\/brasile\/brasil-sul\/santa-catarina\/spiagge-adatte-e-non-adatte-alla-balneazione-a-santa-catarina\/","url":"https:\/\/wenttrip.com.br\/it\/brasile\/brasil-sul\/santa-catarina\/spiagge-adatte-e-non-adatte-alla-balneazione-a-santa-catarina\/","name":"Spiagge adatte e non adatte per nuotare a Santa Catarina - WentTrip","isPartOf":{"@id":"https:\/\/wenttrip.com.br\/it\/#website"},"primaryImageOfPage":{"@id":"https:\/\/wenttrip.com.br\/it\/brasile\/brasil-sul\/santa-catarina\/spiagge-adatte-e-non-adatte-alla-balneazione-a-santa-catarina\/#primaryimage"},"image":{"@id":"https:\/\/wenttrip.com.br\/it\/brasile\/brasil-sul\/santa-catarina\/spiagge-adatte-e-non-adatte-alla-balneazione-a-santa-catarina\/#primaryimage"},"thumbnailUrl":"https:\/\/wenttrip.com.br\/wp-content\/uploads\/2022\/12\/ponta-do-jacques-balneario-picarras-santa-catarina-clube-candeias.webp","datePublished":"2023-01-19T10:44:05+00:00","dateModified":"2023-09-19T17:50:15+00:00","description":"In questi giorni, ci\u00f2 che ha maggiormente preoccupato i turisti che si recano sulle spiagge di SC, \u00e8 la possibilit\u00e0 di fare il bagno in acque pulite...","breadcrumb":{"@id":"https:\/\/wenttrip.com.br\/it\/brasile\/brasil-sul\/santa-catarina\/spiagge-adatte-e-non-adatte-alla-balneazione-a-santa-catarina\/#breadcrumb"},"inLanguage":"it-IT","potentialAction":[{"@type":"ReadAction","target":["https:\/\/wenttrip.com.br\/it\/brasile\/brasil-sul\/santa-catarina\/spiagge-adatte-e-non-adatte-alla-balneazione-a-santa-catarina\/"]}]},{"@type":"ImageObject","inLanguage":"it-IT","@id":"https:\/\/wenttrip.com.br\/it\/brasile\/brasil-sul\/santa-catarina\/spiagge-adatte-e-non-adatte-alla-balneazione-a-santa-catarina\/#primaryimage","url":"https:\/\/wenttrip.com.br\/wp-content\/uploads\/2022\/12\/ponta-do-jacques-balneario-picarras-santa-catarina-clube-candeias.webp","contentUrl":"https:\/\/wenttrip.com.br\/wp-content\/uploads\/2022\/12\/ponta-do-jacques-balneario-picarras-santa-catarina-clube-candeias.webp","width":800,"height":533},{"@type":"BreadcrumbList","@id":"https:\/\/wenttrip.com.br\/it\/brasile\/brasil-sul\/santa-catarina\/spiagge-adatte-e-non-adatte-alla-balneazione-a-santa-catarina\/#breadcrumb","itemListElement":[{"@type":"ListItem","position":1,"name":"In\u00edcio","item":"https:\/\/wenttrip.com.br\/it\/"},{"@type":"ListItem","position":2,"name":"Praias pr\u00f3prias e impr\u00f3prias para banho em Santa Catarina"}]},{"@type":"WebSite","@id":"https:\/\/wenttrip.com.br\/it\/#website","url":"https:\/\/wenttrip.com.br\/it\/","name":"Andato in viaggio","description":"La tua guida completa con tanti consigli su avventure, luoghi, cibo, hotel.","publisher":{"@id":"https:\/\/wenttrip.com.br\/it\/#\/schema\/person\/c0ff87b449a960037fdd1b024842fcf9"},"potentialAction":[{"@type":"SearchAction","target":{"@type":"EntryPoint","urlTemplate":"https:\/\/wenttrip.com.br\/it\/?s={search_term_string}"},"query-input":{"@type":"PropertyValueSpecification","valueRequired":true,"valueName":"search_term_string"}}],"inLanguage":"it-IT"},{"@type":["Person","Organization"],"@id":"https:\/\/wenttrip.com.br\/it\/#\/schema\/person\/c0ff87b449a960037fdd1b024842fcf9","name":"Fernanda Macchado","image":{"@type":"ImageObject","inLanguage":"it-IT","@id":"https:\/\/wenttrip.com.br\/wp-content\/uploads\/2022\/08\/WentTrip-2.png","url":"https:\/\/wenttrip.com.br\/wp-content\/uploads\/2022\/08\/WentTrip-2.png","contentUrl":"https:\/\/wenttrip.com.br\/wp-content\/uploads\/2022\/08\/WentTrip-2.png","width":1000,"height":1000,"caption":"Fernanda Machado"},"logo":{"@id":"https:\/\/wenttrip.com.br\/wp-content\/uploads\/2022\/08\/WentTrip-2.png"},"description":"Ho imparato che la vita \u00e8 pi\u00f9 leggera quando ci mettiamo uno zaino in spalla insieme ai sogni. Amo viaggiare! Ho 34 anni, mamma di 3 cani: Pantufa, Mutley e Mixuruca. Condividiamo qui le nostre esperienze, speriamo vi piaccia!","sameAs":["https:\/\/wenttrip.com.br","https:\/\/m.facebook.com\/profile.php","https:\/\/www.instagram.com\/wenttrip\/","https:\/\/x.com\/https:\/\/twitter.com\/wenttrip","https:\/\/www.youtube.com\/c\/WentTrip\/videos"],"url":"https:\/\/wenttrip.com.br\/it\/author\/admin\/"}]}},"_links":{"self":[{"href":"https:\/\/wenttrip.com.br\/it\/wp-json\/wp\/v2\/posts\/15048","targetHints":{"allow":["GET"]}}],"collection":[{"href":"https:\/\/wenttrip.com.br\/it\/wp-json\/wp\/v2\/posts"}],"about":[{"href":"https:\/\/wenttrip.com.br\/it\/wp-json\/wp\/v2\/types\/post"}],"author":[{"embeddable":true,"href":"https:\/\/wenttrip.com.br\/it\/wp-json\/wp\/v2\/users\/1"}],"replies":[{"embeddable":true,"href":"https:\/\/wenttrip.com.br\/it\/wp-json\/wp\/v2\/comments?post=15048"}],"version-history":[{"count":0,"href":"https:\/\/wenttrip.com.br\/it\/wp-json\/wp\/v2\/posts\/15048\/revisions"}],"wp:featuredmedia":[{"embeddable":true,"href":"https:\/\/wenttrip.com.br\/it\/wp-json\/wp\/v2\/media\/14393"}],"wp:attachment":[{"href":"https:\/\/wenttrip.com.br\/it\/wp-json\/wp\/v2\/media?parent=15048"}],"wp:term":[{"taxonomy":"category","embeddable":true,"href":"https:\/\/wenttrip.com.br\/it\/wp-json\/wp\/v2\/categories?post=15048"},{"taxonomy":"post_tag","embeddable":true,"href":"https:\/\/wenttrip.com.br\/it\/wp-json\/wp\/v2\/tags?post=15048"}],"curies":[{"name":"parola chiave","href":"https:\/\/api.w.org\/{rel}","templated":true}]}}