{"id":15015,"date":"2023-01-15T10:55:27","date_gmt":"2023-01-15T10:55:27","guid":{"rendered":"https:\/\/wenttrip.com.br\/?p=15015"},"modified":"2024-01-31T08:29:42","modified_gmt":"2024-01-31T11:29:42","slug":"onde-passar-o-carnaval-2024","status":"publish","type":"post","link":"https:\/\/wenttrip.com.br\/it\/brasile\/dove-trascorrere-il-carnevale-2023\/","title":{"rendered":"Dove trascorrere il Carnevale 2024"},"content":{"rendered":"<div id=\"ez-toc-container\" class=\"ez-toc-v2_0_82_2 counter-hierarchy ez-toc-counter ez-toc-grey ez-toc-container-direction\">\n<div class=\"ez-toc-title-container\">\n<p class=\"ez-toc-title\" style=\"cursor:inherit\">Indice<\/p>\n<span class=\"ez-toc-title-toggle\"><a href=\"#\" class=\"ez-toc-pull-right ez-toc-btn ez-toc-btn-xs ez-toc-btn-default ez-toc-toggle\" aria-label=\"Attiva\/disattiva sommario\"><span class=\"ez-toc-js-icon-con\"><span class=\"\"><span class=\"eztoc-hide\" style=\"display:none;\">alternare<\/span><span class=\"ez-toc-icon-toggle-span\"><svg style=\"fill: #999;color:#999\" xmlns=\"http:\/\/www.w3.org\/2000\/svg\" class=\"list-377408\" width=\"20px\" height=\"20px\" viewbox=\"0 0 24 24\" fill=\"none\"><path d=\"M6 6H4v2h2V6zm14 0H8v2h12V6zM4 11h2v2H4v-2zm16 0H8v2h12v-2zM4 16h2v2H4v-2zm16 0H8v2h12v-2z\" fill=\"currentColor\"><\/path><\/svg><svg style=\"fill: #999;color:#999\" class=\"arrow-unsorted-368013\" xmlns=\"http:\/\/www.w3.org\/2000\/svg\" width=\"10px\" height=\"10px\" viewbox=\"0 0 24 24\" version=\"1.2\" baseprofile=\"tiny\"><path d=\"M18.2 9.3l-6.2-6.3-6.2 6.3c-.2.2-.3.4-.3.7s.1.5.3.7c.2.2.4.3.7.3h11c.3 0 .5-.1.7-.3.2-.2.3-.5.3-.7s-.1-.5-.3-.7zM5.8 14.7l6.2 6.3 6.2-6.3c.2-.2.3-.5.3-.7s-.1-.5-.3-.7c-.2-.2-.4-.3-.7-.3h-11c-.3 0-.5.1-.7.3-.2.2-.3.5-.3.7s.1.5.3.7z\"\/><\/svg><\/span><\/span><\/span><\/a><\/span><\/div>\n<nav><ul class='ez-toc-list ez-toc-list-level-1' ><li class='ez-toc-page-1 ez-toc-heading-level-2'><a class=\"ez-toc-link ez-toc-heading-1\" href=\"https:\/\/wenttrip.com.br\/it\/brasile\/dove-trascorrere-il-carnevale-2023\/#Quando_sera_o_carnaval_2024\" >Quando sar\u00e0 il Carnevale 2024?<\/a><\/li><li class='ez-toc-page-1 ez-toc-heading-level-2'><a class=\"ez-toc-link ez-toc-heading-2\" href=\"https:\/\/wenttrip.com.br\/it\/brasile\/dove-trascorrere-il-carnevale-2023\/#Os_5_melhores_destinos_de_carnaval_2024\" >Le 5 migliori destinazioni del Carnevale 2024<\/a><ul class='ez-toc-list-level-3' ><li class='ez-toc-heading-level-3'><a class=\"ez-toc-link ez-toc-heading-3\" href=\"https:\/\/wenttrip.com.br\/it\/brasile\/dove-trascorrere-il-carnevale-2023\/#Carnaval_em_Sao_Paulo\" >Carnevale a San Paolo<\/a><ul class='ez-toc-list-level-4' ><li class='ez-toc-heading-level-4'><a class=\"ez-toc-link ez-toc-heading-4\" href=\"https:\/\/wenttrip.com.br\/it\/brasile\/dove-trascorrere-il-carnevale-2023\/#Pre-carnaval_em_Sao_Paulo\" >Pre-carnevale a San Paolo<\/a><\/li><\/ul><\/li><li class='ez-toc-page-1 ez-toc-heading-level-3'><a class=\"ez-toc-link ez-toc-heading-5\" href=\"https:\/\/wenttrip.com.br\/it\/brasile\/dove-trascorrere-il-carnevale-2023\/#Carnaval_do_Rio_de_Janeiro\" >Carnevale a Rio de Janeiro<\/a><\/li><li class='ez-toc-page-1 ez-toc-heading-level-3'><a class=\"ez-toc-link ez-toc-heading-6\" href=\"https:\/\/wenttrip.com.br\/it\/brasile\/dove-trascorrere-il-carnevale-2023\/#Carnaval_em_Salvador_%E2%80%93_Bahia\" >Carnevale a Salvador \u2013 Bahia<\/a><\/li><li class='ez-toc-page-1 ez-toc-heading-level-3'><a class=\"ez-toc-link ez-toc-heading-7\" href=\"https:\/\/wenttrip.com.br\/it\/brasile\/dove-trascorrere-il-carnevale-2023\/#Carnaval_em_Recife_%E2%80%93_Pernanbuco\" >Carnevale a Recife \u2013 Pernambuco<\/a><\/li><li class='ez-toc-page-1 ez-toc-heading-level-3'><a class=\"ez-toc-link ez-toc-heading-8\" href=\"https:\/\/wenttrip.com.br\/it\/brasile\/dove-trascorrere-il-carnevale-2023\/#Carnaval_em_Florianopolis_%E2%80%93_SC\" >Carnevale a Florian\u00f3polis \u2013 SC<\/a><\/li><\/ul><\/li><li class='ez-toc-page-1 ez-toc-heading-level-2'><a class=\"ez-toc-link ez-toc-heading-9\" href=\"https:\/\/wenttrip.com.br\/it\/brasile\/dove-trascorrere-il-carnevale-2023\/#Onde_passar_o_Carnaval_2023\" >Dove trascorrere il Carnevale 2023,<\/a><\/li><\/ul><\/nav><\/div>\n\n<p>Il Brasile \u00e8 il paese del carnevale, dalle piccole citt\u00e0 alle pi\u00f9 grandi, il colorato pieno di festaioli rallegra le strade. Quest&#039;anno il 2023 sar\u00e0 il vero ritorno post-pandemia, con tutto ci\u00f2 che ha diritto al carnevale. E se sei ancora in dubbio su dove andare, qui condivider\u00f2 5 destinazioni per goderti la tua festa! <\/p>\n\n\n\n<h2 class=\"wp-block-heading\"><span class=\"ez-toc-section\" id=\"Quando_sera_o_carnaval_2024\"><\/span>Quando sar\u00e0 il Carnevale 2024?<span class=\"ez-toc-section-end\"><\/span><\/h2>\n\n\n\n<p>Saranno i giorni delle vacanze di Carnevale <strong>12 e 13 febbraio <\/strong>(luned\u00ec e marted\u00ec) invece la festa inizia venerd\u00ec 10.<\/p>\n\n\n\n<p><strong>Vacanza di Carnevale<\/strong>.\u00a0<strong>14 febbraio: Mercoled\u00ec delle Ceneri<\/strong><\/p>\n\n\n\n<h2 class=\"wp-block-heading\"><span class=\"ez-toc-section\" id=\"Os_5_melhores_destinos_de_carnaval_2024\"><\/span>Le 5 migliori destinazioni del Carnevale 2024<span class=\"ez-toc-section-end\"><\/span><\/h2>\n\n\n\n<h3 class=\"wp-block-heading\"><span class=\"ez-toc-section\" id=\"Carnaval_em_Sao_Paulo\"><\/span>Carnevale a San Paolo<span class=\"ez-toc-section-end\"><\/span><\/h3>\n\n\n\n<p>A San Paolo si svolge uno spettacolo di colori e allegorie, considerato uno dei pi\u00f9 incredibili al mondo. Le sfilate delle scuole di samba si svolgono all&#039;Anhembi Samb\u00f3dromo, nella zona nord.<\/p>\n\n\n\n<p>Quest&#039;anno, 2024, sono confermati 507 blocchi per il carnevale di strada.<\/p>\n\n\n\n<p>Tra alcuni di <strong>megablocchi<\/strong> confermati per il carnevale di SP sono: <\/p>\n\n\n\n<ul class=\"wp-block-list\">\n<li>Bicho Maluco Beauty di Pernambuco Alceu Valen\u00e7a<\/li>\n\n\n\n<li>Blocca bene Sertanejo di Michel Tel\u00f3<\/li>\n\n\n\n<li>Bloco do Pabllo del cantante Pabllo Vittar<\/li>\n\n\n\n<li>Monoblocco<\/li>\n\n\n\n<li>gallo mattutino<\/li>\n\n\n\n<li>Black Block tra gli altri...<\/li>\n<\/ul>\n\n\n\n<h4 class=\"wp-block-heading\"><span class=\"ez-toc-section\" id=\"Pre-carnaval_em_Sao_Paulo\"><\/span>Pre-carnevale a San Paolo<span class=\"ez-toc-section-end\"><\/span><\/h4>\n\n\n\n<p>A San Paolo c&#039;\u00e8 il pre-carnevale, la sfilata scuote le strade con circa 15 milioni di festaioli. <\/p>\n\n\n\n<p>La data fornita dal municipio \u00e8 l&#039;11 e il 12 febbraio.<\/p>\n\n\n\n<figure class=\"wp-block-image size-full\"><img decoding=\"async\" width=\"669\" height=\"446\" src=\"https:\/\/wenttrip.com.br\/wp-content\/uploads\/2023\/01\/fd.jpg\" alt=\"Carnevale a San Paolo\" class=\"wp-image-15037\" srcset=\"https:\/\/wenttrip.com.br\/wp-content\/uploads\/2023\/01\/fd.jpg 669w, https:\/\/wenttrip.com.br\/wp-content\/uploads\/2023\/01\/fd-300x200.jpg 300w, https:\/\/wenttrip.com.br\/wp-content\/uploads\/2023\/01\/fd-18x12.jpg 18w\" sizes=\"(max-width: 669px) 100vw, 669px\" \/><figcaption class=\"wp-element-caption\">Carnevale a San Paolo<\/figcaption><\/figure>\n\n\n\n<h3 class=\"wp-block-heading\"><span class=\"ez-toc-section\" id=\"Carnaval_do_Rio_de_Janeiro\"><\/span>Carnevale a Rio de Janeiro<span class=\"ez-toc-section-end\"><\/span><\/h3>\n\n\n\n<p>La citt\u00e0 di Rio de Janeiro non \u00e8 molto lontana da SP, infatti entrambe condividono la classifica. <\/p>\n\n\n\n<p>Oltre ai blocchi, alle feste frenetiche, alle sfilate che colorano le strade, RJ ha le sue bellissime spiagge che attirano ancora pi\u00f9 turisti, godendosi la notte colorata con le giornate in spiaggia.<\/p>\n\n\n\n<p>Alcuni dei megablocchi che saranno in RJ saranno Amigos da On\u00e7a, Areia, Banda de Ipaema, tra gli altri. il divertimento \u00e8 assicurato!<\/p>\n\n\n\n<p> <a href=\"https:\/\/wenttrip.com.br\/it\/brasile\/brasil-sudeste\/rio-de-janeiro\/luoghi-turistici-di-rio-de-janeiro\/\">Attrazioni a Rio de Janeiro<\/a><\/p>\n\n\n\n<figure class=\"wp-block-image size-full\"><img decoding=\"async\" width=\"764\" height=\"508\" src=\"https:\/\/wenttrip.com.br\/wp-content\/uploads\/2023\/01\/Bloco-de-Carnaval.jpg\" alt=\"Carnevale a Rio de Janeiro\" class=\"wp-image-15038\" srcset=\"https:\/\/wenttrip.com.br\/wp-content\/uploads\/2023\/01\/Bloco-de-Carnaval.jpg 764w, https:\/\/wenttrip.com.br\/wp-content\/uploads\/2023\/01\/Bloco-de-Carnaval-300x199.jpg 300w, https:\/\/wenttrip.com.br\/wp-content\/uploads\/2023\/01\/Bloco-de-Carnaval-18x12.jpg 18w\" sizes=\"(max-width: 764px) 100vw, 764px\" \/><figcaption class=\"wp-element-caption\">Carnevale a Rio de Janeiro<\/figcaption><\/figure>\n\n\n\n<h3 class=\"wp-block-heading\"><span class=\"ez-toc-section\" id=\"Carnaval_em_Salvador_%E2%80%93_Bahia\"><\/span>Carnevale a Salvador \u2013 Bahia<span class=\"ez-toc-section-end\"><\/span><\/h3>\n\n\n\n<p>Dal mio punto di vista, il carnevale pi\u00f9 divertente \u00e8 nel nord-est e sono sicuro che conosci qualcuno che \u00e8 gi\u00e0 stato a trascorrere il carnevale qui.<\/p>\n\n\n\n<p>Una delle differenze tra i carnevali in SP e RJ \u00e8 che non c&#039;\u00e8 la parata delle scuole di samba, tuttavia l&#039;azione \u00e8 nelle strade con milioni di festaioli.<\/p>\n\n\n\n<p>Alcuni dei blocchi pi\u00f9 famosi che troverai a Salvador:<\/p>\n\n\n\n<ul class=\"wp-block-list\">\n<li>Nana Banana di Bell Marques<\/li>\n\n\n\n<li>Gufo di Ivete Sangalo<\/li>\n\n\n\n<li>Banda Eva Block Eva<\/li>\n\n\n\n<li>Coccodrillo di Daniela Mercury<\/li>\n<\/ul>\n\n\n\n<p><strong>prevedo:<\/strong> fai le tue prenotazioni alberghiere in anticipo! <\/p>\n\n\n\n<figure class=\"wp-block-image size-large is-resized\"><img decoding=\"async\" width=\"1024\" height=\"1024\" src=\"https:\/\/wenttrip.com.br\/wp-content\/uploads\/2023\/01\/anotabahia-49-dos-brasileiros-vao-preferir-festas-menores-no-carnaval-mesmo-apos-vacina-diz-pesquisa-da-estalo-carnaval-de-salvador-1024x1024.jpg\" alt=\"Carnevale a Salvador - Bahia\" class=\"wp-image-15039\" style=\"width:842px;height:842px\" srcset=\"https:\/\/wenttrip.com.br\/wp-content\/uploads\/2023\/01\/anotabahia-49-dos-brasileiros-vao-preferir-festas-menores-no-carnaval-mesmo-apos-vacina-diz-pesquisa-da-estalo-carnaval-de-salvador-1024x1024.jpg 1024w, https:\/\/wenttrip.com.br\/wp-content\/uploads\/2023\/01\/anotabahia-49-dos-brasileiros-vao-preferir-festas-menores-no-carnaval-mesmo-apos-vacina-diz-pesquisa-da-estalo-carnaval-de-salvador-300x300.jpg 300w, https:\/\/wenttrip.com.br\/wp-content\/uploads\/2023\/01\/anotabahia-49-dos-brasileiros-vao-preferir-festas-menores-no-carnaval-mesmo-apos-vacina-diz-pesquisa-da-estalo-carnaval-de-salvador-150x150.jpg 150w, https:\/\/wenttrip.com.br\/wp-content\/uploads\/2023\/01\/anotabahia-49-dos-brasileiros-vao-preferir-festas-menores-no-carnaval-mesmo-apos-vacina-diz-pesquisa-da-estalo-carnaval-de-salvador-768x768.jpg 768w, https:\/\/wenttrip.com.br\/wp-content\/uploads\/2023\/01\/anotabahia-49-dos-brasileiros-vao-preferir-festas-menores-no-carnaval-mesmo-apos-vacina-diz-pesquisa-da-estalo-carnaval-de-salvador-12x12.jpg 12w, https:\/\/wenttrip.com.br\/wp-content\/uploads\/2023\/01\/anotabahia-49-dos-brasileiros-vao-preferir-festas-menores-no-carnaval-mesmo-apos-vacina-diz-pesquisa-da-estalo-carnaval-de-salvador.jpg 1080w\" sizes=\"(max-width: 1024px) 100vw, 1024px\" \/><figcaption class=\"wp-element-caption\">Carnevale a Salvador \u2013 Bahia<\/figcaption><\/figure>\n\n\n\n<h3 class=\"wp-block-heading\"><span class=\"ez-toc-section\" id=\"Carnaval_em_Recife_%E2%80%93_Pernanbuco\"><\/span>Carnevale a Recife \u2013 Pernambuco<span class=\"ez-toc-section-end\"><\/span><\/h3>\n\n\n\n<p>Il carnevale del nord-est non dura solo una settimana, infatti i suoi festeggiamenti durano quasi un mese, \u00e8 qui che \u00e8 considerato uno dei migliori carnevali del mondo!<\/p>\n\n\n\n<p>Il Ciclo di Carnevale conta pi\u00f9 di 63 Pali di Carnevale con frevo, samba, ax\u00e9 e maracatu, in tutto si contano pi\u00f9 di 2mila presentazioni.<\/p>\n\n\n\n<p>Qui \u00e8 dove esiste il pi\u00f9 grande blocco di carnevale del mondo: <strong>gallo mattutino<\/strong>.<\/p>\n\n\n\n<h3 class=\"wp-block-heading\"><span class=\"ez-toc-section\" id=\"Carnaval_em_Florianopolis_%E2%80%93_SC\"><\/span>Carnevale a Florian\u00f3polis \u2013 SC<span class=\"ez-toc-section-end\"><\/span><\/h3>\n\n\n\n<p>L&#039;isola della magia \u00e8 una cornice perfetta per tutti i gusti, goditi quella spiaggia di giorno e salta il Carnevale di notte, cosa c&#039;\u00e8 di meglio?!<\/p>\n\n\n\n<p>Uno dei quartieri pi\u00f9 famosi per trovare emozioni e tanto divertimento sono i quartieri: Santo Ant\u00f4nio de Lisboa e Sambaqui.<\/p>\n\n\n\n<h2 class=\"wp-block-heading\"><span class=\"ez-toc-section\" id=\"Onde_passar_o_Carnaval_2023\"><\/span>Dove trascorrere il Carnevale 2023,<span class=\"ez-toc-section-end\"><\/span><\/h2>\n\n\n\n<p>Ti sono piaciuti i nostri consigli di carnevale?<\/p>\n\n\n\n<p>Divertiti e leggi anche:<\/p>\n\n\n\n<p> <a href=\"https:\/\/wenttrip.com.br\/it\/brasile\/5-spiagge-in-brasile-che-devi-conoscere\/\">5 spiagge del Brasile che devi conoscere<\/a><\/p>\n\n\n\n<p> <a href=\"https:\/\/wenttrip.com.br\/it\/consigli\/10-semplici-modi-per-risparmiare-per-girare-il-mondo\/\">10 semplici modi per risparmiare denaro per viaggiare per il mondo<\/a><\/p>\n\n\n\n<p> <a href=\"https:\/\/wenttrip.com.br\/it\/brasile\/luoghi-turistici-10-incredibili-tour-attraverso-il-brasile\/\">Luoghi turistici \u2013 10 incredibili itinerari in Brasile<\/a><\/p>","protected":false},"excerpt":{"rendered":"<p>Il Brasile \u00e8 la terra del Carnevale. Dalle piccole citt\u00e0 alle pi\u00f9 grandi, le strade colorate si riempiono di festaioli. Il 2023 segner\u00e0 il vero ritorno del Carnevale, con tutti i festeggiamenti che merita. E se ancora non sapete dove andare, ecco 5 destinazioni da non perdere...&nbsp;<a href=\"https:\/\/wenttrip.com.br\/it\/brasile\/dove-trascorrere-il-carnevale-2023\/\" rel=\"bookmark\">Leggi tutto \u00bb<span class=\"screen-reader-text\">Dove trascorrere il Carnevale 2024<\/span><\/a><\/p>","protected":false},"author":1,"featured_media":3574,"comment_status":"open","ping_status":"closed","sticky":false,"template":"","format":"standard","meta":{"neve_meta_sidebar":"","neve_meta_container":"","neve_meta_enable_content_width":"","neve_meta_content_width":0,"neve_meta_title_alignment":"","neve_meta_author_avatar":"","neve_post_elements_order":"","neve_meta_disable_header":"","neve_meta_disable_footer":"","neve_meta_disable_title":"","footnotes":""},"categories":[37],"tags":[3841,3842,3840],"class_list":["post-15015","post","type-post","status-publish","format-standard","has-post-thumbnail","hentry","category-brasil","tag-carnaval-do-rio-de-janeiro","tag-carnaval-em-salvador-bahia","tag-carnaval-em-sao-paulo"],"yoast_head":"<!-- This site is optimized with the Yoast SEO plugin v27.5 - https:\/\/yoast.com\/product\/yoast-seo-wordpress\/ -->\n<title>Onde passar o Carnaval 2024 - WentTrip<\/title>\n<meta name=\"description\" content=\"..Esse ano de 2024 ser\u00e1...os carnavalescos. E se voc\u00ea ainda est\u00e1 em d\u00favida onde ir, aqui irei compartilhar 5 destinos para curtir sua festa!\" \/>\n<meta name=\"robots\" content=\"index, follow, max-snippet:-1, max-image-preview:large, max-video-preview:-1\" \/>\n<link rel=\"canonical\" href=\"https:\/\/wenttrip.com.br\/it\/brasile\/dove-trascorrere-il-carnevale-2023\/\" \/>\n<meta property=\"og:locale\" content=\"it_IT\" \/>\n<meta property=\"og:type\" content=\"article\" \/>\n<meta property=\"og:title\" content=\"Onde passar o Carnaval 2024 - WentTrip\" \/>\n<meta property=\"og:description\" content=\"..Esse ano de 2024 ser\u00e1...os carnavalescos. E se voc\u00ea ainda est\u00e1 em d\u00favida onde ir, aqui irei compartilhar 5 destinos para curtir sua festa!\" \/>\n<meta property=\"og:url\" content=\"https:\/\/wenttrip.com.br\/it\/brasile\/dove-trascorrere-il-carnevale-2023\/\" \/>\n<meta property=\"og:site_name\" content=\"WentTrip\" \/>\n<meta property=\"article:publisher\" content=\"https:\/\/m.facebook.com\/profile.php\" \/>\n<meta property=\"article:author\" content=\"https:\/\/m.facebook.com\/profile.php\" \/>\n<meta property=\"article:published_time\" content=\"2023-01-15T10:55:27+00:00\" \/>\n<meta property=\"article:modified_time\" content=\"2024-01-31T11:29:42+00:00\" \/>\n<meta property=\"og:image\" content=\"https:\/\/wenttrip.com.br\/wp-content\/uploads\/2022\/01\/carnaval-em-2021.jpeg\" \/>\n\t<meta property=\"og:image:width\" content=\"1200\" \/>\n\t<meta property=\"og:image:height\" content=\"789\" \/>\n\t<meta property=\"og:image:type\" content=\"image\/jpeg\" \/>\n<meta name=\"author\" content=\"Fernanda Machado\" \/>\n<meta name=\"twitter:card\" content=\"summary_large_image\" \/>\n<meta name=\"twitter:creator\" content=\"@https:\/\/twitter.com\/wenttrip\" \/>\n<meta name=\"twitter:site\" content=\"@wenttrip\" \/>\n<meta name=\"twitter:label1\" content=\"Scritto da\" \/>\n\t<meta name=\"twitter:data1\" content=\"Fernanda Machado\" \/>\n\t<meta name=\"twitter:label2\" content=\"Tempo di lettura stimato\" \/>\n\t<meta name=\"twitter:data2\" content=\"5 minuti\" \/>\n<script type=\"application\/ld+json\" class=\"yoast-schema-graph\">{\"@context\":\"https:\\\/\\\/schema.org\",\"@graph\":[{\"@type\":\"Article\",\"@id\":\"https:\\\/\\\/wenttrip.com.br\\\/it\\\/brasile\\\/dove-trascorrere-il-carnevale-2023\\\/#article\",\"isPartOf\":{\"@id\":\"https:\\\/\\\/wenttrip.com.br\\\/it\\\/brasile\\\/dove-trascorrere-il-carnevale-2023\\\/\"},\"author\":{\"name\":\"Fernanda Machado\",\"@id\":\"https:\\\/\\\/wenttrip.com.br\\\/it\\\/#\\\/schema\\\/person\\\/c0ff87b449a960037fdd1b024842fcf9\"},\"headline\":\"Onde passar o Carnaval 2024\",\"datePublished\":\"2023-01-15T10:55:27+00:00\",\"dateModified\":\"2024-01-31T11:29:42+00:00\",\"mainEntityOfPage\":{\"@id\":\"https:\\\/\\\/wenttrip.com.br\\\/it\\\/brasile\\\/dove-trascorrere-il-carnevale-2023\\\/\"},\"wordCount\":615,\"commentCount\":0,\"publisher\":{\"@id\":\"https:\\\/\\\/wenttrip.com.br\\\/it\\\/#\\\/schema\\\/person\\\/c0ff87b449a960037fdd1b024842fcf9\"},\"image\":{\"@id\":\"https:\\\/\\\/wenttrip.com.br\\\/it\\\/brasile\\\/dove-trascorrere-il-carnevale-2023\\\/#primaryimage\"},\"thumbnailUrl\":\"https:\\\/\\\/wenttrip.com.br\\\/wp-content\\\/uploads\\\/2022\\\/01\\\/carnaval-em-2021.jpeg\",\"keywords\":[\"Carnaval do Rio de Janeiro\",\"Carnaval em Salvador - Bahia\",\"Carnaval em S\u00e3o Paulo\"],\"articleSection\":[\"Brasil\"],\"inLanguage\":\"it-IT\",\"potentialAction\":[{\"@type\":\"CommentAction\",\"name\":\"Comment\",\"target\":[\"https:\\\/\\\/wenttrip.com.br\\\/it\\\/brasile\\\/dove-trascorrere-il-carnevale-2023\\\/#respond\"]}]},{\"@type\":\"WebPage\",\"@id\":\"https:\\\/\\\/wenttrip.com.br\\\/it\\\/brasile\\\/dove-trascorrere-il-carnevale-2023\\\/\",\"url\":\"https:\\\/\\\/wenttrip.com.br\\\/it\\\/brasile\\\/dove-trascorrere-il-carnevale-2023\\\/\",\"name\":\"Onde passar o Carnaval 2024 - WentTrip\",\"isPartOf\":{\"@id\":\"https:\\\/\\\/wenttrip.com.br\\\/it\\\/#website\"},\"primaryImageOfPage\":{\"@id\":\"https:\\\/\\\/wenttrip.com.br\\\/it\\\/brasile\\\/dove-trascorrere-il-carnevale-2023\\\/#primaryimage\"},\"image\":{\"@id\":\"https:\\\/\\\/wenttrip.com.br\\\/it\\\/brasile\\\/dove-trascorrere-il-carnevale-2023\\\/#primaryimage\"},\"thumbnailUrl\":\"https:\\\/\\\/wenttrip.com.br\\\/wp-content\\\/uploads\\\/2022\\\/01\\\/carnaval-em-2021.jpeg\",\"datePublished\":\"2023-01-15T10:55:27+00:00\",\"dateModified\":\"2024-01-31T11:29:42+00:00\",\"description\":\"..Esse ano de 2024 ser\u00e1...os carnavalescos. E se voc\u00ea ainda est\u00e1 em d\u00favida onde ir, aqui irei compartilhar 5 destinos para curtir sua festa!\",\"breadcrumb\":{\"@id\":\"https:\\\/\\\/wenttrip.com.br\\\/it\\\/brasile\\\/dove-trascorrere-il-carnevale-2023\\\/#breadcrumb\"},\"inLanguage\":\"it-IT\",\"potentialAction\":[{\"@type\":\"ReadAction\",\"target\":[\"https:\\\/\\\/wenttrip.com.br\\\/it\\\/brasile\\\/dove-trascorrere-il-carnevale-2023\\\/\"]}]},{\"@type\":\"ImageObject\",\"inLanguage\":\"it-IT\",\"@id\":\"https:\\\/\\\/wenttrip.com.br\\\/it\\\/brasile\\\/dove-trascorrere-il-carnevale-2023\\\/#primaryimage\",\"url\":\"https:\\\/\\\/wenttrip.com.br\\\/wp-content\\\/uploads\\\/2022\\\/01\\\/carnaval-em-2021.jpeg\",\"contentUrl\":\"https:\\\/\\\/wenttrip.com.br\\\/wp-content\\\/uploads\\\/2022\\\/01\\\/carnaval-em-2021.jpeg\",\"width\":1200,\"height\":789},{\"@type\":\"BreadcrumbList\",\"@id\":\"https:\\\/\\\/wenttrip.com.br\\\/it\\\/brasile\\\/dove-trascorrere-il-carnevale-2023\\\/#breadcrumb\",\"itemListElement\":[{\"@type\":\"ListItem\",\"position\":1,\"name\":\"In\u00edcio\",\"item\":\"https:\\\/\\\/wenttrip.com.br\\\/it\\\/\"},{\"@type\":\"ListItem\",\"position\":2,\"name\":\"Onde passar o Carnaval 2024\"}]},{\"@type\":\"WebSite\",\"@id\":\"https:\\\/\\\/wenttrip.com.br\\\/it\\\/#website\",\"url\":\"https:\\\/\\\/wenttrip.com.br\\\/it\\\/\",\"name\":\"WentTrip\",\"description\":\"O seu guia completo com muitas dicas de aventuras, lugares, alimenta\u00e7\u00e3o, hot\u00e9is.\",\"publisher\":{\"@id\":\"https:\\\/\\\/wenttrip.com.br\\\/it\\\/#\\\/schema\\\/person\\\/c0ff87b449a960037fdd1b024842fcf9\"},\"potentialAction\":[{\"@type\":\"SearchAction\",\"target\":{\"@type\":\"EntryPoint\",\"urlTemplate\":\"https:\\\/\\\/wenttrip.com.br\\\/it\\\/?s={search_term_string}\"},\"query-input\":{\"@type\":\"PropertyValueSpecification\",\"valueRequired\":true,\"valueName\":\"search_term_string\"}}],\"inLanguage\":\"it-IT\"},{\"@type\":[\"Person\",\"Organization\"],\"@id\":\"https:\\\/\\\/wenttrip.com.br\\\/it\\\/#\\\/schema\\\/person\\\/c0ff87b449a960037fdd1b024842fcf9\",\"name\":\"Fernanda Machado\",\"image\":{\"@type\":\"ImageObject\",\"inLanguage\":\"it-IT\",\"@id\":\"https:\\\/\\\/wenttrip.com.br\\\/wp-content\\\/uploads\\\/2022\\\/08\\\/WentTrip-2.png\",\"url\":\"https:\\\/\\\/wenttrip.com.br\\\/wp-content\\\/uploads\\\/2022\\\/08\\\/WentTrip-2.png\",\"contentUrl\":\"https:\\\/\\\/wenttrip.com.br\\\/wp-content\\\/uploads\\\/2022\\\/08\\\/WentTrip-2.png\",\"width\":1000,\"height\":1000,\"caption\":\"Fernanda Machado\"},\"logo\":{\"@id\":\"https:\\\/\\\/wenttrip.com.br\\\/wp-content\\\/uploads\\\/2022\\\/08\\\/WentTrip-2.png\"},\"description\":\"Aprendi que a vida \u00e9 mais leve quando colocamos uma mochila nas costas junto com sonhos. Amo viajar! Tenho 34 anos, mam\u00e3e de 3 cachorros: A Pantufa, O mutley e o Mixuruca. Compartilhamos nossas experi\u00eancias por aqui, esperamos que gostem!\",\"sameAs\":[\"https:\\\/\\\/wenttrip.com.br\",\"https:\\\/\\\/m.facebook.com\\\/profile.php\",\"https:\\\/\\\/www.instagram.com\\\/wenttrip\\\/\",\"https:\\\/\\\/x.com\\\/https:\\\/\\\/twitter.com\\\/wenttrip\",\"https:\\\/\\\/www.youtube.com\\\/c\\\/WentTrip\\\/videos\"],\"url\":\"https:\\\/\\\/wenttrip.com.br\\\/it\\\/author\\\/admin\\\/\"}]}<\/script>\n<!-- \/ Yoast SEO plugin. -->","yoast_head_json":{"title":"Dove trascorrere il Carnevale 2024 - WentTrip","description":"..Quest&#039;anno 2024 sar\u00e0...il carnevale. E se hai ancora dei dubbi su dove andare, qui ti condivido 5 destinazioni per goderti la tua festa!","robots":{"index":"index","follow":"follow","max-snippet":"max-snippet:-1","max-image-preview":"max-image-preview:large","max-video-preview":"max-video-preview:-1"},"canonical":"https:\/\/wenttrip.com.br\/it\/brasile\/dove-trascorrere-il-carnevale-2023\/","og_locale":"it_IT","og_type":"article","og_title":"Onde passar o Carnaval 2024 - WentTrip","og_description":"..Esse ano de 2024 ser\u00e1...os carnavalescos. E se voc\u00ea ainda est\u00e1 em d\u00favida onde ir, aqui irei compartilhar 5 destinos para curtir sua festa!","og_url":"https:\/\/wenttrip.com.br\/it\/brasile\/dove-trascorrere-il-carnevale-2023\/","og_site_name":"WentTrip","article_publisher":"https:\/\/m.facebook.com\/profile.php","article_author":"https:\/\/m.facebook.com\/profile.php","article_published_time":"2023-01-15T10:55:27+00:00","article_modified_time":"2024-01-31T11:29:42+00:00","og_image":[{"width":1200,"height":789,"url":"https:\/\/wenttrip.com.br\/wp-content\/uploads\/2022\/01\/carnaval-em-2021.jpeg","type":"image\/jpeg"}],"author":"Fernanda Machado","twitter_card":"summary_large_image","twitter_creator":"@https:\/\/twitter.com\/wenttrip","twitter_site":"@wenttrip","twitter_misc":{"Scritto da":"Fernanda Machado","Tempo di lettura stimato":"5 minuti"},"schema":{"@context":"https:\/\/schema.org","@graph":[{"@type":"Article","@id":"https:\/\/wenttrip.com.br\/it\/brasile\/dove-trascorrere-il-carnevale-2023\/#article","isPartOf":{"@id":"https:\/\/wenttrip.com.br\/it\/brasile\/dove-trascorrere-il-carnevale-2023\/"},"author":{"name":"Fernanda Machado","@id":"https:\/\/wenttrip.com.br\/it\/#\/schema\/person\/c0ff87b449a960037fdd1b024842fcf9"},"headline":"Onde passar o Carnaval 2024","datePublished":"2023-01-15T10:55:27+00:00","dateModified":"2024-01-31T11:29:42+00:00","mainEntityOfPage":{"@id":"https:\/\/wenttrip.com.br\/it\/brasile\/dove-trascorrere-il-carnevale-2023\/"},"wordCount":615,"commentCount":0,"publisher":{"@id":"https:\/\/wenttrip.com.br\/it\/#\/schema\/person\/c0ff87b449a960037fdd1b024842fcf9"},"image":{"@id":"https:\/\/wenttrip.com.br\/it\/brasile\/dove-trascorrere-il-carnevale-2023\/#primaryimage"},"thumbnailUrl":"https:\/\/wenttrip.com.br\/wp-content\/uploads\/2022\/01\/carnaval-em-2021.jpeg","keywords":["Carnaval do Rio de Janeiro","Carnaval em Salvador - Bahia","Carnaval em S\u00e3o Paulo"],"articleSection":["Brasil"],"inLanguage":"it-IT","potentialAction":[{"@type":"CommentAction","name":"Comment","target":["https:\/\/wenttrip.com.br\/it\/brasile\/dove-trascorrere-il-carnevale-2023\/#respond"]}]},{"@type":"WebPage","@id":"https:\/\/wenttrip.com.br\/it\/brasile\/dove-trascorrere-il-carnevale-2023\/","url":"https:\/\/wenttrip.com.br\/it\/brasile\/dove-trascorrere-il-carnevale-2023\/","name":"Dove trascorrere il Carnevale 2024 - WentTrip","isPartOf":{"@id":"https:\/\/wenttrip.com.br\/it\/#website"},"primaryImageOfPage":{"@id":"https:\/\/wenttrip.com.br\/it\/brasile\/dove-trascorrere-il-carnevale-2023\/#primaryimage"},"image":{"@id":"https:\/\/wenttrip.com.br\/it\/brasile\/dove-trascorrere-il-carnevale-2023\/#primaryimage"},"thumbnailUrl":"https:\/\/wenttrip.com.br\/wp-content\/uploads\/2022\/01\/carnaval-em-2021.jpeg","datePublished":"2023-01-15T10:55:27+00:00","dateModified":"2024-01-31T11:29:42+00:00","description":"..Quest&#039;anno 2024 sar\u00e0...il carnevale. E se hai ancora dei dubbi su dove andare, qui ti condivido 5 destinazioni per goderti la tua festa!","breadcrumb":{"@id":"https:\/\/wenttrip.com.br\/it\/brasile\/dove-trascorrere-il-carnevale-2023\/#breadcrumb"},"inLanguage":"it-IT","potentialAction":[{"@type":"ReadAction","target":["https:\/\/wenttrip.com.br\/it\/brasile\/dove-trascorrere-il-carnevale-2023\/"]}]},{"@type":"ImageObject","inLanguage":"it-IT","@id":"https:\/\/wenttrip.com.br\/it\/brasile\/dove-trascorrere-il-carnevale-2023\/#primaryimage","url":"https:\/\/wenttrip.com.br\/wp-content\/uploads\/2022\/01\/carnaval-em-2021.jpeg","contentUrl":"https:\/\/wenttrip.com.br\/wp-content\/uploads\/2022\/01\/carnaval-em-2021.jpeg","width":1200,"height":789},{"@type":"BreadcrumbList","@id":"https:\/\/wenttrip.com.br\/it\/brasile\/dove-trascorrere-il-carnevale-2023\/#breadcrumb","itemListElement":[{"@type":"ListItem","position":1,"name":"In\u00edcio","item":"https:\/\/wenttrip.com.br\/it\/"},{"@type":"ListItem","position":2,"name":"Onde passar o Carnaval 2024"}]},{"@type":"WebSite","@id":"https:\/\/wenttrip.com.br\/it\/#website","url":"https:\/\/wenttrip.com.br\/it\/","name":"Andato in viaggio","description":"La tua guida completa con tanti consigli su avventure, luoghi, cibo, hotel.","publisher":{"@id":"https:\/\/wenttrip.com.br\/it\/#\/schema\/person\/c0ff87b449a960037fdd1b024842fcf9"},"potentialAction":[{"@type":"SearchAction","target":{"@type":"EntryPoint","urlTemplate":"https:\/\/wenttrip.com.br\/it\/?s={search_term_string}"},"query-input":{"@type":"PropertyValueSpecification","valueRequired":true,"valueName":"search_term_string"}}],"inLanguage":"it-IT"},{"@type":["Person","Organization"],"@id":"https:\/\/wenttrip.com.br\/it\/#\/schema\/person\/c0ff87b449a960037fdd1b024842fcf9","name":"Fernanda Macchado","image":{"@type":"ImageObject","inLanguage":"it-IT","@id":"https:\/\/wenttrip.com.br\/wp-content\/uploads\/2022\/08\/WentTrip-2.png","url":"https:\/\/wenttrip.com.br\/wp-content\/uploads\/2022\/08\/WentTrip-2.png","contentUrl":"https:\/\/wenttrip.com.br\/wp-content\/uploads\/2022\/08\/WentTrip-2.png","width":1000,"height":1000,"caption":"Fernanda Machado"},"logo":{"@id":"https:\/\/wenttrip.com.br\/wp-content\/uploads\/2022\/08\/WentTrip-2.png"},"description":"Ho imparato che la vita \u00e8 pi\u00f9 leggera quando ci mettiamo uno zaino in spalla insieme ai sogni. Amo viaggiare! Ho 34 anni, mamma di 3 cani: Pantufa, Mutley e Mixuruca. Condividiamo qui le nostre esperienze, speriamo vi piaccia!","sameAs":["https:\/\/wenttrip.com.br","https:\/\/m.facebook.com\/profile.php","https:\/\/www.instagram.com\/wenttrip\/","https:\/\/x.com\/https:\/\/twitter.com\/wenttrip","https:\/\/www.youtube.com\/c\/WentTrip\/videos"],"url":"https:\/\/wenttrip.com.br\/it\/author\/admin\/"}]}},"_links":{"self":[{"href":"https:\/\/wenttrip.com.br\/it\/wp-json\/wp\/v2\/posts\/15015","targetHints":{"allow":["GET"]}}],"collection":[{"href":"https:\/\/wenttrip.com.br\/it\/wp-json\/wp\/v2\/posts"}],"about":[{"href":"https:\/\/wenttrip.com.br\/it\/wp-json\/wp\/v2\/types\/post"}],"author":[{"embeddable":true,"href":"https:\/\/wenttrip.com.br\/it\/wp-json\/wp\/v2\/users\/1"}],"replies":[{"embeddable":true,"href":"https:\/\/wenttrip.com.br\/it\/wp-json\/wp\/v2\/comments?post=15015"}],"version-history":[{"count":0,"href":"https:\/\/wenttrip.com.br\/it\/wp-json\/wp\/v2\/posts\/15015\/revisions"}],"wp:featuredmedia":[{"embeddable":true,"href":"https:\/\/wenttrip.com.br\/it\/wp-json\/wp\/v2\/media\/3574"}],"wp:attachment":[{"href":"https:\/\/wenttrip.com.br\/it\/wp-json\/wp\/v2\/media?parent=15015"}],"wp:term":[{"taxonomy":"category","embeddable":true,"href":"https:\/\/wenttrip.com.br\/it\/wp-json\/wp\/v2\/categories?post=15015"},{"taxonomy":"post_tag","embeddable":true,"href":"https:\/\/wenttrip.com.br\/it\/wp-json\/wp\/v2\/tags?post=15015"}],"curies":[{"name":"parola chiave","href":"https:\/\/api.w.org\/{rel}","templated":true}]}}