{"id":14796,"date":"2022-12-19T00:00:40","date_gmt":"2022-12-19T00:00:40","guid":{"rendered":"https:\/\/wenttrip.com.br\/?p=14796"},"modified":"2022-12-19T00:00:53","modified_gmt":"2022-12-19T00:00:53","slug":"seu-guia-de-viagem-para-itajai-sc","status":"publish","type":"post","link":"https:\/\/wenttrip.com.br\/it\/brasile\/brasil-sul\/santa-catarina\/itajai\/la-tua-guida-di-viaggio-a-itajai-sc\/","title":{"rendered":"La tua guida di viaggio per Itaja\u00ed \u2013 SC"},"content":{"rendered":"<div id=\"ez-toc-container\" class=\"ez-toc-v2_0_82_2 counter-hierarchy ez-toc-counter ez-toc-grey ez-toc-container-direction\">\n<div class=\"ez-toc-title-container\">\n<p class=\"ez-toc-title\" style=\"cursor:inherit\">Indice<\/p>\n<span class=\"ez-toc-title-toggle\"><a href=\"#\" class=\"ez-toc-pull-right ez-toc-btn ez-toc-btn-xs ez-toc-btn-default ez-toc-toggle\" aria-label=\"Attiva\/disattiva sommario\"><span class=\"ez-toc-js-icon-con\"><span class=\"\"><span class=\"eztoc-hide\" style=\"display:none;\">alternare<\/span><span class=\"ez-toc-icon-toggle-span\"><svg style=\"fill: #999;color:#999\" xmlns=\"http:\/\/www.w3.org\/2000\/svg\" class=\"list-377408\" width=\"20px\" height=\"20px\" viewbox=\"0 0 24 24\" fill=\"none\"><path d=\"M6 6H4v2h2V6zm14 0H8v2h12V6zM4 11h2v2H4v-2zm16 0H8v2h12v-2zM4 16h2v2H4v-2zm16 0H8v2h12v-2z\" fill=\"currentColor\"><\/path><\/svg><svg style=\"fill: #999;color:#999\" class=\"arrow-unsorted-368013\" xmlns=\"http:\/\/www.w3.org\/2000\/svg\" width=\"10px\" height=\"10px\" viewbox=\"0 0 24 24\" version=\"1.2\" baseprofile=\"tiny\"><path d=\"M18.2 9.3l-6.2-6.3-6.2 6.3c-.2.2-.3.4-.3.7s.1.5.3.7c.2.2.4.3.7.3h11c.3 0 .5-.1.7-.3.2-.2.3-.5.3-.7s-.1-.5-.3-.7zM5.8 14.7l6.2 6.3 6.2-6.3c.2-.2.3-.5.3-.7s-.1-.5-.3-.7c-.2-.2-.4-.3-.7-.3h-11c-.3 0-.5.1-.7.3-.2.2-.3.5-.3.7s.1.5.3.7z\"\/><\/svg><\/span><\/span><\/span><\/a><\/span><\/div>\n<nav><ul class='ez-toc-list ez-toc-list-level-1' ><li class='ez-toc-page-1 ez-toc-heading-level-2'><a class=\"ez-toc-link ez-toc-heading-1\" href=\"https:\/\/wenttrip.com.br\/it\/brasile\/brasil-sul\/santa-catarina\/itajai\/la-tua-guida-di-viaggio-a-itajai-sc\/#Qual_a_praia_mais_bonita_de_Itajai\" >Qual \u00e8 la spiaggia pi\u00f9 bella di Itaja\u00ed?<\/a><\/li><li class='ez-toc-page-1 ez-toc-heading-level-2'><a class=\"ez-toc-link ez-toc-heading-2\" href=\"https:\/\/wenttrip.com.br\/it\/brasile\/brasil-sul\/santa-catarina\/itajai\/la-tua-guida-di-viaggio-a-itajai-sc\/#Tem_mar_em_Itajai\" >C&#039;\u00e8 il mare a Itaja\u00ed?<\/a><\/li><li class='ez-toc-page-1 ez-toc-heading-level-2'><a class=\"ez-toc-link ez-toc-heading-3\" href=\"https:\/\/wenttrip.com.br\/it\/brasile\/brasil-sul\/santa-catarina\/itajai\/la-tua-guida-di-viaggio-a-itajai-sc\/#O_que_fazer_em_Itajai_Pontos_turisticos\" >Cosa fare a Itaja\u00ed: Attrazioni<\/a><ul class='ez-toc-list-level-3' ><li class='ez-toc-heading-level-3'><a class=\"ez-toc-link ez-toc-heading-4\" href=\"https:\/\/wenttrip.com.br\/it\/brasile\/brasil-sul\/santa-catarina\/itajai\/la-tua-guida-di-viaggio-a-itajai-sc\/#Porto_de_Itajai\" >Porto di Itaja\u00ed<\/a><\/li><li class='ez-toc-page-1 ez-toc-heading-level-3'><a class=\"ez-toc-link ez-toc-heading-5\" href=\"https:\/\/wenttrip.com.br\/it\/brasile\/brasil-sul\/santa-catarina\/itajai\/la-tua-guida-di-viaggio-a-itajai-sc\/#Museu_Historico_de_Itajai_%E2%80%93_Palacio_Marcos_Konder\" >Museo Storico di Itaja\u00ed \u2013 Palazzo Marcos Konder<\/a><\/li><li class='ez-toc-page-1 ez-toc-heading-level-3'><a class=\"ez-toc-link ez-toc-heading-6\" href=\"https:\/\/wenttrip.com.br\/it\/brasile\/brasil-sul\/santa-catarina\/itajai\/la-tua-guida-di-viaggio-a-itajai-sc\/#Mercado_Publico_Municipal_de_Itajai\" >Mercato pubblico municipale di Itaja\u00ed<\/a><\/li><li class='ez-toc-page-1 ez-toc-heading-level-3'><a class=\"ez-toc-link ez-toc-heading-7\" href=\"https:\/\/wenttrip.com.br\/it\/brasile\/brasil-sul\/santa-catarina\/itajai\/la-tua-guida-di-viaggio-a-itajai-sc\/#Cicloturismo_%E2%80%93_Costa_Verde_Mar_em_Itajai\" >Cicloturismo \u2013 Costa Verde &amp; Mar a Itaja\u00ed<\/a><\/li><li class='ez-toc-page-1 ez-toc-heading-level-3'><a class=\"ez-toc-link ez-toc-heading-8\" href=\"https:\/\/wenttrip.com.br\/it\/brasile\/brasil-sul\/santa-catarina\/itajai\/la-tua-guida-di-viaggio-a-itajai-sc\/#Parque_Aquatico_Zacarias_%E2%80%93_Itajai\" >Parco Acquatico Zacarias \u2013 Itaja\u00ed<\/a><\/li><li class='ez-toc-page-1 ez-toc-heading-level-3'><a class=\"ez-toc-link ez-toc-heading-9\" href=\"https:\/\/wenttrip.com.br\/it\/brasile\/brasil-sul\/santa-catarina\/itajai\/la-tua-guida-di-viaggio-a-itajai-sc\/#Igreja_Matriz_do_Santissimo_Sacramento\" >Chiesa Madre del Santissimo Sacramento<\/a><\/li><li class='ez-toc-page-1 ez-toc-heading-level-3'><a class=\"ez-toc-link ez-toc-heading-10\" href=\"https:\/\/wenttrip.com.br\/it\/brasile\/brasil-sul\/santa-catarina\/itajai\/la-tua-guida-di-viaggio-a-itajai-sc\/#Bico_do_Papagaio\" >becco di pappagallo<\/a><\/li><li class='ez-toc-page-1 ez-toc-heading-level-3'><a class=\"ez-toc-link ez-toc-heading-11\" href=\"https:\/\/wenttrip.com.br\/it\/brasile\/brasil-sul\/santa-catarina\/itajai\/la-tua-guida-di-viaggio-a-itajai-sc\/#Farol_e_Molhes_da_Barra_de_Itajai\" >Faro e moli di Barra de Itaja\u00ed<\/a><\/li><li class='ez-toc-page-1 ez-toc-heading-level-3'><a class=\"ez-toc-link ez-toc-heading-12\" href=\"https:\/\/wenttrip.com.br\/it\/brasile\/brasil-sul\/santa-catarina\/itajai\/la-tua-guida-di-viaggio-a-itajai-sc\/#Pier_para_Navio_de_Passageiros_de_Itajai\" >Molo per nave passeggeri a Itaja\u00ed<\/a><\/li><li class='ez-toc-page-1 ez-toc-heading-level-3'><a class=\"ez-toc-link ez-toc-heading-13\" href=\"https:\/\/wenttrip.com.br\/it\/brasile\/brasil-sul\/santa-catarina\/itajai\/la-tua-guida-di-viaggio-a-itajai-sc\/#Mirante_Morro_da_Cruz\" >Punto di vista Morro da Cruz<\/a><ul class='ez-toc-list-level-4' ><li class='ez-toc-heading-level-4'><a class=\"ez-toc-link ez-toc-heading-14\" href=\"https:\/\/wenttrip.com.br\/it\/brasile\/brasil-sul\/santa-catarina\/itajai\/la-tua-guida-di-viaggio-a-itajai-sc\/#Como_subir_o_morro_da_Cruz\" >Come scalare il Morro da Cruz?<\/a><\/li><li class='ez-toc-page-1 ez-toc-heading-level-4'><a class=\"ez-toc-link ez-toc-heading-15\" href=\"https:\/\/wenttrip.com.br\/it\/brasile\/brasil-sul\/santa-catarina\/itajai\/la-tua-guida-di-viaggio-a-itajai-sc\/#Quantos_degraus_tem_a_escada_do_Morro_da_Cruz\" >Quanti gradini ha la scala Morro da Cruz?<\/a><\/li><\/ul><\/li><li class='ez-toc-page-1 ez-toc-heading-level-3'><a class=\"ez-toc-link ez-toc-heading-16\" href=\"https:\/\/wenttrip.com.br\/it\/brasile\/brasil-sul\/santa-catarina\/itajai\/la-tua-guida-di-viaggio-a-itajai-sc\/#Marco_zero\" >Ground Zero<\/a><\/li><li class='ez-toc-page-1 ez-toc-heading-level-3'><a class=\"ez-toc-link ez-toc-heading-17\" href=\"https:\/\/wenttrip.com.br\/it\/brasile\/brasil-sul\/santa-catarina\/itajai\/la-tua-guida-di-viaggio-a-itajai-sc\/#Baia_Afonso_Wippel_%E2%80%93_Praca_Beira_Rio\" >Baia Afonso Wippel \u2013 Piazza Beira Rio<\/a><\/li><\/ul><\/li><li class='ez-toc-page-1 ez-toc-heading-level-2'><a class=\"ez-toc-link ez-toc-heading-18\" href=\"https:\/\/wenttrip.com.br\/it\/brasile\/brasil-sul\/santa-catarina\/itajai\/la-tua-guida-di-viaggio-a-itajai-sc\/#Praias_de_Itajai\" >Spiagge di Itaja\u00ed<\/a><ul class='ez-toc-list-level-3' ><li class='ez-toc-heading-level-3'><a class=\"ez-toc-link ez-toc-heading-19\" href=\"https:\/\/wenttrip.com.br\/it\/brasile\/brasil-sul\/santa-catarina\/itajai\/la-tua-guida-di-viaggio-a-itajai-sc\/#Praia_de_Cabecuda\" >Praia de Cabecuda<\/a><\/li><li class='ez-toc-page-1 ez-toc-heading-level-3'><a class=\"ez-toc-link ez-toc-heading-20\" href=\"https:\/\/wenttrip.com.br\/it\/brasile\/brasil-sul\/santa-catarina\/itajai\/la-tua-guida-di-viaggio-a-itajai-sc\/#Praia_do_Atalaia\" >Spiaggia Atalaia<\/a><\/li><li class='ez-toc-page-1 ez-toc-heading-level-3'><a class=\"ez-toc-link ez-toc-heading-21\" href=\"https:\/\/wenttrip.com.br\/it\/brasile\/brasil-sul\/santa-catarina\/itajai\/la-tua-guida-di-viaggio-a-itajai-sc\/#Praia_Brava\" >Praia Brava<\/a><\/li><li class='ez-toc-page-1 ez-toc-heading-level-3'><a class=\"ez-toc-link ez-toc-heading-22\" href=\"https:\/\/wenttrip.com.br\/it\/brasile\/brasil-sul\/santa-catarina\/itajai\/la-tua-guida-di-viaggio-a-itajai-sc\/#Praia_do_Geremias\" >Praia do Geremias<\/a><\/li><li class='ez-toc-page-1 ez-toc-heading-level-3'><a class=\"ez-toc-link ez-toc-heading-23\" href=\"https:\/\/wenttrip.com.br\/it\/brasile\/brasil-sul\/santa-catarina\/itajai\/la-tua-guida-di-viaggio-a-itajai-sc\/#Praia_da_Solidao\" >Spiaggia della solitudine<\/a><\/li><\/ul><\/li><li class='ez-toc-page-1 ez-toc-heading-level-2'><a class=\"ez-toc-link ez-toc-heading-24\" href=\"https:\/\/wenttrip.com.br\/it\/brasile\/brasil-sul\/santa-catarina\/itajai\/la-tua-guida-di-viaggio-a-itajai-sc\/#Seu_guia_de_viagem_para_Itajai_%E2%80%93_SC\" >La tua guida di viaggio per Itaja\u00ed \u2013 SC<\/a><\/li><\/ul><\/nav><\/div>\n\n<p>Itaja\u00ed \u00e8 un comune conosciuto in tutto il mondo per il suo porto, che \u00e8 il secondo pi\u00f9 grande in container e il pi\u00f9 grande porto peschereccio del paese. Ma oltre a questo, ha bellissime spiagge e numerose attrazioni turistiche che condivideremo con voi in questo post.<\/p>\n\n\n\n<h2 class=\"wp-block-heading\"><span class=\"ez-toc-section\" id=\"Qual_a_praia_mais_bonita_de_Itajai\"><\/span>Qual \u00e8 la spiaggia pi\u00f9 bella di Itaja\u00ed?<span class=\"ez-toc-section-end\"><\/span><\/h2>\n\n\n\n<p>La spiaggia considerata la pi\u00f9 bella e la pi\u00f9 ambita dai turisti \u00e8 Praia de Cabe\u00e7udas.<\/p>\n\n\n\n<figure class=\"wp-block-image size-full\"><img decoding=\"async\" width=\"800\" height=\"532\" src=\"https:\/\/wenttrip.com.br\/wp-content\/uploads\/2022\/12\/praia-cabecudas.jpg\" alt=\"Praia de Cabe\u00e7udas\" class=\"wp-image-14825\" srcset=\"https:\/\/wenttrip.com.br\/wp-content\/uploads\/2022\/12\/praia-cabecudas.jpg 800w, https:\/\/wenttrip.com.br\/wp-content\/uploads\/2022\/12\/praia-cabecudas-300x200.jpg 300w, https:\/\/wenttrip.com.br\/wp-content\/uploads\/2022\/12\/praia-cabecudas-768x511.jpg 768w, https:\/\/wenttrip.com.br\/wp-content\/uploads\/2022\/12\/praia-cabecudas-18x12.jpg 18w\" sizes=\"(max-width: 800px) 100vw, 800px\" \/><figcaption class=\"wp-element-caption\">Praia de Cabe\u00e7udas<\/figcaption><\/figure>\n\n\n\n<h2 class=\"wp-block-heading\"><span class=\"ez-toc-section\" id=\"Tem_mar_em_Itajai\"><\/span>C&#039;\u00e8 il mare a Itaja\u00ed?<span class=\"ez-toc-section-end\"><\/span><\/h2>\n\n\n\n<p>S\u00ec. In totale ci sono 5 spiagge:<\/p>\n\n\n\n<ul class=\"wp-block-list\">\n<li>spiaggia di solitudine;<\/li>\n\n\n\n<li>Praia do Geremias;<\/li>\n\n\n\n<li>Praia Brava;<\/li>\n\n\n\n<li>Spiaggia di Atalaia e<\/li>\n\n\n\n<li>Spiaggia di Cabe\u00e7udas.<\/li>\n<\/ul>\n\n\n\n<h2 class=\"wp-block-heading\"><span class=\"ez-toc-section\" id=\"O_que_fazer_em_Itajai_Pontos_turisticos\"><\/span>Cosa fare a Itaja\u00ed: Attrazioni<span class=\"ez-toc-section-end\"><\/span><\/h2>\n\n\n\n<h3 class=\"wp-block-heading\"><span class=\"ez-toc-section\" id=\"Porto_de_Itajai\"><\/span>Porto di Itaja\u00ed<span class=\"ez-toc-section-end\"><\/span><\/h3>\n\n\n\n<p>Il porto di Itaja\u00ed \u00e8 uno dei pi\u00f9 trafficati del paese, \u00e8 il secondo per container e il pi\u00f9 grande porto peschereccio del paese.<\/p>\n\n\n\n<p>Per osservare il flusso del porto, \u00e8 possibile guardare oltre i moli di Barra o salire fino alla cima del Morro da Cruz dal suo belvedere. In questo modo, puoi vedere i giganti del mare entrare e uscire dal porto.<\/p>\n\n\n\n<h3 class=\"wp-block-heading\"><span class=\"ez-toc-section\" id=\"Museu_Historico_de_Itajai_%E2%80%93_Palacio_Marcos_Konder\"><\/span>Museo Storico di Itaja\u00ed \u2013 Palazzo Marcos Konder<span class=\"ez-toc-section-end\"><\/span><\/h3>\n\n\n\n<p>\u00c8 stato il primo edificio pubblico della citt\u00e0 a ospitare i poteri Esecutivo, Legislativo e Giudiziario sin dalla sua fondazione nel 1925.<\/p>\n\n\n\n<p>Nel 1977 inizi\u00f2 il processo museale. Le collezioni eclettiche delle sue collezioni ammontano a pi\u00f9 di 16mila pezzi e dimostrano, in modo frammentato, la storia urbana della citt\u00e0 di Itaja\u00ed.<\/p>\n\n\n\n<p>L&#039;accesso al museo \u00e8 gratuito.<\/p>\n\n\n\n<figure class=\"wp-block-image size-full\"><img decoding=\"async\" width=\"800\" height=\"532\" src=\"https:\/\/wenttrip.com.br\/wp-content\/uploads\/2022\/12\/120570.jpg\" alt=\"Museo Storico di Itaja\u00ed - Palazzo Marcos Konder\" class=\"wp-image-14800\" srcset=\"https:\/\/wenttrip.com.br\/wp-content\/uploads\/2022\/12\/120570.jpg 800w, https:\/\/wenttrip.com.br\/wp-content\/uploads\/2022\/12\/120570-300x200.jpg 300w, https:\/\/wenttrip.com.br\/wp-content\/uploads\/2022\/12\/120570-768x511.jpg 768w, https:\/\/wenttrip.com.br\/wp-content\/uploads\/2022\/12\/120570-18x12.jpg 18w\" sizes=\"(max-width: 800px) 100vw, 800px\" \/><figcaption class=\"wp-element-caption\">Museo Storico di Itaja\u00ed \u2013 Palazzo Marcos Konder<\/figcaption><\/figure>\n\n\n\n<h3 class=\"wp-block-heading\"><span class=\"ez-toc-section\" id=\"Mercado_Publico_Municipal_de_Itajai\"><\/span>Mercato pubblico municipale di Itaja\u00ed<span class=\"ez-toc-section-end\"><\/span><\/h3>\n\n\n\n<p>Con un&#039;architettura eclettica e imponente, con una forte influenza germanica, il mercato inizi\u00f2 nel 1916.<\/p>\n\n\n\n<p>Lo spazio del mercato \u00e8 il luogo ideale per bere una birra nel tardo pomeriggio con gli amici, seguire incontri culturali e persino concerti.<\/p>\n\n\n\n<p>Inoltre, \u00e8 qui che si svolge il carnevale, i festival di musica e teatro.<\/p>\n\n\n\n<figure class=\"wp-block-image size-full\"><img decoding=\"async\" width=\"980\" height=\"500\" src=\"https:\/\/wenttrip.com.br\/wp-content\/uploads\/2022\/12\/8498a0_b49cb59b67a04c2ba5c6de7e17a18eb9_mv2.webp\" alt=\"Mercato pubblico municipale di Itaja\u00ed\" class=\"wp-image-14802\" srcset=\"https:\/\/wenttrip.com.br\/wp-content\/uploads\/2022\/12\/8498a0_b49cb59b67a04c2ba5c6de7e17a18eb9_mv2.webp 980w, https:\/\/wenttrip.com.br\/wp-content\/uploads\/2022\/12\/8498a0_b49cb59b67a04c2ba5c6de7e17a18eb9_mv2-300x153.webp 300w, https:\/\/wenttrip.com.br\/wp-content\/uploads\/2022\/12\/8498a0_b49cb59b67a04c2ba5c6de7e17a18eb9_mv2-768x392.webp 768w, https:\/\/wenttrip.com.br\/wp-content\/uploads\/2022\/12\/8498a0_b49cb59b67a04c2ba5c6de7e17a18eb9_mv2-18x9.webp 18w\" sizes=\"(max-width: 980px) 100vw, 980px\" \/><figcaption class=\"wp-element-caption\">Mercato pubblico municipale di Itaja\u00ed<\/figcaption><\/figure>\n\n\n\n<p><\/p>\n\n\n\n<h3 class=\"wp-block-heading\"><span class=\"ez-toc-section\" id=\"Cicloturismo_%E2%80%93_Costa_Verde_Mar_em_Itajai\"><\/span>Cicloturismo \u2013 Costa Verde &amp; Mar a Itaja\u00ed<span class=\"ez-toc-section-end\"><\/span><\/h3>\n\n\n\n<p>Per gli avventurieri che amano scoprire luoghi in bicicletta, Itaja\u00ed ha una proposta molto carina.<\/p>\n\n\n\n<p>Sono 270 km con un percorso che comprende la campagna e la costa, con grande diversit\u00e0 culturale e paesaggistica, passando per punti turistici di rilievo.<\/p>\n\n\n\n<p>Per programmare un tour visitare il sito web: <strong>http:\/\/www.costaverdemar.com.br\/cicloturismo.<\/strong><\/p>\n\n\n\n<h3 class=\"wp-block-heading\"><span class=\"ez-toc-section\" id=\"Parque_Aquatico_Zacarias_%E2%80%93_Itajai\"><\/span>Parco Acquatico Zacarias \u2013 Itaja\u00ed<span class=\"ez-toc-section-end\"><\/span><\/h3>\n\n\n\n<p>Ci sono 60.000 m\u00b2 di parco al centro di un&#039;area di riserva ecologica di 1.000.000 m\u00b2<\/p>\n\n\n\n<p>\u00c8 uno spazio ideale per entrare in contatto con la natura e godersi una giornata di avventura e tanto nuoto in piscine giganti, linee zip, scivoli d&#039;acqua e molto altro.<\/p>\n\n\n\n<figure class=\"wp-block-image size-large is-resized\"><img decoding=\"async\" src=\"https:\/\/wenttrip.com.br\/wp-content\/uploads\/2022\/12\/ilha-infantil-com-balde-1024x958.jpg\" alt=\"Parco acquatico Zacarias - Itaja\u00ed\" class=\"wp-image-14831\" width=\"625\" height=\"584\" srcset=\"https:\/\/wenttrip.com.br\/wp-content\/uploads\/2022\/12\/ilha-infantil-com-balde-1024x958.jpg 1024w, https:\/\/wenttrip.com.br\/wp-content\/uploads\/2022\/12\/ilha-infantil-com-balde-300x281.jpg 300w, https:\/\/wenttrip.com.br\/wp-content\/uploads\/2022\/12\/ilha-infantil-com-balde-768x719.jpg 768w, https:\/\/wenttrip.com.br\/wp-content\/uploads\/2022\/12\/ilha-infantil-com-balde-13x12.jpg 13w, https:\/\/wenttrip.com.br\/wp-content\/uploads\/2022\/12\/ilha-infantil-com-balde.jpg 1200w\" sizes=\"(max-width: 625px) 100vw, 625px\" \/><figcaption class=\"wp-element-caption\">Parco Acquatico Zacarias \u2013 Itaja\u00ed<\/figcaption><\/figure>\n\n\n\n<p>il valore di <strong>la voce \u00e8 R$75.00.<\/strong><\/p>\n\n\n\n<ul class=\"wp-block-list\">\n<li>I bambini fino a 5 anni e 11 mesi accompagnati da un adulto pagante non pagano;<\/li>\n\n\n\n<li>Bambini da 6 anni fino a 12 anni e 11 mesi pagano R$55.00;<\/li>\n\n\n\n<li>Gli over 60 pagano met\u00e0 prezzo (R$37.50);<\/li>\n<\/ul>\n\n\n\n<h3 class=\"wp-block-heading\"><span class=\"ez-toc-section\" id=\"Igreja_Matriz_do_Santissimo_Sacramento\"><\/span>Chiesa Madre del Santissimo Sacramento<span class=\"ez-toc-section-end\"><\/span><\/h3>\n\n\n\n<p>Chiesa costruita negli anni 40. Una chiesa moderna con una dimensione in linea con la dimensione della popolazione che la cerca.<\/p>\n\n\n\n<p>Bello e unico.<\/p>\n\n\n\n<h3 class=\"wp-block-heading\"><span class=\"ez-toc-section\" id=\"Bico_do_Papagaio\"><\/span>becco di pappagallo<span class=\"ez-toc-section-end\"><\/span><\/h3>\n\n\n\n<p>Una delle cartoline della citt\u00e0 \u00e8 una formazione rocciosa scolpita dalla natura.<\/p>\n\n\n\n<figure class=\"wp-block-image size-full\"><img decoding=\"async\" width=\"804\" height=\"768\" src=\"https:\/\/wenttrip.com.br\/wp-content\/uploads\/2022\/12\/02.jpg\" alt=\"Becco di pappagallo - Itaja\u00ed\" class=\"wp-image-14832\" srcset=\"https:\/\/wenttrip.com.br\/wp-content\/uploads\/2022\/12\/02.jpg 804w, https:\/\/wenttrip.com.br\/wp-content\/uploads\/2022\/12\/02-300x287.jpg 300w, https:\/\/wenttrip.com.br\/wp-content\/uploads\/2022\/12\/02-768x734.jpg 768w, https:\/\/wenttrip.com.br\/wp-content\/uploads\/2022\/12\/02-13x12.jpg 13w\" sizes=\"(max-width: 804px) 100vw, 804px\" \/><figcaption class=\"wp-element-caption\">Becco di pappagallo \u2013 Itaja\u00ed<\/figcaption><\/figure>\n\n\n\n<h3 class=\"wp-block-heading\"><span class=\"ez-toc-section\" id=\"Farol_e_Molhes_da_Barra_de_Itajai\"><\/span>Faro e moli di Barra de Itaja\u00ed<span class=\"ez-toc-section-end\"><\/span><\/h3>\n\n\n\n<p>Per accedere ai pontili bisogna camminare fino a raggiungere il faro, a circa 800m dal mare.<\/p>\n\n\n\n<p>La darsena di Barra \u00e8 una delle principali attrazioni turistiche ed \u00e8 senza dubbio bella da vedere!<\/p>\n\n\n\n<figure class=\"wp-block-image size-large\"><img decoding=\"async\" width=\"1024\" height=\"576\" src=\"https:\/\/wenttrip.com.br\/wp-content\/uploads\/2022\/12\/maxresdefault-2-1024x576.jpg\" alt=\"Faro e moli di Barra de Itaja\u00ed\" class=\"wp-image-14826\" srcset=\"https:\/\/wenttrip.com.br\/wp-content\/uploads\/2022\/12\/maxresdefault-2-1024x576.jpg 1024w, https:\/\/wenttrip.com.br\/wp-content\/uploads\/2022\/12\/maxresdefault-2-300x169.jpg 300w, https:\/\/wenttrip.com.br\/wp-content\/uploads\/2022\/12\/maxresdefault-2-768x432.jpg 768w, https:\/\/wenttrip.com.br\/wp-content\/uploads\/2022\/12\/maxresdefault-2-18x10.jpg 18w, https:\/\/wenttrip.com.br\/wp-content\/uploads\/2022\/12\/maxresdefault-2.jpg 1280w\" sizes=\"(max-width: 1024px) 100vw, 1024px\" \/><figcaption class=\"wp-element-caption\">Faro e moli di Barra de Itaja\u00ed<\/figcaption><\/figure>\n\n\n\n<h3 class=\"wp-block-heading\"><span class=\"ez-toc-section\" id=\"Pier_para_Navio_de_Passageiros_de_Itajai\"><\/span>Molo per nave passeggeri a Itaja\u00ed<span class=\"ez-toc-section-end\"><\/span><\/h3>\n\n\n\n<p>Punto di appoggio sulla costa di Santa Catarina, vincolato, dotato di infrastrutture adeguate ed esclusive per l&#039;accoglienza di grandi navi, finalizzate alle crociere da diporto.<\/p>\n\n\n\n<p>Attualmente \u00e8 chiuso.<\/p>\n\n\n\n<h3 class=\"wp-block-heading\"><span class=\"ez-toc-section\" id=\"Mirante_Morro_da_Cruz\"><\/span>Punto di vista Morro da Cruz<span class=\"ez-toc-section-end\"><\/span><\/h3>\n\n\n\n<p><em>Morro da Cruz Itajai<\/em>&nbsp;\u00e8 un posto <strong>libero<\/strong> e facilmente raggiungibile se si vuole salire in macchina oa piedi. <\/p>\n\n\n\n<figure class=\"wp-block-image size-full\"><img decoding=\"async\" width=\"550\" height=\"412\" src=\"https:\/\/wenttrip.com.br\/wp-content\/uploads\/2022\/12\/morro-da-cruz.jpg\" alt=\"Punto di vista Morro da Cruz\" class=\"wp-image-14828\" srcset=\"https:\/\/wenttrip.com.br\/wp-content\/uploads\/2022\/12\/morro-da-cruz.jpg 550w, https:\/\/wenttrip.com.br\/wp-content\/uploads\/2022\/12\/morro-da-cruz-300x225.jpg 300w, https:\/\/wenttrip.com.br\/wp-content\/uploads\/2022\/12\/morro-da-cruz-16x12.jpg 16w\" sizes=\"(max-width: 550px) 100vw, 550px\" \/><figcaption class=\"wp-element-caption\">Punto di vista Morro da Cruz<\/figcaption><\/figure>\n\n\n\n<p>Merita di essere visitato da te, perch\u00e9 la vista \u00e8 spettacolare.<\/p>\n\n\n\n<h4 class=\"wp-block-heading\"><span class=\"ez-toc-section\" id=\"Como_subir_o_morro_da_Cruz\"><\/span>Come scalare il Morro da Cruz?<span class=\"ez-toc-section-end\"><\/span><\/h4>\n\n\n\n<p>L&#039;accesso principale al punto di vista del&nbsp;<strong>Morro da Cruz<\/strong>&nbsp;si fa lungo Rua do Ant\u00e3o (via Beira Mar Norte), attraverso il quartiere Agron\u00f3mica, le cui curve sinuose permettono anche una vista panoramica della citt\u00e0.<\/p>\n\n\n\n<h4 class=\"wp-block-heading\"><span class=\"ez-toc-section\" id=\"Quantos_degraus_tem_a_escada_do_Morro_da_Cruz\"><\/span>Quanti gradini ha la scala Morro da Cruz?<span class=\"ez-toc-section-end\"><\/span><\/h4>\n\n\n\n<p>597 gradini. <\/p>\n\n\n\n<p>Ci sono due accessi, uno attraverso il mezzo del bosco, la parte anteriore della collina con i suoi 597 gradini e l&#039;altro accesso \u00e8 attraverso la parte posteriore della collina, con scale sterrate.<\/p>\n\n\n\n<h3 class=\"wp-block-heading\"><span class=\"ez-toc-section\" id=\"Marco_zero\"><\/span>Ground Zero<span class=\"ez-toc-section-end\"><\/span><\/h3>\n\n\n\n<p>Situato in R. Eur\u00edco Krobel, 108-176, ha un importante significato storico per Itaj\u00e1i, \u00e8 qui che tutto ebbe inizio.<\/p>\n\n\n\n<h3 class=\"wp-block-heading\"><span class=\"ez-toc-section\" id=\"Baia_Afonso_Wippel_%E2%80%93_Praca_Beira_Rio\"><\/span>Baia Afonso Wippel \u2013 Piazza Beira Rio<span class=\"ez-toc-section-end\"><\/span><\/h3>\n\n\n\n<p>Conosciuto anche come Saco da Fazer, l&#039;area \u00e8 boscosa, spazio per il tempo libero, parco giochi, palestra all&#039;aperto, spazio per lo sport, splendidi paesaggi, mate tra le altre attrazioni.<\/p>\n\n\n\n<figure class=\"wp-block-image size-full\"><img decoding=\"async\" width=\"800\" height=\"532\" src=\"https:\/\/wenttrip.com.br\/wp-content\/uploads\/2022\/12\/115057.jpg\" alt=\"Afonso Wippel Bay - Piazza Beira Rio\" class=\"wp-image-14829\" srcset=\"https:\/\/wenttrip.com.br\/wp-content\/uploads\/2022\/12\/115057.jpg 800w, https:\/\/wenttrip.com.br\/wp-content\/uploads\/2022\/12\/115057-300x200.jpg 300w, https:\/\/wenttrip.com.br\/wp-content\/uploads\/2022\/12\/115057-768x511.jpg 768w, https:\/\/wenttrip.com.br\/wp-content\/uploads\/2022\/12\/115057-18x12.jpg 18w\" sizes=\"(max-width: 800px) 100vw, 800px\" \/><figcaption class=\"wp-element-caption\">Baia Afonso Wippel \u2013 Piazza Beira Rio<\/figcaption><\/figure>\n\n\n\n<p>Essendo sulle rive del fiume, \u00e8 possibile incontrare capibara che passeggiano per le strade.<\/p>\n\n\n\n<p>Nelle vicinanze della piazza si trova il percorso gastronomico della citt\u00e0, quindi puoi fare una passeggiata e goderti un piccolo bar o un ristorante.<\/p>\n\n\n\n<h2 class=\"wp-block-heading\"><span class=\"ez-toc-section\" id=\"Praias_de_Itajai\"><\/span>Spiagge di Itaja\u00ed<span class=\"ez-toc-section-end\"><\/span><\/h2>\n\n\n\n<h3 class=\"wp-block-heading\"><span class=\"ez-toc-section\" id=\"Praia_de_Cabecuda\"><\/span>Praia de Cabecuda<span class=\"ez-toc-section-end\"><\/span><\/h3>\n\n\n\n<p>La spiaggia di Cabe\u00e7udas ha acque calme e una spiaggia accogliente, \u00e8 uno dei luoghi pi\u00f9 frequentati dalle famiglie che vogliono godersi una giornata piacevole.<\/p>\n\n\n\n<p>Ai margini della spiaggia \u00e8 presente una pista ciclabile, ideale per una gita in famiglia o con gli amici.<\/p>\n\n\n\n<p>Le rocce che entrano nel mare formano un molo naturale, e sono attraenti per pescatori e curiosi che vogliono osservare la spiaggia e la citt\u00e0 da un&#039;altra prospettiva.<\/p>\n\n\n\n<figure class=\"wp-block-image size-full\"><img decoding=\"async\" width=\"950\" height=\"475\" src=\"https:\/\/wenttrip.com.br\/wp-content\/uploads\/2022\/12\/Praia-de-Cabecudas.-Foto_-Heitor-Pergher-1-950x475-1.webp\" alt=\"Praia de Cabecuda\" class=\"wp-image-14833\" srcset=\"https:\/\/wenttrip.com.br\/wp-content\/uploads\/2022\/12\/Praia-de-Cabecudas.-Foto_-Heitor-Pergher-1-950x475-1.webp 950w, https:\/\/wenttrip.com.br\/wp-content\/uploads\/2022\/12\/Praia-de-Cabecudas.-Foto_-Heitor-Pergher-1-950x475-1-300x150.webp 300w, https:\/\/wenttrip.com.br\/wp-content\/uploads\/2022\/12\/Praia-de-Cabecudas.-Foto_-Heitor-Pergher-1-950x475-1-768x384.webp 768w, https:\/\/wenttrip.com.br\/wp-content\/uploads\/2022\/12\/Praia-de-Cabecudas.-Foto_-Heitor-Pergher-1-950x475-1-18x9.webp 18w\" sizes=\"(max-width: 950px) 100vw, 950px\" \/><figcaption class=\"wp-element-caption\">Spiaggia di Cabe\u00e7uda \u2013 Itaja\u00ed<\/figcaption><\/figure>\n\n\n\n<h3 class=\"wp-block-heading\"><span class=\"ez-toc-section\" id=\"Praia_do_Atalaia\"><\/span>Spiaggia Atalaia<span class=\"ez-toc-section-end\"><\/span><\/h3>\n\n\n\n<p>Praia do Atalaia \u00e8 un riferimento mondiale in <strong>navigazione notturna<\/strong>, grazie ad una speciale illuminazione che garantisce sicurezza nella pratica di questo sport.<\/p>\n\n\n\n<p>I Molhes da Barra sono attaccati alla spiaggia e sono attualmente una delle principali attrazioni turistiche della citt\u00e0. <\/p>\n\n\n\n<p>Il luogo offre una bellissima vista dell&#039;entrata e dell&#039;uscita di navi e pescherecci lungo il fiume Itaja\u00ed-a\u00e7\u00fa ed \u00e8 adatto anche per la pratica della pesca.&nbsp;<\/p>\n\n\n\n<h3 class=\"wp-block-heading\"><span class=\"ez-toc-section\" id=\"Praia_Brava\"><\/span>Praia Brava<span class=\"ez-toc-section-end\"><\/span><\/h3>\n\n\n\n<p>Conosciuta a livello nazionale e internazionale, Praia Brava offre un&#039;infrastruttura completa di hotel e locande, ristoranti e discoteche. <\/p>\n\n\n\n<p>Durante l&#039;alta stagione estiva, riceve migliaia di persone da tutto il paese e dall&#039;America Latina.<\/p>\n\n\n\n<figure class=\"wp-block-image size-large\"><img decoding=\"async\" width=\"1024\" height=\"768\" src=\"https:\/\/wenttrip.com.br\/wp-content\/uploads\/2022\/12\/a_1629811636220-1024x768.jpeg\" alt=\"Praia Brava\" class=\"wp-image-14834\" srcset=\"https:\/\/wenttrip.com.br\/wp-content\/uploads\/2022\/12\/a_1629811636220-1024x768.jpeg 1024w, https:\/\/wenttrip.com.br\/wp-content\/uploads\/2022\/12\/a_1629811636220-300x225.jpeg 300w, https:\/\/wenttrip.com.br\/wp-content\/uploads\/2022\/12\/a_1629811636220-768x576.jpeg 768w, https:\/\/wenttrip.com.br\/wp-content\/uploads\/2022\/12\/a_1629811636220-1536x1151.jpeg 1536w, https:\/\/wenttrip.com.br\/wp-content\/uploads\/2022\/12\/a_1629811636220-2048x1535.jpeg 2048w, https:\/\/wenttrip.com.br\/wp-content\/uploads\/2022\/12\/a_1629811636220-16x12.jpeg 16w\" sizes=\"(max-width: 1024px) 100vw, 1024px\" \/><figcaption class=\"wp-element-caption\">Praia Brava \u2013 Itaja\u00ed<\/figcaption><\/figure>\n\n\n\n<h3 class=\"wp-block-heading\"><span class=\"ez-toc-section\" id=\"Praia_do_Geremias\"><\/span>Praia do Geremias<span class=\"ez-toc-section-end\"><\/span><\/h3>\n\n\n\n<p>\u00c8 lunga 200m con un mare di acque calme, i suoi dintorni sono formati da case.  <\/p>\n\n\n\n<p>Questa spiaggia \u00e8 carina perch\u00e9 accanto c&#039;\u00e8 Bico do Papagaio, molte persone vanno al belvedere e si godono gi\u00e0 la tranquillit\u00e0 della spiaggia.<\/p>\n\n\n\n<h3 class=\"wp-block-heading\"><span class=\"ez-toc-section\" id=\"Praia_da_Solidao\"><\/span>Spiaggia della solitudine<span class=\"ez-toc-section-end\"><\/span><\/h3>\n\n\n\n<p>Circondata da Praia Brava e Cabe\u00e7udas, a Itaja\u00ed, due delle localit\u00e0 pi\u00f9 conosciute e frequentate della regione, la minuscola lingua di sabbia \u00e8 protetta da colline ricoperte dalla foresta atlantica.<\/p>\n\n\n\n<p>Poich\u00e9 \u00e8 coperto da foreste, \u00e8 circondato da terreni dell&#039;Unione sotto la responsabilit\u00e0 della Marina Militare, con accesso limitato.<\/p>\n\n\n\n<p>l&#039;u<strong>unico percorso consentito <\/strong>\u00e8 dal cost\u00e3o do Morcego, all&#039;angolo di Praia Brava.<\/p>\n\n\n\n<h2 class=\"wp-block-heading\"><span class=\"ez-toc-section\" id=\"Seu_guia_de_viagem_para_Itajai_%E2%80%93_SC\"><\/span>La tua guida di viaggio per Itaja\u00ed \u2013 SC<span class=\"ez-toc-section-end\"><\/span><\/h2>\n\n\n\n<p>Commenta qui cosa ne pensi della nostra guida?! Sei mai stato in qualche spiaggia di SC?<\/p>\n\n\n\n<p>Divertiti e leggi anche:<\/p>\n\n\n\n<p> <a href=\"https:\/\/wenttrip.com.br\/it\/brasile\/brasil-sul\/santa-catarina\/curiosita-su-santa-catarina\/\">Fatti su Santa Catarina<\/a><\/p>\n\n\n\n<p> <a href=\"https:\/\/wenttrip.com.br\/it\/brasile\/brasil-sul\/santa-catarina\/viste-di-santa-catarina\/\">Attrazioni di Santa Catarina<\/a><\/p>\n\n\n\n<p> <a href=\"https:\/\/wenttrip.com.br\/it\/brasile\/brasil-sul\/santa-catarina\/florianopolis\/la-tua-guida-di-canasvieiras-florianopolis-sc\/\">La tua guida Canasvieiras \u2013 Florian\u00f3polis SC<\/a><\/p>","protected":false},"excerpt":{"rendered":"<p>Itaja\u00ed \u00e8 un comune conosciuto in tutto il mondo per il suo porto, il secondo pi\u00f9 grande in termini di container e il pi\u00f9 grande porto peschereccio del paese. Ma oltre a ci\u00f2, ci sono bellissime spiagge e diverse attrazioni turistiche che condivideremo con voi qui in questo post. Qual \u00e8 la spiaggia pi\u00f9 bella di Itaja\u00ed? La spiaggia considerata la pi\u00f9 bella e\u2026&nbsp;<a href=\"https:\/\/wenttrip.com.br\/it\/brasile\/brasil-sul\/santa-catarina\/itajai\/la-tua-guida-di-viaggio-a-itajai-sc\/\" rel=\"bookmark\">Leggi tutto \u00bb<span class=\"screen-reader-text\">La tua guida di viaggio per Itaja\u00ed \u2013 SC<\/span><\/a><\/p>","protected":false},"author":1,"featured_media":14832,"comment_status":"open","ping_status":"closed","sticky":false,"template":"","format":"standard","meta":{"neve_meta_sidebar":"","neve_meta_container":"","neve_meta_enable_content_width":"","neve_meta_content_width":0,"neve_meta_title_alignment":"","neve_meta_author_avatar":"","neve_post_elements_order":"","neve_meta_disable_header":"","neve_meta_disable_footer":"","neve_meta_disable_title":"","footnotes":""},"categories":[3776],"tags":[3771,3773,3769,3767,3770,3766,3772,3775,3774,3768],"class_list":["post-14796","post","type-post","status-publish","format-standard","has-post-thumbnail","hentry","category-itajai","tag-baia-afonso-wippel-praca-beira-rio","tag-bico-do-papagaio-itajai","tag-farol-e-molhes-da-barra-de-itajai","tag-mercado-publico-municipal-de-itajai","tag-mirante-morro-da-cruz","tag-museu-historico-de-itajai-palacio-marcos-konder","tag-parque-aquatico-zacarias-itajai","tag-praia-brava-itajai-2","tag-praia-de-cabecuda","tag-praia-de-cabecudas"],"yoast_head":"<!-- This site is optimized with the Yoast SEO plugin v27.4 - https:\/\/yoast.com\/product\/yoast-seo-wordpress\/ -->\n<title>Seu guia de viagem para Itaja\u00ed - SC - WentTrip<\/title>\n<meta name=\"description\" content=\"Itaja\u00ed \u00e9 um munic\u00edpio conhecido mundialmente pelo seu porto, o qual ... tur\u00edsticos que iremos compartilhar com voc\u00ea aqui nesse post.\" \/>\n<meta name=\"robots\" content=\"index, follow, max-snippet:-1, max-image-preview:large, max-video-preview:-1\" \/>\n<link rel=\"canonical\" href=\"https:\/\/wenttrip.com.br\/it\/brasile\/brasil-sul\/santa-catarina\/itajai\/la-tua-guida-di-viaggio-a-itajai-sc\/\" \/>\n<meta property=\"og:locale\" content=\"it_IT\" \/>\n<meta property=\"og:type\" content=\"article\" \/>\n<meta property=\"og:title\" content=\"Seu guia de viagem para Itaja\u00ed - SC - WentTrip\" \/>\n<meta property=\"og:description\" content=\"Itaja\u00ed \u00e9 um munic\u00edpio conhecido mundialmente pelo seu porto, o qual ... tur\u00edsticos que iremos compartilhar com voc\u00ea aqui nesse post.\" \/>\n<meta property=\"og:url\" content=\"https:\/\/wenttrip.com.br\/it\/brasile\/brasil-sul\/santa-catarina\/itajai\/la-tua-guida-di-viaggio-a-itajai-sc\/\" \/>\n<meta property=\"og:site_name\" content=\"WentTrip\" \/>\n<meta property=\"article:publisher\" content=\"https:\/\/m.facebook.com\/profile.php\" \/>\n<meta property=\"article:author\" content=\"https:\/\/m.facebook.com\/profile.php\" \/>\n<meta property=\"article:published_time\" content=\"2022-12-19T00:00:40+00:00\" \/>\n<meta property=\"article:modified_time\" content=\"2022-12-19T00:00:53+00:00\" \/>\n<meta property=\"og:image\" content=\"https:\/\/wenttrip.com.br\/wp-content\/uploads\/2022\/12\/02.jpg\" \/>\n\t<meta property=\"og:image:width\" content=\"804\" \/>\n\t<meta property=\"og:image:height\" content=\"768\" \/>\n\t<meta property=\"og:image:type\" content=\"image\/jpeg\" \/>\n<meta name=\"author\" content=\"Fernanda Machado\" \/>\n<meta name=\"twitter:card\" content=\"summary_large_image\" \/>\n<meta name=\"twitter:creator\" content=\"@https:\/\/twitter.com\/wenttrip\" \/>\n<meta name=\"twitter:site\" content=\"@wenttrip\" \/>\n<meta name=\"twitter:label1\" content=\"Scritto da\" \/>\n\t<meta name=\"twitter:data1\" content=\"Fernanda Machado\" \/>\n\t<meta name=\"twitter:label2\" content=\"Tempo di lettura stimato\" \/>\n\t<meta name=\"twitter:data2\" content=\"9 minuti\" \/>\n<script type=\"application\/ld+json\" class=\"yoast-schema-graph\">{\"@context\":\"https:\\\/\\\/schema.org\",\"@graph\":[{\"@type\":\"Article\",\"@id\":\"https:\\\/\\\/wenttrip.com.br\\\/it\\\/brasile\\\/brasil-sul\\\/santa-catarina\\\/itajai\\\/la-tua-guida-di-viaggio-a-itajai-sc\\\/#article\",\"isPartOf\":{\"@id\":\"https:\\\/\\\/wenttrip.com.br\\\/it\\\/brasile\\\/brasil-sul\\\/santa-catarina\\\/itajai\\\/la-tua-guida-di-viaggio-a-itajai-sc\\\/\"},\"author\":{\"name\":\"Fernanda Machado\",\"@id\":\"https:\\\/\\\/wenttrip.com.br\\\/it\\\/#\\\/schema\\\/person\\\/c0ff87b449a960037fdd1b024842fcf9\"},\"headline\":\"Seu guia de viagem para Itaja\u00ed &#8211; SC\",\"datePublished\":\"2022-12-19T00:00:40+00:00\",\"dateModified\":\"2022-12-19T00:00:53+00:00\",\"mainEntityOfPage\":{\"@id\":\"https:\\\/\\\/wenttrip.com.br\\\/it\\\/brasile\\\/brasil-sul\\\/santa-catarina\\\/itajai\\\/la-tua-guida-di-viaggio-a-itajai-sc\\\/\"},\"wordCount\":1254,\"commentCount\":0,\"publisher\":{\"@id\":\"https:\\\/\\\/wenttrip.com.br\\\/it\\\/#\\\/schema\\\/person\\\/c0ff87b449a960037fdd1b024842fcf9\"},\"image\":{\"@id\":\"https:\\\/\\\/wenttrip.com.br\\\/it\\\/brasile\\\/brasil-sul\\\/santa-catarina\\\/itajai\\\/la-tua-guida-di-viaggio-a-itajai-sc\\\/#primaryimage\"},\"thumbnailUrl\":\"https:\\\/\\\/wenttrip.com.br\\\/wp-content\\\/uploads\\\/2022\\\/12\\\/02.jpg\",\"keywords\":[\"Ba\u00eda Afonso Wippel - Pra\u00e7a Beira Rio\",\"Bico do Papagaio - Itaja\u00ed\",\"Farol e Molhes da Barra de Itaja\u00ed\",\"Mercado P\u00fablico Municipal de Itaja\u00ed\",\"Mirante Morro da Cruz\",\"Museu Hist\u00f3rico de Itaja\u00ed - Pal\u00e1cio Marcos Konder\",\"Parque Aqu\u00e1tico Zacarias - Itaja\u00ed\",\"Praia Brava Itaja\u00ed\",\"Praia de Cabe\u00e7uda\",\"Praia de Cabe\u00e7udas\"],\"articleSection\":[\"Itaja\u00ed\"],\"inLanguage\":\"it-IT\",\"potentialAction\":[{\"@type\":\"CommentAction\",\"name\":\"Comment\",\"target\":[\"https:\\\/\\\/wenttrip.com.br\\\/it\\\/brasile\\\/brasil-sul\\\/santa-catarina\\\/itajai\\\/la-tua-guida-di-viaggio-a-itajai-sc\\\/#respond\"]}]},{\"@type\":\"WebPage\",\"@id\":\"https:\\\/\\\/wenttrip.com.br\\\/it\\\/brasile\\\/brasil-sul\\\/santa-catarina\\\/itajai\\\/la-tua-guida-di-viaggio-a-itajai-sc\\\/\",\"url\":\"https:\\\/\\\/wenttrip.com.br\\\/it\\\/brasile\\\/brasil-sul\\\/santa-catarina\\\/itajai\\\/la-tua-guida-di-viaggio-a-itajai-sc\\\/\",\"name\":\"Seu guia de viagem para Itaja\u00ed - SC - WentTrip\",\"isPartOf\":{\"@id\":\"https:\\\/\\\/wenttrip.com.br\\\/it\\\/#website\"},\"primaryImageOfPage\":{\"@id\":\"https:\\\/\\\/wenttrip.com.br\\\/it\\\/brasile\\\/brasil-sul\\\/santa-catarina\\\/itajai\\\/la-tua-guida-di-viaggio-a-itajai-sc\\\/#primaryimage\"},\"image\":{\"@id\":\"https:\\\/\\\/wenttrip.com.br\\\/it\\\/brasile\\\/brasil-sul\\\/santa-catarina\\\/itajai\\\/la-tua-guida-di-viaggio-a-itajai-sc\\\/#primaryimage\"},\"thumbnailUrl\":\"https:\\\/\\\/wenttrip.com.br\\\/wp-content\\\/uploads\\\/2022\\\/12\\\/02.jpg\",\"datePublished\":\"2022-12-19T00:00:40+00:00\",\"dateModified\":\"2022-12-19T00:00:53+00:00\",\"description\":\"Itaja\u00ed \u00e9 um munic\u00edpio conhecido mundialmente pelo seu porto, o qual ... tur\u00edsticos que iremos compartilhar com voc\u00ea aqui nesse post.\",\"breadcrumb\":{\"@id\":\"https:\\\/\\\/wenttrip.com.br\\\/it\\\/brasile\\\/brasil-sul\\\/santa-catarina\\\/itajai\\\/la-tua-guida-di-viaggio-a-itajai-sc\\\/#breadcrumb\"},\"inLanguage\":\"it-IT\",\"potentialAction\":[{\"@type\":\"ReadAction\",\"target\":[\"https:\\\/\\\/wenttrip.com.br\\\/it\\\/brasile\\\/brasil-sul\\\/santa-catarina\\\/itajai\\\/la-tua-guida-di-viaggio-a-itajai-sc\\\/\"]}]},{\"@type\":\"ImageObject\",\"inLanguage\":\"it-IT\",\"@id\":\"https:\\\/\\\/wenttrip.com.br\\\/it\\\/brasile\\\/brasil-sul\\\/santa-catarina\\\/itajai\\\/la-tua-guida-di-viaggio-a-itajai-sc\\\/#primaryimage\",\"url\":\"https:\\\/\\\/wenttrip.com.br\\\/wp-content\\\/uploads\\\/2022\\\/12\\\/02.jpg\",\"contentUrl\":\"https:\\\/\\\/wenttrip.com.br\\\/wp-content\\\/uploads\\\/2022\\\/12\\\/02.jpg\",\"width\":804,\"height\":768},{\"@type\":\"BreadcrumbList\",\"@id\":\"https:\\\/\\\/wenttrip.com.br\\\/it\\\/brasile\\\/brasil-sul\\\/santa-catarina\\\/itajai\\\/la-tua-guida-di-viaggio-a-itajai-sc\\\/#breadcrumb\",\"itemListElement\":[{\"@type\":\"ListItem\",\"position\":1,\"name\":\"In\u00edcio\",\"item\":\"https:\\\/\\\/wenttrip.com.br\\\/it\\\/\"},{\"@type\":\"ListItem\",\"position\":2,\"name\":\"Seu guia de viagem para Itaja\u00ed &#8211; SC\"}]},{\"@type\":\"WebSite\",\"@id\":\"https:\\\/\\\/wenttrip.com.br\\\/it\\\/#website\",\"url\":\"https:\\\/\\\/wenttrip.com.br\\\/it\\\/\",\"name\":\"WentTrip\",\"description\":\"O seu guia completo com muitas dicas de aventuras, lugares, alimenta\u00e7\u00e3o, hot\u00e9is.\",\"publisher\":{\"@id\":\"https:\\\/\\\/wenttrip.com.br\\\/it\\\/#\\\/schema\\\/person\\\/c0ff87b449a960037fdd1b024842fcf9\"},\"potentialAction\":[{\"@type\":\"SearchAction\",\"target\":{\"@type\":\"EntryPoint\",\"urlTemplate\":\"https:\\\/\\\/wenttrip.com.br\\\/it\\\/?s={search_term_string}\"},\"query-input\":{\"@type\":\"PropertyValueSpecification\",\"valueRequired\":true,\"valueName\":\"search_term_string\"}}],\"inLanguage\":\"it-IT\"},{\"@type\":[\"Person\",\"Organization\"],\"@id\":\"https:\\\/\\\/wenttrip.com.br\\\/it\\\/#\\\/schema\\\/person\\\/c0ff87b449a960037fdd1b024842fcf9\",\"name\":\"Fernanda Machado\",\"image\":{\"@type\":\"ImageObject\",\"inLanguage\":\"it-IT\",\"@id\":\"https:\\\/\\\/wenttrip.com.br\\\/wp-content\\\/uploads\\\/2022\\\/08\\\/WentTrip-2.png\",\"url\":\"https:\\\/\\\/wenttrip.com.br\\\/wp-content\\\/uploads\\\/2022\\\/08\\\/WentTrip-2.png\",\"contentUrl\":\"https:\\\/\\\/wenttrip.com.br\\\/wp-content\\\/uploads\\\/2022\\\/08\\\/WentTrip-2.png\",\"width\":1000,\"height\":1000,\"caption\":\"Fernanda Machado\"},\"logo\":{\"@id\":\"https:\\\/\\\/wenttrip.com.br\\\/wp-content\\\/uploads\\\/2022\\\/08\\\/WentTrip-2.png\"},\"description\":\"Aprendi que a vida \u00e9 mais leve quando colocamos uma mochila nas costas junto com sonhos. Amo viajar! Tenho 34 anos, mam\u00e3e de 3 cachorros: A Pantufa, O mutley e o Mixuruca. Compartilhamos nossas experi\u00eancias por aqui, esperamos que gostem!\",\"sameAs\":[\"https:\\\/\\\/wenttrip.com.br\",\"https:\\\/\\\/m.facebook.com\\\/profile.php\",\"https:\\\/\\\/www.instagram.com\\\/wenttrip\\\/\",\"https:\\\/\\\/x.com\\\/https:\\\/\\\/twitter.com\\\/wenttrip\",\"https:\\\/\\\/www.youtube.com\\\/c\\\/WentTrip\\\/videos\"],\"url\":\"https:\\\/\\\/wenttrip.com.br\\\/it\\\/author\\\/admin\\\/\"}]}<\/script>\n<!-- \/ Yoast SEO plugin. -->","yoast_head_json":{"title":"La tua guida di viaggio per Itaja\u00ed - SC - WentTrip","description":"Itaja\u00ed \u00e8 una citt\u00e0 conosciuta in tutto il mondo per il suo porto, che... condivideremo con voi qui in questo post.","robots":{"index":"index","follow":"follow","max-snippet":"max-snippet:-1","max-image-preview":"max-image-preview:large","max-video-preview":"max-video-preview:-1"},"canonical":"https:\/\/wenttrip.com.br\/it\/brasile\/brasil-sul\/santa-catarina\/itajai\/la-tua-guida-di-viaggio-a-itajai-sc\/","og_locale":"it_IT","og_type":"article","og_title":"Seu guia de viagem para Itaja\u00ed - SC - WentTrip","og_description":"Itaja\u00ed \u00e9 um munic\u00edpio conhecido mundialmente pelo seu porto, o qual ... tur\u00edsticos que iremos compartilhar com voc\u00ea aqui nesse post.","og_url":"https:\/\/wenttrip.com.br\/it\/brasile\/brasil-sul\/santa-catarina\/itajai\/la-tua-guida-di-viaggio-a-itajai-sc\/","og_site_name":"WentTrip","article_publisher":"https:\/\/m.facebook.com\/profile.php","article_author":"https:\/\/m.facebook.com\/profile.php","article_published_time":"2022-12-19T00:00:40+00:00","article_modified_time":"2022-12-19T00:00:53+00:00","og_image":[{"width":804,"height":768,"url":"https:\/\/wenttrip.com.br\/wp-content\/uploads\/2022\/12\/02.jpg","type":"image\/jpeg"}],"author":"Fernanda Machado","twitter_card":"summary_large_image","twitter_creator":"@https:\/\/twitter.com\/wenttrip","twitter_site":"@wenttrip","twitter_misc":{"Scritto da":"Fernanda Machado","Tempo di lettura stimato":"9 minuti"},"schema":{"@context":"https:\/\/schema.org","@graph":[{"@type":"Article","@id":"https:\/\/wenttrip.com.br\/it\/brasile\/brasil-sul\/santa-catarina\/itajai\/la-tua-guida-di-viaggio-a-itajai-sc\/#article","isPartOf":{"@id":"https:\/\/wenttrip.com.br\/it\/brasile\/brasil-sul\/santa-catarina\/itajai\/la-tua-guida-di-viaggio-a-itajai-sc\/"},"author":{"name":"Fernanda Machado","@id":"https:\/\/wenttrip.com.br\/it\/#\/schema\/person\/c0ff87b449a960037fdd1b024842fcf9"},"headline":"Seu guia de viagem para Itaja\u00ed &#8211; SC","datePublished":"2022-12-19T00:00:40+00:00","dateModified":"2022-12-19T00:00:53+00:00","mainEntityOfPage":{"@id":"https:\/\/wenttrip.com.br\/it\/brasile\/brasil-sul\/santa-catarina\/itajai\/la-tua-guida-di-viaggio-a-itajai-sc\/"},"wordCount":1254,"commentCount":0,"publisher":{"@id":"https:\/\/wenttrip.com.br\/it\/#\/schema\/person\/c0ff87b449a960037fdd1b024842fcf9"},"image":{"@id":"https:\/\/wenttrip.com.br\/it\/brasile\/brasil-sul\/santa-catarina\/itajai\/la-tua-guida-di-viaggio-a-itajai-sc\/#primaryimage"},"thumbnailUrl":"https:\/\/wenttrip.com.br\/wp-content\/uploads\/2022\/12\/02.jpg","keywords":["Ba\u00eda Afonso Wippel - Pra\u00e7a Beira Rio","Bico do Papagaio - Itaja\u00ed","Farol e Molhes da Barra de Itaja\u00ed","Mercado P\u00fablico Municipal de Itaja\u00ed","Mirante Morro da Cruz","Museu Hist\u00f3rico de Itaja\u00ed - Pal\u00e1cio Marcos Konder","Parque Aqu\u00e1tico Zacarias - Itaja\u00ed","Praia Brava Itaja\u00ed","Praia de Cabe\u00e7uda","Praia de Cabe\u00e7udas"],"articleSection":["Itaja\u00ed"],"inLanguage":"it-IT","potentialAction":[{"@type":"CommentAction","name":"Comment","target":["https:\/\/wenttrip.com.br\/it\/brasile\/brasil-sul\/santa-catarina\/itajai\/la-tua-guida-di-viaggio-a-itajai-sc\/#respond"]}]},{"@type":"WebPage","@id":"https:\/\/wenttrip.com.br\/it\/brasile\/brasil-sul\/santa-catarina\/itajai\/la-tua-guida-di-viaggio-a-itajai-sc\/","url":"https:\/\/wenttrip.com.br\/it\/brasile\/brasil-sul\/santa-catarina\/itajai\/la-tua-guida-di-viaggio-a-itajai-sc\/","name":"La tua guida di viaggio per Itaja\u00ed - SC - WentTrip","isPartOf":{"@id":"https:\/\/wenttrip.com.br\/it\/#website"},"primaryImageOfPage":{"@id":"https:\/\/wenttrip.com.br\/it\/brasile\/brasil-sul\/santa-catarina\/itajai\/la-tua-guida-di-viaggio-a-itajai-sc\/#primaryimage"},"image":{"@id":"https:\/\/wenttrip.com.br\/it\/brasile\/brasil-sul\/santa-catarina\/itajai\/la-tua-guida-di-viaggio-a-itajai-sc\/#primaryimage"},"thumbnailUrl":"https:\/\/wenttrip.com.br\/wp-content\/uploads\/2022\/12\/02.jpg","datePublished":"2022-12-19T00:00:40+00:00","dateModified":"2022-12-19T00:00:53+00:00","description":"Itaja\u00ed \u00e8 una citt\u00e0 conosciuta in tutto il mondo per il suo porto, che... condivideremo con voi qui in questo post.","breadcrumb":{"@id":"https:\/\/wenttrip.com.br\/it\/brasile\/brasil-sul\/santa-catarina\/itajai\/la-tua-guida-di-viaggio-a-itajai-sc\/#breadcrumb"},"inLanguage":"it-IT","potentialAction":[{"@type":"ReadAction","target":["https:\/\/wenttrip.com.br\/it\/brasile\/brasil-sul\/santa-catarina\/itajai\/la-tua-guida-di-viaggio-a-itajai-sc\/"]}]},{"@type":"ImageObject","inLanguage":"it-IT","@id":"https:\/\/wenttrip.com.br\/it\/brasile\/brasil-sul\/santa-catarina\/itajai\/la-tua-guida-di-viaggio-a-itajai-sc\/#primaryimage","url":"https:\/\/wenttrip.com.br\/wp-content\/uploads\/2022\/12\/02.jpg","contentUrl":"https:\/\/wenttrip.com.br\/wp-content\/uploads\/2022\/12\/02.jpg","width":804,"height":768},{"@type":"BreadcrumbList","@id":"https:\/\/wenttrip.com.br\/it\/brasile\/brasil-sul\/santa-catarina\/itajai\/la-tua-guida-di-viaggio-a-itajai-sc\/#breadcrumb","itemListElement":[{"@type":"ListItem","position":1,"name":"In\u00edcio","item":"https:\/\/wenttrip.com.br\/it\/"},{"@type":"ListItem","position":2,"name":"Seu guia de viagem para Itaja\u00ed &#8211; SC"}]},{"@type":"WebSite","@id":"https:\/\/wenttrip.com.br\/it\/#website","url":"https:\/\/wenttrip.com.br\/it\/","name":"Andato in viaggio","description":"La tua guida completa con tanti consigli su avventure, luoghi, cibo, hotel.","publisher":{"@id":"https:\/\/wenttrip.com.br\/it\/#\/schema\/person\/c0ff87b449a960037fdd1b024842fcf9"},"potentialAction":[{"@type":"SearchAction","target":{"@type":"EntryPoint","urlTemplate":"https:\/\/wenttrip.com.br\/it\/?s={search_term_string}"},"query-input":{"@type":"PropertyValueSpecification","valueRequired":true,"valueName":"search_term_string"}}],"inLanguage":"it-IT"},{"@type":["Person","Organization"],"@id":"https:\/\/wenttrip.com.br\/it\/#\/schema\/person\/c0ff87b449a960037fdd1b024842fcf9","name":"Fernanda Macchado","image":{"@type":"ImageObject","inLanguage":"it-IT","@id":"https:\/\/wenttrip.com.br\/wp-content\/uploads\/2022\/08\/WentTrip-2.png","url":"https:\/\/wenttrip.com.br\/wp-content\/uploads\/2022\/08\/WentTrip-2.png","contentUrl":"https:\/\/wenttrip.com.br\/wp-content\/uploads\/2022\/08\/WentTrip-2.png","width":1000,"height":1000,"caption":"Fernanda Machado"},"logo":{"@id":"https:\/\/wenttrip.com.br\/wp-content\/uploads\/2022\/08\/WentTrip-2.png"},"description":"Ho imparato che la vita \u00e8 pi\u00f9 leggera quando ci mettiamo uno zaino in spalla insieme ai sogni. Amo viaggiare! Ho 34 anni, mamma di 3 cani: Pantufa, Mutley e Mixuruca. Condividiamo qui le nostre esperienze, speriamo vi piaccia!","sameAs":["https:\/\/wenttrip.com.br","https:\/\/m.facebook.com\/profile.php","https:\/\/www.instagram.com\/wenttrip\/","https:\/\/x.com\/https:\/\/twitter.com\/wenttrip","https:\/\/www.youtube.com\/c\/WentTrip\/videos"],"url":"https:\/\/wenttrip.com.br\/it\/author\/admin\/"}]}},"_links":{"self":[{"href":"https:\/\/wenttrip.com.br\/it\/wp-json\/wp\/v2\/posts\/14796","targetHints":{"allow":["GET"]}}],"collection":[{"href":"https:\/\/wenttrip.com.br\/it\/wp-json\/wp\/v2\/posts"}],"about":[{"href":"https:\/\/wenttrip.com.br\/it\/wp-json\/wp\/v2\/types\/post"}],"author":[{"embeddable":true,"href":"https:\/\/wenttrip.com.br\/it\/wp-json\/wp\/v2\/users\/1"}],"replies":[{"embeddable":true,"href":"https:\/\/wenttrip.com.br\/it\/wp-json\/wp\/v2\/comments?post=14796"}],"version-history":[{"count":0,"href":"https:\/\/wenttrip.com.br\/it\/wp-json\/wp\/v2\/posts\/14796\/revisions"}],"wp:featuredmedia":[{"embeddable":true,"href":"https:\/\/wenttrip.com.br\/it\/wp-json\/wp\/v2\/media\/14832"}],"wp:attachment":[{"href":"https:\/\/wenttrip.com.br\/it\/wp-json\/wp\/v2\/media?parent=14796"}],"wp:term":[{"taxonomy":"category","embeddable":true,"href":"https:\/\/wenttrip.com.br\/it\/wp-json\/wp\/v2\/categories?post=14796"},{"taxonomy":"post_tag","embeddable":true,"href":"https:\/\/wenttrip.com.br\/it\/wp-json\/wp\/v2\/tags?post=14796"}],"curies":[{"name":"parola chiave","href":"https:\/\/api.w.org\/{rel}","templated":true}]}}