{"id":14559,"date":"2022-12-06T17:02:15","date_gmt":"2022-12-06T17:02:15","guid":{"rendered":"https:\/\/wenttrip.com.br\/?p=14559"},"modified":"2022-12-06T17:02:20","modified_gmt":"2022-12-06T17:02:20","slug":"guia-de-governador-celso-ramos-sc","status":"publish","type":"post","link":"https:\/\/wenttrip.com.br\/it\/brasile\/brasil-sul\/santa-catarina\/governador-celso-ramos\/guida-del-governatore-celso-ramos-sc\/","title":{"rendered":"Guida per il Governatore Celso Ramos \u2013 SC"},"content":{"rendered":"<div id=\"ez-toc-container\" class=\"ez-toc-v2_0_82_2 counter-hierarchy ez-toc-counter ez-toc-grey ez-toc-container-direction\">\n<div class=\"ez-toc-title-container\">\n<p class=\"ez-toc-title\" style=\"cursor:inherit\">Indice<\/p>\n<span class=\"ez-toc-title-toggle\"><a href=\"#\" class=\"ez-toc-pull-right ez-toc-btn ez-toc-btn-xs ez-toc-btn-default ez-toc-toggle\" aria-label=\"Attiva\/disattiva sommario\"><span class=\"ez-toc-js-icon-con\"><span class=\"\"><span class=\"eztoc-hide\" style=\"display:none;\">alternare<\/span><span class=\"ez-toc-icon-toggle-span\"><svg style=\"fill: #999;color:#999\" xmlns=\"http:\/\/www.w3.org\/2000\/svg\" class=\"list-377408\" width=\"20px\" height=\"20px\" viewbox=\"0 0 24 24\" fill=\"none\"><path d=\"M6 6H4v2h2V6zm14 0H8v2h12V6zM4 11h2v2H4v-2zm16 0H8v2h12v-2zM4 16h2v2H4v-2zm16 0H8v2h12v-2z\" fill=\"currentColor\"><\/path><\/svg><svg style=\"fill: #999;color:#999\" class=\"arrow-unsorted-368013\" xmlns=\"http:\/\/www.w3.org\/2000\/svg\" width=\"10px\" height=\"10px\" viewbox=\"0 0 24 24\" version=\"1.2\" baseprofile=\"tiny\"><path d=\"M18.2 9.3l-6.2-6.3-6.2 6.3c-.2.2-.3.4-.3.7s.1.5.3.7c.2.2.4.3.7.3h11c.3 0 .5-.1.7-.3.2-.2.3-.5.3-.7s-.1-.5-.3-.7zM5.8 14.7l6.2 6.3 6.2-6.3c.2-.2.3-.5.3-.7s-.1-.5-.3-.7c-.2-.2-.4-.3-.7-.3h-11c-.3 0-.5.1-.7.3-.2.2-.3.5-.3.7s.1.5.3.7z\"\/><\/svg><\/span><\/span><\/span><\/a><\/span><\/div>\n<nav><ul class='ez-toc-list ez-toc-list-level-1' ><li class='ez-toc-page-1 ez-toc-heading-level-2'><a class=\"ez-toc-link ez-toc-heading-1\" href=\"https:\/\/wenttrip.com.br\/it\/brasile\/brasil-sul\/santa-catarina\/governador-celso-ramos\/guida-del-governatore-celso-ramos-sc\/#O_que_fazer_em_Governador_Celso_Ramos_em_1_dia\" >Cosa fare a Governador Celso Ramos in 1 giorno?<\/a><\/li><li class='ez-toc-page-1 ez-toc-heading-level-2'><a class=\"ez-toc-link ez-toc-heading-2\" href=\"https:\/\/wenttrip.com.br\/it\/brasile\/brasil-sul\/santa-catarina\/governador-celso-ramos\/guida-del-governatore-celso-ramos-sc\/#Qual_e_a_Praia_mais_bonita_de_Governador_Celso_Ramos\" >Qual \u00e8 la spiaggia pi\u00f9 bella del Governador Celso Ramos?<\/a><\/li><li class='ez-toc-page-1 ez-toc-heading-level-2'><a class=\"ez-toc-link ez-toc-heading-3\" href=\"https:\/\/wenttrip.com.br\/it\/brasile\/brasil-sul\/santa-catarina\/governador-celso-ramos\/guida-del-governatore-celso-ramos-sc\/#Qual_a_melhor_Praia_para_se_hospedar_em_Governador_Celso_Ramos\" >Qual \u00e8 la spiaggia migliore per soggiornare nei dintorni di Governador Celso Ramos?<\/a><\/li><li class='ez-toc-page-1 ez-toc-heading-level-2'><a class=\"ez-toc-link ez-toc-heading-4\" href=\"https:\/\/wenttrip.com.br\/it\/brasile\/brasil-sul\/santa-catarina\/governador-celso-ramos\/guida-del-governatore-celso-ramos-sc\/#Qual_valor_para_entrar_em_Governador_Celso_Ramos\" >Quanto costa entrare nel Governador Celso Ramos?<\/a><\/li><li class='ez-toc-page-1 ez-toc-heading-level-2'><a class=\"ez-toc-link ez-toc-heading-5\" href=\"https:\/\/wenttrip.com.br\/it\/brasile\/brasil-sul\/santa-catarina\/governador-celso-ramos\/guida-del-governatore-celso-ramos-sc\/#Tem_que_pagar_para_entrar_em_Governador_Celso_Ramos\" >Devi pagare per entrare nel Governador Celso Ramos?<\/a><\/li><li class='ez-toc-page-1 ez-toc-heading-level-2'><a class=\"ez-toc-link ez-toc-heading-6\" href=\"https:\/\/wenttrip.com.br\/it\/brasile\/brasil-sul\/santa-catarina\/governador-celso-ramos\/guida-del-governatore-celso-ramos-sc\/#Tem_onda_em_Governador_Celso_Ramos\" >C&#039;\u00e8 un&#039;ondata nel governatore Celso Ramos?<\/a><\/li><li class='ez-toc-page-1 ez-toc-heading-level-2'><a class=\"ez-toc-link ez-toc-heading-7\" href=\"https:\/\/wenttrip.com.br\/it\/brasile\/brasil-sul\/santa-catarina\/governador-celso-ramos\/guida-del-governatore-celso-ramos-sc\/#Quantas_Praia_tem_em_Governador_Celso_Ramos\" >Quante spiagge ci sono a Governador Celso Ramos?<\/a><\/li><\/ul><\/nav><\/div>\n\n<p>Governador Celso Ramos \u00e8 un comune brasiliano nello Stato di Santa Catarina, con bellissime spiagge distribuite tra calette e montagne con acque calme. <\/p>\n\n\n\n<p>Di seguito condivider\u00f2 i dubbi dei lettori, andiamo?!<\/p>\n\n\n\n<h2 class=\"wp-block-heading\"><span class=\"ez-toc-section\" id=\"O_que_fazer_em_Governador_Celso_Ramos_em_1_dia\"><\/span>Cosa fare a Governador Celso Ramos in 1 giorno?<span class=\"ez-toc-section-end\"><\/span><\/h2>\n\n\n\n<ul class=\"wp-block-list\">\n<li>Spiaggia del Canto dos Ganchos. <\/li>\n\n\n\n<li>Spiaggia di Calheiros. <\/li>\n\n\n\n<li>La spiaggia di Ganchos do Meio. <\/li>\n\n\n\n<li>Spiaggia di Ganchos de Fora. <\/li>\n\n\n\n<li>Al di fuori della spiaggia. <\/li>\n\n\n\n<li>La spiaggia di Palmas do Arvoredo. <\/li>\n\n\n\n<li>Spiaggia di Ilheus. <\/li>\n\n\n\n<li>Spiaggia di Sisial.<\/li>\n<\/ul>\n\n\n\n<h2 class=\"wp-block-heading\"><span class=\"ez-toc-section\" id=\"Qual_e_a_Praia_mais_bonita_de_Governador_Celso_Ramos\"><\/span>Qual \u00e8 la spiaggia pi\u00f9 bella del Governador Celso Ramos?<span class=\"ez-toc-section-end\"><\/span><\/h2>\n\n\n\n<p>Praia da Arma\u00e7\u00e3o da Piedade \u00e8 una delle spiagge pi\u00f9 belle del Governador Celso Ramos. <\/p>\n\n\n\n<p>Si trova in una tranquilla baia lunga 400 metri, con un mare molto bello. <\/p>\n\n\n\n<p>Il mare \u00e8 praticamente una piscina, ottima per nuotare e per i bambini.<\/p>\n\n\n\n<figure class=\"wp-block-image size-full\"><img decoding=\"async\" width=\"720\" height=\"450\" src=\"https:\/\/wenttrip.com.br\/wp-content\/uploads\/2022\/12\/Visao-aerea-do-centro-de-Governador-Celso-Ramos.jpg\" alt=\"Governatore Celso Ramos\" class=\"wp-image-14563\" srcset=\"https:\/\/wenttrip.com.br\/wp-content\/uploads\/2022\/12\/Visao-aerea-do-centro-de-Governador-Celso-Ramos.jpg 720w, https:\/\/wenttrip.com.br\/wp-content\/uploads\/2022\/12\/Visao-aerea-do-centro-de-Governador-Celso-Ramos-300x188.jpg 300w, https:\/\/wenttrip.com.br\/wp-content\/uploads\/2022\/12\/Visao-aerea-do-centro-de-Governador-Celso-Ramos-18x12.jpg 18w\" sizes=\"(max-width: 720px) 100vw, 720px\" \/><figcaption class=\"wp-element-caption\">Governatore Celso Ramos<\/figcaption><\/figure>\n\n\n\n<h2 class=\"wp-block-heading\"><span class=\"ez-toc-section\" id=\"Qual_a_melhor_Praia_para_se_hospedar_em_Governador_Celso_Ramos\"><\/span>Qual \u00e8 la spiaggia migliore per soggiornare nei dintorni di Governador Celso Ramos?<span class=\"ez-toc-section-end\"><\/span><\/h2>\n\n\n\n<p>La spiaggia di Palmas do Arvoredo.<\/p>\n\n\n\n<p> Questa spiaggia, a nostro avviso, \u00e8 il miglior posto dove stare a Governador Celso Ramos, in quanto ha le migliori infrastrutture della costa, con mercati, ristoranti, hotel, molti appartamenti in affitto, bar, pizzerie, gelaterie, farmacie e panifici, oltre che da altri mestieri.<\/p>\n\n\n\n<figure class=\"wp-block-image size-full\"><img decoding=\"async\" width=\"500\" height=\"333\" src=\"https:\/\/wenttrip.com.br\/wp-content\/uploads\/2022\/12\/28-10-2014-20-20-18-pg-21-foto-abre-0487-barco-governador-celso-ramos-pesca-daniel-queiroz-18.janeiro.2014.webp\" alt=\"Governatore Celso Ramos\" class=\"wp-image-14564\" srcset=\"https:\/\/wenttrip.com.br\/wp-content\/uploads\/2022\/12\/28-10-2014-20-20-18-pg-21-foto-abre-0487-barco-governador-celso-ramos-pesca-daniel-queiroz-18.janeiro.2014.webp 500w, https:\/\/wenttrip.com.br\/wp-content\/uploads\/2022\/12\/28-10-2014-20-20-18-pg-21-foto-abre-0487-barco-governador-celso-ramos-pesca-daniel-queiroz-18.janeiro.2014-300x200.webp 300w, https:\/\/wenttrip.com.br\/wp-content\/uploads\/2022\/12\/28-10-2014-20-20-18-pg-21-foto-abre-0487-barco-governador-celso-ramos-pesca-daniel-queiroz-18.janeiro.2014-18x12.webp 18w\" sizes=\"(max-width: 500px) 100vw, 500px\" \/><figcaption class=\"wp-element-caption\">Governatore Celso Ramos<\/figcaption><\/figure>\n\n\n\n<h2 class=\"wp-block-heading\"><span class=\"ez-toc-section\" id=\"Qual_valor_para_entrar_em_Governador_Celso_Ramos\"><\/span>Quanto costa entrare nel Governador Celso Ramos?<span class=\"ez-toc-section-end\"><\/span><\/h2>\n\n\n\n<p>L&#039;estate 2020\/2021 a Governador Celso Ramos non avr\u00e0 pedaggi urbani per i turisti, attraverso la Tassa per la Conservazione Ambientale (TPA), come avvenuto la scorsa stagione.<\/p>\n\n\n\n<h2 class=\"wp-block-heading\"><span class=\"ez-toc-section\" id=\"Tem_que_pagar_para_entrar_em_Governador_Celso_Ramos\"><\/span>Devi pagare per entrare nel Governador Celso Ramos?<span class=\"ez-toc-section-end\"><\/span><\/h2>\n\n\n\n<p>S\u00ec.<\/p>\n\n\n\n<p>Tutti i veicoli che entrano nel Governador Celso Ramos sono soggetti alla tassa, ad eccezione di quelli esentati per legge. <\/p>\n\n\n\n<p>I veicoli immatricolati nel comune non devono richiedere l&#039;esenzione. Chi possiede immobili in citt\u00e0, ma non ha la targa, deve fare domanda al municipio.<\/p>\n\n\n\n<h2 class=\"wp-block-heading\"><span class=\"ez-toc-section\" id=\"Tem_onda_em_Governador_Celso_Ramos\"><\/span>C&#039;\u00e8 un&#039;ondata nel governatore Celso Ramos?<span class=\"ez-toc-section-end\"><\/span><\/h2>\n\n\n\n<p>La spiaggia di Caravelas \u00e8 una delle spiagge pi\u00f9 belle del Governador Celso Ramos. <\/p>\n\n\n\n<p>Si caratterizza per essere una spiaggia di mare aperto, di solito ha onde e spesso presenta condizioni favorevoli per la pratica del surf, del bodyboard e di altri sport d&#039;avventura.<\/p>\n\n\n\n<h2 class=\"wp-block-heading\"><span class=\"ez-toc-section\" id=\"Quantas_Praia_tem_em_Governador_Celso_Ramos\"><\/span>Quante spiagge ci sono a Governador Celso Ramos?<span class=\"ez-toc-section-end\"><\/span><\/h2>\n\n\n\n<p>Il comune di Governador Celso Ramos occupa una bellissima penisola con rientranze stravaganti che formano una costa con pi\u00f9 di 23 bellissime spiagge.<\/p>\n\n\n\n<p>Leggi anche:<\/p>\n\n\n\n<p> <a href=\"https:\/\/wenttrip.com.br\/it\/brasile\/brasil-sul\/santa-catarina\/cosa-fare-a-penha-sc\/\">Cosa fare a Penha SC<\/a><\/p>\n\n\n\n<p> <a href=\"https:\/\/wenttrip.com.br\/it\/brasile\/brasil-sul\/santa-catarina\/florianopolis\/florianopolis-sc\/\">Florianopolis - SC<\/a><\/p>\n\n\n\n<p> <a href=\"https:\/\/wenttrip.com.br\/it\/brasile\/brasil-sul\/santa-catarina\/curiosita-su-santa-catarina\/\">Fatti su Santa Catarina<\/a><\/p>","protected":false},"excerpt":{"rendered":"<p>Governador Celso Ramos \u00e8 un comune brasiliano nello Stato di Santa Catarina, con bellissime spiagge distribuite tra calette e montagne con acque calme. Di seguito condivider\u00f2 le domande dei lettori, vero?! Cosa fare a Governador Celso Ramos in 1 giorno? Qual \u00e8 la spiaggia pi\u00f9 bella di Governador Celso Ramos? Spiaggia di Arma\u00e7\u00e3o\u2026&nbsp;<a href=\"https:\/\/wenttrip.com.br\/it\/brasile\/brasil-sul\/santa-catarina\/governador-celso-ramos\/guida-del-governatore-celso-ramos-sc\/\" rel=\"bookmark\">Leggi tutto \u00bb<span class=\"screen-reader-text\">Guida per il Governatore Celso Ramos \u2013 SC<\/span><\/a><\/p>","protected":false},"author":1,"featured_media":14568,"comment_status":"open","ping_status":"closed","sticky":false,"template":"","format":"standard","meta":{"neve_meta_sidebar":"","neve_meta_container":"","neve_meta_enable_content_width":"","neve_meta_content_width":0,"neve_meta_title_alignment":"","neve_meta_author_avatar":"","neve_post_elements_order":"","neve_meta_disable_header":"","neve_meta_disable_footer":"","neve_meta_disable_title":"","footnotes":""},"categories":[3667],"tags":[3666,3672,3673,3671,3668,3669,3670],"class_list":["post-14559","post","type-post","status-publish","format-standard","has-post-thumbnail","hentry","category-governador-celso-ramos","tag-governador-celso-ramos","tag-qual-a-melhor-praia-para-se-hospedar-em-governador-celso-ramos","tag-qual-e-a-praia-mais-bonita-de-governador-celso-ramos","tag-qual-valor-para-entrar-em-governador-celso-ramos","tag-quantas-praia-tem-em-governador-celso-ramos","tag-tem-onda-em-governador-celso-ramos","tag-tem-que-pagar-para-entrar-em-governador-celso-ramos"],"yoast_head":"<!-- This site is optimized with the Yoast SEO plugin v27.5 - https:\/\/yoast.com\/product\/yoast-seo-wordpress\/ -->\n<title>Guia de Governador Celso Ramos - SC - WentTrip<\/title>\n<meta name=\"description\" content=\"Governador Celso Ramos \u00e9 um munic\u00edpio brasileiro do Estado de Santa Catarina, com lindas praias distribu\u00eddas entre enseadas e montanhas de...\" \/>\n<meta name=\"robots\" content=\"index, follow, max-snippet:-1, max-image-preview:large, max-video-preview:-1\" \/>\n<link rel=\"canonical\" href=\"https:\/\/wenttrip.com.br\/it\/brasile\/brasil-sul\/santa-catarina\/governador-celso-ramos\/guida-del-governatore-celso-ramos-sc\/\" \/>\n<meta property=\"og:locale\" content=\"it_IT\" \/>\n<meta property=\"og:type\" content=\"article\" \/>\n<meta property=\"og:title\" content=\"Guia de Governador Celso Ramos - SC - WentTrip\" \/>\n<meta property=\"og:description\" content=\"Governador Celso Ramos \u00e9 um munic\u00edpio brasileiro do Estado de Santa Catarina, com lindas praias distribu\u00eddas entre enseadas e montanhas de...\" \/>\n<meta property=\"og:url\" content=\"https:\/\/wenttrip.com.br\/it\/brasile\/brasil-sul\/santa-catarina\/governador-celso-ramos\/guida-del-governatore-celso-ramos-sc\/\" \/>\n<meta property=\"og:site_name\" content=\"WentTrip\" \/>\n<meta property=\"article:publisher\" content=\"https:\/\/m.facebook.com\/profile.php\" \/>\n<meta property=\"article:author\" content=\"https:\/\/m.facebook.com\/profile.php\" \/>\n<meta property=\"article:published_time\" content=\"2022-12-06T17:02:15+00:00\" \/>\n<meta property=\"article:modified_time\" content=\"2022-12-06T17:02:20+00:00\" \/>\n<meta property=\"og:image\" content=\"https:\/\/wenttrip.com.br\/wp-content\/uploads\/2022\/12\/Praia-da-Figueira-Governador-Celso-Ramos-Santa-Catarina-shutterstock_1629068095.jpg\" \/>\n\t<meta property=\"og:image:width\" content=\"1000\" \/>\n\t<meta property=\"og:image:height\" content=\"562\" \/>\n\t<meta property=\"og:image:type\" content=\"image\/jpeg\" \/>\n<meta name=\"author\" content=\"Fernanda Machado\" \/>\n<meta name=\"twitter:card\" content=\"summary_large_image\" \/>\n<meta name=\"twitter:creator\" content=\"@https:\/\/twitter.com\/wenttrip\" \/>\n<meta name=\"twitter:site\" content=\"@wenttrip\" \/>\n<meta name=\"twitter:label1\" content=\"Scritto da\" \/>\n\t<meta name=\"twitter:data1\" content=\"Fernanda Machado\" \/>\n\t<meta name=\"twitter:label2\" content=\"Tempo di lettura stimato\" \/>\n\t<meta name=\"twitter:data2\" content=\"3 minuti\" \/>\n<script type=\"application\/ld+json\" class=\"yoast-schema-graph\">{\"@context\":\"https:\\\/\\\/schema.org\",\"@graph\":[{\"@type\":\"Article\",\"@id\":\"https:\\\/\\\/wenttrip.com.br\\\/it\\\/brasile\\\/brasil-sul\\\/santa-catarina\\\/governador-celso-ramos\\\/guida-del-governatore-celso-ramos-sc\\\/#article\",\"isPartOf\":{\"@id\":\"https:\\\/\\\/wenttrip.com.br\\\/it\\\/brasile\\\/brasil-sul\\\/santa-catarina\\\/governador-celso-ramos\\\/guida-del-governatore-celso-ramos-sc\\\/\"},\"author\":{\"name\":\"Fernanda Machado\",\"@id\":\"https:\\\/\\\/wenttrip.com.br\\\/it\\\/#\\\/schema\\\/person\\\/c0ff87b449a960037fdd1b024842fcf9\"},\"headline\":\"Guia de Governador Celso Ramos &#8211; SC\",\"datePublished\":\"2022-12-06T17:02:15+00:00\",\"dateModified\":\"2022-12-06T17:02:20+00:00\",\"mainEntityOfPage\":{\"@id\":\"https:\\\/\\\/wenttrip.com.br\\\/it\\\/brasile\\\/brasil-sul\\\/santa-catarina\\\/governador-celso-ramos\\\/guida-del-governatore-celso-ramos-sc\\\/\"},\"wordCount\":401,\"commentCount\":0,\"publisher\":{\"@id\":\"https:\\\/\\\/wenttrip.com.br\\\/it\\\/#\\\/schema\\\/person\\\/c0ff87b449a960037fdd1b024842fcf9\"},\"image\":{\"@id\":\"https:\\\/\\\/wenttrip.com.br\\\/it\\\/brasile\\\/brasil-sul\\\/santa-catarina\\\/governador-celso-ramos\\\/guida-del-governatore-celso-ramos-sc\\\/#primaryimage\"},\"thumbnailUrl\":\"https:\\\/\\\/wenttrip.com.br\\\/wp-content\\\/uploads\\\/2022\\\/12\\\/Praia-da-Figueira-Governador-Celso-Ramos-Santa-Catarina-shutterstock_1629068095.jpg\",\"keywords\":[\"Governador Celso Ramos\",\"Qual a melhor Praia para se hospedar em Governador Celso Ramos?\",\"Qual \u00e9 a Praia mais bonita de Governador Celso Ramos?\",\"Qual valor para entrar em Governador Celso Ramos?\",\"Quantas Praia tem em Governador Celso Ramos?\",\"Tem onda em Governador Celso Ramos?\",\"Tem que pagar para entrar em Governador Celso Ramos?\"],\"articleSection\":[\"Governador Celso Ramos\"],\"inLanguage\":\"it-IT\",\"potentialAction\":[{\"@type\":\"CommentAction\",\"name\":\"Comment\",\"target\":[\"https:\\\/\\\/wenttrip.com.br\\\/it\\\/brasile\\\/brasil-sul\\\/santa-catarina\\\/governador-celso-ramos\\\/guida-del-governatore-celso-ramos-sc\\\/#respond\"]}]},{\"@type\":\"WebPage\",\"@id\":\"https:\\\/\\\/wenttrip.com.br\\\/it\\\/brasile\\\/brasil-sul\\\/santa-catarina\\\/governador-celso-ramos\\\/guida-del-governatore-celso-ramos-sc\\\/\",\"url\":\"https:\\\/\\\/wenttrip.com.br\\\/it\\\/brasile\\\/brasil-sul\\\/santa-catarina\\\/governador-celso-ramos\\\/guida-del-governatore-celso-ramos-sc\\\/\",\"name\":\"Guia de Governador Celso Ramos - SC - WentTrip\",\"isPartOf\":{\"@id\":\"https:\\\/\\\/wenttrip.com.br\\\/it\\\/#website\"},\"primaryImageOfPage\":{\"@id\":\"https:\\\/\\\/wenttrip.com.br\\\/it\\\/brasile\\\/brasil-sul\\\/santa-catarina\\\/governador-celso-ramos\\\/guida-del-governatore-celso-ramos-sc\\\/#primaryimage\"},\"image\":{\"@id\":\"https:\\\/\\\/wenttrip.com.br\\\/it\\\/brasile\\\/brasil-sul\\\/santa-catarina\\\/governador-celso-ramos\\\/guida-del-governatore-celso-ramos-sc\\\/#primaryimage\"},\"thumbnailUrl\":\"https:\\\/\\\/wenttrip.com.br\\\/wp-content\\\/uploads\\\/2022\\\/12\\\/Praia-da-Figueira-Governador-Celso-Ramos-Santa-Catarina-shutterstock_1629068095.jpg\",\"datePublished\":\"2022-12-06T17:02:15+00:00\",\"dateModified\":\"2022-12-06T17:02:20+00:00\",\"description\":\"Governador Celso Ramos \u00e9 um munic\u00edpio brasileiro do Estado de Santa Catarina, com lindas praias distribu\u00eddas entre enseadas e montanhas de...\",\"breadcrumb\":{\"@id\":\"https:\\\/\\\/wenttrip.com.br\\\/it\\\/brasile\\\/brasil-sul\\\/santa-catarina\\\/governador-celso-ramos\\\/guida-del-governatore-celso-ramos-sc\\\/#breadcrumb\"},\"inLanguage\":\"it-IT\",\"potentialAction\":[{\"@type\":\"ReadAction\",\"target\":[\"https:\\\/\\\/wenttrip.com.br\\\/it\\\/brasile\\\/brasil-sul\\\/santa-catarina\\\/governador-celso-ramos\\\/guida-del-governatore-celso-ramos-sc\\\/\"]}]},{\"@type\":\"ImageObject\",\"inLanguage\":\"it-IT\",\"@id\":\"https:\\\/\\\/wenttrip.com.br\\\/it\\\/brasile\\\/brasil-sul\\\/santa-catarina\\\/governador-celso-ramos\\\/guida-del-governatore-celso-ramos-sc\\\/#primaryimage\",\"url\":\"https:\\\/\\\/wenttrip.com.br\\\/wp-content\\\/uploads\\\/2022\\\/12\\\/Praia-da-Figueira-Governador-Celso-Ramos-Santa-Catarina-shutterstock_1629068095.jpg\",\"contentUrl\":\"https:\\\/\\\/wenttrip.com.br\\\/wp-content\\\/uploads\\\/2022\\\/12\\\/Praia-da-Figueira-Governador-Celso-Ramos-Santa-Catarina-shutterstock_1629068095.jpg\",\"width\":1000,\"height\":562},{\"@type\":\"BreadcrumbList\",\"@id\":\"https:\\\/\\\/wenttrip.com.br\\\/it\\\/brasile\\\/brasil-sul\\\/santa-catarina\\\/governador-celso-ramos\\\/guida-del-governatore-celso-ramos-sc\\\/#breadcrumb\",\"itemListElement\":[{\"@type\":\"ListItem\",\"position\":1,\"name\":\"In\u00edcio\",\"item\":\"https:\\\/\\\/wenttrip.com.br\\\/it\\\/\"},{\"@type\":\"ListItem\",\"position\":2,\"name\":\"Guia de Governador Celso Ramos &#8211; SC\"}]},{\"@type\":\"WebSite\",\"@id\":\"https:\\\/\\\/wenttrip.com.br\\\/it\\\/#website\",\"url\":\"https:\\\/\\\/wenttrip.com.br\\\/it\\\/\",\"name\":\"WentTrip\",\"description\":\"O seu guia completo com muitas dicas de aventuras, lugares, alimenta\u00e7\u00e3o, hot\u00e9is.\",\"publisher\":{\"@id\":\"https:\\\/\\\/wenttrip.com.br\\\/it\\\/#\\\/schema\\\/person\\\/c0ff87b449a960037fdd1b024842fcf9\"},\"potentialAction\":[{\"@type\":\"SearchAction\",\"target\":{\"@type\":\"EntryPoint\",\"urlTemplate\":\"https:\\\/\\\/wenttrip.com.br\\\/it\\\/?s={search_term_string}\"},\"query-input\":{\"@type\":\"PropertyValueSpecification\",\"valueRequired\":true,\"valueName\":\"search_term_string\"}}],\"inLanguage\":\"it-IT\"},{\"@type\":[\"Person\",\"Organization\"],\"@id\":\"https:\\\/\\\/wenttrip.com.br\\\/it\\\/#\\\/schema\\\/person\\\/c0ff87b449a960037fdd1b024842fcf9\",\"name\":\"Fernanda Machado\",\"image\":{\"@type\":\"ImageObject\",\"inLanguage\":\"it-IT\",\"@id\":\"https:\\\/\\\/wenttrip.com.br\\\/wp-content\\\/uploads\\\/2022\\\/08\\\/WentTrip-2.png\",\"url\":\"https:\\\/\\\/wenttrip.com.br\\\/wp-content\\\/uploads\\\/2022\\\/08\\\/WentTrip-2.png\",\"contentUrl\":\"https:\\\/\\\/wenttrip.com.br\\\/wp-content\\\/uploads\\\/2022\\\/08\\\/WentTrip-2.png\",\"width\":1000,\"height\":1000,\"caption\":\"Fernanda Machado\"},\"logo\":{\"@id\":\"https:\\\/\\\/wenttrip.com.br\\\/wp-content\\\/uploads\\\/2022\\\/08\\\/WentTrip-2.png\"},\"description\":\"Aprendi que a vida \u00e9 mais leve quando colocamos uma mochila nas costas junto com sonhos. Amo viajar! Tenho 34 anos, mam\u00e3e de 3 cachorros: A Pantufa, O mutley e o Mixuruca. Compartilhamos nossas experi\u00eancias por aqui, esperamos que gostem!\",\"sameAs\":[\"https:\\\/\\\/wenttrip.com.br\",\"https:\\\/\\\/m.facebook.com\\\/profile.php\",\"https:\\\/\\\/www.instagram.com\\\/wenttrip\\\/\",\"https:\\\/\\\/x.com\\\/https:\\\/\\\/twitter.com\\\/wenttrip\",\"https:\\\/\\\/www.youtube.com\\\/c\\\/WentTrip\\\/videos\"],\"url\":\"https:\\\/\\\/wenttrip.com.br\\\/it\\\/author\\\/admin\\\/\"}]}<\/script>\n<!-- \/ Yoast SEO plugin. -->","yoast_head_json":{"title":"Governador Celso Ramos Guida - SC - WentTrip","description":"Governador Celso Ramos \u00e8 un comune brasiliano nello Stato di Santa Catarina, con belle spiagge distribuite tra calette e montagne di...","robots":{"index":"index","follow":"follow","max-snippet":"max-snippet:-1","max-image-preview":"max-image-preview:large","max-video-preview":"max-video-preview:-1"},"canonical":"https:\/\/wenttrip.com.br\/it\/brasile\/brasil-sul\/santa-catarina\/governador-celso-ramos\/guida-del-governatore-celso-ramos-sc\/","og_locale":"it_IT","og_type":"article","og_title":"Guia de Governador Celso Ramos - SC - WentTrip","og_description":"Governador Celso Ramos \u00e9 um munic\u00edpio brasileiro do Estado de Santa Catarina, com lindas praias distribu\u00eddas entre enseadas e montanhas de...","og_url":"https:\/\/wenttrip.com.br\/it\/brasile\/brasil-sul\/santa-catarina\/governador-celso-ramos\/guida-del-governatore-celso-ramos-sc\/","og_site_name":"WentTrip","article_publisher":"https:\/\/m.facebook.com\/profile.php","article_author":"https:\/\/m.facebook.com\/profile.php","article_published_time":"2022-12-06T17:02:15+00:00","article_modified_time":"2022-12-06T17:02:20+00:00","og_image":[{"width":1000,"height":562,"url":"https:\/\/wenttrip.com.br\/wp-content\/uploads\/2022\/12\/Praia-da-Figueira-Governador-Celso-Ramos-Santa-Catarina-shutterstock_1629068095.jpg","type":"image\/jpeg"}],"author":"Fernanda Machado","twitter_card":"summary_large_image","twitter_creator":"@https:\/\/twitter.com\/wenttrip","twitter_site":"@wenttrip","twitter_misc":{"Scritto da":"Fernanda Machado","Tempo di lettura stimato":"3 minuti"},"schema":{"@context":"https:\/\/schema.org","@graph":[{"@type":"Article","@id":"https:\/\/wenttrip.com.br\/it\/brasile\/brasil-sul\/santa-catarina\/governador-celso-ramos\/guida-del-governatore-celso-ramos-sc\/#article","isPartOf":{"@id":"https:\/\/wenttrip.com.br\/it\/brasile\/brasil-sul\/santa-catarina\/governador-celso-ramos\/guida-del-governatore-celso-ramos-sc\/"},"author":{"name":"Fernanda Machado","@id":"https:\/\/wenttrip.com.br\/it\/#\/schema\/person\/c0ff87b449a960037fdd1b024842fcf9"},"headline":"Guia de Governador Celso Ramos &#8211; SC","datePublished":"2022-12-06T17:02:15+00:00","dateModified":"2022-12-06T17:02:20+00:00","mainEntityOfPage":{"@id":"https:\/\/wenttrip.com.br\/it\/brasile\/brasil-sul\/santa-catarina\/governador-celso-ramos\/guida-del-governatore-celso-ramos-sc\/"},"wordCount":401,"commentCount":0,"publisher":{"@id":"https:\/\/wenttrip.com.br\/it\/#\/schema\/person\/c0ff87b449a960037fdd1b024842fcf9"},"image":{"@id":"https:\/\/wenttrip.com.br\/it\/brasile\/brasil-sul\/santa-catarina\/governador-celso-ramos\/guida-del-governatore-celso-ramos-sc\/#primaryimage"},"thumbnailUrl":"https:\/\/wenttrip.com.br\/wp-content\/uploads\/2022\/12\/Praia-da-Figueira-Governador-Celso-Ramos-Santa-Catarina-shutterstock_1629068095.jpg","keywords":["Governador Celso Ramos","Qual a melhor Praia para se hospedar em Governador Celso Ramos?","Qual \u00e9 a Praia mais bonita de Governador Celso Ramos?","Qual valor para entrar em Governador Celso Ramos?","Quantas Praia tem em Governador Celso Ramos?","Tem onda em Governador Celso Ramos?","Tem que pagar para entrar em Governador Celso Ramos?"],"articleSection":["Governador Celso Ramos"],"inLanguage":"it-IT","potentialAction":[{"@type":"CommentAction","name":"Comment","target":["https:\/\/wenttrip.com.br\/it\/brasile\/brasil-sul\/santa-catarina\/governador-celso-ramos\/guida-del-governatore-celso-ramos-sc\/#respond"]}]},{"@type":"WebPage","@id":"https:\/\/wenttrip.com.br\/it\/brasile\/brasil-sul\/santa-catarina\/governador-celso-ramos\/guida-del-governatore-celso-ramos-sc\/","url":"https:\/\/wenttrip.com.br\/it\/brasile\/brasil-sul\/santa-catarina\/governador-celso-ramos\/guida-del-governatore-celso-ramos-sc\/","name":"Governador Celso Ramos Guida - SC - WentTrip","isPartOf":{"@id":"https:\/\/wenttrip.com.br\/it\/#website"},"primaryImageOfPage":{"@id":"https:\/\/wenttrip.com.br\/it\/brasile\/brasil-sul\/santa-catarina\/governador-celso-ramos\/guida-del-governatore-celso-ramos-sc\/#primaryimage"},"image":{"@id":"https:\/\/wenttrip.com.br\/it\/brasile\/brasil-sul\/santa-catarina\/governador-celso-ramos\/guida-del-governatore-celso-ramos-sc\/#primaryimage"},"thumbnailUrl":"https:\/\/wenttrip.com.br\/wp-content\/uploads\/2022\/12\/Praia-da-Figueira-Governador-Celso-Ramos-Santa-Catarina-shutterstock_1629068095.jpg","datePublished":"2022-12-06T17:02:15+00:00","dateModified":"2022-12-06T17:02:20+00:00","description":"Governador Celso Ramos \u00e8 un comune brasiliano nello Stato di Santa Catarina, con belle spiagge distribuite tra calette e montagne di...","breadcrumb":{"@id":"https:\/\/wenttrip.com.br\/it\/brasile\/brasil-sul\/santa-catarina\/governador-celso-ramos\/guida-del-governatore-celso-ramos-sc\/#breadcrumb"},"inLanguage":"it-IT","potentialAction":[{"@type":"ReadAction","target":["https:\/\/wenttrip.com.br\/it\/brasile\/brasil-sul\/santa-catarina\/governador-celso-ramos\/guida-del-governatore-celso-ramos-sc\/"]}]},{"@type":"ImageObject","inLanguage":"it-IT","@id":"https:\/\/wenttrip.com.br\/it\/brasile\/brasil-sul\/santa-catarina\/governador-celso-ramos\/guida-del-governatore-celso-ramos-sc\/#primaryimage","url":"https:\/\/wenttrip.com.br\/wp-content\/uploads\/2022\/12\/Praia-da-Figueira-Governador-Celso-Ramos-Santa-Catarina-shutterstock_1629068095.jpg","contentUrl":"https:\/\/wenttrip.com.br\/wp-content\/uploads\/2022\/12\/Praia-da-Figueira-Governador-Celso-Ramos-Santa-Catarina-shutterstock_1629068095.jpg","width":1000,"height":562},{"@type":"BreadcrumbList","@id":"https:\/\/wenttrip.com.br\/it\/brasile\/brasil-sul\/santa-catarina\/governador-celso-ramos\/guida-del-governatore-celso-ramos-sc\/#breadcrumb","itemListElement":[{"@type":"ListItem","position":1,"name":"In\u00edcio","item":"https:\/\/wenttrip.com.br\/it\/"},{"@type":"ListItem","position":2,"name":"Guia de Governador Celso Ramos &#8211; SC"}]},{"@type":"WebSite","@id":"https:\/\/wenttrip.com.br\/it\/#website","url":"https:\/\/wenttrip.com.br\/it\/","name":"Andato in viaggio","description":"La tua guida completa con tanti consigli su avventure, luoghi, cibo, hotel.","publisher":{"@id":"https:\/\/wenttrip.com.br\/it\/#\/schema\/person\/c0ff87b449a960037fdd1b024842fcf9"},"potentialAction":[{"@type":"SearchAction","target":{"@type":"EntryPoint","urlTemplate":"https:\/\/wenttrip.com.br\/it\/?s={search_term_string}"},"query-input":{"@type":"PropertyValueSpecification","valueRequired":true,"valueName":"search_term_string"}}],"inLanguage":"it-IT"},{"@type":["Person","Organization"],"@id":"https:\/\/wenttrip.com.br\/it\/#\/schema\/person\/c0ff87b449a960037fdd1b024842fcf9","name":"Fernanda Macchado","image":{"@type":"ImageObject","inLanguage":"it-IT","@id":"https:\/\/wenttrip.com.br\/wp-content\/uploads\/2022\/08\/WentTrip-2.png","url":"https:\/\/wenttrip.com.br\/wp-content\/uploads\/2022\/08\/WentTrip-2.png","contentUrl":"https:\/\/wenttrip.com.br\/wp-content\/uploads\/2022\/08\/WentTrip-2.png","width":1000,"height":1000,"caption":"Fernanda Machado"},"logo":{"@id":"https:\/\/wenttrip.com.br\/wp-content\/uploads\/2022\/08\/WentTrip-2.png"},"description":"Ho imparato che la vita \u00e8 pi\u00f9 leggera quando ci mettiamo uno zaino in spalla insieme ai sogni. Amo viaggiare! Ho 34 anni, mamma di 3 cani: Pantufa, Mutley e Mixuruca. Condividiamo qui le nostre esperienze, speriamo vi piaccia!","sameAs":["https:\/\/wenttrip.com.br","https:\/\/m.facebook.com\/profile.php","https:\/\/www.instagram.com\/wenttrip\/","https:\/\/x.com\/https:\/\/twitter.com\/wenttrip","https:\/\/www.youtube.com\/c\/WentTrip\/videos"],"url":"https:\/\/wenttrip.com.br\/it\/author\/admin\/"}]}},"_links":{"self":[{"href":"https:\/\/wenttrip.com.br\/it\/wp-json\/wp\/v2\/posts\/14559","targetHints":{"allow":["GET"]}}],"collection":[{"href":"https:\/\/wenttrip.com.br\/it\/wp-json\/wp\/v2\/posts"}],"about":[{"href":"https:\/\/wenttrip.com.br\/it\/wp-json\/wp\/v2\/types\/post"}],"author":[{"embeddable":true,"href":"https:\/\/wenttrip.com.br\/it\/wp-json\/wp\/v2\/users\/1"}],"replies":[{"embeddable":true,"href":"https:\/\/wenttrip.com.br\/it\/wp-json\/wp\/v2\/comments?post=14559"}],"version-history":[{"count":0,"href":"https:\/\/wenttrip.com.br\/it\/wp-json\/wp\/v2\/posts\/14559\/revisions"}],"wp:featuredmedia":[{"embeddable":true,"href":"https:\/\/wenttrip.com.br\/it\/wp-json\/wp\/v2\/media\/14568"}],"wp:attachment":[{"href":"https:\/\/wenttrip.com.br\/it\/wp-json\/wp\/v2\/media?parent=14559"}],"wp:term":[{"taxonomy":"category","embeddable":true,"href":"https:\/\/wenttrip.com.br\/it\/wp-json\/wp\/v2\/categories?post=14559"},{"taxonomy":"post_tag","embeddable":true,"href":"https:\/\/wenttrip.com.br\/it\/wp-json\/wp\/v2\/tags?post=14559"}],"curies":[{"name":"parola chiave","href":"https:\/\/api.w.org\/{rel}","templated":true}]}}