{"id":14502,"date":"2022-12-05T16:12:16","date_gmt":"2022-12-05T16:12:16","guid":{"rendered":"https:\/\/wenttrip.com.br\/?p=14502"},"modified":"2022-12-05T16:12:44","modified_gmt":"2022-12-05T16:12:44","slug":"saiba-tudo-sobre-sao-jose-do-norte-rs","status":"publish","type":"post","link":"https:\/\/wenttrip.com.br\/it\/brasile\/brasil-sul\/rio-grande-do-sul\/sao-jose-do-norte\/sapere-tutto-su-sao-jose-do-norte-rs\/","title":{"rendered":"So tutto di S\u00e3o Jos\u00e9 do Norte RS"},"content":{"rendered":"<div id=\"ez-toc-container\" class=\"ez-toc-v2_0_82_2 counter-hierarchy ez-toc-counter ez-toc-grey ez-toc-container-direction\">\n<div class=\"ez-toc-title-container\">\n<p class=\"ez-toc-title\" style=\"cursor:inherit\">Indice<\/p>\n<span class=\"ez-toc-title-toggle\"><a href=\"#\" class=\"ez-toc-pull-right ez-toc-btn ez-toc-btn-xs ez-toc-btn-default ez-toc-toggle\" aria-label=\"Attiva\/disattiva sommario\"><span class=\"ez-toc-js-icon-con\"><span class=\"\"><span class=\"eztoc-hide\" style=\"display:none;\">alternare<\/span><span class=\"ez-toc-icon-toggle-span\"><svg style=\"fill: #999;color:#999\" xmlns=\"http:\/\/www.w3.org\/2000\/svg\" class=\"list-377408\" width=\"20px\" height=\"20px\" viewbox=\"0 0 24 24\" fill=\"none\"><path d=\"M6 6H4v2h2V6zm14 0H8v2h12V6zM4 11h2v2H4v-2zm16 0H8v2h12v-2zM4 16h2v2H4v-2zm16 0H8v2h12v-2z\" fill=\"currentColor\"><\/path><\/svg><svg style=\"fill: #999;color:#999\" class=\"arrow-unsorted-368013\" xmlns=\"http:\/\/www.w3.org\/2000\/svg\" width=\"10px\" height=\"10px\" viewbox=\"0 0 24 24\" version=\"1.2\" baseprofile=\"tiny\"><path d=\"M18.2 9.3l-6.2-6.3-6.2 6.3c-.2.2-.3.4-.3.7s.1.5.3.7c.2.2.4.3.7.3h11c.3 0 .5-.1.7-.3.2-.2.3-.5.3-.7s-.1-.5-.3-.7zM5.8 14.7l6.2 6.3 6.2-6.3c.2-.2.3-.5.3-.7s-.1-.5-.3-.7c-.2-.2-.4-.3-.7-.3h-11c-.3 0-.5.1-.7.3-.2.2-.3.5-.3.7s.1.5.3.7z\"\/><\/svg><\/span><\/span><\/span><\/a><\/span><\/div>\n<nav><ul class='ez-toc-list ez-toc-list-level-1' ><li class='ez-toc-page-1 ez-toc-heading-level-2'><a class=\"ez-toc-link ez-toc-heading-1\" href=\"https:\/\/wenttrip.com.br\/it\/brasile\/brasil-sul\/rio-grande-do-sul\/sao-jose-do-norte\/sapere-tutto-su-sao-jose-do-norte-rs\/#Onde_fica_Sao_Jose_do_Norte\" >Dove si trova S\u00e3o Jos\u00e9 do Norte?<\/a><\/li><li class='ez-toc-page-1 ez-toc-heading-level-2'><a class=\"ez-toc-link ez-toc-heading-2\" href=\"https:\/\/wenttrip.com.br\/it\/brasile\/brasil-sul\/rio-grande-do-sul\/sao-jose-do-norte\/sapere-tutto-su-sao-jose-do-norte-rs\/#Sao_Jose_do_Norte_Rio_Grande_do_Sul_fica_proximo_de_qual_cidade\" >S\u00e3o Jos\u00e9 do Norte Rio Grande do Sul \u00e8 vicino a quale citt\u00e0?<\/a><\/li><li class='ez-toc-page-1 ez-toc-heading-level-2'><a class=\"ez-toc-link ez-toc-heading-3\" href=\"https:\/\/wenttrip.com.br\/it\/brasile\/brasil-sul\/rio-grande-do-sul\/sao-jose-do-norte\/sapere-tutto-su-sao-jose-do-norte-rs\/#Qual_e_a_populacao_de_Sao_Jose_do_Norte\" >Qual \u00e8 la popolazione di S\u00e3o Jos\u00e9 do Norte?<\/a><\/li><li class='ez-toc-page-1 ez-toc-heading-level-2'><a class=\"ez-toc-link ez-toc-heading-4\" href=\"https:\/\/wenttrip.com.br\/it\/brasile\/brasil-sul\/rio-grande-do-sul\/sao-jose-do-norte\/sapere-tutto-su-sao-jose-do-norte-rs\/#Sao_Jose_do_Norte_fica_em_estado\" >Sao Jose do Norte \u00e8 nello stato?<\/a><\/li><li class='ez-toc-page-1 ez-toc-heading-level-2'><a class=\"ez-toc-link ez-toc-heading-5\" href=\"https:\/\/wenttrip.com.br\/it\/brasile\/brasil-sul\/rio-grande-do-sul\/sao-jose-do-norte\/sapere-tutto-su-sao-jose-do-norte-rs\/#Distancia_de_Sao_Jose_do_Norte\" >Distanza da S\u00e3o Jos\u00e9 do Norte<\/a><\/li><li class='ez-toc-page-1 ez-toc-heading-level-2'><a class=\"ez-toc-link ez-toc-heading-6\" href=\"https:\/\/wenttrip.com.br\/it\/brasile\/brasil-sul\/rio-grande-do-sul\/sao-jose-do-norte\/sapere-tutto-su-sao-jose-do-norte-rs\/#Como_chegar_em_Sao_Jose_do_Norte_RS\" >Come arrivare a S\u00e3o Jos\u00e9 do Norte RS<\/a><ul class='ez-toc-list-level-3' ><li class='ez-toc-heading-level-3'><a class=\"ez-toc-link ez-toc-heading-7\" href=\"https:\/\/wenttrip.com.br\/it\/brasile\/brasil-sul\/rio-grande-do-sul\/sao-jose-do-norte\/sapere-tutto-su-sao-jose-do-norte-rs\/#Br-101\" >Br-101<\/a><\/li><li class='ez-toc-page-1 ez-toc-heading-level-3'><a class=\"ez-toc-link ez-toc-heading-8\" href=\"https:\/\/wenttrip.com.br\/it\/brasile\/brasil-sul\/rio-grande-do-sul\/sao-jose-do-norte\/sapere-tutto-su-sao-jose-do-norte-rs\/#Lanchas\" >motoscafi<\/a><ul class='ez-toc-list-level-4' ><li class='ez-toc-heading-level-4'><a class=\"ez-toc-link ez-toc-heading-9\" href=\"https:\/\/wenttrip.com.br\/it\/brasile\/brasil-sul\/rio-grande-do-sul\/sao-jose-do-norte\/sapere-tutto-su-sao-jose-do-norte-rs\/#Horarios_da_Lancha_de_Sao_Jose_do_Norte_para_Rio_Grande\" >Orari dei motoscafi da S\u00e3o Jos\u00e9 do Norte a Rio Grande<\/a><\/li><\/ul><\/li><li class='ez-toc-page-1 ez-toc-heading-level-3'><a class=\"ez-toc-link ez-toc-heading-10\" href=\"https:\/\/wenttrip.com.br\/it\/brasile\/brasil-sul\/rio-grande-do-sul\/sao-jose-do-norte\/sapere-tutto-su-sao-jose-do-norte-rs\/#Balsa\" >Traghetto<\/a><ul class='ez-toc-list-level-4' ><li class='ez-toc-heading-level-4'><a class=\"ez-toc-link ez-toc-heading-11\" href=\"https:\/\/wenttrip.com.br\/it\/brasile\/brasil-sul\/rio-grande-do-sul\/sao-jose-do-norte\/sapere-tutto-su-sao-jose-do-norte-rs\/#Horarios_da_Balsa_de_Sao_Jose_do_Norte\" >Orari dei traghetti da S\u00e3o Jos\u00e9 do Norte<\/a><\/li><\/ul><\/li><\/ul><\/li><li class='ez-toc-page-1 ez-toc-heading-level-2'><a class=\"ez-toc-link ez-toc-heading-12\" href=\"https:\/\/wenttrip.com.br\/it\/brasile\/brasil-sul\/rio-grande-do-sul\/sao-jose-do-norte\/sapere-tutto-su-sao-jose-do-norte-rs\/#O_que_fazer_em_Sao_Jose_do_Norte\" >Cosa fare a S\u00e3o Jos\u00e9 do Norte?<\/a><ul class='ez-toc-list-level-3' ><li class='ez-toc-heading-level-3'><a class=\"ez-toc-link ez-toc-heading-13\" href=\"https:\/\/wenttrip.com.br\/it\/brasile\/brasil-sul\/rio-grande-do-sul\/sao-jose-do-norte\/sapere-tutto-su-sao-jose-do-norte-rs\/#Igreja_Matriz_de_Sao_Jose_do_Norte\" >Igreja Matriz de S\u00e3o Jos\u00e9 do Norte<\/a><\/li><li class='ez-toc-page-1 ez-toc-heading-level-3'><a class=\"ez-toc-link ez-toc-heading-14\" href=\"https:\/\/wenttrip.com.br\/it\/brasile\/brasil-sul\/rio-grande-do-sul\/sao-jose-do-norte\/sapere-tutto-su-sao-jose-do-norte-rs\/#Molhes_da_Barra-_Sao_Jose_do_Norte\" >Molhes da Barra - S\u00e3o Jos\u00e9 do Norte<\/a><\/li><li class='ez-toc-page-1 ez-toc-heading-level-3'><a class=\"ez-toc-link ez-toc-heading-15\" href=\"https:\/\/wenttrip.com.br\/it\/brasile\/brasil-sul\/rio-grande-do-sul\/sao-jose-do-norte\/sapere-tutto-su-sao-jose-do-norte-rs\/#Praia_do_Mar_Grosso\" >Praia do Mar Grosso\u00a0<\/a><\/li><li class='ez-toc-page-1 ez-toc-heading-level-3'><a class=\"ez-toc-link ez-toc-heading-16\" href=\"https:\/\/wenttrip.com.br\/it\/brasile\/brasil-sul\/rio-grande-do-sul\/sao-jose-do-norte\/sapere-tutto-su-sao-jose-do-norte-rs\/#Farol_da_Barra\" >Faro di Barra<\/a><\/li><\/ul><\/li><li class='ez-toc-page-1 ez-toc-heading-level-2'><a class=\"ez-toc-link ez-toc-heading-17\" href=\"https:\/\/wenttrip.com.br\/it\/brasile\/brasil-sul\/rio-grande-do-sul\/sao-jose-do-norte\/sapere-tutto-su-sao-jose-do-norte-rs\/#Roteiro_Encantos_do_Norte\" >Tour degli incantesimi del nord<\/a><ul class='ez-toc-list-level-3' ><li class='ez-toc-heading-level-3'><a class=\"ez-toc-link ez-toc-heading-18\" href=\"https:\/\/wenttrip.com.br\/it\/brasile\/brasil-sul\/rio-grande-do-sul\/sao-jose-do-norte\/sapere-tutto-su-sao-jose-do-norte-rs\/#Sobrado_Gibbon_%E2%80%93_Sao_Jose_do_Norte\" >Sobrado Gibbon \u2013 S\u00e3o Jos\u00e9 do Norte<\/a><\/li><li class='ez-toc-page-1 ez-toc-heading-level-3'><a class=\"ez-toc-link ez-toc-heading-19\" href=\"https:\/\/wenttrip.com.br\/it\/brasile\/brasil-sul\/rio-grande-do-sul\/sao-jose-do-norte\/sapere-tutto-su-sao-jose-do-norte-rs\/#Solar_Dos_Imperadores_%E2%80%93_Sao_Jose_do_Norte\" >Solar Dos Imperadores \u2013 S\u00e3o Jos\u00e9 do Norte<\/a><\/li><\/ul><\/li><\/ul><\/nav><\/div>\n\n<p>Conosciuta anche come \u201cCapitale Nazionale della Cipolla\u201d, questo perch\u00e9 fa parte delle principali economie del comune, oltre al riso, alla pesca e alla raccolta della resina, taglio e lavorazione del legno.<\/p>\n\n\n\n<p>Vuoi saperne di pi\u00f9 su S\u00e3o Jos\u00e9 do Norte RS?! Abbiamo preparato questo articolo per te!<\/p>\n\n\n\n<h2 class=\"wp-block-heading\"><span class=\"ez-toc-section\" id=\"Onde_fica_Sao_Jose_do_Norte\"><\/span>Dove si trova S\u00e3o Jos\u00e9 do Norte?<span class=\"ez-toc-section-end\"><\/span><\/h2>\n\n\n\n<p>S\u00e3o Jos\u00e9 do Norte \u00e8 un comune brasiliano situato nell&#039;estremo sud dello stato del Rio Grande do Sul, bagnato dall&#039;Oceano Atlantico e dalla Lagoa dos Patos.<\/p>\n\n\n\n<h2 class=\"wp-block-heading\"><span class=\"ez-toc-section\" id=\"Sao_Jose_do_Norte_Rio_Grande_do_Sul_fica_proximo_de_qual_cidade\"><\/span>S\u00e3o Jos\u00e9 do Norte Rio Grande do Sul \u00e8 vicino a quale citt\u00e0?<span class=\"ez-toc-section-end\"><\/span><\/h2>\n\n\n\n<p>Confinanti con i comuni di Rio Grande e Pelotas,<strong>San Jos\u00e9 del Nord<\/strong>\u00a0si trova a 7 km da\u00a0<strong>Nord<\/strong>-Ad est del Rio Grande il pi\u00f9 grande\u00a0<strong>Citt\u00e0<\/strong>\u00a0intorno a.<\/p>\n\n\n\n<figure class=\"wp-block-image size-full\"><img decoding=\"async\" width=\"800\" height=\"450\" src=\"https:\/\/wenttrip.com.br\/wp-content\/uploads\/2022\/12\/14101612_24715_GD.jpg\" alt=\"S\u00e3o Jos\u00e9 do Norte RS\" class=\"wp-image-14518\" srcset=\"https:\/\/wenttrip.com.br\/wp-content\/uploads\/2022\/12\/14101612_24715_GD.jpg 800w, https:\/\/wenttrip.com.br\/wp-content\/uploads\/2022\/12\/14101612_24715_GD-300x169.jpg 300w, https:\/\/wenttrip.com.br\/wp-content\/uploads\/2022\/12\/14101612_24715_GD-768x432.jpg 768w, https:\/\/wenttrip.com.br\/wp-content\/uploads\/2022\/12\/14101612_24715_GD-18x10.jpg 18w\" sizes=\"(max-width: 800px) 100vw, 800px\" \/><figcaption class=\"wp-element-caption\">S\u00e3o Jos\u00e9 do Norte RS<\/figcaption><\/figure>\n\n\n\n<h2 class=\"wp-block-heading\"><span class=\"ez-toc-section\" id=\"Qual_e_a_populacao_de_Sao_Jose_do_Norte\"><\/span>Qual \u00e8 la popolazione di S\u00e3o Jos\u00e9 do Norte?<span class=\"ez-toc-section-end\"><\/span><\/h2>\n\n\n\n<p>Secondo una stima fatta dall&#039;IBGE nel 2021 gli abitanti sono 27.866.<\/p>\n\n\n\n<h2 class=\"wp-block-heading\"><span class=\"ez-toc-section\" id=\"Sao_Jose_do_Norte_fica_em_estado\"><\/span>Sao Jose do Norte \u00e8 nello stato?<span class=\"ez-toc-section-end\"><\/span><\/h2>\n\n\n\n<p>Rio Grande do Sul.<\/p>\n\n\n\n<h2 class=\"wp-block-heading\"><span class=\"ez-toc-section\" id=\"Distancia_de_Sao_Jose_do_Norte\"><\/span>Distanza da S\u00e3o Jos\u00e9 do Norte<span class=\"ez-toc-section-end\"><\/span><\/h2>\n\n\n\n<p>Porto Algre: 373 km<\/p>\n\n\n\n<p>Rio Grande: 5 km<\/p>\n\n\n\n<p>Pellet: 76km<\/p>\n\n\n\n<p>Tavar\u00e8s: 129 km<\/p>\n\n\n\n<p>Santa Vit\u00f3ria do Palma: 231 km<\/p>\n\n\n\n<h2 class=\"wp-block-heading\"><span class=\"ez-toc-section\" id=\"Como_chegar_em_Sao_Jose_do_Norte_RS\"><\/span>Come arrivare a S\u00e3o Jos\u00e9 do Norte RS<span class=\"ez-toc-section-end\"><\/span><\/h2>\n\n\n\n<h3 class=\"wp-block-heading\"><span class=\"ez-toc-section\" id=\"Br-101\"><\/span>Br-101<span class=\"ez-toc-section-end\"><\/span><\/h3>\n\n\n\n<p>Strada asfaltata che consente l&#039;accesso via Porto Alegre (350 km), Capivari do Sul (303 km), Palmares do Sul (273 km), Mostardas (156 km) e Tavares (132 km).<\/p>\n\n\n\n<h3 class=\"wp-block-heading\"><span class=\"ez-toc-section\" id=\"Lanchas\"><\/span>motoscafi<span class=\"ez-toc-section-end\"><\/span><\/h3>\n\n\n\n<p>Le persone del Norte e del Rio Grande effettuano quotidianamente la traversata, imbarcandosi e sbarcando sulle barche che attraccano in entrambi i corsi d&#039;acqua. <\/p>\n\n\n\n<p>La Fondazione Statale per la Pianificazione Metropolitana e Regionale (Metroplan) opera nella gestione del trasporto pubblico interurbano nell&#039;Agglomerato Urbano Meridionale.<\/p>\n\n\n\n<p>Tempo di traversata 30 minuti.<\/p>\n\n\n\n<h4 class=\"wp-block-heading\"><span class=\"ez-toc-section\" id=\"Horarios_da_Lancha_de_Sao_Jose_do_Norte_para_Rio_Grande\"><\/span>Orari dei motoscafi da S\u00e3o Jos\u00e9 do Norte a Rio Grande<span class=\"ez-toc-section-end\"><\/span><\/h4>\n\n\n\n<figure class=\"wp-block-table\"><table><tbody><tr><td><strong>Giorni lavorativi<\/strong><\/td><td><strong>sabato<\/strong><\/td><td><strong>domeniche e<br>Vacanze<\/strong><\/td><\/tr><tr><td><strong>05:30<\/strong><\/td><td><strong>05:30<\/strong><\/td><td><strong>06:00<\/strong><\/td><\/tr><tr><td><strong>05:50<\/strong><\/td><td><strong>05:50<\/strong><\/td><td><strong>08:00<\/strong><\/td><\/tr><tr><td><strong>06:45<\/strong><\/td><td><strong>06:45<\/strong><\/td><td><strong>09:00<\/strong><\/td><\/tr><tr><td><strong>07:15<\/strong><\/td><td><strong>07:15<\/strong><\/td><td><strong>10:00<\/strong><\/td><\/tr><tr><td><strong>08:00<\/strong><\/td><td><strong>08:00<\/strong><\/td><td><strong>11:00<\/strong><\/td><\/tr><tr><td><strong>08:45<\/strong><\/td><td><strong>08:45<\/strong><\/td><td><strong>12:00<\/strong><\/td><\/tr><tr><td><strong>09:20<\/strong><\/td><td><strong>09:20<\/strong><\/td><td><strong>13:00<\/strong><\/td><\/tr><tr><td><strong>10:00<\/strong><\/td><td><strong>10:00<\/strong><\/td><td><strong>14:00<\/strong><\/td><\/tr><tr><td><strong>11:00<\/strong><\/td><td><strong>11:00<\/strong><\/td><td><strong>15:00<\/strong><\/td><\/tr><tr><td><strong>12:00<\/strong><\/td><td><strong>12:00<\/strong><\/td><td><strong>16:00<\/strong><\/td><\/tr><tr><td><strong>13:00<\/strong><\/td><td><strong>13:00<\/strong><\/td><td><strong>17:00<\/strong><\/td><\/tr><tr><td><strong>13:30<\/strong><\/td><td><strong>14:00<\/strong><\/td><td><strong>18:00<\/strong><\/td><\/tr><tr><td><strong>14:00<\/strong><\/td><td><strong>15:00<\/strong><\/td><td><strong>19:00<\/strong><\/td><\/tr><tr><td><strong>15:00<\/strong><\/td><td><strong>16:00<\/strong><\/td><td><strong>20:00<\/strong><\/td><\/tr><tr><td><strong>15:30<\/strong><\/td><td><strong>16:40<\/strong><\/td><td><strong>21:15<\/strong><\/td><\/tr><tr><td><strong>16:00<\/strong><\/td><td><strong>17:35<\/strong><\/td><td><strong>23:00<\/strong><\/td><\/tr><tr><td><strong>16:40<\/strong><\/td><td><strong>18:10<\/strong><\/td><td><\/td><\/tr><tr><td><strong>17:15<\/strong><\/td><td><strong>19:00<\/strong><\/td><td><\/td><\/tr><tr><td><strong>17:35<\/strong><\/td><td><strong>20:00<\/strong><\/td><td><\/td><\/tr><tr><td><strong>18:10<\/strong><\/td><td><strong>21:15<\/strong><\/td><td><\/td><\/tr><tr><td><strong>19:00<\/strong><\/td><td><strong>23:00<\/strong><\/td><td><\/td><\/tr><tr><td><strong>20:00<\/strong><\/td><td><\/td><td><\/td><\/tr><tr><td><strong>21:15<\/strong><\/td><td><\/td><td><\/td><\/tr><tr><td><strong>23:00<\/strong><\/td><td><\/td><td><\/td><\/tr><\/tbody><\/table><\/figure>\n\n\n\n<h3 class=\"wp-block-heading\"><span class=\"ez-toc-section\" id=\"Balsa\"><\/span>Traghetto<span class=\"ez-toc-section-end\"><\/span><\/h3>\n\n\n\n<p>L&#039;attraversamento attraverso il canale Miguel da Cunha tra i comuni di S\u00e3o Jos\u00e9 do Norte e Rio Grande \u00e8 regolato dalla Soprintendenza del Porto di Rio Grande \u2013 SUPRG.<\/p>\n\n\n\n<p>Il marted\u00ec e il venerd\u00ec la fascia oraria delle 11:00 \u00e8 riservata preferenzialmente al trasporto di carburanti e merci pericolose.<\/p>\n\n\n\n<h4 class=\"wp-block-heading\"><span class=\"ez-toc-section\" id=\"Horarios_da_Balsa_de_Sao_Jose_do_Norte\"><\/span>Orari dei traghetti da S\u00e3o Jos\u00e9 do Norte<span class=\"ez-toc-section-end\"><\/span><\/h4>\n\n\n\n<p><strong>S\u00c3O JOS\u00c9 DO NORTE &gt; RIO GRANDE<\/strong><\/p>\n\n\n\n<figure class=\"wp-block-table\"><table><tbody><tr><td><strong>dal luned\u00ec al sabato<\/strong><\/td><td><strong>domeniche e<br>Vacanze<\/strong><\/td><\/tr><tr><td><strong>07:00 \u2013 Becker Trasp.<\/strong><\/td><td><strong>08:00 \u2013 Becker Trasp.<\/strong><\/td><\/tr><tr><td><strong>08:00 \u2013 F. Andreis<\/strong><\/td><td><strong>09:00 \u2013 F. Andreis<\/strong><\/td><\/tr><tr><td><strong>09:00 \u2013 Becker Trasp.<\/strong><\/td><td><strong>13:00 \u2013 Becker Transp.<\/strong><\/td><\/tr><tr><td><strong>10:00 \u2013 F. Andreis<\/strong><\/td><td><strong>14:00 \u2013 F. Andreis<\/strong><\/td><\/tr><tr><td><strong>11:00 \u2013 Becker Transp.<\/strong><\/td><td><strong>16:00 \u2013 Becker Trasp.<\/strong><\/td><\/tr><tr><td><strong>12:00 \u2013 F. Andreis<\/strong><\/td><td><strong>17:00 \u2013 F. Andreis<\/strong><\/td><\/tr><tr><td><strong>13:00 \u2013 Becker Transp.<\/strong><\/td><td><strong>19:00 \u2013 Becker Transp.<\/strong><\/td><\/tr><tr><td><strong>14:00 \u2013 F. Andreis<\/strong><\/td><td><\/td><\/tr><tr><td><strong>16:00 \u2013 Becker Trasp.<\/strong><\/td><td><\/td><\/tr><tr><td><strong>17:00 \u2013 F. Andreis<\/strong><\/td><td><\/td><\/tr><tr><td><strong>19:00 \u2013 Becker Transp.<\/strong><\/td><td><\/td><\/tr><\/tbody><\/table><\/figure>\n\n\n\n<p><strong>RIO GRANDE &gt; S\u00c3O JOS\u00c9 DO NORTE<\/strong><\/p>\n\n\n\n<figure class=\"wp-block-table\"><table><tbody><tr><td><strong>dal luned\u00ec al sabato<\/strong><\/td><td><strong>domeniche e<br>Vacanze<\/strong><\/td><\/tr><tr><td><strong>07:00 \u2013 F. Andreis<\/strong><\/td><td><strong>08:00 \u2013 F. Andreis<\/strong><\/td><\/tr><tr><td><strong>08:00 \u2013 Becker Trasp.<\/strong><\/td><td><strong>10:00 \u2013 Becker Transp.<\/strong><\/td><\/tr><tr><td><strong>09:00 \u2013 F. Andreis<\/strong><\/td><td><strong>13:00 \u2013 F. Andreis<\/strong><\/td><\/tr><tr><td><strong>10:00 \u2013 Becker Transp.<\/strong><\/td><td><strong>15:00 \u2013 Becker Trasp.<\/strong><\/td><\/tr><tr><td><strong>11:00 \u2013 F. Andreis<\/strong><\/td><td><strong>16:00 \u2013 F. Andreis<\/strong><\/td><\/tr><tr><td><strong>12:00 \u2013 Becker Trasp.<\/strong><\/td><td><strong>18:00 \u2013 Becker Trasp.<\/strong><\/td><\/tr><tr><td><strong>13:00 \u2013 F. Andreis<\/strong><\/td><td><strong>20:00 \u2013 Becker Transp.<\/strong><\/td><\/tr><tr><td><strong>15:00 \u2013 Becker Trasp.<\/strong><\/td><td><\/td><\/tr><tr><td><strong>16:00 \u2013 F. Andreis<\/strong><\/td><td><\/td><\/tr><tr><td><strong>18:00 \u2013 Becker Trasp.<\/strong><\/td><td><\/td><\/tr><tr><td><strong>20:00 \u2013 Becker Transp.<\/strong><\/td><td><\/td><\/tr><\/tbody><\/table><\/figure>\n\n\n\n<p>Tempo di traversata 30 minuti.<\/p>\n\n\n\n<h2 class=\"wp-block-heading\"><span class=\"ez-toc-section\" id=\"O_que_fazer_em_Sao_Jose_do_Norte\"><\/span>Cosa fare a S\u00e3o Jos\u00e9 do Norte?<span class=\"ez-toc-section-end\"><\/span><\/h2>\n\n\n\n<p>Ricca di cultura, la citt\u00e0 ha bellissimi palazzi e vecchi edifici nel suo centro storico e una forte presenza della cultura portoghese.<\/p>\n\n\n\n<h3 class=\"wp-block-heading\"><span class=\"ez-toc-section\" id=\"Igreja_Matriz_de_Sao_Jose_do_Norte\"><\/span>Igreja Matriz de S\u00e3o Jos\u00e9 do Norte<span class=\"ez-toc-section-end\"><\/span><\/h3>\n\n\n\n<p>La Chiesa \u00e8 vecchia di secoli! Nel 1832 fu posta la prima pietra del Matrix, e la sua inaugurazione ebbe luogo nel 1860 da padre Francisco Rodrigues.<\/p>\n\n\n\n<figure class=\"wp-block-image size-full\"><img decoding=\"async\" width=\"1000\" height=\"563\" src=\"https:\/\/wenttrip.com.br\/wp-content\/uploads\/2022\/12\/img-20170514-wa0053-largejpg.jpg\" alt=\"Igreja Matriz de S\u00e3o Jos\u00e9 do Norte\" class=\"wp-image-14504\" srcset=\"https:\/\/wenttrip.com.br\/wp-content\/uploads\/2022\/12\/img-20170514-wa0053-largejpg.jpg 1000w, https:\/\/wenttrip.com.br\/wp-content\/uploads\/2022\/12\/img-20170514-wa0053-largejpg-300x169.jpg 300w, https:\/\/wenttrip.com.br\/wp-content\/uploads\/2022\/12\/img-20170514-wa0053-largejpg-768x432.jpg 768w, https:\/\/wenttrip.com.br\/wp-content\/uploads\/2022\/12\/img-20170514-wa0053-largejpg-18x10.jpg 18w\" sizes=\"(max-width: 1000px) 100vw, 1000px\" \/><figcaption class=\"wp-element-caption\">Igreja Matriz de S\u00e3o Jos\u00e9 do Norte<\/figcaption><\/figure>\n\n\n\n<h3 class=\"wp-block-heading\"><span class=\"ez-toc-section\" id=\"Molhes_da_Barra-_Sao_Jose_do_Norte\"><\/span>Molhes da Barra - S\u00e3o Jos\u00e9 do Norte<span class=\"ez-toc-section-end\"><\/span><\/h3>\n\n\n\n<p>Ingresso della laguna al mare, una mega opera di ingegneria con milioni di tonnellate di pietre per riparare il canale. <\/p>\n\n\n\n<p>Da SJN ci si dirige verso Barra e poi si percorre un sentiero non segnalato, dove bisognerebbe costeggiare il bordo della laguna e per piccoli sentieri, si potr\u00e0 parcheggiare l&#039;auto e proseguire a piedi.<\/p>\n\n\n\n<p>E&#039; interessante salire sui pontili per vedere il mare dall&#039;altra parte con forti onde. La posizione offre uno splendido scenario per le foto del tramonto.<\/p>\n\n\n\n<figure class=\"wp-block-image size-full\"><img decoding=\"async\" width=\"1000\" height=\"563\" src=\"https:\/\/wenttrip.com.br\/wp-content\/uploads\/2022\/12\/leao-marinho.jpg\" alt=\"Molhes da Barra - S\u00e3o Jos\u00e9 do Norte\" class=\"wp-image-14505\" srcset=\"https:\/\/wenttrip.com.br\/wp-content\/uploads\/2022\/12\/leao-marinho.jpg 1000w, https:\/\/wenttrip.com.br\/wp-content\/uploads\/2022\/12\/leao-marinho-300x169.jpg 300w, https:\/\/wenttrip.com.br\/wp-content\/uploads\/2022\/12\/leao-marinho-768x432.jpg 768w, https:\/\/wenttrip.com.br\/wp-content\/uploads\/2022\/12\/leao-marinho-18x10.jpg 18w\" sizes=\"(max-width: 1000px) 100vw, 1000px\" \/><figcaption class=\"wp-element-caption\">Molhes da Barra - S\u00e3o Jos\u00e9 do Norte<\/figcaption><\/figure>\n\n\n\n<h3 class=\"wp-block-heading\"><span class=\"ez-toc-section\" id=\"Praia_do_Mar_Grosso\"><\/span>Praia do Mar Grosso\u00a0<span class=\"ez-toc-section-end\"><\/span><\/h3>\n\n\n\n<p>Oltre alle attrazioni naturali, Balne\u00e1rio do Mar Grosso \u00e8 famoso anche per gli sport acquatici come il surf. <\/p>\n\n\n\n<p>Poich\u00e9 ha onde pi\u00f9 grandi e il mare \u00e8 pi\u00f9 agitato, bisogna stare attenti quando si entra in mare!<\/p>\n\n\n\n<figure class=\"wp-block-image size-full\"><img decoding=\"async\" width=\"1000\" height=\"563\" src=\"https:\/\/wenttrip.com.br\/wp-content\/uploads\/2022\/12\/praia-do-mar-grosso.jpg\" alt=\"Praia do Mar Grosso\u00a0\" class=\"wp-image-14506\" srcset=\"https:\/\/wenttrip.com.br\/wp-content\/uploads\/2022\/12\/praia-do-mar-grosso.jpg 1000w, https:\/\/wenttrip.com.br\/wp-content\/uploads\/2022\/12\/praia-do-mar-grosso-300x169.jpg 300w, https:\/\/wenttrip.com.br\/wp-content\/uploads\/2022\/12\/praia-do-mar-grosso-768x432.jpg 768w, https:\/\/wenttrip.com.br\/wp-content\/uploads\/2022\/12\/praia-do-mar-grosso-18x10.jpg 18w\" sizes=\"(max-width: 1000px) 100vw, 1000px\" \/><figcaption class=\"wp-element-caption\">Praia do Mar Grosso\u00a0<\/figcaption><\/figure>\n\n\n\n<p>Da considerare anche la sua vicinanza ai moli.<\/p>\n\n\n\n<h3 class=\"wp-block-heading\"><span class=\"ez-toc-section\" id=\"Farol_da_Barra\"><\/span>Faro di Barra <span class=\"ez-toc-section-end\"><\/span><\/h3>\n\n\n\n<p>Non \u00e8 possibile accedere al faro, entrarci, ma lo si vede da lontano. Vale la visita.<\/p>\n\n\n\n<figure class=\"wp-block-image size-full\"><img decoding=\"async\" width=\"1000\" height=\"750\" src=\"https:\/\/wenttrip.com.br\/wp-content\/uploads\/2022\/12\/o-farol-e-as-casas-dos.jpg\" alt=\"Faro di Barra \" class=\"wp-image-14508\" srcset=\"https:\/\/wenttrip.com.br\/wp-content\/uploads\/2022\/12\/o-farol-e-as-casas-dos.jpg 1000w, https:\/\/wenttrip.com.br\/wp-content\/uploads\/2022\/12\/o-farol-e-as-casas-dos-300x225.jpg 300w, https:\/\/wenttrip.com.br\/wp-content\/uploads\/2022\/12\/o-farol-e-as-casas-dos-768x576.jpg 768w, https:\/\/wenttrip.com.br\/wp-content\/uploads\/2022\/12\/o-farol-e-as-casas-dos-16x12.jpg 16w\" sizes=\"(max-width: 1000px) 100vw, 1000px\" \/><figcaption class=\"wp-element-caption\">Faro di Barra <\/figcaption><\/figure>\n\n\n\n<h2 class=\"wp-block-heading\"><span class=\"ez-toc-section\" id=\"Roteiro_Encantos_do_Norte\"><\/span>Tour degli incantesimi del nord<span class=\"ez-toc-section-end\"><\/span><\/h2>\n\n\n\n<p>Complessivamente ci sono 23 localit\u00e0 turistiche, con antichi palazzi, villette a schiera e dimore storiche. Di seguito li elencher\u00f2 tutti e ne parler\u00f2 alcuni:<\/p>\n\n\n\n<ul class=\"wp-block-list\">\n<li>Sobrado Domingos Lopes Terra. Rua Silva Jardim, 84<\/li>\n\n\n\n<li>Case Bifamiliari Famiglia Petroni. Rua Pinto Nogueira dal 125 al 151<\/li>\n\n\n\n<li>Casa Fedoca Cunha. Rua Silva Jardim, 38<\/li>\n\n\n\n<li>Pubblico Ministero Hotel Amaral.<\/li>\n\n\n\n<li>Casa Primo. Rua General Os\u00f3rio, 55<\/li>\n\n\n\n<li>Casa Irm\u00e3os Costa. Rua General Os\u00f3rio, 54<\/li>\n\n\n\n<li>Casa Aparicio Costa. Rua General Os\u00f3rio, 119<\/li>\n\n\n\n<li>\u00a0Maniero degli Imperatori. Rua Bento Gon\u00e7alves, 53<\/li>\n\n\n\n<li>Ex Dogana Frigoria. Rua Bento Gon\u00e7alves, 20<\/li>\n\n\n\n<li>Chaffic Townhouse. Rua Marechal Deodoro, 295<\/li>\n\n\n\n<li>Ex Intendenza e Municipio. Rua Marechal Deodoro, s\/n\u00ba<\/li>\n\n\n\n<li>Busto Garibaldi. piazza principale<\/li>\n\n\n\n<li>Chiesa di San Giuseppe. Rua J\u00falio de Castilho tra Rua 15 de Novembro e Rua Marc\u00edlio Dias<\/li>\n\n\n\n<li>\u00a0Gibbone Townhouse. Rua General Os\u00f3rio, 134<\/li>\n\n\n\n<li>Ex macelleria Marcelino Gon\u00e7alves. Rua General Os\u00f3rio, 142<\/li>\n\n\n\n<li>Casa Famiglia Ferrari. Rua General Os\u00f3rio, 158<\/li>\n\n\n\n<li>Ex Bar e Caf\u00e9 Atl\u00e2ntico. Rua General Os\u00f3rio, 162<\/li>\n\n\n\n<li>Vecchia casa dell&#039;ufficio postale. Rua General Os\u00f3rio, 208<\/li>\n\n\n\n<li>Ex sede del quotidiano Echo do Norte. Rua General Os\u00f3rio, 212<\/li>\n\n\n\n<li>Lasciato dal Telegraph. via generale<\/li>\n\n\n\n<li>Casa Giulio Pimenta da Costa. Rua General Os\u00f3rio, 266<\/li>\n\n\n\n<li>Casa Andrea. Rua Marechal Floriano, 266<\/li>\n\n\n\n<li>Busto Ammiraglio Tamandar\u00e9. Rua Marechal Floriano<\/li>\n<\/ul>\n\n\n\n<figure class=\"wp-block-image size-full\"><img decoding=\"async\" width=\"1001\" height=\"622\" src=\"https:\/\/wenttrip.com.br\/wp-content\/uploads\/2022\/12\/mapa-roteiro-sjn.jpg\" alt=\"\" class=\"wp-image-14512\" srcset=\"https:\/\/wenttrip.com.br\/wp-content\/uploads\/2022\/12\/mapa-roteiro-sjn.jpg 1001w, https:\/\/wenttrip.com.br\/wp-content\/uploads\/2022\/12\/mapa-roteiro-sjn-300x186.jpg 300w, https:\/\/wenttrip.com.br\/wp-content\/uploads\/2022\/12\/mapa-roteiro-sjn-768x477.jpg 768w, https:\/\/wenttrip.com.br\/wp-content\/uploads\/2022\/12\/mapa-roteiro-sjn-18x12.jpg 18w\" sizes=\"(max-width: 1001px) 100vw, 1001px\" \/><\/figure>\n\n\n\n<h3 class=\"wp-block-heading\"><span class=\"ez-toc-section\" id=\"Sobrado_Gibbon_%E2%80%93_Sao_Jose_do_Norte\"><\/span>Sobrado Gibbon \u2013 S\u00e3o Jos\u00e9 do Norte<span class=\"ez-toc-section-end\"><\/span><\/h3>\n\n\n\n<p>Residenza in stile coloniale costruita nel 1852 da un commerciante portoghese. Oltre che residenza, fu commerciale e anche alberghiero.\u00a0<a href=\"https:\/\/www.tripadvisor.com.br\/Attractions-g2349785-Activities-Sao_Jose_Do_Norte_State_of_Rio_Grande_do_Sul.html\"><\/a><a href=\"https:\/\/www.tripadvisor.com.br\/Attractions-g2349785-Activities-Sao_Jose_Do_Norte_State_of_Rio_Grande_do_Sul.html\"><\/a><\/p>\n\n\n\n<figure class=\"wp-block-image size-full\"><img decoding=\"async\" width=\"1000\" height=\"645\" src=\"https:\/\/wenttrip.com.br\/wp-content\/uploads\/2022\/12\/o-predio-do-sobrado.jpg\" alt=\"Sobrado Gibbon - S\u00e3o Jos\u00e9 do Norte\" class=\"wp-image-14510\" srcset=\"https:\/\/wenttrip.com.br\/wp-content\/uploads\/2022\/12\/o-predio-do-sobrado.jpg 1000w, https:\/\/wenttrip.com.br\/wp-content\/uploads\/2022\/12\/o-predio-do-sobrado-300x194.jpg 300w, https:\/\/wenttrip.com.br\/wp-content\/uploads\/2022\/12\/o-predio-do-sobrado-768x495.jpg 768w, https:\/\/wenttrip.com.br\/wp-content\/uploads\/2022\/12\/o-predio-do-sobrado-18x12.jpg 18w\" sizes=\"(max-width: 1000px) 100vw, 1000px\" \/><figcaption class=\"wp-element-caption\">Sobrado Gibbon \u2013 S\u00e3o Jos\u00e9 do Norte<\/figcaption><\/figure>\n\n\n\n<h3 class=\"wp-block-heading\"><span class=\"ez-toc-section\" id=\"Solar_Dos_Imperadores_%E2%80%93_Sao_Jose_do_Norte\"><\/span>Solar Dos Imperadores \u2013 S\u00e3o Jos\u00e9 do Norte<span class=\"ez-toc-section-end\"><\/span><\/h3>\n\n\n\n<p>Edificio costruito nel 1801 dal commerciante Ant\u00f4nio de S\u00e1 Ara\u00fajo, serv\u00ec come luogo per ospitare l&#039;imperatore Dom Pedro I nel 1826 e nel 1845 l&#039;imperatrice Tereza Cristina. <\/p>\n\n\n\n<p>Edificio che aveva molti usi oggi \u00e8 purtroppo completamente abbandonato.<\/p>\n\n\n\n<figure class=\"wp-block-image size-full\"><img decoding=\"async\" width=\"1000\" height=\"666\" src=\"https:\/\/wenttrip.com.br\/wp-content\/uploads\/2022\/12\/o-solar-dos-imperadores.jpg\" alt=\"Solar Dos Imperadores - S\u00e3o Jos\u00e9 do Norte\" class=\"wp-image-14507\" srcset=\"https:\/\/wenttrip.com.br\/wp-content\/uploads\/2022\/12\/o-solar-dos-imperadores.jpg 1000w, https:\/\/wenttrip.com.br\/wp-content\/uploads\/2022\/12\/o-solar-dos-imperadores-300x200.jpg 300w, https:\/\/wenttrip.com.br\/wp-content\/uploads\/2022\/12\/o-solar-dos-imperadores-768x511.jpg 768w, https:\/\/wenttrip.com.br\/wp-content\/uploads\/2022\/12\/o-solar-dos-imperadores-18x12.jpg 18w\" sizes=\"(max-width: 1000px) 100vw, 1000px\" \/><figcaption class=\"wp-element-caption\">Solar Dos Imperadores \u2013 S\u00e3o Jos\u00e9 do Norte<\/figcaption><\/figure>\n\n\n\n<p>Divertiti e leggi anche:<\/p>\n\n\n\n<p> <a href=\"https:\/\/wenttrip.com.br\/it\/brasile\/brasil-sul\/rio-grande-do-sul\/tavares\/tutto-quello-che-ce-da-sapere-su-tavares-rs\/\">Tutto quello che c&#039;\u00e8 da sapere su Tavares RS<\/a><\/p>\n\n\n\n<p> <a href=\"https:\/\/wenttrip.com.br\/it\/brasile\/brasil-sul\/rio-grande-do-sul\/mostardas\/tutto-cio-che-devi-sapere-sulle-mostarde\/\">Tutto quello che c&#039;\u00e8 da sapere sulle mostarde<\/a><\/p>\n\n\n\n<p> <a href=\"https:\/\/wenttrip.com.br\/it\/brasile\/brasil-sul\/rio-grande-do-sul\/rio-grande-do-sul-curiosita\/\">Rio Grande do Sul \u2013 Curiosit\u00e0<\/a><\/p>\n\n\n\n<p> <a href=\"https:\/\/wenttrip.com.br\/it\/brasile\/brasil-sul\/rio-grande-do-sul\/imbe\/imbe-costiera-nord-gaucho\/\">Imb\u00e9 - Costa settentrionale Gaucho<\/a><\/p>","protected":false},"excerpt":{"rendered":"<p>Conosciuta anche come \u201cCapitale Nazionale della Cipolla\u201d, questo perch\u00e9 fa parte delle principali economie del comune, oltre al riso, alla pesca e alla raccolta della resina, al taglio e alla lavorazione del legno. Vuoi saperne di pi\u00f9 su S\u00e3o Jos\u00e9 do Norte RS?! Abbiamo preparato questo articolo per te! Dov\u2019\u00e8 S\u00e3o Jos\u00e9 do Norte S\u00e3o Jos\u00e9\u2026&nbsp;<a href=\"https:\/\/wenttrip.com.br\/it\/brasile\/brasil-sul\/rio-grande-do-sul\/sao-jose-do-norte\/sapere-tutto-su-sao-jose-do-norte-rs\/\" rel=\"bookmark\">Leggi tutto \u00bb<span class=\"screen-reader-text\">So tutto di S\u00e3o Jos\u00e9 do Norte RS<\/span><\/a><\/p>","protected":false},"author":1,"featured_media":14518,"comment_status":"open","ping_status":"closed","sticky":false,"template":"","format":"standard","meta":{"neve_meta_sidebar":"","neve_meta_container":"","neve_meta_enable_content_width":"","neve_meta_content_width":0,"neve_meta_title_alignment":"","neve_meta_author_avatar":"","neve_post_elements_order":"","neve_meta_disable_header":"","neve_meta_disable_footer":"","neve_meta_disable_title":"","footnotes":""},"categories":[3659],"tags":[3656,3652,3653,3654,3657,3658,3655],"class_list":["post-14502","post","type-post","status-publish","format-standard","has-post-thumbnail","hentry","category-sao-jose-do-norte","tag-farol-da-barra","tag-igreja-matriz-de-sao-jose-do-norte","tag-molhes-da-barra-sao-jose-do-norte","tag-praia-do-mar-grosso","tag-saiba-tudo-sobre-sao-jose-do-norte-rs","tag-sao-jose-do-norte-rs","tag-solar-dos-imperadores-sao-jose-do-norte"],"yoast_head":"<!-- This site is optimized with the Yoast SEO plugin v27.4 - https:\/\/yoast.com\/product\/yoast-seo-wordpress\/ -->\n<title>Saiba tudo sobre S\u00e3o Jos\u00e9 do Norte RS - WentTrip<\/title>\n<meta name=\"description\" content=\"Tamb\u00e9m conhecida como a &quot;Capital Nacional da Cebola&quot;, isso porque ela faz parte das suas principais economias do munic\u00edpio, al\u00e9m do arroz, ...\" \/>\n<meta name=\"robots\" content=\"index, follow, max-snippet:-1, max-image-preview:large, max-video-preview:-1\" \/>\n<link rel=\"canonical\" href=\"https:\/\/wenttrip.com.br\/it\/brasile\/brasil-sul\/rio-grande-do-sul\/sao-jose-do-norte\/sapere-tutto-su-sao-jose-do-norte-rs\/\" \/>\n<meta property=\"og:locale\" content=\"it_IT\" \/>\n<meta property=\"og:type\" content=\"article\" \/>\n<meta property=\"og:title\" content=\"Saiba tudo sobre S\u00e3o Jos\u00e9 do Norte RS - WentTrip\" \/>\n<meta property=\"og:description\" content=\"Tamb\u00e9m conhecida como a &quot;Capital Nacional da Cebola&quot;, isso porque ela faz parte das suas principais economias do munic\u00edpio, al\u00e9m do arroz, ...\" \/>\n<meta property=\"og:url\" content=\"https:\/\/wenttrip.com.br\/it\/brasile\/brasil-sul\/rio-grande-do-sul\/sao-jose-do-norte\/sapere-tutto-su-sao-jose-do-norte-rs\/\" \/>\n<meta property=\"og:site_name\" content=\"WentTrip\" \/>\n<meta property=\"article:publisher\" content=\"https:\/\/m.facebook.com\/profile.php\" \/>\n<meta property=\"article:author\" content=\"https:\/\/m.facebook.com\/profile.php\" \/>\n<meta property=\"article:published_time\" content=\"2022-12-05T16:12:16+00:00\" \/>\n<meta property=\"article:modified_time\" content=\"2022-12-05T16:12:44+00:00\" \/>\n<meta property=\"og:image\" content=\"https:\/\/wenttrip.com.br\/wp-content\/uploads\/2022\/12\/14101612_24715_GD.jpg\" \/>\n\t<meta property=\"og:image:width\" content=\"800\" \/>\n\t<meta property=\"og:image:height\" content=\"450\" \/>\n\t<meta property=\"og:image:type\" content=\"image\/jpeg\" \/>\n<meta name=\"author\" content=\"Fernanda Machado\" \/>\n<meta name=\"twitter:card\" content=\"summary_large_image\" \/>\n<meta name=\"twitter:creator\" content=\"@https:\/\/twitter.com\/wenttrip\" \/>\n<meta name=\"twitter:site\" content=\"@wenttrip\" \/>\n<meta name=\"twitter:label1\" content=\"Scritto da\" \/>\n\t<meta name=\"twitter:data1\" content=\"Fernanda Machado\" \/>\n\t<meta name=\"twitter:label2\" content=\"Tempo di lettura stimato\" \/>\n\t<meta name=\"twitter:data2\" content=\"8 minuti\" \/>\n<script type=\"application\/ld+json\" class=\"yoast-schema-graph\">{\"@context\":\"https:\\\/\\\/schema.org\",\"@graph\":[{\"@type\":\"Article\",\"@id\":\"https:\\\/\\\/wenttrip.com.br\\\/it\\\/brasile\\\/brasil-sul\\\/rio-grande-do-sul\\\/sao-jose-do-norte\\\/sapere-tutto-su-sao-jose-do-norte-rs\\\/#article\",\"isPartOf\":{\"@id\":\"https:\\\/\\\/wenttrip.com.br\\\/it\\\/brasile\\\/brasil-sul\\\/rio-grande-do-sul\\\/sao-jose-do-norte\\\/sapere-tutto-su-sao-jose-do-norte-rs\\\/\"},\"author\":{\"name\":\"Fernanda Machado\",\"@id\":\"https:\\\/\\\/wenttrip.com.br\\\/it\\\/#\\\/schema\\\/person\\\/c0ff87b449a960037fdd1b024842fcf9\"},\"headline\":\"Saiba tudo sobre S\u00e3o Jos\u00e9 do Norte RS\",\"datePublished\":\"2022-12-05T16:12:16+00:00\",\"dateModified\":\"2022-12-05T16:12:44+00:00\",\"mainEntityOfPage\":{\"@id\":\"https:\\\/\\\/wenttrip.com.br\\\/it\\\/brasile\\\/brasil-sul\\\/rio-grande-do-sul\\\/sao-jose-do-norte\\\/sapere-tutto-su-sao-jose-do-norte-rs\\\/\"},\"wordCount\":1148,\"commentCount\":0,\"publisher\":{\"@id\":\"https:\\\/\\\/wenttrip.com.br\\\/it\\\/#\\\/schema\\\/person\\\/c0ff87b449a960037fdd1b024842fcf9\"},\"image\":{\"@id\":\"https:\\\/\\\/wenttrip.com.br\\\/it\\\/brasile\\\/brasil-sul\\\/rio-grande-do-sul\\\/sao-jose-do-norte\\\/sapere-tutto-su-sao-jose-do-norte-rs\\\/#primaryimage\"},\"thumbnailUrl\":\"https:\\\/\\\/wenttrip.com.br\\\/wp-content\\\/uploads\\\/2022\\\/12\\\/14101612_24715_GD.jpg\",\"keywords\":[\"Farol da Barra\",\"Igreja Matriz de S\u00e3o Jos\u00e9 do Norte\",\"Molhes da Barra- S\u00e3o Jos\u00e9 do Norte\",\"Praia do Mar Grosso\",\"Saiba tudo sobre S\u00e3o Jos\u00e9 do Norte RS\",\"S\u00e3o Jos\u00e9 do Norte RS\",\"Solar Dos Imperadores - S\u00e3o Jos\u00e9 do Norte\"],\"articleSection\":[\"S\u00e3o Jos\u00e9 do Norte\"],\"inLanguage\":\"it-IT\",\"potentialAction\":[{\"@type\":\"CommentAction\",\"name\":\"Comment\",\"target\":[\"https:\\\/\\\/wenttrip.com.br\\\/it\\\/brasile\\\/brasil-sul\\\/rio-grande-do-sul\\\/sao-jose-do-norte\\\/sapere-tutto-su-sao-jose-do-norte-rs\\\/#respond\"]}]},{\"@type\":\"WebPage\",\"@id\":\"https:\\\/\\\/wenttrip.com.br\\\/it\\\/brasile\\\/brasil-sul\\\/rio-grande-do-sul\\\/sao-jose-do-norte\\\/sapere-tutto-su-sao-jose-do-norte-rs\\\/\",\"url\":\"https:\\\/\\\/wenttrip.com.br\\\/it\\\/brasile\\\/brasil-sul\\\/rio-grande-do-sul\\\/sao-jose-do-norte\\\/sapere-tutto-su-sao-jose-do-norte-rs\\\/\",\"name\":\"Saiba tudo sobre S\u00e3o Jos\u00e9 do Norte RS - WentTrip\",\"isPartOf\":{\"@id\":\"https:\\\/\\\/wenttrip.com.br\\\/it\\\/#website\"},\"primaryImageOfPage\":{\"@id\":\"https:\\\/\\\/wenttrip.com.br\\\/it\\\/brasile\\\/brasil-sul\\\/rio-grande-do-sul\\\/sao-jose-do-norte\\\/sapere-tutto-su-sao-jose-do-norte-rs\\\/#primaryimage\"},\"image\":{\"@id\":\"https:\\\/\\\/wenttrip.com.br\\\/it\\\/brasile\\\/brasil-sul\\\/rio-grande-do-sul\\\/sao-jose-do-norte\\\/sapere-tutto-su-sao-jose-do-norte-rs\\\/#primaryimage\"},\"thumbnailUrl\":\"https:\\\/\\\/wenttrip.com.br\\\/wp-content\\\/uploads\\\/2022\\\/12\\\/14101612_24715_GD.jpg\",\"datePublished\":\"2022-12-05T16:12:16+00:00\",\"dateModified\":\"2022-12-05T16:12:44+00:00\",\"description\":\"Tamb\u00e9m conhecida como a \\\"Capital Nacional da Cebola\\\", isso porque ela faz parte das suas principais economias do munic\u00edpio, al\u00e9m do arroz, ...\",\"breadcrumb\":{\"@id\":\"https:\\\/\\\/wenttrip.com.br\\\/it\\\/brasile\\\/brasil-sul\\\/rio-grande-do-sul\\\/sao-jose-do-norte\\\/sapere-tutto-su-sao-jose-do-norte-rs\\\/#breadcrumb\"},\"inLanguage\":\"it-IT\",\"potentialAction\":[{\"@type\":\"ReadAction\",\"target\":[\"https:\\\/\\\/wenttrip.com.br\\\/it\\\/brasile\\\/brasil-sul\\\/rio-grande-do-sul\\\/sao-jose-do-norte\\\/sapere-tutto-su-sao-jose-do-norte-rs\\\/\"]}]},{\"@type\":\"ImageObject\",\"inLanguage\":\"it-IT\",\"@id\":\"https:\\\/\\\/wenttrip.com.br\\\/it\\\/brasile\\\/brasil-sul\\\/rio-grande-do-sul\\\/sao-jose-do-norte\\\/sapere-tutto-su-sao-jose-do-norte-rs\\\/#primaryimage\",\"url\":\"https:\\\/\\\/wenttrip.com.br\\\/wp-content\\\/uploads\\\/2022\\\/12\\\/14101612_24715_GD.jpg\",\"contentUrl\":\"https:\\\/\\\/wenttrip.com.br\\\/wp-content\\\/uploads\\\/2022\\\/12\\\/14101612_24715_GD.jpg\",\"width\":800,\"height\":450},{\"@type\":\"BreadcrumbList\",\"@id\":\"https:\\\/\\\/wenttrip.com.br\\\/it\\\/brasile\\\/brasil-sul\\\/rio-grande-do-sul\\\/sao-jose-do-norte\\\/sapere-tutto-su-sao-jose-do-norte-rs\\\/#breadcrumb\",\"itemListElement\":[{\"@type\":\"ListItem\",\"position\":1,\"name\":\"In\u00edcio\",\"item\":\"https:\\\/\\\/wenttrip.com.br\\\/it\\\/\"},{\"@type\":\"ListItem\",\"position\":2,\"name\":\"Saiba tudo sobre S\u00e3o Jos\u00e9 do Norte RS\"}]},{\"@type\":\"WebSite\",\"@id\":\"https:\\\/\\\/wenttrip.com.br\\\/it\\\/#website\",\"url\":\"https:\\\/\\\/wenttrip.com.br\\\/it\\\/\",\"name\":\"WentTrip\",\"description\":\"O seu guia completo com muitas dicas de aventuras, lugares, alimenta\u00e7\u00e3o, hot\u00e9is.\",\"publisher\":{\"@id\":\"https:\\\/\\\/wenttrip.com.br\\\/it\\\/#\\\/schema\\\/person\\\/c0ff87b449a960037fdd1b024842fcf9\"},\"potentialAction\":[{\"@type\":\"SearchAction\",\"target\":{\"@type\":\"EntryPoint\",\"urlTemplate\":\"https:\\\/\\\/wenttrip.com.br\\\/it\\\/?s={search_term_string}\"},\"query-input\":{\"@type\":\"PropertyValueSpecification\",\"valueRequired\":true,\"valueName\":\"search_term_string\"}}],\"inLanguage\":\"it-IT\"},{\"@type\":[\"Person\",\"Organization\"],\"@id\":\"https:\\\/\\\/wenttrip.com.br\\\/it\\\/#\\\/schema\\\/person\\\/c0ff87b449a960037fdd1b024842fcf9\",\"name\":\"Fernanda Machado\",\"image\":{\"@type\":\"ImageObject\",\"inLanguage\":\"it-IT\",\"@id\":\"https:\\\/\\\/wenttrip.com.br\\\/wp-content\\\/uploads\\\/2022\\\/08\\\/WentTrip-2.png\",\"url\":\"https:\\\/\\\/wenttrip.com.br\\\/wp-content\\\/uploads\\\/2022\\\/08\\\/WentTrip-2.png\",\"contentUrl\":\"https:\\\/\\\/wenttrip.com.br\\\/wp-content\\\/uploads\\\/2022\\\/08\\\/WentTrip-2.png\",\"width\":1000,\"height\":1000,\"caption\":\"Fernanda Machado\"},\"logo\":{\"@id\":\"https:\\\/\\\/wenttrip.com.br\\\/wp-content\\\/uploads\\\/2022\\\/08\\\/WentTrip-2.png\"},\"description\":\"Aprendi que a vida \u00e9 mais leve quando colocamos uma mochila nas costas junto com sonhos. Amo viajar! Tenho 34 anos, mam\u00e3e de 3 cachorros: A Pantufa, O mutley e o Mixuruca. Compartilhamos nossas experi\u00eancias por aqui, esperamos que gostem!\",\"sameAs\":[\"https:\\\/\\\/wenttrip.com.br\",\"https:\\\/\\\/m.facebook.com\\\/profile.php\",\"https:\\\/\\\/www.instagram.com\\\/wenttrip\\\/\",\"https:\\\/\\\/x.com\\\/https:\\\/\\\/twitter.com\\\/wenttrip\",\"https:\\\/\\\/www.youtube.com\\\/c\\\/WentTrip\\\/videos\"],\"url\":\"https:\\\/\\\/wenttrip.com.br\\\/it\\\/author\\\/admin\\\/\"}]}<\/script>\n<!-- \/ Yoast SEO plugin. -->","yoast_head_json":{"title":"So tutto di S\u00e3o Jos\u00e9 do Norte RS - WentTrip","description":"Conosciuta anche come la &quot;Capitale Nazionale della Cipolla&quot;, questo perch\u00e9 fa parte delle sue principali economie nel comune, oltre al riso, ...","robots":{"index":"index","follow":"follow","max-snippet":"max-snippet:-1","max-image-preview":"max-image-preview:large","max-video-preview":"max-video-preview:-1"},"canonical":"https:\/\/wenttrip.com.br\/it\/brasile\/brasil-sul\/rio-grande-do-sul\/sao-jose-do-norte\/sapere-tutto-su-sao-jose-do-norte-rs\/","og_locale":"it_IT","og_type":"article","og_title":"Saiba tudo sobre S\u00e3o Jos\u00e9 do Norte RS - WentTrip","og_description":"Tamb\u00e9m conhecida como a \"Capital Nacional da Cebola\", isso porque ela faz parte das suas principais economias do munic\u00edpio, al\u00e9m do arroz, ...","og_url":"https:\/\/wenttrip.com.br\/it\/brasile\/brasil-sul\/rio-grande-do-sul\/sao-jose-do-norte\/sapere-tutto-su-sao-jose-do-norte-rs\/","og_site_name":"WentTrip","article_publisher":"https:\/\/m.facebook.com\/profile.php","article_author":"https:\/\/m.facebook.com\/profile.php","article_published_time":"2022-12-05T16:12:16+00:00","article_modified_time":"2022-12-05T16:12:44+00:00","og_image":[{"width":800,"height":450,"url":"https:\/\/wenttrip.com.br\/wp-content\/uploads\/2022\/12\/14101612_24715_GD.jpg","type":"image\/jpeg"}],"author":"Fernanda Machado","twitter_card":"summary_large_image","twitter_creator":"@https:\/\/twitter.com\/wenttrip","twitter_site":"@wenttrip","twitter_misc":{"Scritto da":"Fernanda Machado","Tempo di lettura stimato":"8 minuti"},"schema":{"@context":"https:\/\/schema.org","@graph":[{"@type":"Article","@id":"https:\/\/wenttrip.com.br\/it\/brasile\/brasil-sul\/rio-grande-do-sul\/sao-jose-do-norte\/sapere-tutto-su-sao-jose-do-norte-rs\/#article","isPartOf":{"@id":"https:\/\/wenttrip.com.br\/it\/brasile\/brasil-sul\/rio-grande-do-sul\/sao-jose-do-norte\/sapere-tutto-su-sao-jose-do-norte-rs\/"},"author":{"name":"Fernanda Machado","@id":"https:\/\/wenttrip.com.br\/it\/#\/schema\/person\/c0ff87b449a960037fdd1b024842fcf9"},"headline":"Saiba tudo sobre S\u00e3o Jos\u00e9 do Norte RS","datePublished":"2022-12-05T16:12:16+00:00","dateModified":"2022-12-05T16:12:44+00:00","mainEntityOfPage":{"@id":"https:\/\/wenttrip.com.br\/it\/brasile\/brasil-sul\/rio-grande-do-sul\/sao-jose-do-norte\/sapere-tutto-su-sao-jose-do-norte-rs\/"},"wordCount":1148,"commentCount":0,"publisher":{"@id":"https:\/\/wenttrip.com.br\/it\/#\/schema\/person\/c0ff87b449a960037fdd1b024842fcf9"},"image":{"@id":"https:\/\/wenttrip.com.br\/it\/brasile\/brasil-sul\/rio-grande-do-sul\/sao-jose-do-norte\/sapere-tutto-su-sao-jose-do-norte-rs\/#primaryimage"},"thumbnailUrl":"https:\/\/wenttrip.com.br\/wp-content\/uploads\/2022\/12\/14101612_24715_GD.jpg","keywords":["Farol da Barra","Igreja Matriz de S\u00e3o Jos\u00e9 do Norte","Molhes da Barra- S\u00e3o Jos\u00e9 do Norte","Praia do Mar Grosso","Saiba tudo sobre S\u00e3o Jos\u00e9 do Norte RS","S\u00e3o Jos\u00e9 do Norte RS","Solar Dos Imperadores - S\u00e3o Jos\u00e9 do Norte"],"articleSection":["S\u00e3o Jos\u00e9 do Norte"],"inLanguage":"it-IT","potentialAction":[{"@type":"CommentAction","name":"Comment","target":["https:\/\/wenttrip.com.br\/it\/brasile\/brasil-sul\/rio-grande-do-sul\/sao-jose-do-norte\/sapere-tutto-su-sao-jose-do-norte-rs\/#respond"]}]},{"@type":"WebPage","@id":"https:\/\/wenttrip.com.br\/it\/brasile\/brasil-sul\/rio-grande-do-sul\/sao-jose-do-norte\/sapere-tutto-su-sao-jose-do-norte-rs\/","url":"https:\/\/wenttrip.com.br\/it\/brasile\/brasil-sul\/rio-grande-do-sul\/sao-jose-do-norte\/sapere-tutto-su-sao-jose-do-norte-rs\/","name":"So tutto di S\u00e3o Jos\u00e9 do Norte RS - WentTrip","isPartOf":{"@id":"https:\/\/wenttrip.com.br\/it\/#website"},"primaryImageOfPage":{"@id":"https:\/\/wenttrip.com.br\/it\/brasile\/brasil-sul\/rio-grande-do-sul\/sao-jose-do-norte\/sapere-tutto-su-sao-jose-do-norte-rs\/#primaryimage"},"image":{"@id":"https:\/\/wenttrip.com.br\/it\/brasile\/brasil-sul\/rio-grande-do-sul\/sao-jose-do-norte\/sapere-tutto-su-sao-jose-do-norte-rs\/#primaryimage"},"thumbnailUrl":"https:\/\/wenttrip.com.br\/wp-content\/uploads\/2022\/12\/14101612_24715_GD.jpg","datePublished":"2022-12-05T16:12:16+00:00","dateModified":"2022-12-05T16:12:44+00:00","description":"Conosciuta anche come la &quot;Capitale Nazionale della Cipolla&quot;, questo perch\u00e9 fa parte delle sue principali economie nel comune, oltre al riso, ...","breadcrumb":{"@id":"https:\/\/wenttrip.com.br\/it\/brasile\/brasil-sul\/rio-grande-do-sul\/sao-jose-do-norte\/sapere-tutto-su-sao-jose-do-norte-rs\/#breadcrumb"},"inLanguage":"it-IT","potentialAction":[{"@type":"ReadAction","target":["https:\/\/wenttrip.com.br\/it\/brasile\/brasil-sul\/rio-grande-do-sul\/sao-jose-do-norte\/sapere-tutto-su-sao-jose-do-norte-rs\/"]}]},{"@type":"ImageObject","inLanguage":"it-IT","@id":"https:\/\/wenttrip.com.br\/it\/brasile\/brasil-sul\/rio-grande-do-sul\/sao-jose-do-norte\/sapere-tutto-su-sao-jose-do-norte-rs\/#primaryimage","url":"https:\/\/wenttrip.com.br\/wp-content\/uploads\/2022\/12\/14101612_24715_GD.jpg","contentUrl":"https:\/\/wenttrip.com.br\/wp-content\/uploads\/2022\/12\/14101612_24715_GD.jpg","width":800,"height":450},{"@type":"BreadcrumbList","@id":"https:\/\/wenttrip.com.br\/it\/brasile\/brasil-sul\/rio-grande-do-sul\/sao-jose-do-norte\/sapere-tutto-su-sao-jose-do-norte-rs\/#breadcrumb","itemListElement":[{"@type":"ListItem","position":1,"name":"In\u00edcio","item":"https:\/\/wenttrip.com.br\/it\/"},{"@type":"ListItem","position":2,"name":"Saiba tudo sobre S\u00e3o Jos\u00e9 do Norte RS"}]},{"@type":"WebSite","@id":"https:\/\/wenttrip.com.br\/it\/#website","url":"https:\/\/wenttrip.com.br\/it\/","name":"Andato in viaggio","description":"La tua guida completa con tanti consigli su avventure, luoghi, cibo, hotel.","publisher":{"@id":"https:\/\/wenttrip.com.br\/it\/#\/schema\/person\/c0ff87b449a960037fdd1b024842fcf9"},"potentialAction":[{"@type":"SearchAction","target":{"@type":"EntryPoint","urlTemplate":"https:\/\/wenttrip.com.br\/it\/?s={search_term_string}"},"query-input":{"@type":"PropertyValueSpecification","valueRequired":true,"valueName":"search_term_string"}}],"inLanguage":"it-IT"},{"@type":["Person","Organization"],"@id":"https:\/\/wenttrip.com.br\/it\/#\/schema\/person\/c0ff87b449a960037fdd1b024842fcf9","name":"Fernanda Macchado","image":{"@type":"ImageObject","inLanguage":"it-IT","@id":"https:\/\/wenttrip.com.br\/wp-content\/uploads\/2022\/08\/WentTrip-2.png","url":"https:\/\/wenttrip.com.br\/wp-content\/uploads\/2022\/08\/WentTrip-2.png","contentUrl":"https:\/\/wenttrip.com.br\/wp-content\/uploads\/2022\/08\/WentTrip-2.png","width":1000,"height":1000,"caption":"Fernanda Machado"},"logo":{"@id":"https:\/\/wenttrip.com.br\/wp-content\/uploads\/2022\/08\/WentTrip-2.png"},"description":"Ho imparato che la vita \u00e8 pi\u00f9 leggera quando ci mettiamo uno zaino in spalla insieme ai sogni. Amo viaggiare! Ho 34 anni, mamma di 3 cani: Pantufa, Mutley e Mixuruca. Condividiamo qui le nostre esperienze, speriamo vi piaccia!","sameAs":["https:\/\/wenttrip.com.br","https:\/\/m.facebook.com\/profile.php","https:\/\/www.instagram.com\/wenttrip\/","https:\/\/x.com\/https:\/\/twitter.com\/wenttrip","https:\/\/www.youtube.com\/c\/WentTrip\/videos"],"url":"https:\/\/wenttrip.com.br\/it\/author\/admin\/"}]}},"_links":{"self":[{"href":"https:\/\/wenttrip.com.br\/it\/wp-json\/wp\/v2\/posts\/14502","targetHints":{"allow":["GET"]}}],"collection":[{"href":"https:\/\/wenttrip.com.br\/it\/wp-json\/wp\/v2\/posts"}],"about":[{"href":"https:\/\/wenttrip.com.br\/it\/wp-json\/wp\/v2\/types\/post"}],"author":[{"embeddable":true,"href":"https:\/\/wenttrip.com.br\/it\/wp-json\/wp\/v2\/users\/1"}],"replies":[{"embeddable":true,"href":"https:\/\/wenttrip.com.br\/it\/wp-json\/wp\/v2\/comments?post=14502"}],"version-history":[{"count":0,"href":"https:\/\/wenttrip.com.br\/it\/wp-json\/wp\/v2\/posts\/14502\/revisions"}],"wp:featuredmedia":[{"embeddable":true,"href":"https:\/\/wenttrip.com.br\/it\/wp-json\/wp\/v2\/media\/14518"}],"wp:attachment":[{"href":"https:\/\/wenttrip.com.br\/it\/wp-json\/wp\/v2\/media?parent=14502"}],"wp:term":[{"taxonomy":"category","embeddable":true,"href":"https:\/\/wenttrip.com.br\/it\/wp-json\/wp\/v2\/categories?post=14502"},{"taxonomy":"post_tag","embeddable":true,"href":"https:\/\/wenttrip.com.br\/it\/wp-json\/wp\/v2\/tags?post=14502"}],"curies":[{"name":"parola chiave","href":"https:\/\/api.w.org\/{rel}","templated":true}]}}