{"id":10098,"date":"2022-10-12T16:53:10","date_gmt":"2022-10-12T16:53:10","guid":{"rendered":"https:\/\/wenttrip.com.br\/?p=10098"},"modified":"2022-10-12T16:53:17","modified_gmt":"2022-10-12T16:53:17","slug":"curiosidades-sobre-santa-catarina","status":"publish","type":"post","link":"https:\/\/wenttrip.com.br\/it\/brasile\/brasil-sul\/santa-catarina\/curiosita-su-santa-catarina\/","title":{"rendered":"Fatti su Santa Catarina"},"content":{"rendered":"<div id=\"ez-toc-container\" class=\"ez-toc-v2_0_82_2 counter-hierarchy ez-toc-counter ez-toc-grey ez-toc-container-direction\">\n<div class=\"ez-toc-title-container\">\n<p class=\"ez-toc-title\" style=\"cursor:inherit\">Indice<\/p>\n<span class=\"ez-toc-title-toggle\"><a href=\"#\" class=\"ez-toc-pull-right ez-toc-btn ez-toc-btn-xs ez-toc-btn-default ez-toc-toggle\" aria-label=\"Attiva\/disattiva sommario\"><span class=\"ez-toc-js-icon-con\"><span class=\"\"><span class=\"eztoc-hide\" style=\"display:none;\">alternare<\/span><span class=\"ez-toc-icon-toggle-span\"><svg style=\"fill: #999;color:#999\" xmlns=\"http:\/\/www.w3.org\/2000\/svg\" class=\"list-377408\" width=\"20px\" height=\"20px\" viewbox=\"0 0 24 24\" fill=\"none\"><path d=\"M6 6H4v2h2V6zm14 0H8v2h12V6zM4 11h2v2H4v-2zm16 0H8v2h12v-2zM4 16h2v2H4v-2zm16 0H8v2h12v-2z\" fill=\"currentColor\"><\/path><\/svg><svg style=\"fill: #999;color:#999\" class=\"arrow-unsorted-368013\" xmlns=\"http:\/\/www.w3.org\/2000\/svg\" width=\"10px\" height=\"10px\" viewbox=\"0 0 24 24\" version=\"1.2\" baseprofile=\"tiny\"><path d=\"M18.2 9.3l-6.2-6.3-6.2 6.3c-.2.2-.3.4-.3.7s.1.5.3.7c.2.2.4.3.7.3h11c.3 0 .5-.1.7-.3.2-.2.3-.5.3-.7s-.1-.5-.3-.7zM5.8 14.7l6.2 6.3 6.2-6.3c.2-.2.3-.5.3-.7s-.1-.5-.3-.7c-.2-.2-.4-.3-.7-.3h-11c-.3 0-.5.1-.7.3-.2.2-.3.5-.3.7s.1.5.3.7z\"\/><\/svg><\/span><\/span><\/span><\/a><\/span><\/div>\n<nav><ul class='ez-toc-list ez-toc-list-level-1' ><li class='ez-toc-page-1 ez-toc-heading-level-2'><a class=\"ez-toc-link ez-toc-heading-1\" href=\"https:\/\/wenttrip.com.br\/it\/brasile\/brasil-sul\/santa-catarina\/curiosita-su-santa-catarina\/#Qual_e_a_cidade_mais_bonita_de_Santa_Catarina\" >Qual \u00e8 la citt\u00e0 pi\u00f9 bella di Santa Catarina?<\/a><\/li><li class='ez-toc-page-1 ez-toc-heading-level-2'><a class=\"ez-toc-link ez-toc-heading-2\" href=\"https:\/\/wenttrip.com.br\/it\/brasile\/brasil-sul\/santa-catarina\/curiosita-su-santa-catarina\/#Que_cidades_visitar_em_Santa_Catarina\" >Quali citt\u00e0 visitare a Santa Catarina?<\/a><\/li><li class='ez-toc-page-1 ez-toc-heading-level-2'><a class=\"ez-toc-link ez-toc-heading-3\" href=\"https:\/\/wenttrip.com.br\/it\/brasile\/brasil-sul\/santa-catarina\/curiosita-su-santa-catarina\/#Qual_melhor_cidade_para_ficar_em_Santa_Catarina\" >Qual \u00e8 la citt\u00e0 migliore dove soggiornare a Santa Catarina?<\/a><\/li><li class='ez-toc-page-1 ez-toc-heading-level-2'><a class=\"ez-toc-link ez-toc-heading-4\" href=\"https:\/\/wenttrip.com.br\/it\/brasile\/brasil-sul\/santa-catarina\/curiosita-su-santa-catarina\/#O_que_fazer_em_Santa_Catarina_em_4_dias\" >Cosa fare a Santa Catarina in 4 giorni?<\/a><\/li><li class='ez-toc-page-1 ez-toc-heading-level-2'><a class=\"ez-toc-link ez-toc-heading-5\" href=\"https:\/\/wenttrip.com.br\/it\/brasile\/brasil-sul\/santa-catarina\/curiosita-su-santa-catarina\/#O_que_fazer_em_3_dias_em_Santa_Catarina\" >Cosa fare in 3 giorni a Santa Catarina?<\/a><\/li><li class='ez-toc-page-1 ez-toc-heading-level-2'><a class=\"ez-toc-link ez-toc-heading-6\" href=\"https:\/\/wenttrip.com.br\/it\/brasile\/brasil-sul\/santa-catarina\/curiosita-su-santa-catarina\/#Qual_a_melhor_epoca_para_ir_a_Santa_Catarina\" >Quando \u00e8 il miglior momento per andare a Santa Catarina?<\/a><\/li><li class='ez-toc-page-1 ez-toc-heading-level-2'><a class=\"ez-toc-link ez-toc-heading-7\" href=\"https:\/\/wenttrip.com.br\/it\/brasile\/brasil-sul\/santa-catarina\/curiosita-su-santa-catarina\/#O_que_nao_pode_deixar_de_conhecer_em_Santa_Catarina\" >Cosa non puoi perderti a Santa Catarina?<\/a><\/li><li class='ez-toc-page-1 ez-toc-heading-level-2'><a class=\"ez-toc-link ez-toc-heading-8\" href=\"https:\/\/wenttrip.com.br\/it\/brasile\/brasil-sul\/santa-catarina\/curiosita-su-santa-catarina\/#Onde_passar_as_ferias_em_Santa_Catarina\" >Dove trascorrere le vacanze a Santa Catarina?<\/a><\/li><li class='ez-toc-page-1 ez-toc-heading-level-2'><a class=\"ez-toc-link ez-toc-heading-9\" href=\"https:\/\/wenttrip.com.br\/it\/brasile\/brasil-sul\/santa-catarina\/curiosita-su-santa-catarina\/#Qual_cidade_mais_barata_de_Santa_Catarina\" >Qual \u00e8 la citt\u00e0 pi\u00f9 economica di Santa Catarina?<\/a><\/li><\/ul><\/nav><\/div>\n\n<p>Hai intenzione di fare una vacanza a Babbo Natale o addirittura vivere?! Qui prenderemo tutte le vostre curiosit\u00e0 su Santa Catarina.<\/p>\n\n\n\n<h2 class=\"wp-block-heading\"><span class=\"ez-toc-section\" id=\"Qual_e_a_cidade_mais_bonita_de_Santa_Catarina\"><\/span>Qual \u00e8 la citt\u00e0 pi\u00f9 bella di Santa Catarina?<span class=\"ez-toc-section-end\"><\/span><\/h2>\n\n\n\n<p>Florian\u00f3polis e le sue spiagge.<\/p>\n\n\n\n<p>Sebbene l&#039;intero stato di Santa Catarina abbia molte attrazioni incredibili, il posto pi\u00f9 bello di Santa Catarina \u00e8 senza dubbio il mare!<\/p>\n\n\n\n<figure class=\"wp-block-image size-large\"><img decoding=\"async\" width=\"1024\" height=\"768\" src=\"https:\/\/wenttrip.com.br\/wp-content\/uploads\/2022\/04\/Ponte_Hercilio_Luz_Florianopolis-edit-1024x768.jpg\" alt=\"Florian\u00f3polis -SC\" class=\"wp-image-3870\" srcset=\"https:\/\/wenttrip.com.br\/wp-content\/uploads\/2022\/04\/Ponte_Hercilio_Luz_Florianopolis-edit-1024x768.jpg 1024w, https:\/\/wenttrip.com.br\/wp-content\/uploads\/2022\/04\/Ponte_Hercilio_Luz_Florianopolis-edit-300x225.jpg 300w, https:\/\/wenttrip.com.br\/wp-content\/uploads\/2022\/04\/Ponte_Hercilio_Luz_Florianopolis-edit-768x576.jpg 768w, https:\/\/wenttrip.com.br\/wp-content\/uploads\/2022\/04\/Ponte_Hercilio_Luz_Florianopolis-edit-1536x1152.jpg 1536w, https:\/\/wenttrip.com.br\/wp-content\/uploads\/2022\/04\/Ponte_Hercilio_Luz_Florianopolis-edit-389x292.jpg 389w, https:\/\/wenttrip.com.br\/wp-content\/uploads\/2022\/04\/Ponte_Hercilio_Luz_Florianopolis-edit.jpg 1952w\" sizes=\"(max-width: 1024px) 100vw, 1024px\" \/><figcaption>Florian\u00f3polis -SC<\/figcaption><\/figure>\n\n\n\n<h2 class=\"wp-block-heading\"><span class=\"ez-toc-section\" id=\"Que_cidades_visitar_em_Santa_Catarina\"><\/span>Quali citt\u00e0 visitare a Santa Catarina?<span class=\"ez-toc-section-end\"><\/span><\/h2>\n\n\n\n<ul class=\"wp-block-list\"><li>blumenau,<\/li><li>Florian\u00f3polis,<\/li><li>Balneario Cambori\u00f9,<\/li><li>Urubici-Serra. di Santa Caterina,<\/li><li>petardi, <\/li><li>Pomerode, una delle migliori destinazioni di Santa Catarina per vedere la cultura germanica. <\/li><li>unisciti a Ville,<\/li><li>Penha.<\/li><\/ul>\n\n\n\n<h2 class=\"wp-block-heading\"><span class=\"ez-toc-section\" id=\"Qual_melhor_cidade_para_ficar_em_Santa_Catarina\"><\/span>Qual \u00e8 la citt\u00e0 migliore dove soggiornare a Santa Catarina?<span class=\"ez-toc-section-end\"><\/span><\/h2>\n\n\n\n<p>Giaragua meridionale. <\/p>\n\n\n\n<p>Situata nella regione metropolitana del nord\/nordest di Santa Catarina, la citt\u00e0 \u00e8 considerata la quinta economia pi\u00f9 grande dello stato. <\/p>\n\n\n\n<p><\/p>\n\n\n\n<h2 class=\"wp-block-heading\"><span class=\"ez-toc-section\" id=\"O_que_fazer_em_Santa_Catarina_em_4_dias\"><\/span>Cosa fare a Santa Catarina in 4 giorni?<span class=\"ez-toc-section-end\"><\/span><\/h2>\n\n\n\n<ul class=\"wp-block-list\"><li>Sant&#039;Antonio di Lisbona. <\/li><li>Aree di passeggiate storiche. <\/li><li>Parco Unipraias Cambori\u00fa. <\/li><li>Collina delle Scimmie. <\/li><li>Punto di vista di Morro da Boa Vista.<\/li><li>Mondo Beto Carrero. <\/li><li>Parco della Villa Germanica. <\/li><li>La spiaggia di Bombinhas. <\/li><li>Laguna Est.<\/li><\/ul>\n\n\n\n<figure class=\"wp-block-image size-full\"><img decoding=\"async\" width=\"1024\" height=\"627\" src=\"https:\/\/wenttrip.com.br\/wp-content\/uploads\/2021\/12\/estender-500-palavras-destinos-de-santa-catarina-conheca-os-encantos-da-guarda-do-embau-1024x627-1.jpeg\" alt=\"\" class=\"wp-image-3490\" srcset=\"https:\/\/wenttrip.com.br\/wp-content\/uploads\/2021\/12\/estender-500-palavras-destinos-de-santa-catarina-conheca-os-encantos-da-guarda-do-embau-1024x627-1.jpeg 1024w, https:\/\/wenttrip.com.br\/wp-content\/uploads\/2021\/12\/estender-500-palavras-destinos-de-santa-catarina-conheca-os-encantos-da-guarda-do-embau-1024x627-1-300x184.jpeg 300w, https:\/\/wenttrip.com.br\/wp-content\/uploads\/2021\/12\/estender-500-palavras-destinos-de-santa-catarina-conheca-os-encantos-da-guarda-do-embau-1024x627-1-768x470.jpeg 768w, https:\/\/wenttrip.com.br\/wp-content\/uploads\/2021\/12\/estender-500-palavras-destinos-de-santa-catarina-conheca-os-encantos-da-guarda-do-embau-1024x627-1-389x238.jpeg 389w\" sizes=\"(max-width: 1024px) 100vw, 1024px\" \/><figcaption>Santa Catarina<\/figcaption><\/figure>\n\n\n\n<h2 class=\"wp-block-heading\"><span class=\"ez-toc-section\" id=\"O_que_fazer_em_3_dias_em_Santa_Catarina\"><\/span>Cosa fare in 3 giorni a Santa Catarina?<span class=\"ez-toc-section-end\"><\/span><\/h2>\n\n\n\n<ul class=\"wp-block-list\"><li>Ponte Hercilio Luz. <\/li><li>Laguna di Concei\u00e7\u00e3o. <\/li><li>Spiaggia della Mole. <\/li><li>Dune di Lagoa da Concei\u00e7\u00e3o. <\/li><li>Trapiche Municipal de Florian\u00f3polis. <\/li><li>Mercato pubblico. <\/li><li>Forte Santana. <\/li><li>Chiesa di Santo Ant\u00f4nio de Lisboa.<\/li><\/ul>\n\n\n\n<h2 class=\"wp-block-heading\"><span class=\"ez-toc-section\" id=\"Qual_a_melhor_epoca_para_ir_a_Santa_Catarina\"><\/span>Quando \u00e8 il miglior momento per andare a Santa Catarina?<span class=\"ez-toc-section-end\"><\/span><\/h2>\n\n\n\n<p>Il periodo migliore \u00e8 durante l&#039;estate, da dicembre a marzo, \u00e8 anche l&#039;alta stagione.<\/p>\n\n\n\n<figure class=\"wp-block-image size-full\"><img decoding=\"async\" width=\"1024\" height=\"576\" src=\"https:\/\/wenttrip.com.br\/wp-content\/uploads\/2022\/04\/Florianopolis-and-vicinity-6053360-desktopRetina-1024x576-1.jpg\" alt=\"Spiagge SC\" class=\"wp-image-3871\" srcset=\"https:\/\/wenttrip.com.br\/wp-content\/uploads\/2022\/04\/Florianopolis-and-vicinity-6053360-desktopRetina-1024x576-1.jpg 1024w, https:\/\/wenttrip.com.br\/wp-content\/uploads\/2022\/04\/Florianopolis-and-vicinity-6053360-desktopRetina-1024x576-1-300x169.jpg 300w, https:\/\/wenttrip.com.br\/wp-content\/uploads\/2022\/04\/Florianopolis-and-vicinity-6053360-desktopRetina-1024x576-1-768x432.jpg 768w, https:\/\/wenttrip.com.br\/wp-content\/uploads\/2022\/04\/Florianopolis-and-vicinity-6053360-desktopRetina-1024x576-1-389x219.jpg 389w\" sizes=\"(max-width: 1024px) 100vw, 1024px\" \/><figcaption>Spiagge SC<\/figcaption><\/figure>\n\n\n\n<h2 class=\"wp-block-heading\"><span class=\"ez-toc-section\" id=\"O_que_nao_pode_deixar_de_conhecer_em_Santa_Catarina\"><\/span>Cosa non puoi perderti a Santa Catarina?<span class=\"ez-toc-section-end\"><\/span><\/h2>\n\n\n\n<p>1 \u2013 Mondo Beto Carrero. <\/p>\n\n\n\n<p>2 \u2013 Mariscal \u2013 Petardi. <\/p>\n\n\n\n<p>3 \u2013 Le dune di Florian\u00f3polis.<\/p>\n\n\n\n<p>4 \u2013 Sega. Santa Caterina. <\/p>\n\n\n\n<h2 class=\"wp-block-heading\"><span class=\"ez-toc-section\" id=\"Onde_passar_as_ferias_em_Santa_Catarina\"><\/span>Dove trascorrere le vacanze a Santa Catarina?<span class=\"ez-toc-section-end\"><\/span><\/h2>\n\n\n\n<ul class=\"wp-block-list\"><li>Spiaggia di Jurer\u00ea;. <\/li><li>Spiaggia Lagoinha;. <\/li><li>Praia Brava;. <\/li><li>Spiaggia di Lagoinha do Leste;. <\/li><li>Praia Mole;<\/li><li>Spiaggia Joaquina;. <\/li><li>Spiaggia dell&#039;isola di Campeche.<\/li><\/ul>\n\n\n\n<h2 class=\"wp-block-heading\"><span class=\"ez-toc-section\" id=\"Qual_cidade_mais_barata_de_Santa_Catarina\"><\/span>Qual \u00e8 la citt\u00e0 pi\u00f9 economica di Santa Catarina?<span class=\"ez-toc-section-end\"><\/span><\/h2>\n\n\n\n<p>La citt\u00e0 di <strong>Joinville<\/strong> costa 32.2% vivere in meno rispetto a Balne\u00e1rio Cambori\u00fa e 14% vivere in meno rispetto a Blumenau, secondo il sondaggio del sito che mappa il costo della vita in qualsiasi citt\u00e0 del Brasile, sulla base dei dati inviati dagli utenti.<\/p>\n\n\n\n<p><\/p>\n\n\n\n<p>Leggi anche:<\/p>\n\n\n\n<p> <a href=\"https:\/\/wenttrip.com.br\/it\/brasile\/brasil-sul\/santa-catarina\/spiagge-naturiste-a-santa-catarina\/\">Spiagge per nudisti a Santa Catarina<\/a><\/p>\n\n\n\n<p> <a href=\"https:\/\/wenttrip.com.br\/it\/brasile\/brasil-sul\/santa-catarina\/viste-di-santa-catarina\/\">Attrazioni di Santa Catarina<\/a><\/p>\n\n\n\n<p> <a href=\"https:\/\/wenttrip.com.br\/it\/brasile\/5-spiagge-in-brasile-che-devi-conoscere\/\">5 spiagge del Brasile che devi conoscere<\/a><\/p>","protected":false},"excerpt":{"rendered":"<p>Stai pensando di trascorrere una vacanza a Santa Catarina o addirittura di viverci? Qui risponderemo a tutte le tue curiosit\u00e0 su Santa Catarina. Qual \u00e8 la citt\u00e0 pi\u00f9 bella di Santa Catarina? Florian\u00f3polis e le sue spiagge. Sebbene l&#039;intero stato di Santa Catarina offra numerose attrazioni incredibili, il luogo pi\u00f9 bello di Santa Catarina \u00e8 senza dubbio il mare!&nbsp;<a href=\"https:\/\/wenttrip.com.br\/it\/brasile\/brasil-sul\/santa-catarina\/curiosita-su-santa-catarina\/\" rel=\"bookmark\">Leggi tutto \u00bb<span class=\"screen-reader-text\">Fatti su Santa Catarina<\/span><\/a><\/p>","protected":false},"author":1,"featured_media":10125,"comment_status":"open","ping_status":"open","sticky":false,"template":"","format":"standard","meta":{"neve_meta_sidebar":"","neve_meta_container":"","neve_meta_enable_content_width":"","neve_meta_content_width":0,"neve_meta_title_alignment":"","neve_meta_author_avatar":"","neve_post_elements_order":"","neve_meta_disable_header":"","neve_meta_disable_footer":"","neve_meta_disable_title":"","footnotes":""},"categories":[1705],"tags":[2997,2998],"class_list":["post-10098","post","type-post","status-publish","format-standard","has-post-thumbnail","hentry","category-santa-catarina","tag-florianopolis-sc","tag-santa-catarina"],"yoast_head":"<!-- This site is optimized with the Yoast SEO plugin v27.4 - https:\/\/yoast.com\/product\/yoast-seo-wordpress\/ -->\n<title>Curiosidades sobre Santa Catarina - WentTrip<\/title>\n<meta name=\"description\" content=\"Pretende tirar as f\u00e9rias por Santa ou at\u00e9 morar?! Aqui vamos tirar todas as suas Curiosidades sobre Santa Catarina.\" \/>\n<meta name=\"robots\" content=\"index, follow, max-snippet:-1, max-image-preview:large, max-video-preview:-1\" \/>\n<link rel=\"canonical\" href=\"https:\/\/wenttrip.com.br\/it\/brasile\/brasil-sul\/santa-catarina\/curiosita-su-santa-catarina\/\" \/>\n<meta property=\"og:locale\" content=\"it_IT\" \/>\n<meta property=\"og:type\" content=\"article\" \/>\n<meta property=\"og:title\" content=\"Curiosidades sobre Santa Catarina - WentTrip\" \/>\n<meta property=\"og:description\" content=\"Pretende tirar as f\u00e9rias por Santa ou at\u00e9 morar?! Aqui vamos tirar todas as suas Curiosidades sobre Santa Catarina.\" \/>\n<meta property=\"og:url\" content=\"https:\/\/wenttrip.com.br\/it\/brasile\/brasil-sul\/santa-catarina\/curiosita-su-santa-catarina\/\" \/>\n<meta property=\"og:site_name\" content=\"WentTrip\" \/>\n<meta property=\"article:publisher\" content=\"https:\/\/m.facebook.com\/profile.php\" \/>\n<meta property=\"article:author\" content=\"https:\/\/m.facebook.com\/profile.php\" \/>\n<meta property=\"article:published_time\" content=\"2022-10-12T16:53:10+00:00\" \/>\n<meta property=\"article:modified_time\" content=\"2022-10-12T16:53:17+00:00\" \/>\n<meta property=\"og:image\" content=\"https:\/\/wenttrip.com.br\/wp-content\/uploads\/2022\/10\/Quando-comeca-o-verao-em-Santa-Catarina-thiago-ghizoni_1.webp\" \/>\n\t<meta property=\"og:image:width\" content=\"800\" \/>\n\t<meta property=\"og:image:height\" content=\"534\" \/>\n\t<meta property=\"og:image:type\" content=\"image\/webp\" \/>\n<meta name=\"author\" content=\"Fernanda Machado\" \/>\n<meta name=\"twitter:card\" content=\"summary_large_image\" \/>\n<meta name=\"twitter:creator\" content=\"@https:\/\/twitter.com\/wenttrip\" \/>\n<meta name=\"twitter:site\" content=\"@wenttrip\" \/>\n<meta name=\"twitter:label1\" content=\"Scritto da\" \/>\n\t<meta name=\"twitter:data1\" content=\"Fernanda Machado\" \/>\n\t<meta name=\"twitter:label2\" content=\"Tempo di lettura stimato\" \/>\n\t<meta name=\"twitter:data2\" content=\"3 minuti\" \/>\n<script type=\"application\/ld+json\" class=\"yoast-schema-graph\">{\"@context\":\"https:\\\/\\\/schema.org\",\"@graph\":[{\"@type\":\"Article\",\"@id\":\"https:\\\/\\\/wenttrip.com.br\\\/it\\\/brasile\\\/brasil-sul\\\/santa-catarina\\\/curiosita-su-santa-catarina\\\/#article\",\"isPartOf\":{\"@id\":\"https:\\\/\\\/wenttrip.com.br\\\/it\\\/brasile\\\/brasil-sul\\\/santa-catarina\\\/curiosita-su-santa-catarina\\\/\"},\"author\":{\"name\":\"Fernanda Machado\",\"@id\":\"https:\\\/\\\/wenttrip.com.br\\\/it\\\/#\\\/schema\\\/person\\\/c0ff87b449a960037fdd1b024842fcf9\"},\"headline\":\"Curiosidades sobre Santa Catarina\",\"datePublished\":\"2022-10-12T16:53:10+00:00\",\"dateModified\":\"2022-10-12T16:53:17+00:00\",\"mainEntityOfPage\":{\"@id\":\"https:\\\/\\\/wenttrip.com.br\\\/it\\\/brasile\\\/brasil-sul\\\/santa-catarina\\\/curiosita-su-santa-catarina\\\/\"},\"wordCount\":373,\"commentCount\":7,\"publisher\":{\"@id\":\"https:\\\/\\\/wenttrip.com.br\\\/it\\\/#\\\/schema\\\/person\\\/c0ff87b449a960037fdd1b024842fcf9\"},\"image\":{\"@id\":\"https:\\\/\\\/wenttrip.com.br\\\/it\\\/brasile\\\/brasil-sul\\\/santa-catarina\\\/curiosita-su-santa-catarina\\\/#primaryimage\"},\"thumbnailUrl\":\"https:\\\/\\\/wenttrip.com.br\\\/wp-content\\\/uploads\\\/2022\\\/10\\\/Quando-comeca-o-verao-em-Santa-Catarina-thiago-ghizoni_1.webp\",\"keywords\":[\"Florian\u00f3polis -SC\",\"Santa Catarina\"],\"articleSection\":[\"Santa Catarina\"],\"inLanguage\":\"it-IT\",\"potentialAction\":[{\"@type\":\"CommentAction\",\"name\":\"Comment\",\"target\":[\"https:\\\/\\\/wenttrip.com.br\\\/it\\\/brasile\\\/brasil-sul\\\/santa-catarina\\\/curiosita-su-santa-catarina\\\/#respond\"]}]},{\"@type\":\"WebPage\",\"@id\":\"https:\\\/\\\/wenttrip.com.br\\\/it\\\/brasile\\\/brasil-sul\\\/santa-catarina\\\/curiosita-su-santa-catarina\\\/\",\"url\":\"https:\\\/\\\/wenttrip.com.br\\\/it\\\/brasile\\\/brasil-sul\\\/santa-catarina\\\/curiosita-su-santa-catarina\\\/\",\"name\":\"Curiosidades sobre Santa Catarina - WentTrip\",\"isPartOf\":{\"@id\":\"https:\\\/\\\/wenttrip.com.br\\\/it\\\/#website\"},\"primaryImageOfPage\":{\"@id\":\"https:\\\/\\\/wenttrip.com.br\\\/it\\\/brasile\\\/brasil-sul\\\/santa-catarina\\\/curiosita-su-santa-catarina\\\/#primaryimage\"},\"image\":{\"@id\":\"https:\\\/\\\/wenttrip.com.br\\\/it\\\/brasile\\\/brasil-sul\\\/santa-catarina\\\/curiosita-su-santa-catarina\\\/#primaryimage\"},\"thumbnailUrl\":\"https:\\\/\\\/wenttrip.com.br\\\/wp-content\\\/uploads\\\/2022\\\/10\\\/Quando-comeca-o-verao-em-Santa-Catarina-thiago-ghizoni_1.webp\",\"datePublished\":\"2022-10-12T16:53:10+00:00\",\"dateModified\":\"2022-10-12T16:53:17+00:00\",\"description\":\"Pretende tirar as f\u00e9rias por Santa ou at\u00e9 morar?! Aqui vamos tirar todas as suas Curiosidades sobre Santa Catarina.\",\"breadcrumb\":{\"@id\":\"https:\\\/\\\/wenttrip.com.br\\\/it\\\/brasile\\\/brasil-sul\\\/santa-catarina\\\/curiosita-su-santa-catarina\\\/#breadcrumb\"},\"inLanguage\":\"it-IT\",\"potentialAction\":[{\"@type\":\"ReadAction\",\"target\":[\"https:\\\/\\\/wenttrip.com.br\\\/it\\\/brasile\\\/brasil-sul\\\/santa-catarina\\\/curiosita-su-santa-catarina\\\/\"]}]},{\"@type\":\"ImageObject\",\"inLanguage\":\"it-IT\",\"@id\":\"https:\\\/\\\/wenttrip.com.br\\\/it\\\/brasile\\\/brasil-sul\\\/santa-catarina\\\/curiosita-su-santa-catarina\\\/#primaryimage\",\"url\":\"https:\\\/\\\/wenttrip.com.br\\\/wp-content\\\/uploads\\\/2022\\\/10\\\/Quando-comeca-o-verao-em-Santa-Catarina-thiago-ghizoni_1.webp\",\"contentUrl\":\"https:\\\/\\\/wenttrip.com.br\\\/wp-content\\\/uploads\\\/2022\\\/10\\\/Quando-comeca-o-verao-em-Santa-Catarina-thiago-ghizoni_1.webp\",\"width\":800,\"height\":534},{\"@type\":\"BreadcrumbList\",\"@id\":\"https:\\\/\\\/wenttrip.com.br\\\/it\\\/brasile\\\/brasil-sul\\\/santa-catarina\\\/curiosita-su-santa-catarina\\\/#breadcrumb\",\"itemListElement\":[{\"@type\":\"ListItem\",\"position\":1,\"name\":\"In\u00edcio\",\"item\":\"https:\\\/\\\/wenttrip.com.br\\\/it\\\/\"},{\"@type\":\"ListItem\",\"position\":2,\"name\":\"Curiosidades sobre Santa Catarina\"}]},{\"@type\":\"WebSite\",\"@id\":\"https:\\\/\\\/wenttrip.com.br\\\/it\\\/#website\",\"url\":\"https:\\\/\\\/wenttrip.com.br\\\/it\\\/\",\"name\":\"WentTrip\",\"description\":\"O seu guia completo com muitas dicas de aventuras, lugares, alimenta\u00e7\u00e3o, hot\u00e9is.\",\"publisher\":{\"@id\":\"https:\\\/\\\/wenttrip.com.br\\\/it\\\/#\\\/schema\\\/person\\\/c0ff87b449a960037fdd1b024842fcf9\"},\"potentialAction\":[{\"@type\":\"SearchAction\",\"target\":{\"@type\":\"EntryPoint\",\"urlTemplate\":\"https:\\\/\\\/wenttrip.com.br\\\/it\\\/?s={search_term_string}\"},\"query-input\":{\"@type\":\"PropertyValueSpecification\",\"valueRequired\":true,\"valueName\":\"search_term_string\"}}],\"inLanguage\":\"it-IT\"},{\"@type\":[\"Person\",\"Organization\"],\"@id\":\"https:\\\/\\\/wenttrip.com.br\\\/it\\\/#\\\/schema\\\/person\\\/c0ff87b449a960037fdd1b024842fcf9\",\"name\":\"Fernanda Machado\",\"image\":{\"@type\":\"ImageObject\",\"inLanguage\":\"it-IT\",\"@id\":\"https:\\\/\\\/wenttrip.com.br\\\/wp-content\\\/uploads\\\/2022\\\/08\\\/WentTrip-2.png\",\"url\":\"https:\\\/\\\/wenttrip.com.br\\\/wp-content\\\/uploads\\\/2022\\\/08\\\/WentTrip-2.png\",\"contentUrl\":\"https:\\\/\\\/wenttrip.com.br\\\/wp-content\\\/uploads\\\/2022\\\/08\\\/WentTrip-2.png\",\"width\":1000,\"height\":1000,\"caption\":\"Fernanda Machado\"},\"logo\":{\"@id\":\"https:\\\/\\\/wenttrip.com.br\\\/wp-content\\\/uploads\\\/2022\\\/08\\\/WentTrip-2.png\"},\"description\":\"Aprendi que a vida \u00e9 mais leve quando colocamos uma mochila nas costas junto com sonhos. Amo viajar! Tenho 34 anos, mam\u00e3e de 3 cachorros: A Pantufa, O mutley e o Mixuruca. Compartilhamos nossas experi\u00eancias por aqui, esperamos que gostem!\",\"sameAs\":[\"https:\\\/\\\/wenttrip.com.br\",\"https:\\\/\\\/m.facebook.com\\\/profile.php\",\"https:\\\/\\\/www.instagram.com\\\/wenttrip\\\/\",\"https:\\\/\\\/x.com\\\/https:\\\/\\\/twitter.com\\\/wenttrip\",\"https:\\\/\\\/www.youtube.com\\\/c\\\/WentTrip\\\/videos\"],\"url\":\"https:\\\/\\\/wenttrip.com.br\\\/it\\\/author\\\/admin\\\/\"}]}<\/script>\n<!-- \/ Yoast SEO plugin. -->","yoast_head_json":{"title":"Curiosit\u00e0 su Santa Catarina - WentTrip","description":"Hai intenzione di fare una vacanza a Babbo Natale o addirittura vivere?! Qui prenderemo tutte le vostre curiosit\u00e0 su Santa Catarina.","robots":{"index":"index","follow":"follow","max-snippet":"max-snippet:-1","max-image-preview":"max-image-preview:large","max-video-preview":"max-video-preview:-1"},"canonical":"https:\/\/wenttrip.com.br\/it\/brasile\/brasil-sul\/santa-catarina\/curiosita-su-santa-catarina\/","og_locale":"it_IT","og_type":"article","og_title":"Curiosidades sobre Santa Catarina - WentTrip","og_description":"Pretende tirar as f\u00e9rias por Santa ou at\u00e9 morar?! Aqui vamos tirar todas as suas Curiosidades sobre Santa Catarina.","og_url":"https:\/\/wenttrip.com.br\/it\/brasile\/brasil-sul\/santa-catarina\/curiosita-su-santa-catarina\/","og_site_name":"WentTrip","article_publisher":"https:\/\/m.facebook.com\/profile.php","article_author":"https:\/\/m.facebook.com\/profile.php","article_published_time":"2022-10-12T16:53:10+00:00","article_modified_time":"2022-10-12T16:53:17+00:00","og_image":[{"width":800,"height":534,"url":"https:\/\/wenttrip.com.br\/wp-content\/uploads\/2022\/10\/Quando-comeca-o-verao-em-Santa-Catarina-thiago-ghizoni_1.webp","type":"image\/webp"}],"author":"Fernanda Machado","twitter_card":"summary_large_image","twitter_creator":"@https:\/\/twitter.com\/wenttrip","twitter_site":"@wenttrip","twitter_misc":{"Scritto da":"Fernanda Machado","Tempo di lettura stimato":"3 minuti"},"schema":{"@context":"https:\/\/schema.org","@graph":[{"@type":"Article","@id":"https:\/\/wenttrip.com.br\/it\/brasile\/brasil-sul\/santa-catarina\/curiosita-su-santa-catarina\/#article","isPartOf":{"@id":"https:\/\/wenttrip.com.br\/it\/brasile\/brasil-sul\/santa-catarina\/curiosita-su-santa-catarina\/"},"author":{"name":"Fernanda Machado","@id":"https:\/\/wenttrip.com.br\/it\/#\/schema\/person\/c0ff87b449a960037fdd1b024842fcf9"},"headline":"Curiosidades sobre Santa Catarina","datePublished":"2022-10-12T16:53:10+00:00","dateModified":"2022-10-12T16:53:17+00:00","mainEntityOfPage":{"@id":"https:\/\/wenttrip.com.br\/it\/brasile\/brasil-sul\/santa-catarina\/curiosita-su-santa-catarina\/"},"wordCount":373,"commentCount":7,"publisher":{"@id":"https:\/\/wenttrip.com.br\/it\/#\/schema\/person\/c0ff87b449a960037fdd1b024842fcf9"},"image":{"@id":"https:\/\/wenttrip.com.br\/it\/brasile\/brasil-sul\/santa-catarina\/curiosita-su-santa-catarina\/#primaryimage"},"thumbnailUrl":"https:\/\/wenttrip.com.br\/wp-content\/uploads\/2022\/10\/Quando-comeca-o-verao-em-Santa-Catarina-thiago-ghizoni_1.webp","keywords":["Florian\u00f3polis -SC","Santa Catarina"],"articleSection":["Santa Catarina"],"inLanguage":"it-IT","potentialAction":[{"@type":"CommentAction","name":"Comment","target":["https:\/\/wenttrip.com.br\/it\/brasile\/brasil-sul\/santa-catarina\/curiosita-su-santa-catarina\/#respond"]}]},{"@type":"WebPage","@id":"https:\/\/wenttrip.com.br\/it\/brasile\/brasil-sul\/santa-catarina\/curiosita-su-santa-catarina\/","url":"https:\/\/wenttrip.com.br\/it\/brasile\/brasil-sul\/santa-catarina\/curiosita-su-santa-catarina\/","name":"Curiosit\u00e0 su Santa Catarina - WentTrip","isPartOf":{"@id":"https:\/\/wenttrip.com.br\/it\/#website"},"primaryImageOfPage":{"@id":"https:\/\/wenttrip.com.br\/it\/brasile\/brasil-sul\/santa-catarina\/curiosita-su-santa-catarina\/#primaryimage"},"image":{"@id":"https:\/\/wenttrip.com.br\/it\/brasile\/brasil-sul\/santa-catarina\/curiosita-su-santa-catarina\/#primaryimage"},"thumbnailUrl":"https:\/\/wenttrip.com.br\/wp-content\/uploads\/2022\/10\/Quando-comeca-o-verao-em-Santa-Catarina-thiago-ghizoni_1.webp","datePublished":"2022-10-12T16:53:10+00:00","dateModified":"2022-10-12T16:53:17+00:00","description":"Hai intenzione di fare una vacanza a Babbo Natale o addirittura vivere?! Qui prenderemo tutte le vostre curiosit\u00e0 su Santa Catarina.","breadcrumb":{"@id":"https:\/\/wenttrip.com.br\/it\/brasile\/brasil-sul\/santa-catarina\/curiosita-su-santa-catarina\/#breadcrumb"},"inLanguage":"it-IT","potentialAction":[{"@type":"ReadAction","target":["https:\/\/wenttrip.com.br\/it\/brasile\/brasil-sul\/santa-catarina\/curiosita-su-santa-catarina\/"]}]},{"@type":"ImageObject","inLanguage":"it-IT","@id":"https:\/\/wenttrip.com.br\/it\/brasile\/brasil-sul\/santa-catarina\/curiosita-su-santa-catarina\/#primaryimage","url":"https:\/\/wenttrip.com.br\/wp-content\/uploads\/2022\/10\/Quando-comeca-o-verao-em-Santa-Catarina-thiago-ghizoni_1.webp","contentUrl":"https:\/\/wenttrip.com.br\/wp-content\/uploads\/2022\/10\/Quando-comeca-o-verao-em-Santa-Catarina-thiago-ghizoni_1.webp","width":800,"height":534},{"@type":"BreadcrumbList","@id":"https:\/\/wenttrip.com.br\/it\/brasile\/brasil-sul\/santa-catarina\/curiosita-su-santa-catarina\/#breadcrumb","itemListElement":[{"@type":"ListItem","position":1,"name":"In\u00edcio","item":"https:\/\/wenttrip.com.br\/it\/"},{"@type":"ListItem","position":2,"name":"Curiosidades sobre Santa Catarina"}]},{"@type":"WebSite","@id":"https:\/\/wenttrip.com.br\/it\/#website","url":"https:\/\/wenttrip.com.br\/it\/","name":"Andato in viaggio","description":"La tua guida completa con tanti consigli su avventure, luoghi, cibo, hotel.","publisher":{"@id":"https:\/\/wenttrip.com.br\/it\/#\/schema\/person\/c0ff87b449a960037fdd1b024842fcf9"},"potentialAction":[{"@type":"SearchAction","target":{"@type":"EntryPoint","urlTemplate":"https:\/\/wenttrip.com.br\/it\/?s={search_term_string}"},"query-input":{"@type":"PropertyValueSpecification","valueRequired":true,"valueName":"search_term_string"}}],"inLanguage":"it-IT"},{"@type":["Person","Organization"],"@id":"https:\/\/wenttrip.com.br\/it\/#\/schema\/person\/c0ff87b449a960037fdd1b024842fcf9","name":"Fernanda Macchado","image":{"@type":"ImageObject","inLanguage":"it-IT","@id":"https:\/\/wenttrip.com.br\/wp-content\/uploads\/2022\/08\/WentTrip-2.png","url":"https:\/\/wenttrip.com.br\/wp-content\/uploads\/2022\/08\/WentTrip-2.png","contentUrl":"https:\/\/wenttrip.com.br\/wp-content\/uploads\/2022\/08\/WentTrip-2.png","width":1000,"height":1000,"caption":"Fernanda Machado"},"logo":{"@id":"https:\/\/wenttrip.com.br\/wp-content\/uploads\/2022\/08\/WentTrip-2.png"},"description":"Ho imparato che la vita \u00e8 pi\u00f9 leggera quando ci mettiamo uno zaino in spalla insieme ai sogni. Amo viaggiare! Ho 34 anni, mamma di 3 cani: Pantufa, Mutley e Mixuruca. Condividiamo qui le nostre esperienze, speriamo vi piaccia!","sameAs":["https:\/\/wenttrip.com.br","https:\/\/m.facebook.com\/profile.php","https:\/\/www.instagram.com\/wenttrip\/","https:\/\/x.com\/https:\/\/twitter.com\/wenttrip","https:\/\/www.youtube.com\/c\/WentTrip\/videos"],"url":"https:\/\/wenttrip.com.br\/it\/author\/admin\/"}]}},"_links":{"self":[{"href":"https:\/\/wenttrip.com.br\/it\/wp-json\/wp\/v2\/posts\/10098","targetHints":{"allow":["GET"]}}],"collection":[{"href":"https:\/\/wenttrip.com.br\/it\/wp-json\/wp\/v2\/posts"}],"about":[{"href":"https:\/\/wenttrip.com.br\/it\/wp-json\/wp\/v2\/types\/post"}],"author":[{"embeddable":true,"href":"https:\/\/wenttrip.com.br\/it\/wp-json\/wp\/v2\/users\/1"}],"replies":[{"embeddable":true,"href":"https:\/\/wenttrip.com.br\/it\/wp-json\/wp\/v2\/comments?post=10098"}],"version-history":[{"count":0,"href":"https:\/\/wenttrip.com.br\/it\/wp-json\/wp\/v2\/posts\/10098\/revisions"}],"wp:featuredmedia":[{"embeddable":true,"href":"https:\/\/wenttrip.com.br\/it\/wp-json\/wp\/v2\/media\/10125"}],"wp:attachment":[{"href":"https:\/\/wenttrip.com.br\/it\/wp-json\/wp\/v2\/media?parent=10098"}],"wp:term":[{"taxonomy":"category","embeddable":true,"href":"https:\/\/wenttrip.com.br\/it\/wp-json\/wp\/v2\/categories?post=10098"},{"taxonomy":"post_tag","embeddable":true,"href":"https:\/\/wenttrip.com.br\/it\/wp-json\/wp\/v2\/tags?post=10098"}],"curies":[{"name":"parola chiave","href":"https:\/\/api.w.org\/{rel}","templated":true}]}}