{"id":10094,"date":"2022-10-13T17:45:16","date_gmt":"2022-10-13T17:45:16","guid":{"rendered":"https:\/\/wenttrip.com.br\/?p=10094"},"modified":"2024-04-10T15:07:09","modified_gmt":"2024-04-10T18:07:09","slug":"viajar-para-fortaleza-ceara","status":"publish","type":"post","link":"https:\/\/wenttrip.com.br\/it\/brasile\/brasil-nordeste\/ceara\/viaggio-a-fortaleza-ceara\/","title":{"rendered":"In viaggio verso Fortaleza \u2013 Cear\u00e1"},"content":{"rendered":"<div id=\"ez-toc-container\" class=\"ez-toc-v2_0_82_2 counter-hierarchy ez-toc-counter ez-toc-grey ez-toc-container-direction\">\n<div class=\"ez-toc-title-container\">\n<p class=\"ez-toc-title\" style=\"cursor:inherit\">Indice<\/p>\n<span class=\"ez-toc-title-toggle\"><a href=\"#\" class=\"ez-toc-pull-right ez-toc-btn ez-toc-btn-xs ez-toc-btn-default ez-toc-toggle\" aria-label=\"Attiva\/disattiva sommario\"><span class=\"ez-toc-js-icon-con\"><span class=\"\"><span class=\"eztoc-hide\" style=\"display:none;\">alternare<\/span><span class=\"ez-toc-icon-toggle-span\"><svg style=\"fill: #999;color:#999\" xmlns=\"http:\/\/www.w3.org\/2000\/svg\" class=\"list-377408\" width=\"20px\" height=\"20px\" viewbox=\"0 0 24 24\" fill=\"none\"><path d=\"M6 6H4v2h2V6zm14 0H8v2h12V6zM4 11h2v2H4v-2zm16 0H8v2h12v-2zM4 16h2v2H4v-2zm16 0H8v2h12v-2z\" fill=\"currentColor\"><\/path><\/svg><svg style=\"fill: #999;color:#999\" class=\"arrow-unsorted-368013\" xmlns=\"http:\/\/www.w3.org\/2000\/svg\" width=\"10px\" height=\"10px\" viewbox=\"0 0 24 24\" version=\"1.2\" baseprofile=\"tiny\"><path d=\"M18.2 9.3l-6.2-6.3-6.2 6.3c-.2.2-.3.4-.3.7s.1.5.3.7c.2.2.4.3.7.3h11c.3 0 .5-.1.7-.3.2-.2.3-.5.3-.7s-.1-.5-.3-.7zM5.8 14.7l6.2 6.3 6.2-6.3c.2-.2.3-.5.3-.7s-.1-.5-.3-.7c-.2-.2-.4-.3-.7-.3h-11c-.3 0-.5.1-.7.3-.2.2-.3.5-.3.7s.1.5.3.7z\"\/><\/svg><\/span><\/span><\/span><\/a><\/span><\/div>\n<nav><ul class='ez-toc-list ez-toc-list-level-1' ><li class='ez-toc-page-1 ez-toc-heading-level-2'><a class=\"ez-toc-link ez-toc-heading-1\" href=\"https:\/\/wenttrip.com.br\/it\/brasile\/brasil-nordeste\/ceara\/viaggio-a-fortaleza-ceara\/#Qual_o_melhor_ponto_turistico_de_Fortaleza\" >Qual \u00e8 il miglior posto turistico di Fortaleza?<\/a><\/li><li class='ez-toc-page-1 ez-toc-heading-level-2'><a class=\"ez-toc-link ez-toc-heading-2\" href=\"https:\/\/wenttrip.com.br\/it\/brasile\/brasil-nordeste\/ceara\/viaggio-a-fortaleza-ceara\/#O_que_os_turistas_podem_fazer_em_Fortaleza\" >Cosa possono fare i turisti a Fortaleza?<\/a><\/li><li class='ez-toc-page-1 ez-toc-heading-level-2'><a class=\"ez-toc-link ez-toc-heading-3\" href=\"https:\/\/wenttrip.com.br\/it\/brasile\/brasil-nordeste\/ceara\/viaggio-a-fortaleza-ceara\/#Qual_e_o_melhor_mes_para_viajar_para_Fortaleza\" >Qual \u00e8 il mese migliore per viaggiare a Fortaleza?<\/a><\/li><li class='ez-toc-page-1 ez-toc-heading-level-2'><a class=\"ez-toc-link ez-toc-heading-4\" href=\"https:\/\/wenttrip.com.br\/it\/brasile\/brasil-nordeste\/ceara\/viaggio-a-fortaleza-ceara\/#O_que_fazer_em_5_dias_em_Fortaleza\" >Cosa fare in 5 giorni a Fortaleza?<\/a><\/li><li class='ez-toc-page-1 ez-toc-heading-level-2'><a class=\"ez-toc-link ez-toc-heading-5\" href=\"https:\/\/wenttrip.com.br\/it\/brasile\/brasil-nordeste\/ceara\/viaggio-a-fortaleza-ceara\/#Quanto_custa_para_ir_de_Fortaleza_para_Jericoacoara\" >Quanto costa andare da Fortaleza a Jericoacoara?<\/a><\/li><li class='ez-toc-page-1 ez-toc-heading-level-2'><a class=\"ez-toc-link ez-toc-heading-6\" href=\"https:\/\/wenttrip.com.br\/it\/brasile\/brasil-nordeste\/ceara\/viaggio-a-fortaleza-ceara\/#O_que_eu_nao_posso_deixar_de_fazer_em_Fortaleza\" >Cosa non posso perdermi a Fortaleza?<\/a><\/li><li class='ez-toc-page-1 ez-toc-heading-level-2'><a class=\"ez-toc-link ez-toc-heading-7\" href=\"https:\/\/wenttrip.com.br\/it\/brasile\/brasil-nordeste\/ceara\/viaggio-a-fortaleza-ceara\/#Quantos_dias_e_ideal_para_ficar_em_Fortaleza\" >Quanti giorni \u00e8 l&#039;ideale per rimanere a Fortaleza?<\/a><\/li><li class='ez-toc-page-1 ez-toc-heading-level-2'><a class=\"ez-toc-link ez-toc-heading-8\" href=\"https:\/\/wenttrip.com.br\/it\/brasile\/brasil-nordeste\/ceara\/viaggio-a-fortaleza-ceara\/#Quantos_dias_e_o_ideal_para_ficar_em_Jericoacoara\" >Quanti giorni \u00e8 l&#039;ideale per rimanere a Jericoacoara?<\/a><\/li><li class='ez-toc-page-1 ez-toc-heading-level-2'><a class=\"ez-toc-link ez-toc-heading-9\" href=\"https:\/\/wenttrip.com.br\/it\/brasile\/brasil-nordeste\/ceara\/viaggio-a-fortaleza-ceara\/#Qual_e_o_mes_mais_barato_para_viajar_para_Fortaleza\" >Qual \u00e8 il mese pi\u00f9 economico per viaggiare a Fortaleza?<\/a><\/li><li class='ez-toc-page-1 ez-toc-heading-level-2'><a class=\"ez-toc-link ez-toc-heading-10\" href=\"https:\/\/wenttrip.com.br\/it\/brasile\/brasil-nordeste\/ceara\/viaggio-a-fortaleza-ceara\/#Qual_a_epoca_mais_barata_para_viajar_para_Fortaleza\" >Qual \u00e8 il periodo pi\u00f9 economico per viaggiare a Fortaleza?<\/a><\/li><\/ul><\/nav><\/div>\n\n<p>Stai pensando di viaggiare a Fortaleza \u2013 Cear\u00e1 ?! Divertiti e chiarisci i tuoi dubbi in questo post che abbiamo preparato appositamente per te. <\/p>\n\n\n\n<p>Ma prima, scopri il paradiso delle opzioni che&nbsp;<strong><a href=\"https:\/\/www.booking.com\/index.html?aid=8010377\" target=\"_blank\" rel=\"noreferrer noopener\">Booking.com<\/a><\/strong>&nbsp;ha da offrire e trasformare i tuoi sogni di viaggio in realt\u00e0! Effettuare le prenotazioni&nbsp;<a href=\"https:\/\/www.booking.com\/index.html?aid=8010377\" target=\"_blank\" rel=\"noreferrer noopener\"><strong>il nostro collegamento<\/strong><\/a>&nbsp;ci aiuterai e non pagherai nulla in pi\u00f9 \ud83d\ude42<\/p>\n\n\n\n<p>o&nbsp;<strong><a href=\"https:\/\/www.booking.com\/index.html?aid=8010377\" target=\"_blank\" rel=\"noreferrer noopener\">booking.com<\/a><\/strong>&nbsp;\u00e8 il nostro sito web di fiducia, abbiamo effettuato tutte le nostre prenotazioni tramite loro e ora puoi anche effettuare acquisti da&nbsp;<strong><a href=\"https:\/\/www.booking.com\/index.html?aid=8010377\" target=\"_blank\" rel=\"noreferrer noopener\">biglietti aerei<\/a><\/strong>!<\/p>\n\n\n\n<h2 class=\"wp-block-heading\"><span class=\"ez-toc-section\" id=\"Qual_o_melhor_ponto_turistico_de_Fortaleza\"><\/span>Qual \u00e8 il miglior posto turistico di Fortaleza?<span class=\"ez-toc-section-end\"><\/span><\/h2>\n\n\n\n<ul class=\"wp-block-list\">\n<li>Mercato centrale. Il Mercato Centrale \u00e8 un enorme spazio nel centro della citt\u00e0, con decine di mercanti! <\/li>\n\n\n\n<li>Teatro Jos\u00e9 de Alencar,<\/li>\n\n\n\n<li>Centro artistico e culturale Drag\u00e3o do Mar, <\/li>\n\n\n\n<li>Cattedrale Fortezza,<\/li>\n\n\n\n<li>Passeggiata pubblica e Museo del Cear\u00e1, <\/li>\n\n\n\n<li>Fiera dell&#039;artigianato in Avenida Beira Mar.<\/li>\n<\/ul>\n\n\n\n<h2 class=\"wp-block-heading\"><span class=\"ez-toc-section\" id=\"O_que_os_turistas_podem_fazer_em_Fortaleza\"><\/span>Cosa possono fare i turisti a Fortaleza?<span class=\"ez-toc-section-end\"><\/span><\/h2>\n\n\n\n<ul class=\"wp-block-list\">\n<li>Futura spiaggia. <\/li>\n\n\n\n<li>Shopping RioMar. <\/li>\n\n\n\n<li>Centri commerciali. <\/li>\n\n\n\n<li>Feirinha BeiraMar<\/li>\n\n\n\n<li>Fiere e mercatini<\/li>\n\n\n\n<li>Castel\u00e3o Arena<\/li>\n\n\n\n<li>Shopping Iguatemi<\/li>\n\n\n\n<li>Parco Statale Rio Coco <\/li>\n\n\n\n<li>Spiaggia di Iracema<\/li>\n\n\n\n<li> Mercato Centrale di Fortaleza<\/li>\n<\/ul>\n\n\n\n<p><\/p>\n\n\n\n<h2 class=\"wp-block-heading\"><span class=\"ez-toc-section\" id=\"Qual_e_o_melhor_mes_para_viajar_para_Fortaleza\"><\/span>Qual \u00e8 il mese migliore per viaggiare a Fortaleza?<span class=\"ez-toc-section-end\"><\/span><\/h2>\n\n\n\n<p>Senza ulteriori indugi: il momento migliore per andare a Fortaleza \u00e8 <strong>da agosto a dicembre.<\/strong> Oltre al caldo costante, in questo periodo dell&#039;anno il sole \u00e8 cocente e le piogge sono rare. <\/p>\n\n\n\n<p>Eppure, negli altri mesi pu\u00f2 essere una spiaggia. <\/p>\n\n\n\n<p>Tuttavia, \u00e8 necessario essere consapevoli che le giornate nuvolose saranno pi\u00f9 frequenti.<\/p>\n\n\n\n<h2 class=\"wp-block-heading\"><span class=\"ez-toc-section\" id=\"O_que_fazer_em_5_dias_em_Fortaleza\"><\/span>Cosa fare in 5 giorni a Fortaleza?<span class=\"ez-toc-section-end\"><\/span><\/h2>\n\n\n\n<p>Giorno. 1 | Praia do Futuro (pomeriggio: Centro Storico). <\/p>\n\n\n\n<p>Giorno. 2 | Parco della spiaggia. <\/p>\n\n\n\n<p>Giorno. 3 | Visita ad \u00c1guas Belas. <\/p>\n\n\n\n<p>Giorno. 4 | Visita a Lagoinha. <\/p>\n\n\n\n<p>Giorno 5. | Visita al Morro Branco.<\/p>\n\n\n\n<h2 class=\"wp-block-heading\"><span class=\"ez-toc-section\" id=\"Quanto_custa_para_ir_de_Fortaleza_para_Jericoacoara\"><\/span>Quanto costa andare da Fortaleza a Jericoacoara?<span class=\"ez-toc-section-end\"><\/span><\/h2>\n\n\n\n<p>Il viaggio dura tra le 05:00 e le 06:00, a seconda delle soste per mangiare e sgranchirsi le gambe. <\/p>\n\n\n\n<p>Il prezzo per una persona che condivide un&#039;auto con un massimo di quattro persone \u00e8 di circa R$ 150,00. Se preferisci viaggiare da solo, solo tu e l&#039;autista, il prezzo sale a circa R$ 680,00.<\/p>\n\n\n\n<h2 class=\"wp-block-heading\"><span class=\"ez-toc-section\" id=\"O_que_eu_nao_posso_deixar_de_fazer_em_Fortaleza\"><\/span>Cosa non posso perdermi a Fortaleza?<span class=\"ez-toc-section-end\"><\/span><\/h2>\n\n\n\n<ul class=\"wp-block-list\">\n<li>1- Spiagge orientali. <\/li>\n\n\n\n<li>2- Spiagge occidentali. <\/li>\n\n\n\n<li>3- Giro in carrozza. <\/li>\n\n\n\n<li>4- Praia do Futuro. <\/li>\n\n\n\n<li>5- Avenida BeiraMar.<\/li>\n\n\n\n<li>6- Spettacolo umoristico. <\/li>\n\n\n\n<li>7- Centro Culturale Drag\u00e3o do Mar. <\/li>\n\n\n\n<li>8- Mercato Centrale.<\/li>\n<\/ul>\n\n\n\n<h2 class=\"wp-block-heading\"><span class=\"ez-toc-section\" id=\"Quantos_dias_e_ideal_para_ficar_em_Fortaleza\"><\/span>Quanti giorni \u00e8 l&#039;ideale per rimanere a Fortaleza?<span class=\"ez-toc-section-end\"><\/span><\/h2>\n\n\n\n<p>prenota almeno <strong>cinque giorni<\/strong> per sfruttare appieno le attrazioni che la citt\u00e0 ha da offrire. <\/p>\n\n\n\n<p>Fortaleza \u00e8 un luogo strategico per accedere ad altre famose spiagge della regione, come Canoa Quebrada e Jericoacoara.<\/p>\n\n\n\n<h2 class=\"wp-block-heading\"><span class=\"ez-toc-section\" id=\"Quantos_dias_e_o_ideal_para_ficar_em_Jericoacoara\"><\/span>Quanti giorni \u00e8 l&#039;ideale per rimanere a Jericoacoara?<span class=\"ez-toc-section-end\"><\/span><\/h2>\n\n\n\n<p>Consideriamo dai 3 ai 5 giorni un buon periodo per soggiornare a Jeri. <\/p>\n\n\n\n<p>In questo periodo \u00e8 possibile visitare con calma tutte le attrazioni e godere del fascino del borgo. <\/p>\n\n\n\n<p>Con tre giorni, puoi visitare le principali attivit\u00e0 della regione.<\/p>\n\n\n\n<h2 class=\"wp-block-heading\"><span class=\"ez-toc-section\" id=\"Qual_e_o_mes_mais_barato_para_viajar_para_Fortaleza\"><\/span>Qual \u00e8 il mese pi\u00f9 economico per viaggiare a Fortaleza?<span class=\"ez-toc-section-end\"><\/span><\/h2>\n\n\n\n<p>Secondo i dati memorizzati sul nostro sito web, <strong>Maggio<\/strong> \u00e8 il mese pi\u00f9 economico per viaggiare a Fortaleza.<\/p>\n\n\n\n<h2 class=\"wp-block-heading\"><span class=\"ez-toc-section\" id=\"Qual_a_epoca_mais_barata_para_viajar_para_Fortaleza\"><\/span>Qual \u00e8 il periodo pi\u00f9 economico per viaggiare a Fortaleza?<span class=\"ez-toc-section-end\"><\/span><\/h2>\n\n\n\n<p>Il modo ideale per approfittare del caldo di bassa stagione \u00e8 viaggiare in ottobre, novembre o maggio (a parte il periodo festivo).<\/p>\n\n\n\n<p>Vale davvero la pena viaggiare negli altri mesi, ma viaggiando in bassa stagione, oltre a poter godere dei posti un po&#039; meno vuoti, si pu\u00f2 risparmiare molto e godersi molto di pi\u00f9 il viaggio a Fortaleza.<\/p>\n\n\n\n<p><\/p>\n\n\n\n<p>Divertiti e leggi anche:<\/p>\n\n\n\n<p> <a href=\"https:\/\/wenttrip.com.br\/it\/brasile\/brasil-nordeste\/spiagge-del-nord-est\/\">Spiagge del nord-est<\/a><\/p>\n\n\n\n<p> <a href=\"https:\/\/wenttrip.com.br\/it\/brasile\/5-spiagge-in-brasile-che-devi-conoscere\/\">5 spiagge del Brasile che devi conoscere<\/a><\/p>\n\n\n\n<p> <a href=\"https:\/\/wenttrip.com.br\/it\/brasile\/posti-buoni-del-brasile-per-godersi-l-inverno\/\">Luoghi per godersi l&#039;inverno in Brasile<\/a><\/p>","protected":false},"excerpt":{"rendered":"<p>Stai pensando di viaggiare a Fortaleza \u2013 Cear\u00e1?! Divertitevi e fate le vostre domande in questo post che abbiamo preparato appositamente per voi. Ma prima, scopri il paradiso di opzioni che Booking.com ha da offrirti e trasforma i tuoi sogni di viaggio in realt\u00e0! Effettuando la tua prenotazione tramite il nostro link ci aiuterai e non pagherai nulla...&nbsp;<a href=\"https:\/\/wenttrip.com.br\/it\/brasile\/brasil-nordeste\/ceara\/viaggio-a-fortaleza-ceara\/\" rel=\"bookmark\">Leggi tutto \u00bb<span class=\"screen-reader-text\">In viaggio verso Fortaleza \u2013 Cear\u00e1<\/span><\/a><\/p>","protected":false},"author":1,"featured_media":26595,"comment_status":"open","ping_status":"open","sticky":false,"template":"","format":"standard","meta":{"neve_meta_sidebar":"","neve_meta_container":"","neve_meta_enable_content_width":"","neve_meta_content_width":0,"neve_meta_title_alignment":"","neve_meta_author_avatar":"","neve_post_elements_order":"","neve_meta_disable_header":"","neve_meta_disable_footer":"","neve_meta_disable_title":"","footnotes":""},"categories":[4026],"tags":[3004,1599,3007,3005,3006],"class_list":["post-10094","post","type-post","status-publish","format-standard","has-post-thumbnail","hentry","category-ceara","tag-ceara","tag-fortaleza","tag-passeio-de-buggy","tag-praia-de-iracema","tag-praia-de-iracema-fortaleza"],"yoast_head":"<!-- This site is optimized with the Yoast SEO plugin v27.4 - https:\/\/yoast.com\/product\/yoast-seo-wordpress\/ -->\n<title>Viajar para Fortaleza - Cear\u00e1 - WentTrip<\/title>\n<meta name=\"description\" content=\"Est\u00e1 pensando em Viajar para Fortaleza - Cear\u00e1 ?! Aproveite e tire suas d\u00favidas nesse post que preparamos especialmente para voc\u00ea.\" \/>\n<meta name=\"robots\" content=\"index, follow, max-snippet:-1, max-image-preview:large, max-video-preview:-1\" \/>\n<link rel=\"canonical\" href=\"https:\/\/wenttrip.com.br\/it\/brasile\/brasil-nordeste\/ceara\/viaggio-a-fortaleza-ceara\/\" \/>\n<meta property=\"og:locale\" content=\"it_IT\" \/>\n<meta property=\"og:type\" content=\"article\" \/>\n<meta property=\"og:title\" content=\"Viajar para Fortaleza - Cear\u00e1 - WentTrip\" \/>\n<meta property=\"og:description\" content=\"Est\u00e1 pensando em Viajar para Fortaleza - Cear\u00e1 ?! Aproveite e tire suas d\u00favidas nesse post que preparamos especialmente para voc\u00ea.\" \/>\n<meta property=\"og:url\" content=\"https:\/\/wenttrip.com.br\/it\/brasile\/brasil-nordeste\/ceara\/viaggio-a-fortaleza-ceara\/\" \/>\n<meta property=\"og:site_name\" content=\"WentTrip\" \/>\n<meta property=\"article:publisher\" content=\"https:\/\/m.facebook.com\/profile.php\" \/>\n<meta property=\"article:author\" content=\"https:\/\/m.facebook.com\/profile.php\" \/>\n<meta property=\"article:published_time\" content=\"2022-10-13T17:45:16+00:00\" \/>\n<meta property=\"article:modified_time\" content=\"2024-04-10T18:07:09+00:00\" \/>\n<meta property=\"og:image\" content=\"https:\/\/wenttrip.com.br\/wp-content\/uploads\/2022\/10\/Fortaleza.jpg\" \/>\n\t<meta property=\"og:image:width\" content=\"640\" \/>\n\t<meta property=\"og:image:height\" content=\"360\" \/>\n\t<meta property=\"og:image:type\" content=\"image\/jpeg\" \/>\n<meta name=\"author\" content=\"Fernanda Machado\" \/>\n<meta name=\"twitter:card\" content=\"summary_large_image\" \/>\n<meta name=\"twitter:creator\" content=\"@https:\/\/twitter.com\/wenttrip\" \/>\n<meta name=\"twitter:site\" content=\"@wenttrip\" \/>\n<meta name=\"twitter:label1\" content=\"Scritto da\" \/>\n\t<meta name=\"twitter:data1\" content=\"Fernanda Machado\" \/>\n\t<meta name=\"twitter:label2\" content=\"Tempo di lettura stimato\" \/>\n\t<meta name=\"twitter:data2\" content=\"4 minuti\" \/>\n<script type=\"application\/ld+json\" class=\"yoast-schema-graph\">{\"@context\":\"https:\\\/\\\/schema.org\",\"@graph\":[{\"@type\":\"Article\",\"@id\":\"https:\\\/\\\/wenttrip.com.br\\\/it\\\/brasile\\\/brasil-nordeste\\\/ceara\\\/viaggio-a-fortaleza-ceara\\\/#article\",\"isPartOf\":{\"@id\":\"https:\\\/\\\/wenttrip.com.br\\\/it\\\/brasile\\\/brasil-nordeste\\\/ceara\\\/viaggio-a-fortaleza-ceara\\\/\"},\"author\":{\"name\":\"Fernanda Machado\",\"@id\":\"https:\\\/\\\/wenttrip.com.br\\\/it\\\/#\\\/schema\\\/person\\\/c0ff87b449a960037fdd1b024842fcf9\"},\"headline\":\"Viajar para Fortaleza &#8211; Cear\u00e1\",\"datePublished\":\"2022-10-13T17:45:16+00:00\",\"dateModified\":\"2024-04-10T18:07:09+00:00\",\"mainEntityOfPage\":{\"@id\":\"https:\\\/\\\/wenttrip.com.br\\\/it\\\/brasile\\\/brasil-nordeste\\\/ceara\\\/viaggio-a-fortaleza-ceara\\\/\"},\"wordCount\":613,\"commentCount\":0,\"publisher\":{\"@id\":\"https:\\\/\\\/wenttrip.com.br\\\/it\\\/#\\\/schema\\\/person\\\/c0ff87b449a960037fdd1b024842fcf9\"},\"image\":{\"@id\":\"https:\\\/\\\/wenttrip.com.br\\\/it\\\/brasile\\\/brasil-nordeste\\\/ceara\\\/viaggio-a-fortaleza-ceara\\\/#primaryimage\"},\"thumbnailUrl\":\"https:\\\/\\\/wenttrip.com.br\\\/wp-content\\\/uploads\\\/2022\\\/10\\\/Fortaleza.jpg\",\"keywords\":[\"Ceara\",\"Fortaleza\",\"Passeio de buggy\",\"Praia de Iracema\",\"Praia de Iracema - Fortaleza\"],\"articleSection\":[\"Cear\u00e1\"],\"inLanguage\":\"it-IT\",\"potentialAction\":[{\"@type\":\"CommentAction\",\"name\":\"Comment\",\"target\":[\"https:\\\/\\\/wenttrip.com.br\\\/it\\\/brasile\\\/brasil-nordeste\\\/ceara\\\/viaggio-a-fortaleza-ceara\\\/#respond\"]}]},{\"@type\":\"WebPage\",\"@id\":\"https:\\\/\\\/wenttrip.com.br\\\/it\\\/brasile\\\/brasil-nordeste\\\/ceara\\\/viaggio-a-fortaleza-ceara\\\/\",\"url\":\"https:\\\/\\\/wenttrip.com.br\\\/it\\\/brasile\\\/brasil-nordeste\\\/ceara\\\/viaggio-a-fortaleza-ceara\\\/\",\"name\":\"Viajar para Fortaleza - Cear\u00e1 - WentTrip\",\"isPartOf\":{\"@id\":\"https:\\\/\\\/wenttrip.com.br\\\/it\\\/#website\"},\"primaryImageOfPage\":{\"@id\":\"https:\\\/\\\/wenttrip.com.br\\\/it\\\/brasile\\\/brasil-nordeste\\\/ceara\\\/viaggio-a-fortaleza-ceara\\\/#primaryimage\"},\"image\":{\"@id\":\"https:\\\/\\\/wenttrip.com.br\\\/it\\\/brasile\\\/brasil-nordeste\\\/ceara\\\/viaggio-a-fortaleza-ceara\\\/#primaryimage\"},\"thumbnailUrl\":\"https:\\\/\\\/wenttrip.com.br\\\/wp-content\\\/uploads\\\/2022\\\/10\\\/Fortaleza.jpg\",\"datePublished\":\"2022-10-13T17:45:16+00:00\",\"dateModified\":\"2024-04-10T18:07:09+00:00\",\"description\":\"Est\u00e1 pensando em Viajar para Fortaleza - Cear\u00e1 ?! Aproveite e tire suas d\u00favidas nesse post que preparamos especialmente para voc\u00ea.\",\"breadcrumb\":{\"@id\":\"https:\\\/\\\/wenttrip.com.br\\\/it\\\/brasile\\\/brasil-nordeste\\\/ceara\\\/viaggio-a-fortaleza-ceara\\\/#breadcrumb\"},\"inLanguage\":\"it-IT\",\"potentialAction\":[{\"@type\":\"ReadAction\",\"target\":[\"https:\\\/\\\/wenttrip.com.br\\\/it\\\/brasile\\\/brasil-nordeste\\\/ceara\\\/viaggio-a-fortaleza-ceara\\\/\"]}]},{\"@type\":\"ImageObject\",\"inLanguage\":\"it-IT\",\"@id\":\"https:\\\/\\\/wenttrip.com.br\\\/it\\\/brasile\\\/brasil-nordeste\\\/ceara\\\/viaggio-a-fortaleza-ceara\\\/#primaryimage\",\"url\":\"https:\\\/\\\/wenttrip.com.br\\\/wp-content\\\/uploads\\\/2022\\\/10\\\/Fortaleza.jpg\",\"contentUrl\":\"https:\\\/\\\/wenttrip.com.br\\\/wp-content\\\/uploads\\\/2022\\\/10\\\/Fortaleza.jpg\",\"width\":640,\"height\":360},{\"@type\":\"BreadcrumbList\",\"@id\":\"https:\\\/\\\/wenttrip.com.br\\\/it\\\/brasile\\\/brasil-nordeste\\\/ceara\\\/viaggio-a-fortaleza-ceara\\\/#breadcrumb\",\"itemListElement\":[{\"@type\":\"ListItem\",\"position\":1,\"name\":\"In\u00edcio\",\"item\":\"https:\\\/\\\/wenttrip.com.br\\\/it\\\/\"},{\"@type\":\"ListItem\",\"position\":2,\"name\":\"Viajar para Fortaleza &#8211; Cear\u00e1\"}]},{\"@type\":\"WebSite\",\"@id\":\"https:\\\/\\\/wenttrip.com.br\\\/it\\\/#website\",\"url\":\"https:\\\/\\\/wenttrip.com.br\\\/it\\\/\",\"name\":\"WentTrip\",\"description\":\"O seu guia completo com muitas dicas de aventuras, lugares, alimenta\u00e7\u00e3o, hot\u00e9is.\",\"publisher\":{\"@id\":\"https:\\\/\\\/wenttrip.com.br\\\/it\\\/#\\\/schema\\\/person\\\/c0ff87b449a960037fdd1b024842fcf9\"},\"potentialAction\":[{\"@type\":\"SearchAction\",\"target\":{\"@type\":\"EntryPoint\",\"urlTemplate\":\"https:\\\/\\\/wenttrip.com.br\\\/it\\\/?s={search_term_string}\"},\"query-input\":{\"@type\":\"PropertyValueSpecification\",\"valueRequired\":true,\"valueName\":\"search_term_string\"}}],\"inLanguage\":\"it-IT\"},{\"@type\":[\"Person\",\"Organization\"],\"@id\":\"https:\\\/\\\/wenttrip.com.br\\\/it\\\/#\\\/schema\\\/person\\\/c0ff87b449a960037fdd1b024842fcf9\",\"name\":\"Fernanda Machado\",\"image\":{\"@type\":\"ImageObject\",\"inLanguage\":\"it-IT\",\"@id\":\"https:\\\/\\\/wenttrip.com.br\\\/wp-content\\\/uploads\\\/2022\\\/08\\\/WentTrip-2.png\",\"url\":\"https:\\\/\\\/wenttrip.com.br\\\/wp-content\\\/uploads\\\/2022\\\/08\\\/WentTrip-2.png\",\"contentUrl\":\"https:\\\/\\\/wenttrip.com.br\\\/wp-content\\\/uploads\\\/2022\\\/08\\\/WentTrip-2.png\",\"width\":1000,\"height\":1000,\"caption\":\"Fernanda Machado\"},\"logo\":{\"@id\":\"https:\\\/\\\/wenttrip.com.br\\\/wp-content\\\/uploads\\\/2022\\\/08\\\/WentTrip-2.png\"},\"description\":\"Aprendi que a vida \u00e9 mais leve quando colocamos uma mochila nas costas junto com sonhos. Amo viajar! Tenho 34 anos, mam\u00e3e de 3 cachorros: A Pantufa, O mutley e o Mixuruca. Compartilhamos nossas experi\u00eancias por aqui, esperamos que gostem!\",\"sameAs\":[\"https:\\\/\\\/wenttrip.com.br\",\"https:\\\/\\\/m.facebook.com\\\/profile.php\",\"https:\\\/\\\/www.instagram.com\\\/wenttrip\\\/\",\"https:\\\/\\\/x.com\\\/https:\\\/\\\/twitter.com\\\/wenttrip\",\"https:\\\/\\\/www.youtube.com\\\/c\\\/WentTrip\\\/videos\"],\"url\":\"https:\\\/\\\/wenttrip.com.br\\\/it\\\/author\\\/admin\\\/\"}]}<\/script>\n<!-- \/ Yoast SEO plugin. -->","yoast_head_json":{"title":"In viaggio verso Fortaleza - Cear\u00e1 - WentTrip","description":"Stai pensando di viaggiare a Fortaleza - Cear\u00e1 ?! Divertiti e chiarisci i tuoi dubbi in questo post che abbiamo preparato appositamente per te.","robots":{"index":"index","follow":"follow","max-snippet":"max-snippet:-1","max-image-preview":"max-image-preview:large","max-video-preview":"max-video-preview:-1"},"canonical":"https:\/\/wenttrip.com.br\/it\/brasile\/brasil-nordeste\/ceara\/viaggio-a-fortaleza-ceara\/","og_locale":"it_IT","og_type":"article","og_title":"Viajar para Fortaleza - Cear\u00e1 - WentTrip","og_description":"Est\u00e1 pensando em Viajar para Fortaleza - Cear\u00e1 ?! Aproveite e tire suas d\u00favidas nesse post que preparamos especialmente para voc\u00ea.","og_url":"https:\/\/wenttrip.com.br\/it\/brasile\/brasil-nordeste\/ceara\/viaggio-a-fortaleza-ceara\/","og_site_name":"WentTrip","article_publisher":"https:\/\/m.facebook.com\/profile.php","article_author":"https:\/\/m.facebook.com\/profile.php","article_published_time":"2022-10-13T17:45:16+00:00","article_modified_time":"2024-04-10T18:07:09+00:00","og_image":[{"width":640,"height":360,"url":"https:\/\/wenttrip.com.br\/wp-content\/uploads\/2022\/10\/Fortaleza.jpg","type":"image\/jpeg"}],"author":"Fernanda Machado","twitter_card":"summary_large_image","twitter_creator":"@https:\/\/twitter.com\/wenttrip","twitter_site":"@wenttrip","twitter_misc":{"Scritto da":"Fernanda Machado","Tempo di lettura stimato":"4 minuti"},"schema":{"@context":"https:\/\/schema.org","@graph":[{"@type":"Article","@id":"https:\/\/wenttrip.com.br\/it\/brasile\/brasil-nordeste\/ceara\/viaggio-a-fortaleza-ceara\/#article","isPartOf":{"@id":"https:\/\/wenttrip.com.br\/it\/brasile\/brasil-nordeste\/ceara\/viaggio-a-fortaleza-ceara\/"},"author":{"name":"Fernanda Machado","@id":"https:\/\/wenttrip.com.br\/it\/#\/schema\/person\/c0ff87b449a960037fdd1b024842fcf9"},"headline":"Viajar para Fortaleza &#8211; Cear\u00e1","datePublished":"2022-10-13T17:45:16+00:00","dateModified":"2024-04-10T18:07:09+00:00","mainEntityOfPage":{"@id":"https:\/\/wenttrip.com.br\/it\/brasile\/brasil-nordeste\/ceara\/viaggio-a-fortaleza-ceara\/"},"wordCount":613,"commentCount":0,"publisher":{"@id":"https:\/\/wenttrip.com.br\/it\/#\/schema\/person\/c0ff87b449a960037fdd1b024842fcf9"},"image":{"@id":"https:\/\/wenttrip.com.br\/it\/brasile\/brasil-nordeste\/ceara\/viaggio-a-fortaleza-ceara\/#primaryimage"},"thumbnailUrl":"https:\/\/wenttrip.com.br\/wp-content\/uploads\/2022\/10\/Fortaleza.jpg","keywords":["Ceara","Fortaleza","Passeio de buggy","Praia de Iracema","Praia de Iracema - Fortaleza"],"articleSection":["Cear\u00e1"],"inLanguage":"it-IT","potentialAction":[{"@type":"CommentAction","name":"Comment","target":["https:\/\/wenttrip.com.br\/it\/brasile\/brasil-nordeste\/ceara\/viaggio-a-fortaleza-ceara\/#respond"]}]},{"@type":"WebPage","@id":"https:\/\/wenttrip.com.br\/it\/brasile\/brasil-nordeste\/ceara\/viaggio-a-fortaleza-ceara\/","url":"https:\/\/wenttrip.com.br\/it\/brasile\/brasil-nordeste\/ceara\/viaggio-a-fortaleza-ceara\/","name":"In viaggio verso Fortaleza - Cear\u00e1 - WentTrip","isPartOf":{"@id":"https:\/\/wenttrip.com.br\/it\/#website"},"primaryImageOfPage":{"@id":"https:\/\/wenttrip.com.br\/it\/brasile\/brasil-nordeste\/ceara\/viaggio-a-fortaleza-ceara\/#primaryimage"},"image":{"@id":"https:\/\/wenttrip.com.br\/it\/brasile\/brasil-nordeste\/ceara\/viaggio-a-fortaleza-ceara\/#primaryimage"},"thumbnailUrl":"https:\/\/wenttrip.com.br\/wp-content\/uploads\/2022\/10\/Fortaleza.jpg","datePublished":"2022-10-13T17:45:16+00:00","dateModified":"2024-04-10T18:07:09+00:00","description":"Stai pensando di viaggiare a Fortaleza - Cear\u00e1 ?! Divertiti e chiarisci i tuoi dubbi in questo post che abbiamo preparato appositamente per te.","breadcrumb":{"@id":"https:\/\/wenttrip.com.br\/it\/brasile\/brasil-nordeste\/ceara\/viaggio-a-fortaleza-ceara\/#breadcrumb"},"inLanguage":"it-IT","potentialAction":[{"@type":"ReadAction","target":["https:\/\/wenttrip.com.br\/it\/brasile\/brasil-nordeste\/ceara\/viaggio-a-fortaleza-ceara\/"]}]},{"@type":"ImageObject","inLanguage":"it-IT","@id":"https:\/\/wenttrip.com.br\/it\/brasile\/brasil-nordeste\/ceara\/viaggio-a-fortaleza-ceara\/#primaryimage","url":"https:\/\/wenttrip.com.br\/wp-content\/uploads\/2022\/10\/Fortaleza.jpg","contentUrl":"https:\/\/wenttrip.com.br\/wp-content\/uploads\/2022\/10\/Fortaleza.jpg","width":640,"height":360},{"@type":"BreadcrumbList","@id":"https:\/\/wenttrip.com.br\/it\/brasile\/brasil-nordeste\/ceara\/viaggio-a-fortaleza-ceara\/#breadcrumb","itemListElement":[{"@type":"ListItem","position":1,"name":"In\u00edcio","item":"https:\/\/wenttrip.com.br\/it\/"},{"@type":"ListItem","position":2,"name":"Viajar para Fortaleza &#8211; Cear\u00e1"}]},{"@type":"WebSite","@id":"https:\/\/wenttrip.com.br\/it\/#website","url":"https:\/\/wenttrip.com.br\/it\/","name":"Andato in viaggio","description":"La tua guida completa con tanti consigli su avventure, luoghi, cibo, hotel.","publisher":{"@id":"https:\/\/wenttrip.com.br\/it\/#\/schema\/person\/c0ff87b449a960037fdd1b024842fcf9"},"potentialAction":[{"@type":"SearchAction","target":{"@type":"EntryPoint","urlTemplate":"https:\/\/wenttrip.com.br\/it\/?s={search_term_string}"},"query-input":{"@type":"PropertyValueSpecification","valueRequired":true,"valueName":"search_term_string"}}],"inLanguage":"it-IT"},{"@type":["Person","Organization"],"@id":"https:\/\/wenttrip.com.br\/it\/#\/schema\/person\/c0ff87b449a960037fdd1b024842fcf9","name":"Fernanda Macchado","image":{"@type":"ImageObject","inLanguage":"it-IT","@id":"https:\/\/wenttrip.com.br\/wp-content\/uploads\/2022\/08\/WentTrip-2.png","url":"https:\/\/wenttrip.com.br\/wp-content\/uploads\/2022\/08\/WentTrip-2.png","contentUrl":"https:\/\/wenttrip.com.br\/wp-content\/uploads\/2022\/08\/WentTrip-2.png","width":1000,"height":1000,"caption":"Fernanda Machado"},"logo":{"@id":"https:\/\/wenttrip.com.br\/wp-content\/uploads\/2022\/08\/WentTrip-2.png"},"description":"Ho imparato che la vita \u00e8 pi\u00f9 leggera quando ci mettiamo uno zaino in spalla insieme ai sogni. Amo viaggiare! Ho 34 anni, mamma di 3 cani: Pantufa, Mutley e Mixuruca. Condividiamo qui le nostre esperienze, speriamo vi piaccia!","sameAs":["https:\/\/wenttrip.com.br","https:\/\/m.facebook.com\/profile.php","https:\/\/www.instagram.com\/wenttrip\/","https:\/\/x.com\/https:\/\/twitter.com\/wenttrip","https:\/\/www.youtube.com\/c\/WentTrip\/videos"],"url":"https:\/\/wenttrip.com.br\/it\/author\/admin\/"}]}},"_links":{"self":[{"href":"https:\/\/wenttrip.com.br\/it\/wp-json\/wp\/v2\/posts\/10094","targetHints":{"allow":["GET"]}}],"collection":[{"href":"https:\/\/wenttrip.com.br\/it\/wp-json\/wp\/v2\/posts"}],"about":[{"href":"https:\/\/wenttrip.com.br\/it\/wp-json\/wp\/v2\/types\/post"}],"author":[{"embeddable":true,"href":"https:\/\/wenttrip.com.br\/it\/wp-json\/wp\/v2\/users\/1"}],"replies":[{"embeddable":true,"href":"https:\/\/wenttrip.com.br\/it\/wp-json\/wp\/v2\/comments?post=10094"}],"version-history":[{"count":0,"href":"https:\/\/wenttrip.com.br\/it\/wp-json\/wp\/v2\/posts\/10094\/revisions"}],"wp:featuredmedia":[{"embeddable":true,"href":"https:\/\/wenttrip.com.br\/it\/wp-json\/wp\/v2\/media\/26595"}],"wp:attachment":[{"href":"https:\/\/wenttrip.com.br\/it\/wp-json\/wp\/v2\/media?parent=10094"}],"wp:term":[{"taxonomy":"category","embeddable":true,"href":"https:\/\/wenttrip.com.br\/it\/wp-json\/wp\/v2\/categories?post=10094"},{"taxonomy":"post_tag","embeddable":true,"href":"https:\/\/wenttrip.com.br\/it\/wp-json\/wp\/v2\/tags?post=10094"}],"curies":[{"name":"parola chiave","href":"https:\/\/api.w.org\/{rel}","templated":true}]}}