{"id":4466,"date":"2022-05-18T20:55:17","date_gmt":"2022-05-18T20:55:17","guid":{"rendered":"https:\/\/wenttrip.com.br\/?p=4466"},"modified":"2022-07-11T10:52:57","modified_gmt":"2022-07-11T10:52:57","slug":"atualizado-primeira-neve-de-2022-em-sc","status":"publish","type":"post","link":"https:\/\/wenttrip.com.br\/es\/noticias\/actualizado-primera-nevada-de-2022-en-sc\/","title":{"rendered":"Actualizado - Primera nevada de 2022 en SC"},"content":{"rendered":"<p>\u00a1Eso mismo! Actualizado: primera nevada de 2022 en SC, ni siquiera estamos en invierno y el fr\u00edo lleg\u00f3 con todo en el sur de Brasil. Los turistas se apresuraron a conocer uno de los fen\u00f3menos m\u00e1s incre\u00edbles de la naturaleza. <\/p>\n\n\n\n<p>El primer registro fue en la ciudad de<strong> Urupema<\/strong>, confirmado por la agencia que monitorea las condiciones clim\u00e1ticas en Santa Catarina \u2013 EPAGRI\/Ciram.<\/p>\n\n\n\n<figure class=\"wp-block-image size-full\"><img decoding=\"async\" width=\"700\" height=\"466\" src=\"https:\/\/wenttrip.com.br\/wp-content\/uploads\/2022\/05\/35684155.jpg\" alt=\"Nieve en Urupema\" class=\"wp-image-4470\" srcset=\"https:\/\/wenttrip.com.br\/wp-content\/uploads\/2022\/05\/35684155.jpg 700w, https:\/\/wenttrip.com.br\/wp-content\/uploads\/2022\/05\/35684155-300x200.jpg 300w\" sizes=\"(max-width: 700px) 100vw, 700px\" \/><\/figure>\n\n\n\n<p>En el d\u00eda<strong> 17 de mayo<\/strong>, con varias predicciones que aterrorizaban a los habitantes de todo el sur del pa\u00eds con la llegada de <strong>tormenta subtropical yakecan<\/strong>, lleg\u00f3 una noticia m\u00e1s fr\u00eda, la posibilidad de nevadas y lluvias heladas en los campos arriba de la cordillera.<\/p>\n\n\n\n<p>Esto se debe a las condiciones clim\u00e1ticas favorables, como la alta humedad y las bajas temperaturas.<\/p>\n\n\n\n<figure class=\"wp-block-image size-full\"><img decoding=\"async\" width=\"1008\" height=\"755\" src=\"https:\/\/wenttrip.com.br\/wp-content\/uploads\/2022\/05\/boneco-de-neve-em-urupema.webp\" alt=\"Nieve en el sur de Brasil\" class=\"wp-image-4469\" srcset=\"https:\/\/wenttrip.com.br\/wp-content\/uploads\/2022\/05\/boneco-de-neve-em-urupema.webp 1008w, https:\/\/wenttrip.com.br\/wp-content\/uploads\/2022\/05\/boneco-de-neve-em-urupema-300x225.webp 300w, https:\/\/wenttrip.com.br\/wp-content\/uploads\/2022\/05\/boneco-de-neve-em-urupema-768x575.webp 768w\" sizes=\"(max-width: 1008px) 100vw, 1008px\" \/><\/figure>\n\n\n\n<p>Despu\u00e9s de las noticias publicadas en los peri\u00f3dicos, turistas de todo Brasil hicieron sus maletas y fueron a esperar la oportunidad de experimentar la nieve.<\/p>\n\n\n\n<p>\u00a1En Bom Jardim da Serra, S\u00e3o Joaquim y Cambar\u00e1 do Sul tambi\u00e9n hubo nieve!<\/p>\n\n\n\n<p>Las temperaturas en Bom Jardim da Serra alcanzaron -2,4\u00baC, en S\u00e3o Joaquim -0,12\u00baC, Urupema 1,38\u00baC y Tangar\u00e1 2,81\u00baC.<\/p>\n\n\n\n<p>Seg\u00fan informaci\u00f3n de defensa civil, este <strong>primero<\/strong> <strong>ola de frio<\/strong>  puede durar hasta el pr\u00f3ximo lunes (23).<\/p>\n\n\n\n<h2 class=\"wp-block-heading\">Segundo d\u00eda de nieve en SC<\/h2>\n\n\n\n<p>Durante la madrugada de este mi\u00e9rcoles (18), el <strong>la nieve apareci\u00f3 de nuevo<\/strong>! <\/p>\n\n\n\n<p>La sensaci\u00f3n t\u00e9rmica del punto m\u00e1s alto, en Urupema, alcanza <strong>-17\u00baC.<\/strong> Gongelante para turistas que no est\u00e1n acostumbrados al fr\u00edo.<\/p>\n\n\n\n<h5 class=\"wp-block-heading\">Actualizado - Primera nevada de 2022 en SC<\/h5>\n\n\n\n<p><strong>Disfruta y sigue nuestros consejos:<\/strong><\/p>\n\n\n\n<p> <a href=\"https:\/\/wenttrip.com.br\/es\/brasil\/brasil-sul\/santa-catarina\/praia-grande\/agencias-de-turismo-em-praia-grande-sc\/\">Agencias de turismo en Praia Grande SC<\/a><\/p>\n\n\n\n<p> <a href=\"https:\/\/wenttrip.com.br\/es\/brasil\/buenos-rincones-de-brasil-para-disfrutar-del-invierno\/\">Lugares para disfrutar el invierno en Brasil<\/a><\/p>","protected":false},"excerpt":{"rendered":"<p>\u00a1Eso mismo! Actualizado: primera nevada de 2022 en SC, ni siquiera estamos en invierno todav\u00eda y el fr\u00edo ha llegado con fuerza al sur de Brasil. Los turistas se apresuraron a encontrarse con uno de los fen\u00f3menos m\u00e1s incre\u00edbles de la naturaleza. El primer registro fue en la ciudad de Urupema, confirmado por el organismo que monitorea las condiciones clim\u00e1ticas\u2026&nbsp;<a href=\"https:\/\/wenttrip.com.br\/es\/noticias\/actualizado-primera-nevada-de-2022-en-sc\/\" rel=\"bookmark\">leer m\u00e1s &quot;<span class=\"screen-reader-text\">Actualizado - Primera nevada de 2022 en SC<\/span><\/a><\/p>","protected":false},"author":1,"featured_media":4468,"comment_status":"open","ping_status":"open","sticky":false,"template":"","format":"standard","meta":{"neve_meta_sidebar":"","neve_meta_container":"","neve_meta_enable_content_width":"","neve_meta_content_width":0,"neve_meta_title_alignment":"","neve_meta_author_avatar":"","neve_post_elements_order":"","neve_meta_disable_header":"","neve_meta_disable_footer":"","neve_meta_disable_title":"","footnotes":""},"categories":[1334],"tags":[1429,1431,1430,1428],"class_list":["post-4466","post","type-post","status-publish","format-standard","has-post-thumbnail","hentry","category-noticias","tag-atualizado-primeira-neve-de-2022-em-sc","tag-neve-em-santa-cataruna","tag-neve-em-urupema","tag-tempestade-subtropical-yakecan"],"yoast_head":"<!-- This site is optimized with the Yoast SEO plugin v27.4 - https:\/\/yoast.com\/product\/yoast-seo-wordpress\/ -->\n<title>Atualizado - primeira neve de 2022 em SC - caiu-neve- WentTrip<\/title>\n<meta name=\"description\" content=\"Atualizado - primeira neve de 2022 em SC...tudo no sul do Brasil. Os turistas correram ao encontro...fen\u00f4menos mais incr\u00edveis da natureza.\" \/>\n<meta name=\"robots\" content=\"index, follow, max-snippet:-1, max-image-preview:large, max-video-preview:-1\" \/>\n<link rel=\"canonical\" href=\"https:\/\/wenttrip.com.br\/es\/noticias\/actualizado-primera-nevada-de-2022-en-sc\/\" \/>\n<meta property=\"og:locale\" content=\"es_ES\" \/>\n<meta property=\"og:type\" content=\"article\" \/>\n<meta property=\"og:title\" content=\"Atualizado - primeira neve de 2022 em SC - caiu-neve- WentTrip\" \/>\n<meta property=\"og:description\" content=\"Atualizado - primeira neve de 2022 em SC...tudo no sul do Brasil. Os turistas correram ao encontro...fen\u00f4menos mais incr\u00edveis da natureza.\" \/>\n<meta property=\"og:url\" content=\"https:\/\/wenttrip.com.br\/es\/noticias\/actualizado-primera-nevada-de-2022-en-sc\/\" \/>\n<meta property=\"og:site_name\" content=\"WentTrip\" \/>\n<meta property=\"article:publisher\" content=\"https:\/\/m.facebook.com\/profile.php\" \/>\n<meta property=\"article:author\" content=\"https:\/\/m.facebook.com\/profile.php\" \/>\n<meta property=\"article:published_time\" content=\"2022-05-18T20:55:17+00:00\" \/>\n<meta property=\"article:modified_time\" content=\"2022-07-11T10:52:57+00:00\" \/>\n<meta property=\"og:image\" content=\"https:\/\/wenttrip.com.br\/wp-content\/uploads\/2022\/05\/boneconeve.webp\" \/>\n\t<meta property=\"og:image:width\" content=\"984\" \/>\n\t<meta property=\"og:image:height\" content=\"738\" \/>\n\t<meta property=\"og:image:type\" content=\"image\/webp\" \/>\n<meta name=\"author\" content=\"Fernanda Machado\" \/>\n<meta name=\"twitter:card\" content=\"summary_large_image\" \/>\n<meta name=\"twitter:creator\" content=\"@https:\/\/twitter.com\/wenttrip\" \/>\n<meta name=\"twitter:site\" content=\"@wenttrip\" \/>\n<meta name=\"twitter:label1\" content=\"Escrito por\" \/>\n\t<meta name=\"twitter:data1\" content=\"Fernanda Machado\" \/>\n\t<meta name=\"twitter:label2\" content=\"Tiempo de lectura\" \/>\n\t<meta name=\"twitter:data2\" content=\"2 minutos\" \/>\n<script type=\"application\/ld+json\" class=\"yoast-schema-graph\">{\"@context\":\"https:\\\/\\\/schema.org\",\"@graph\":[{\"@type\":\"Article\",\"@id\":\"https:\\\/\\\/wenttrip.com.br\\\/es\\\/noticias\\\/actualizado-primera-nevada-de-2022-en-sc\\\/#article\",\"isPartOf\":{\"@id\":\"https:\\\/\\\/wenttrip.com.br\\\/es\\\/noticias\\\/actualizado-primera-nevada-de-2022-en-sc\\\/\"},\"author\":{\"name\":\"Fernanda Machado\",\"@id\":\"https:\\\/\\\/wenttrip.com.br\\\/es\\\/#\\\/schema\\\/person\\\/c0ff87b449a960037fdd1b024842fcf9\"},\"headline\":\"Atualizado &#8211; primeira neve de 2022 em SC\",\"datePublished\":\"2022-05-18T20:55:17+00:00\",\"dateModified\":\"2022-07-11T10:52:57+00:00\",\"mainEntityOfPage\":{\"@id\":\"https:\\\/\\\/wenttrip.com.br\\\/es\\\/noticias\\\/actualizado-primera-nevada-de-2022-en-sc\\\/\"},\"wordCount\":282,\"commentCount\":2,\"publisher\":{\"@id\":\"https:\\\/\\\/wenttrip.com.br\\\/es\\\/#\\\/schema\\\/person\\\/c0ff87b449a960037fdd1b024842fcf9\"},\"image\":{\"@id\":\"https:\\\/\\\/wenttrip.com.br\\\/es\\\/noticias\\\/actualizado-primera-nevada-de-2022-en-sc\\\/#primaryimage\"},\"thumbnailUrl\":\"https:\\\/\\\/wenttrip.com.br\\\/wp-content\\\/uploads\\\/2022\\\/05\\\/boneconeve.webp\",\"keywords\":[\"Atualizado - primeira neve de 2022 em SC\",\"Neve em Santa Cataruna\",\"Neve em urupema\",\"tempestade subtropical Yakecan\"],\"articleSection\":[\"Not\u00edcias\"],\"inLanguage\":\"es\",\"potentialAction\":[{\"@type\":\"CommentAction\",\"name\":\"Comment\",\"target\":[\"https:\\\/\\\/wenttrip.com.br\\\/es\\\/noticias\\\/actualizado-primera-nevada-de-2022-en-sc\\\/#respond\"]}]},{\"@type\":\"WebPage\",\"@id\":\"https:\\\/\\\/wenttrip.com.br\\\/es\\\/noticias\\\/actualizado-primera-nevada-de-2022-en-sc\\\/\",\"url\":\"https:\\\/\\\/wenttrip.com.br\\\/es\\\/noticias\\\/actualizado-primera-nevada-de-2022-en-sc\\\/\",\"name\":\"Atualizado - primeira neve de 2022 em SC - caiu-neve- WentTrip\",\"isPartOf\":{\"@id\":\"https:\\\/\\\/wenttrip.com.br\\\/es\\\/#website\"},\"primaryImageOfPage\":{\"@id\":\"https:\\\/\\\/wenttrip.com.br\\\/es\\\/noticias\\\/actualizado-primera-nevada-de-2022-en-sc\\\/#primaryimage\"},\"image\":{\"@id\":\"https:\\\/\\\/wenttrip.com.br\\\/es\\\/noticias\\\/actualizado-primera-nevada-de-2022-en-sc\\\/#primaryimage\"},\"thumbnailUrl\":\"https:\\\/\\\/wenttrip.com.br\\\/wp-content\\\/uploads\\\/2022\\\/05\\\/boneconeve.webp\",\"datePublished\":\"2022-05-18T20:55:17+00:00\",\"dateModified\":\"2022-07-11T10:52:57+00:00\",\"description\":\"Atualizado - primeira neve de 2022 em SC...tudo no sul do Brasil. Os turistas correram ao encontro...fen\u00f4menos mais incr\u00edveis da natureza.\",\"breadcrumb\":{\"@id\":\"https:\\\/\\\/wenttrip.com.br\\\/es\\\/noticias\\\/actualizado-primera-nevada-de-2022-en-sc\\\/#breadcrumb\"},\"inLanguage\":\"es\",\"potentialAction\":[{\"@type\":\"ReadAction\",\"target\":[\"https:\\\/\\\/wenttrip.com.br\\\/es\\\/noticias\\\/actualizado-primera-nevada-de-2022-en-sc\\\/\"]}]},{\"@type\":\"ImageObject\",\"inLanguage\":\"es\",\"@id\":\"https:\\\/\\\/wenttrip.com.br\\\/es\\\/noticias\\\/actualizado-primera-nevada-de-2022-en-sc\\\/#primaryimage\",\"url\":\"https:\\\/\\\/wenttrip.com.br\\\/wp-content\\\/uploads\\\/2022\\\/05\\\/boneconeve.webp\",\"contentUrl\":\"https:\\\/\\\/wenttrip.com.br\\\/wp-content\\\/uploads\\\/2022\\\/05\\\/boneconeve.webp\",\"width\":984,\"height\":738},{\"@type\":\"BreadcrumbList\",\"@id\":\"https:\\\/\\\/wenttrip.com.br\\\/es\\\/noticias\\\/actualizado-primera-nevada-de-2022-en-sc\\\/#breadcrumb\",\"itemListElement\":[{\"@type\":\"ListItem\",\"position\":1,\"name\":\"In\u00edcio\",\"item\":\"https:\\\/\\\/wenttrip.com.br\\\/es\\\/\"},{\"@type\":\"ListItem\",\"position\":2,\"name\":\"Atualizado &#8211; primeira neve de 2022 em SC\"}]},{\"@type\":\"WebSite\",\"@id\":\"https:\\\/\\\/wenttrip.com.br\\\/es\\\/#website\",\"url\":\"https:\\\/\\\/wenttrip.com.br\\\/es\\\/\",\"name\":\"WentTrip\",\"description\":\"O seu guia completo com muitas dicas de aventuras, lugares, alimenta\u00e7\u00e3o, hot\u00e9is.\",\"publisher\":{\"@id\":\"https:\\\/\\\/wenttrip.com.br\\\/es\\\/#\\\/schema\\\/person\\\/c0ff87b449a960037fdd1b024842fcf9\"},\"potentialAction\":[{\"@type\":\"SearchAction\",\"target\":{\"@type\":\"EntryPoint\",\"urlTemplate\":\"https:\\\/\\\/wenttrip.com.br\\\/es\\\/?s={search_term_string}\"},\"query-input\":{\"@type\":\"PropertyValueSpecification\",\"valueRequired\":true,\"valueName\":\"search_term_string\"}}],\"inLanguage\":\"es\"},{\"@type\":[\"Person\",\"Organization\"],\"@id\":\"https:\\\/\\\/wenttrip.com.br\\\/es\\\/#\\\/schema\\\/person\\\/c0ff87b449a960037fdd1b024842fcf9\",\"name\":\"Fernanda Machado\",\"image\":{\"@type\":\"ImageObject\",\"inLanguage\":\"es\",\"@id\":\"https:\\\/\\\/wenttrip.com.br\\\/wp-content\\\/uploads\\\/2022\\\/08\\\/WentTrip-2.png\",\"url\":\"https:\\\/\\\/wenttrip.com.br\\\/wp-content\\\/uploads\\\/2022\\\/08\\\/WentTrip-2.png\",\"contentUrl\":\"https:\\\/\\\/wenttrip.com.br\\\/wp-content\\\/uploads\\\/2022\\\/08\\\/WentTrip-2.png\",\"width\":1000,\"height\":1000,\"caption\":\"Fernanda Machado\"},\"logo\":{\"@id\":\"https:\\\/\\\/wenttrip.com.br\\\/wp-content\\\/uploads\\\/2022\\\/08\\\/WentTrip-2.png\"},\"description\":\"Aprendi que a vida \u00e9 mais leve quando colocamos uma mochila nas costas junto com sonhos. Amo viajar! Tenho 34 anos, mam\u00e3e de 3 cachorros: A Pantufa, O mutley e o Mixuruca. Compartilhamos nossas experi\u00eancias por aqui, esperamos que gostem!\",\"sameAs\":[\"https:\\\/\\\/wenttrip.com.br\",\"https:\\\/\\\/m.facebook.com\\\/profile.php\",\"https:\\\/\\\/www.instagram.com\\\/wenttrip\\\/\",\"https:\\\/\\\/x.com\\\/https:\\\/\\\/twitter.com\\\/wenttrip\",\"https:\\\/\\\/www.youtube.com\\\/c\\\/WentTrip\\\/videos\"],\"url\":\"https:\\\/\\\/wenttrip.com.br\\\/es\\\/author\\\/admin\\\/\"}]}<\/script>\n<!-- \/ Yoast SEO plugin. -->","yoast_head_json":{"title":"Actualizado - Primera nevada de 2022 en SC - nevada - WentTrip","description":"Actualizado: primera nevada de 2022 en SC... todo en el sur de Brasil. Los turistas se apresuraron a conocer... los fen\u00f3menos m\u00e1s incre\u00edbles de la naturaleza.","robots":{"index":"index","follow":"follow","max-snippet":"max-snippet:-1","max-image-preview":"max-image-preview:large","max-video-preview":"max-video-preview:-1"},"canonical":"https:\/\/wenttrip.com.br\/es\/noticias\/actualizado-primera-nevada-de-2022-en-sc\/","og_locale":"es_ES","og_type":"article","og_title":"Atualizado - primeira neve de 2022 em SC - caiu-neve- WentTrip","og_description":"Atualizado - primeira neve de 2022 em SC...tudo no sul do Brasil. Os turistas correram ao encontro...fen\u00f4menos mais incr\u00edveis da natureza.","og_url":"https:\/\/wenttrip.com.br\/es\/noticias\/actualizado-primera-nevada-de-2022-en-sc\/","og_site_name":"WentTrip","article_publisher":"https:\/\/m.facebook.com\/profile.php","article_author":"https:\/\/m.facebook.com\/profile.php","article_published_time":"2022-05-18T20:55:17+00:00","article_modified_time":"2022-07-11T10:52:57+00:00","og_image":[{"width":984,"height":738,"url":"https:\/\/wenttrip.com.br\/wp-content\/uploads\/2022\/05\/boneconeve.webp","type":"image\/webp"}],"author":"Fernanda Machado","twitter_card":"summary_large_image","twitter_creator":"@https:\/\/twitter.com\/wenttrip","twitter_site":"@wenttrip","twitter_misc":{"Escrito por":"Fernanda Machado","Tiempo de lectura":"2 minutos"},"schema":{"@context":"https:\/\/schema.org","@graph":[{"@type":"Article","@id":"https:\/\/wenttrip.com.br\/es\/noticias\/actualizado-primera-nevada-de-2022-en-sc\/#article","isPartOf":{"@id":"https:\/\/wenttrip.com.br\/es\/noticias\/actualizado-primera-nevada-de-2022-en-sc\/"},"author":{"name":"Fernanda Machado","@id":"https:\/\/wenttrip.com.br\/es\/#\/schema\/person\/c0ff87b449a960037fdd1b024842fcf9"},"headline":"Atualizado &#8211; primeira neve de 2022 em SC","datePublished":"2022-05-18T20:55:17+00:00","dateModified":"2022-07-11T10:52:57+00:00","mainEntityOfPage":{"@id":"https:\/\/wenttrip.com.br\/es\/noticias\/actualizado-primera-nevada-de-2022-en-sc\/"},"wordCount":282,"commentCount":2,"publisher":{"@id":"https:\/\/wenttrip.com.br\/es\/#\/schema\/person\/c0ff87b449a960037fdd1b024842fcf9"},"image":{"@id":"https:\/\/wenttrip.com.br\/es\/noticias\/actualizado-primera-nevada-de-2022-en-sc\/#primaryimage"},"thumbnailUrl":"https:\/\/wenttrip.com.br\/wp-content\/uploads\/2022\/05\/boneconeve.webp","keywords":["Atualizado - primeira neve de 2022 em SC","Neve em Santa Cataruna","Neve em urupema","tempestade subtropical Yakecan"],"articleSection":["Not\u00edcias"],"inLanguage":"es","potentialAction":[{"@type":"CommentAction","name":"Comment","target":["https:\/\/wenttrip.com.br\/es\/noticias\/actualizado-primera-nevada-de-2022-en-sc\/#respond"]}]},{"@type":"WebPage","@id":"https:\/\/wenttrip.com.br\/es\/noticias\/actualizado-primera-nevada-de-2022-en-sc\/","url":"https:\/\/wenttrip.com.br\/es\/noticias\/actualizado-primera-nevada-de-2022-en-sc\/","name":"Actualizado - Primera nevada de 2022 en SC - nevada - WentTrip","isPartOf":{"@id":"https:\/\/wenttrip.com.br\/es\/#website"},"primaryImageOfPage":{"@id":"https:\/\/wenttrip.com.br\/es\/noticias\/actualizado-primera-nevada-de-2022-en-sc\/#primaryimage"},"image":{"@id":"https:\/\/wenttrip.com.br\/es\/noticias\/actualizado-primera-nevada-de-2022-en-sc\/#primaryimage"},"thumbnailUrl":"https:\/\/wenttrip.com.br\/wp-content\/uploads\/2022\/05\/boneconeve.webp","datePublished":"2022-05-18T20:55:17+00:00","dateModified":"2022-07-11T10:52:57+00:00","description":"Actualizado: primera nevada de 2022 en SC... todo en el sur de Brasil. Los turistas se apresuraron a conocer... los fen\u00f3menos m\u00e1s incre\u00edbles de la naturaleza.","breadcrumb":{"@id":"https:\/\/wenttrip.com.br\/es\/noticias\/actualizado-primera-nevada-de-2022-en-sc\/#breadcrumb"},"inLanguage":"es","potentialAction":[{"@type":"ReadAction","target":["https:\/\/wenttrip.com.br\/es\/noticias\/actualizado-primera-nevada-de-2022-en-sc\/"]}]},{"@type":"ImageObject","inLanguage":"es","@id":"https:\/\/wenttrip.com.br\/es\/noticias\/actualizado-primera-nevada-de-2022-en-sc\/#primaryimage","url":"https:\/\/wenttrip.com.br\/wp-content\/uploads\/2022\/05\/boneconeve.webp","contentUrl":"https:\/\/wenttrip.com.br\/wp-content\/uploads\/2022\/05\/boneconeve.webp","width":984,"height":738},{"@type":"BreadcrumbList","@id":"https:\/\/wenttrip.com.br\/es\/noticias\/actualizado-primera-nevada-de-2022-en-sc\/#breadcrumb","itemListElement":[{"@type":"ListItem","position":1,"name":"In\u00edcio","item":"https:\/\/wenttrip.com.br\/es\/"},{"@type":"ListItem","position":2,"name":"Atualizado &#8211; primeira neve de 2022 em SC"}]},{"@type":"WebSite","@id":"https:\/\/wenttrip.com.br\/es\/#website","url":"https:\/\/wenttrip.com.br\/es\/","name":"fuimos de viaje","description":"Tu gu\u00eda completa con muchos consejos sobre aventuras, lugares, comida, hoteles.","publisher":{"@id":"https:\/\/wenttrip.com.br\/es\/#\/schema\/person\/c0ff87b449a960037fdd1b024842fcf9"},"potentialAction":[{"@type":"SearchAction","target":{"@type":"EntryPoint","urlTemplate":"https:\/\/wenttrip.com.br\/es\/?s={search_term_string}"},"query-input":{"@type":"PropertyValueSpecification","valueRequired":true,"valueName":"search_term_string"}}],"inLanguage":"es"},{"@type":["Person","Organization"],"@id":"https:\/\/wenttrip.com.br\/es\/#\/schema\/person\/c0ff87b449a960037fdd1b024842fcf9","name":"Fernanda Machado","image":{"@type":"ImageObject","inLanguage":"es","@id":"https:\/\/wenttrip.com.br\/wp-content\/uploads\/2022\/08\/WentTrip-2.png","url":"https:\/\/wenttrip.com.br\/wp-content\/uploads\/2022\/08\/WentTrip-2.png","contentUrl":"https:\/\/wenttrip.com.br\/wp-content\/uploads\/2022\/08\/WentTrip-2.png","width":1000,"height":1000,"caption":"Fernanda Machado"},"logo":{"@id":"https:\/\/wenttrip.com.br\/wp-content\/uploads\/2022\/08\/WentTrip-2.png"},"description":"Aprend\u00ed que la vida es m\u00e1s ligera cuando nos ponemos una mochila a la espalda junto con los sue\u00f1os. \u00a1Amo viajar! Tengo 34 a\u00f1os, madre de 3 perros: Pantufa, Mutley y Mixuruca. Compartimos aqu\u00ed nuestras experiencias, \u00a1esperamos que os guste!","sameAs":["https:\/\/wenttrip.com.br","https:\/\/m.facebook.com\/profile.php","https:\/\/www.instagram.com\/wenttrip\/","https:\/\/x.com\/https:\/\/twitter.com\/wenttrip","https:\/\/www.youtube.com\/c\/WentTrip\/videos"],"url":"https:\/\/wenttrip.com.br\/es\/author\/admin\/"}]}},"_links":{"self":[{"href":"https:\/\/wenttrip.com.br\/es\/wp-json\/wp\/v2\/posts\/4466","targetHints":{"allow":["GET"]}}],"collection":[{"href":"https:\/\/wenttrip.com.br\/es\/wp-json\/wp\/v2\/posts"}],"about":[{"href":"https:\/\/wenttrip.com.br\/es\/wp-json\/wp\/v2\/types\/post"}],"author":[{"embeddable":true,"href":"https:\/\/wenttrip.com.br\/es\/wp-json\/wp\/v2\/users\/1"}],"replies":[{"embeddable":true,"href":"https:\/\/wenttrip.com.br\/es\/wp-json\/wp\/v2\/comments?post=4466"}],"version-history":[{"count":0,"href":"https:\/\/wenttrip.com.br\/es\/wp-json\/wp\/v2\/posts\/4466\/revisions"}],"wp:featuredmedia":[{"embeddable":true,"href":"https:\/\/wenttrip.com.br\/es\/wp-json\/wp\/v2\/media\/4468"}],"wp:attachment":[{"href":"https:\/\/wenttrip.com.br\/es\/wp-json\/wp\/v2\/media?parent=4466"}],"wp:term":[{"taxonomy":"category","embeddable":true,"href":"https:\/\/wenttrip.com.br\/es\/wp-json\/wp\/v2\/categories?post=4466"},{"taxonomy":"post_tag","embeddable":true,"href":"https:\/\/wenttrip.com.br\/es\/wp-json\/wp\/v2\/tags?post=4466"}],"curies":[{"name":"gracias","href":"https:\/\/api.w.org\/{rel}","templated":true}]}}