{"id":25318,"date":"2024-04-03T16:39:54","date_gmt":"2024-04-03T19:39:54","guid":{"rendered":"https:\/\/wenttrip.com.br\/?p=25318"},"modified":"2024-04-03T16:39:55","modified_gmt":"2024-04-03T19:39:55","slug":"conheca-a-quiero-cafe-em-torres-rs","status":"publish","type":"post","link":"https:\/\/wenttrip.com.br\/es\/brasil\/brasil-sul\/rio-grande-do-sul\/torres\/conoce-el-quiero-cafe-en-torres-rs\/","title":{"rendered":"Descubre Quiero Caf\u00e9 en Torres RS"},"content":{"rendered":"<div id=\"ez-toc-container\" class=\"ez-toc-v2_0_82_2 counter-hierarchy ez-toc-counter ez-toc-grey ez-toc-container-direction\">\n<div class=\"ez-toc-title-container\">\n<p class=\"ez-toc-title\" style=\"cursor:inherit\">\u00cdndice<\/p>\n<span class=\"ez-toc-title-toggle\"><a href=\"#\" class=\"ez-toc-pull-right ez-toc-btn ez-toc-btn-xs ez-toc-btn-default ez-toc-toggle\" aria-label=\"Alternar tabla de contenidos\"><span class=\"ez-toc-js-icon-con\"><span class=\"\"><span class=\"eztoc-hide\" style=\"display:none;\">palanca<\/span><span class=\"ez-toc-icon-toggle-span\"><svg style=\"fill: #999;color:#999\" xmlns=\"http:\/\/www.w3.org\/2000\/svg\" class=\"list-377408\" width=\"20px\" height=\"20px\" viewbox=\"0 0 24 24\" fill=\"none\"><path d=\"M6 6H4v2h2V6zm14 0H8v2h12V6zM4 11h2v2H4v-2zm16 0H8v2h12v-2zM4 16h2v2H4v-2zm16 0H8v2h12v-2z\" fill=\"currentColor\"><\/path><\/svg><svg style=\"fill: #999;color:#999\" class=\"arrow-unsorted-368013\" xmlns=\"http:\/\/www.w3.org\/2000\/svg\" width=\"10px\" height=\"10px\" viewbox=\"0 0 24 24\" version=\"1.2\" baseprofile=\"tiny\"><path d=\"M18.2 9.3l-6.2-6.3-6.2 6.3c-.2.2-.3.4-.3.7s.1.5.3.7c.2.2.4.3.7.3h11c.3 0 .5-.1.7-.3.2-.2.3-.5.3-.7s-.1-.5-.3-.7zM5.8 14.7l6.2 6.3 6.2-6.3c.2-.2.3-.5.3-.7s-.1-.5-.3-.7c-.2-.2-.4-.3-.7-.3h-11c-.3 0-.5.1-.7.3-.2.2-.3.5-.3.7s.1.5.3.7z\"\/><\/svg><\/span><\/span><\/span><\/a><\/span><\/div>\n<nav><ul class='ez-toc-list ez-toc-list-level-1' ><li class='ez-toc-page-1 ez-toc-heading-level-2'><a class=\"ez-toc-link ez-toc-heading-1\" href=\"https:\/\/wenttrip.com.br\/es\/brasil\/brasil-sul\/rio-grande-do-sul\/torres\/conoce-el-quiero-cafe-en-torres-rs\/#Endereco_Quiero_Cafe_em_Torres\" >Direcci\u00f3n Quiero Caf\u00e9 en Torres<\/a><\/li><li class='ez-toc-page-1 ez-toc-heading-level-2'><a class=\"ez-toc-link ez-toc-heading-2\" href=\"https:\/\/wenttrip.com.br\/es\/brasil\/brasil-sul\/rio-grande-do-sul\/torres\/conoce-el-quiero-cafe-en-torres-rs\/#Horario_de_Funcionamento\" >Horas de oficina<\/a><\/li><li class='ez-toc-page-1 ez-toc-heading-level-2'><a class=\"ez-toc-link ez-toc-heading-3\" href=\"https:\/\/wenttrip.com.br\/es\/brasil\/brasil-sul\/rio-grande-do-sul\/torres\/conoce-el-quiero-cafe-en-torres-rs\/#O_que_tem_no_cardapio_da_Quiero_Cafe\" >\u00bfQu\u00e9 hay en el men\u00fa de Quiero Caf\u00e9?<\/a><\/li><\/ul><\/nav><\/div>\n\n<p>Ya sea para empezar el d\u00eda con energ\u00eda o para disfrutar de un descanso o incluso de negocios, el caf\u00e9 tiene el poder de deleitar los sentidos y brindar experiencias memorables. Y si est\u00e1s en Torres, Rio Grande do Sul, una visita obligada es la <strong>quiero Cafe<\/strong>. <\/p>\n\n\n\n<p>\u00a1En este art\u00edculo compartiremos contigo todo lo que ofrece este acogedor y encantador espacio! <\/p>\n\n\n\n<blockquote class=\"wp-block-quote is-layout-flow wp-block-quote-is-layout-flow\">\n<p><strong>Recordando que hicimos un art\u00edculo donde podr\u00e1s encontrar todo sobre \ud83d\udc49&nbsp;<a href=\"https:\/\/wenttrip.com.br\/es\/brasil\/brasil-sul\/rio-grande-do-sul\/torres\/que-hacer-en-torres-rs-playas-y-lugares-turisticos\/\">O&nbsp;<\/a><a href=\"https:\/\/wenttrip.com.br\/es\/brasil\/brasil-sul\/rio-grande-do-sul\/torres\/que-hacer-en-torres-rs-playas-y-lugares-turisticos\/\" target=\"_blank\" rel=\"noreferrer noopener\">Qu\u00e9 hacer en Torres \u2013 RS \u2013 Playas y atractivos tur\u00edsticos<\/a>&nbsp;y&nbsp;<a href=\"https:\/\/wenttrip.com.br\/es\/brasil\/brasil-sul\/rio-grande-do-sul\/torres\/top-10-mejor-hotel-en-towers\/\" target=\"_blank\" rel=\"noreferrer noopener\">Hotel en Torres: los 10 mejores<\/a><\/strong><\/p>\n\n\n\n<p>Pero primero, descubre el para\u00edso de opciones que&nbsp;<strong><a href=\"https:\/\/www.booking.com\/index.html?aid=8010377\" target=\"_blank\" rel=\"noreferrer noopener\">Booking.com<\/a><\/strong>&nbsp;tiene para ofrecer y convierta sus sue\u00f1os de viaje en realidad! Realizando tus reservas a trav\u00e9s&nbsp;<a href=\"https:\/\/www.booking.com\/index.html?aid=8010377\" target=\"_blank\" rel=\"noreferrer noopener\"><strong>nuestro enlace<\/strong><\/a>&nbsp;nos estar\u00e1s ayudando y no pagar\u00e1s nada extra por ello \ud83d\ude42<\/p>\n\n\n\n<p>O&nbsp;<strong><a href=\"https:\/\/www.booking.com\/index.html?aid=8010377\" target=\"_blank\" rel=\"noreferrer noopener\">reserva.com<\/a><\/strong>&nbsp;es nuestra web de confianza, hicimos todas nuestras reservas a trav\u00e9s de ellos y ahora tambi\u00e9n puedes realizar compras desde&nbsp;<strong><a href=\"https:\/\/www.booking.com\/index.html?aid=8010377\" target=\"_blank\" rel=\"noreferrer noopener\">Pasajes A\u00e9reos<\/a><\/strong>!<\/p>\n<\/blockquote>\n\n\n\n<h2 class=\"wp-block-heading\"><span class=\"ez-toc-section\" id=\"Endereco_Quiero_Cafe_em_Torres\"><\/span>Direcci\u00f3n Quiero Caf\u00e9 en Torres<span class=\"ez-toc-section-end\"><\/span><\/h2>\n\n\n\n<p><strong>Direcci\u00f3n:<\/strong>\u00a0R. J\u00falio de Castilhos, 284 \u2013 Centro, Torres. Frente a la gasolinera Ipiranga.<\/p>\n\n\n\n<h2 class=\"wp-block-heading\"><span class=\"ez-toc-section\" id=\"Horario_de_Funcionamento\"><\/span>Horas de oficina<span class=\"ez-toc-section-end\"><\/span><\/h2>\n\n\n\n<p>Abierto todos los d\u00edas de 9 a 23 horas y s\u00f3lo los domingos el horario de apertura es diferente: de 12 a 21 horas.<\/p>\n\n\n\n<p><\/p>\n\n\n\n<h2 class=\"wp-block-heading\"><span class=\"ez-toc-section\" id=\"O_que_tem_no_cardapio_da_Quiero_Cafe\"><\/span>\u00bfQu\u00e9 hay en el men\u00fa de Quiero Caf\u00e9?<span class=\"ez-toc-section-end\"><\/span><\/h2>\n\n\n\n<p>Mucha gente piensa que el espacio es s\u00f3lo para tomar un caf\u00e9 o comidas r\u00e1pidas, como s\u00e1ndwiches. Sin embargo, me gustar\u00eda anticipar que el espacio es mucho m\u00e1s que eso. En Quiero encontrar\u00e1s la mejor cerveza de barril de la regi\u00f3n, deliciosos snacks, almuerzos, ensaladas, postres y hamburguesas. <\/p>\n\n\n\n<p>Con un men\u00fa cuidadosamente elaborado, lleno de opciones irresistibles, cada visita se convierte en una experiencia memorable para todos los sentidos.<\/p>\n\n\n\n<p><strong>Brunch y tortillas:<\/strong> Comience bien el d\u00eda con brunch y tortillas hechos a su gusto. Desde la cl\u00e1sica tortilla de queso y hierbas frescas hasta extravagantes brunch llenos de deliciosas opciones, cada plato se prepara con ingredientes frescos de temporada, lo que garantiza una explosi\u00f3n de sabores en cada bocado.<\/p>\n\n\n\n<p><strong>Caf\u00e9s Especiales y Tradicionales:<\/strong> Para los amantes del caf\u00e9, ofrecen una selecci\u00f3n exclusiva de caf\u00e9s especiales y tradicionales, cuidadosamente preparados para brindar una experiencia verdaderamente sublime. Desde espressos con mucho cuerpo hasta capuchinos cremosos.<\/p>\n\n\n\n<p><strong>Dulces y Helados:<\/strong> Para los m\u00e1s indulgentes, la selecci\u00f3n de dulces y helados es sencillamente irresistible. Desde pasteles hasta helados cremosos, cada postre es una tentaci\u00f3n para los sentidos y garantiza un final dulce y satisfactorio para cualquier comida. <\/p>\n\n\n\n<figure class=\"wp-block-image size-full\"><img decoding=\"async\" width=\"360\" height=\"400\" src=\"https:\/\/wenttrip.com.br\/wp-content\/uploads\/2024\/02\/quiero-cafe-.png\" alt=\"Quiero Caf\u00e9 Torres\" class=\"wp-image-24513\" srcset=\"https:\/\/wenttrip.com.br\/wp-content\/uploads\/2024\/02\/quiero-cafe-.png 360w, https:\/\/wenttrip.com.br\/wp-content\/uploads\/2024\/02\/quiero-cafe--270x300.png 270w, https:\/\/wenttrip.com.br\/wp-content\/uploads\/2024\/02\/quiero-cafe--11x12.png 11w\" sizes=\"(max-width: 360px) 100vw, 360px\" \/><\/figure>\n\n\n\n<p><strong><mark style=\"background-color:#edf300\" class=\"has-inline-color\">Consejo<\/mark><\/strong>: probar el<strong> Alfajor supremo<\/strong>, tiene una cobertura semidulce o blanca y un relleno de dulce de leche que se sirve caliente, con Dulce de Leche o Nutella, sirope de chocolate y Ovaltine.<\/p>\n\n\n\n<p><strong>Frutas y A\u00e7a\u00ed:<\/strong> Saborea la frescura de la naturaleza con frutas frescas y opciones de a\u00e7a\u00ed. Perfecto para una merienda ligera o un postre saludable.<\/p>\n\n\n\n<p><strong>Tostadas y Salados:<\/strong> Disfrute de una selecci\u00f3n de tostadas perfectamente preparadas y sabrosos snacks para satisfacer su hambre. Desde opciones vegetarianas hasta platos m\u00e1s sustanciosos con carnes y pescados.<\/p>\n\n\n\n<p><strong>Aperitivos y Baguettes:<\/strong> Para compartir o disfrutar solo, los snacks y baguettes son una aut\u00e9ntica tentaci\u00f3n. Desde opciones vegetarianas hasta platos m\u00e1s sustanciosos de carne y queso, cada raci\u00f3n es una experiencia gastron\u00f3mica \u00fanica.<\/p>\n\n\n\n<p><mark style=\"background-color:#e5fc00\" class=\"has-inline-color\"><strong>Consejo<\/strong>: <\/mark>nuestra merienda favorita es <strong>Pollo crujiente<\/strong>, est\u00e1 elaborado a partir de filetes de pollo rebozados con harina panko.<\/p>\n\n\n\n<p><strong>Pastas y Carnes:<\/strong> Disfrute de las pastas frescas y las suculentas carnes preparadas a la perfecci\u00f3n. Desde platos cl\u00e1sicos hasta creaciones exclusivas de la casa.<\/p>\n\n\n\n<p><strong>Ritmos y bolos:<\/strong> Revital\u00edzate con batidos energ\u00e9ticos y tazones nutritivos. Elaboradas con ingredientes frescos y saludables, cada opci\u00f3n es una explosi\u00f3n de sabor y vitalidad, perfecta para una comida ligera y nutritiva.<\/p>\n\n\n\n<p><strong>Ensaladas y Vinos:<\/strong> Saboree la frescura de ensaladas frescas y saludables, perfectamente acompa\u00f1adas de una cuidada selecci\u00f3n de vinos premium. <\/p>\n\n\n\n<p><strong>Cervezas, Bebidas y No Alcoh\u00f3licas:<\/strong> Refr\u00e9scate con una selecci\u00f3n de cervezas fr\u00edas, disfruta de deliciosas bebidas u opta por una opci\u00f3n sin alcohol. <\/p>\n\n\n\n<figure class=\"wp-block-image size-full\"><img decoding=\"async\" width=\"314\" height=\"473\" src=\"https:\/\/wenttrip.com.br\/wp-content\/uploads\/2024\/02\/quiero-cafe.png\" alt=\"Quiero Caf\u00e9 Torres\" class=\"wp-image-24515\" srcset=\"https:\/\/wenttrip.com.br\/wp-content\/uploads\/2024\/02\/quiero-cafe.png 314w, https:\/\/wenttrip.com.br\/wp-content\/uploads\/2024\/02\/quiero-cafe-199x300.png 199w, https:\/\/wenttrip.com.br\/wp-content\/uploads\/2024\/02\/quiero-cafe-8x12.png 8w\" sizes=\"(max-width: 314px) 100vw, 314px\" \/><\/figure>\n\n\n\n<p><strong>Opciones especiales para restricciones diet\u00e9ticas:<\/strong> En Quiero Caf\u00e9 valoramos la diversidad y la inclusi\u00f3n, por eso ofrecemos una variedad de opciones para satisfacer las necesidades diet\u00e9ticas de todos los clientes. Desde platos vegetarianos hasta opciones sin gluten y sin lactosa.<\/p>\n\n\n\n<p>Esperamos que hayas disfrutado de los consejos!! La pr\u00f3xima vez que est\u00e9s en Torres, aseg\u00farate de pasar por Quiero Caf\u00e9.<\/p>","protected":false},"excerpt":{"rendered":"<p>Ya sea para empezar el d\u00eda con energ\u00eda o para disfrutar de un descanso o incluso de negocios, el caf\u00e9 tiene el poder de deleitar los sentidos y brindar experiencias memorables. Y si est\u00e1s en Torres, Rio Grande do Sul, una visita obligada es Quiero Caf\u00e9. En este art\u00edculo te compartiremos con\u2026&nbsp;<a href=\"https:\/\/wenttrip.com.br\/es\/brasil\/brasil-sul\/rio-grande-do-sul\/torres\/conoce-el-quiero-cafe-en-torres-rs\/\" rel=\"bookmark\">leer m\u00e1s &quot;<span class=\"screen-reader-text\">Descubre Quiero Caf\u00e9 en Torres RS<\/span><\/a><\/p>","protected":false},"author":1,"featured_media":3132,"comment_status":"open","ping_status":"closed","sticky":false,"template":"","format":"standard","meta":{"neve_meta_sidebar":"","neve_meta_container":"","neve_meta_enable_content_width":"","neve_meta_content_width":0,"neve_meta_title_alignment":"","neve_meta_author_avatar":"","neve_post_elements_order":"","neve_meta_disable_header":"","neve_meta_disable_footer":"","neve_meta_disable_title":"","footnotes":""},"categories":[1720],"tags":[4576],"class_list":["post-25318","post","type-post","status-publish","format-standard","has-post-thumbnail","hentry","category-torres","tag-quiero-cafe"],"yoast_head":"<!-- This site is optimized with the Yoast SEO plugin v27.5 - https:\/\/yoast.com\/product\/yoast-seo-wordpress\/ -->\n<title>Conhe\u00e7a a Quiero Caf\u00e9 em Torres RS - WentTrip<\/title>\n<meta name=\"description\" content=\"Conhe\u00e7a a Quiero Caf\u00e9 em Torres RS - Seja para come\u00e7ar o dia com energia ou para desfrutar de um momento de pausa ou at\u00e9 de neg\u00f3cio, o caf\u00e9 tem o poder de encantar os sentidos e proporcionar experi\u00eancias memor\u00e1veis. E se voc\u00ea est\u00e1 em Torres, no Rio Grande do Sul, uma visita obrigat\u00f3ria \u00e9 \u00e0 Quiero Caf\u00e9.\" \/>\n<meta name=\"robots\" content=\"index, follow, max-snippet:-1, max-image-preview:large, max-video-preview:-1\" \/>\n<link rel=\"canonical\" href=\"https:\/\/wenttrip.com.br\/es\/brasil\/brasil-sul\/rio-grande-do-sul\/torres\/conoce-el-quiero-cafe-en-torres-rs\/\" \/>\n<meta property=\"og:locale\" content=\"es_ES\" \/>\n<meta property=\"og:type\" content=\"article\" \/>\n<meta property=\"og:title\" content=\"Conhe\u00e7a a Quiero Caf\u00e9 em Torres RS - WentTrip\" \/>\n<meta property=\"og:description\" content=\"Conhe\u00e7a a Quiero Caf\u00e9 em Torres RS - Seja para come\u00e7ar o dia com energia ou para desfrutar de um momento de pausa ou at\u00e9 de neg\u00f3cio, o caf\u00e9 tem o poder de encantar os sentidos e proporcionar experi\u00eancias memor\u00e1veis. E se voc\u00ea est\u00e1 em Torres, no Rio Grande do Sul, uma visita obrigat\u00f3ria \u00e9 \u00e0 Quiero Caf\u00e9.\" \/>\n<meta property=\"og:url\" content=\"https:\/\/wenttrip.com.br\/es\/brasil\/brasil-sul\/rio-grande-do-sul\/torres\/conoce-el-quiero-cafe-en-torres-rs\/\" \/>\n<meta property=\"og:site_name\" content=\"WentTrip\" \/>\n<meta property=\"article:publisher\" content=\"https:\/\/m.facebook.com\/profile.php\" \/>\n<meta property=\"article:author\" content=\"https:\/\/m.facebook.com\/profile.php\" \/>\n<meta property=\"article:published_time\" content=\"2024-04-03T19:39:54+00:00\" \/>\n<meta property=\"article:modified_time\" content=\"2024-04-03T19:39:55+00:00\" \/>\n<meta property=\"og:image\" content=\"https:\/\/wenttrip.com.br\/wp-content\/uploads\/2021\/11\/QuieroCafeTorres_0048_web-1024x683-1.jpg\" \/>\n\t<meta property=\"og:image:width\" content=\"1024\" \/>\n\t<meta property=\"og:image:height\" content=\"683\" \/>\n\t<meta property=\"og:image:type\" content=\"image\/jpeg\" \/>\n<meta name=\"author\" content=\"Fernanda Machado\" \/>\n<meta name=\"twitter:card\" content=\"summary_large_image\" \/>\n<meta name=\"twitter:creator\" content=\"@https:\/\/twitter.com\/wenttrip\" \/>\n<meta name=\"twitter:site\" content=\"@wenttrip\" \/>\n<meta name=\"twitter:label1\" content=\"Escrito por\" \/>\n\t<meta name=\"twitter:data1\" content=\"Fernanda Machado\" \/>\n\t<meta name=\"twitter:label2\" content=\"Tiempo de lectura\" \/>\n\t<meta name=\"twitter:data2\" content=\"4 minutos\" \/>\n<script type=\"application\/ld+json\" class=\"yoast-schema-graph\">{\"@context\":\"https:\\\/\\\/schema.org\",\"@graph\":[{\"@type\":\"Article\",\"@id\":\"https:\\\/\\\/wenttrip.com.br\\\/es\\\/brasil\\\/brasil-sul\\\/rio-grande-do-sul\\\/torres\\\/conoce-el-quiero-cafe-en-torres-rs\\\/#article\",\"isPartOf\":{\"@id\":\"https:\\\/\\\/wenttrip.com.br\\\/es\\\/brasil\\\/brasil-sul\\\/rio-grande-do-sul\\\/torres\\\/conoce-el-quiero-cafe-en-torres-rs\\\/\"},\"author\":{\"name\":\"Fernanda Machado\",\"@id\":\"https:\\\/\\\/wenttrip.com.br\\\/es\\\/#\\\/schema\\\/person\\\/c0ff87b449a960037fdd1b024842fcf9\"},\"headline\":\"Conhe\u00e7a a Quiero Caf\u00e9 em Torres RS\",\"datePublished\":\"2024-04-03T19:39:54+00:00\",\"dateModified\":\"2024-04-03T19:39:55+00:00\",\"mainEntityOfPage\":{\"@id\":\"https:\\\/\\\/wenttrip.com.br\\\/es\\\/brasil\\\/brasil-sul\\\/rio-grande-do-sul\\\/torres\\\/conoce-el-quiero-cafe-en-torres-rs\\\/\"},\"wordCount\":790,\"commentCount\":0,\"publisher\":{\"@id\":\"https:\\\/\\\/wenttrip.com.br\\\/es\\\/#\\\/schema\\\/person\\\/c0ff87b449a960037fdd1b024842fcf9\"},\"image\":{\"@id\":\"https:\\\/\\\/wenttrip.com.br\\\/es\\\/brasil\\\/brasil-sul\\\/rio-grande-do-sul\\\/torres\\\/conoce-el-quiero-cafe-en-torres-rs\\\/#primaryimage\"},\"thumbnailUrl\":\"https:\\\/\\\/wenttrip.com.br\\\/wp-content\\\/uploads\\\/2021\\\/11\\\/QuieroCafeTorres_0048_web-1024x683-1.jpg\",\"keywords\":[\"quiero caf\u00e9\"],\"articleSection\":[\"Torres\"],\"inLanguage\":\"es\",\"potentialAction\":[{\"@type\":\"CommentAction\",\"name\":\"Comment\",\"target\":[\"https:\\\/\\\/wenttrip.com.br\\\/es\\\/brasil\\\/brasil-sul\\\/rio-grande-do-sul\\\/torres\\\/conoce-el-quiero-cafe-en-torres-rs\\\/#respond\"]}]},{\"@type\":\"WebPage\",\"@id\":\"https:\\\/\\\/wenttrip.com.br\\\/es\\\/brasil\\\/brasil-sul\\\/rio-grande-do-sul\\\/torres\\\/conoce-el-quiero-cafe-en-torres-rs\\\/\",\"url\":\"https:\\\/\\\/wenttrip.com.br\\\/es\\\/brasil\\\/brasil-sul\\\/rio-grande-do-sul\\\/torres\\\/conoce-el-quiero-cafe-en-torres-rs\\\/\",\"name\":\"Conhe\u00e7a a Quiero Caf\u00e9 em Torres RS - WentTrip\",\"isPartOf\":{\"@id\":\"https:\\\/\\\/wenttrip.com.br\\\/es\\\/#website\"},\"primaryImageOfPage\":{\"@id\":\"https:\\\/\\\/wenttrip.com.br\\\/es\\\/brasil\\\/brasil-sul\\\/rio-grande-do-sul\\\/torres\\\/conoce-el-quiero-cafe-en-torres-rs\\\/#primaryimage\"},\"image\":{\"@id\":\"https:\\\/\\\/wenttrip.com.br\\\/es\\\/brasil\\\/brasil-sul\\\/rio-grande-do-sul\\\/torres\\\/conoce-el-quiero-cafe-en-torres-rs\\\/#primaryimage\"},\"thumbnailUrl\":\"https:\\\/\\\/wenttrip.com.br\\\/wp-content\\\/uploads\\\/2021\\\/11\\\/QuieroCafeTorres_0048_web-1024x683-1.jpg\",\"datePublished\":\"2024-04-03T19:39:54+00:00\",\"dateModified\":\"2024-04-03T19:39:55+00:00\",\"description\":\"Conhe\u00e7a a Quiero Caf\u00e9 em Torres RS - Seja para come\u00e7ar o dia com energia ou para desfrutar de um momento de pausa ou at\u00e9 de neg\u00f3cio, o caf\u00e9 tem o poder de encantar os sentidos e proporcionar experi\u00eancias memor\u00e1veis. E se voc\u00ea est\u00e1 em Torres, no Rio Grande do Sul, uma visita obrigat\u00f3ria \u00e9 \u00e0 Quiero Caf\u00e9.\",\"breadcrumb\":{\"@id\":\"https:\\\/\\\/wenttrip.com.br\\\/es\\\/brasil\\\/brasil-sul\\\/rio-grande-do-sul\\\/torres\\\/conoce-el-quiero-cafe-en-torres-rs\\\/#breadcrumb\"},\"inLanguage\":\"es\",\"potentialAction\":[{\"@type\":\"ReadAction\",\"target\":[\"https:\\\/\\\/wenttrip.com.br\\\/es\\\/brasil\\\/brasil-sul\\\/rio-grande-do-sul\\\/torres\\\/conoce-el-quiero-cafe-en-torres-rs\\\/\"]}]},{\"@type\":\"ImageObject\",\"inLanguage\":\"es\",\"@id\":\"https:\\\/\\\/wenttrip.com.br\\\/es\\\/brasil\\\/brasil-sul\\\/rio-grande-do-sul\\\/torres\\\/conoce-el-quiero-cafe-en-torres-rs\\\/#primaryimage\",\"url\":\"https:\\\/\\\/wenttrip.com.br\\\/wp-content\\\/uploads\\\/2021\\\/11\\\/QuieroCafeTorres_0048_web-1024x683-1.jpg\",\"contentUrl\":\"https:\\\/\\\/wenttrip.com.br\\\/wp-content\\\/uploads\\\/2021\\\/11\\\/QuieroCafeTorres_0048_web-1024x683-1.jpg\",\"width\":1024,\"height\":683,\"caption\":\"Quiero Cafe Torres\"},{\"@type\":\"BreadcrumbList\",\"@id\":\"https:\\\/\\\/wenttrip.com.br\\\/es\\\/brasil\\\/brasil-sul\\\/rio-grande-do-sul\\\/torres\\\/conoce-el-quiero-cafe-en-torres-rs\\\/#breadcrumb\",\"itemListElement\":[{\"@type\":\"ListItem\",\"position\":1,\"name\":\"In\u00edcio\",\"item\":\"https:\\\/\\\/wenttrip.com.br\\\/es\\\/\"},{\"@type\":\"ListItem\",\"position\":2,\"name\":\"Conhe\u00e7a a Quiero Caf\u00e9 em Torres RS\"}]},{\"@type\":\"WebSite\",\"@id\":\"https:\\\/\\\/wenttrip.com.br\\\/es\\\/#website\",\"url\":\"https:\\\/\\\/wenttrip.com.br\\\/es\\\/\",\"name\":\"WentTrip\",\"description\":\"O seu guia completo com muitas dicas de aventuras, lugares, alimenta\u00e7\u00e3o, hot\u00e9is.\",\"publisher\":{\"@id\":\"https:\\\/\\\/wenttrip.com.br\\\/es\\\/#\\\/schema\\\/person\\\/c0ff87b449a960037fdd1b024842fcf9\"},\"potentialAction\":[{\"@type\":\"SearchAction\",\"target\":{\"@type\":\"EntryPoint\",\"urlTemplate\":\"https:\\\/\\\/wenttrip.com.br\\\/es\\\/?s={search_term_string}\"},\"query-input\":{\"@type\":\"PropertyValueSpecification\",\"valueRequired\":true,\"valueName\":\"search_term_string\"}}],\"inLanguage\":\"es\"},{\"@type\":[\"Person\",\"Organization\"],\"@id\":\"https:\\\/\\\/wenttrip.com.br\\\/es\\\/#\\\/schema\\\/person\\\/c0ff87b449a960037fdd1b024842fcf9\",\"name\":\"Fernanda Machado\",\"image\":{\"@type\":\"ImageObject\",\"inLanguage\":\"es\",\"@id\":\"https:\\\/\\\/wenttrip.com.br\\\/wp-content\\\/uploads\\\/2022\\\/08\\\/WentTrip-2.png\",\"url\":\"https:\\\/\\\/wenttrip.com.br\\\/wp-content\\\/uploads\\\/2022\\\/08\\\/WentTrip-2.png\",\"contentUrl\":\"https:\\\/\\\/wenttrip.com.br\\\/wp-content\\\/uploads\\\/2022\\\/08\\\/WentTrip-2.png\",\"width\":1000,\"height\":1000,\"caption\":\"Fernanda Machado\"},\"logo\":{\"@id\":\"https:\\\/\\\/wenttrip.com.br\\\/wp-content\\\/uploads\\\/2022\\\/08\\\/WentTrip-2.png\"},\"description\":\"Aprendi que a vida \u00e9 mais leve quando colocamos uma mochila nas costas junto com sonhos. Amo viajar! Tenho 34 anos, mam\u00e3e de 3 cachorros: A Pantufa, O mutley e o Mixuruca. Compartilhamos nossas experi\u00eancias por aqui, esperamos que gostem!\",\"sameAs\":[\"https:\\\/\\\/wenttrip.com.br\",\"https:\\\/\\\/m.facebook.com\\\/profile.php\",\"https:\\\/\\\/www.instagram.com\\\/wenttrip\\\/\",\"https:\\\/\\\/x.com\\\/https:\\\/\\\/twitter.com\\\/wenttrip\",\"https:\\\/\\\/www.youtube.com\\\/c\\\/WentTrip\\\/videos\"],\"url\":\"https:\\\/\\\/wenttrip.com.br\\\/es\\\/author\\\/admin\\\/\"}]}<\/script>\n<!-- \/ Yoast SEO plugin. -->","yoast_head_json":{"title":"Descubre Quiero Caf\u00e9 en Torres RS - WentTrip","description":"Descubra Quiero Caf\u00e9 en Torres RS - Ya sea para comenzar el d\u00eda con energ\u00eda o para disfrutar de un momento de descanso o incluso de negocios, el caf\u00e9 tiene el poder de deleitar los sentidos y brindar experiencias memorables. Y si est\u00e1s en Torres, Rio Grande do Sul, una visita obligada es Quiero Caf\u00e9.","robots":{"index":"index","follow":"follow","max-snippet":"max-snippet:-1","max-image-preview":"max-image-preview:large","max-video-preview":"max-video-preview:-1"},"canonical":"https:\/\/wenttrip.com.br\/es\/brasil\/brasil-sul\/rio-grande-do-sul\/torres\/conoce-el-quiero-cafe-en-torres-rs\/","og_locale":"es_ES","og_type":"article","og_title":"Conhe\u00e7a a Quiero Caf\u00e9 em Torres RS - WentTrip","og_description":"Conhe\u00e7a a Quiero Caf\u00e9 em Torres RS - Seja para come\u00e7ar o dia com energia ou para desfrutar de um momento de pausa ou at\u00e9 de neg\u00f3cio, o caf\u00e9 tem o poder de encantar os sentidos e proporcionar experi\u00eancias memor\u00e1veis. E se voc\u00ea est\u00e1 em Torres, no Rio Grande do Sul, uma visita obrigat\u00f3ria \u00e9 \u00e0 Quiero Caf\u00e9.","og_url":"https:\/\/wenttrip.com.br\/es\/brasil\/brasil-sul\/rio-grande-do-sul\/torres\/conoce-el-quiero-cafe-en-torres-rs\/","og_site_name":"WentTrip","article_publisher":"https:\/\/m.facebook.com\/profile.php","article_author":"https:\/\/m.facebook.com\/profile.php","article_published_time":"2024-04-03T19:39:54+00:00","article_modified_time":"2024-04-03T19:39:55+00:00","og_image":[{"width":1024,"height":683,"url":"https:\/\/wenttrip.com.br\/wp-content\/uploads\/2021\/11\/QuieroCafeTorres_0048_web-1024x683-1.jpg","type":"image\/jpeg"}],"author":"Fernanda Machado","twitter_card":"summary_large_image","twitter_creator":"@https:\/\/twitter.com\/wenttrip","twitter_site":"@wenttrip","twitter_misc":{"Escrito por":"Fernanda Machado","Tiempo de lectura":"4 minutos"},"schema":{"@context":"https:\/\/schema.org","@graph":[{"@type":"Article","@id":"https:\/\/wenttrip.com.br\/es\/brasil\/brasil-sul\/rio-grande-do-sul\/torres\/conoce-el-quiero-cafe-en-torres-rs\/#article","isPartOf":{"@id":"https:\/\/wenttrip.com.br\/es\/brasil\/brasil-sul\/rio-grande-do-sul\/torres\/conoce-el-quiero-cafe-en-torres-rs\/"},"author":{"name":"Fernanda Machado","@id":"https:\/\/wenttrip.com.br\/es\/#\/schema\/person\/c0ff87b449a960037fdd1b024842fcf9"},"headline":"Conhe\u00e7a a Quiero Caf\u00e9 em Torres RS","datePublished":"2024-04-03T19:39:54+00:00","dateModified":"2024-04-03T19:39:55+00:00","mainEntityOfPage":{"@id":"https:\/\/wenttrip.com.br\/es\/brasil\/brasil-sul\/rio-grande-do-sul\/torres\/conoce-el-quiero-cafe-en-torres-rs\/"},"wordCount":790,"commentCount":0,"publisher":{"@id":"https:\/\/wenttrip.com.br\/es\/#\/schema\/person\/c0ff87b449a960037fdd1b024842fcf9"},"image":{"@id":"https:\/\/wenttrip.com.br\/es\/brasil\/brasil-sul\/rio-grande-do-sul\/torres\/conoce-el-quiero-cafe-en-torres-rs\/#primaryimage"},"thumbnailUrl":"https:\/\/wenttrip.com.br\/wp-content\/uploads\/2021\/11\/QuieroCafeTorres_0048_web-1024x683-1.jpg","keywords":["quiero caf\u00e9"],"articleSection":["Torres"],"inLanguage":"es","potentialAction":[{"@type":"CommentAction","name":"Comment","target":["https:\/\/wenttrip.com.br\/es\/brasil\/brasil-sul\/rio-grande-do-sul\/torres\/conoce-el-quiero-cafe-en-torres-rs\/#respond"]}]},{"@type":"WebPage","@id":"https:\/\/wenttrip.com.br\/es\/brasil\/brasil-sul\/rio-grande-do-sul\/torres\/conoce-el-quiero-cafe-en-torres-rs\/","url":"https:\/\/wenttrip.com.br\/es\/brasil\/brasil-sul\/rio-grande-do-sul\/torres\/conoce-el-quiero-cafe-en-torres-rs\/","name":"Descubre Quiero Caf\u00e9 en Torres RS - WentTrip","isPartOf":{"@id":"https:\/\/wenttrip.com.br\/es\/#website"},"primaryImageOfPage":{"@id":"https:\/\/wenttrip.com.br\/es\/brasil\/brasil-sul\/rio-grande-do-sul\/torres\/conoce-el-quiero-cafe-en-torres-rs\/#primaryimage"},"image":{"@id":"https:\/\/wenttrip.com.br\/es\/brasil\/brasil-sul\/rio-grande-do-sul\/torres\/conoce-el-quiero-cafe-en-torres-rs\/#primaryimage"},"thumbnailUrl":"https:\/\/wenttrip.com.br\/wp-content\/uploads\/2021\/11\/QuieroCafeTorres_0048_web-1024x683-1.jpg","datePublished":"2024-04-03T19:39:54+00:00","dateModified":"2024-04-03T19:39:55+00:00","description":"Descubra Quiero Caf\u00e9 en Torres RS - Ya sea para comenzar el d\u00eda con energ\u00eda o para disfrutar de un momento de descanso o incluso de negocios, el caf\u00e9 tiene el poder de deleitar los sentidos y brindar experiencias memorables. Y si est\u00e1s en Torres, Rio Grande do Sul, una visita obligada es Quiero Caf\u00e9.","breadcrumb":{"@id":"https:\/\/wenttrip.com.br\/es\/brasil\/brasil-sul\/rio-grande-do-sul\/torres\/conoce-el-quiero-cafe-en-torres-rs\/#breadcrumb"},"inLanguage":"es","potentialAction":[{"@type":"ReadAction","target":["https:\/\/wenttrip.com.br\/es\/brasil\/brasil-sul\/rio-grande-do-sul\/torres\/conoce-el-quiero-cafe-en-torres-rs\/"]}]},{"@type":"ImageObject","inLanguage":"es","@id":"https:\/\/wenttrip.com.br\/es\/brasil\/brasil-sul\/rio-grande-do-sul\/torres\/conoce-el-quiero-cafe-en-torres-rs\/#primaryimage","url":"https:\/\/wenttrip.com.br\/wp-content\/uploads\/2021\/11\/QuieroCafeTorres_0048_web-1024x683-1.jpg","contentUrl":"https:\/\/wenttrip.com.br\/wp-content\/uploads\/2021\/11\/QuieroCafeTorres_0048_web-1024x683-1.jpg","width":1024,"height":683,"caption":"Quiero Cafe Torres"},{"@type":"BreadcrumbList","@id":"https:\/\/wenttrip.com.br\/es\/brasil\/brasil-sul\/rio-grande-do-sul\/torres\/conoce-el-quiero-cafe-en-torres-rs\/#breadcrumb","itemListElement":[{"@type":"ListItem","position":1,"name":"In\u00edcio","item":"https:\/\/wenttrip.com.br\/es\/"},{"@type":"ListItem","position":2,"name":"Conhe\u00e7a a Quiero Caf\u00e9 em Torres RS"}]},{"@type":"WebSite","@id":"https:\/\/wenttrip.com.br\/es\/#website","url":"https:\/\/wenttrip.com.br\/es\/","name":"fuimos de viaje","description":"Tu gu\u00eda completa con muchos consejos sobre aventuras, lugares, comida, hoteles.","publisher":{"@id":"https:\/\/wenttrip.com.br\/es\/#\/schema\/person\/c0ff87b449a960037fdd1b024842fcf9"},"potentialAction":[{"@type":"SearchAction","target":{"@type":"EntryPoint","urlTemplate":"https:\/\/wenttrip.com.br\/es\/?s={search_term_string}"},"query-input":{"@type":"PropertyValueSpecification","valueRequired":true,"valueName":"search_term_string"}}],"inLanguage":"es"},{"@type":["Person","Organization"],"@id":"https:\/\/wenttrip.com.br\/es\/#\/schema\/person\/c0ff87b449a960037fdd1b024842fcf9","name":"Fernanda Machado","image":{"@type":"ImageObject","inLanguage":"es","@id":"https:\/\/wenttrip.com.br\/wp-content\/uploads\/2022\/08\/WentTrip-2.png","url":"https:\/\/wenttrip.com.br\/wp-content\/uploads\/2022\/08\/WentTrip-2.png","contentUrl":"https:\/\/wenttrip.com.br\/wp-content\/uploads\/2022\/08\/WentTrip-2.png","width":1000,"height":1000,"caption":"Fernanda Machado"},"logo":{"@id":"https:\/\/wenttrip.com.br\/wp-content\/uploads\/2022\/08\/WentTrip-2.png"},"description":"Aprend\u00ed que la vida es m\u00e1s ligera cuando nos ponemos una mochila a la espalda junto con los sue\u00f1os. \u00a1Amo viajar! Tengo 34 a\u00f1os, madre de 3 perros: Pantufa, Mutley y Mixuruca. Compartimos aqu\u00ed nuestras experiencias, \u00a1esperamos que os guste!","sameAs":["https:\/\/wenttrip.com.br","https:\/\/m.facebook.com\/profile.php","https:\/\/www.instagram.com\/wenttrip\/","https:\/\/x.com\/https:\/\/twitter.com\/wenttrip","https:\/\/www.youtube.com\/c\/WentTrip\/videos"],"url":"https:\/\/wenttrip.com.br\/es\/author\/admin\/"}]}},"_links":{"self":[{"href":"https:\/\/wenttrip.com.br\/es\/wp-json\/wp\/v2\/posts\/25318","targetHints":{"allow":["GET"]}}],"collection":[{"href":"https:\/\/wenttrip.com.br\/es\/wp-json\/wp\/v2\/posts"}],"about":[{"href":"https:\/\/wenttrip.com.br\/es\/wp-json\/wp\/v2\/types\/post"}],"author":[{"embeddable":true,"href":"https:\/\/wenttrip.com.br\/es\/wp-json\/wp\/v2\/users\/1"}],"replies":[{"embeddable":true,"href":"https:\/\/wenttrip.com.br\/es\/wp-json\/wp\/v2\/comments?post=25318"}],"version-history":[{"count":0,"href":"https:\/\/wenttrip.com.br\/es\/wp-json\/wp\/v2\/posts\/25318\/revisions"}],"wp:featuredmedia":[{"embeddable":true,"href":"https:\/\/wenttrip.com.br\/es\/wp-json\/wp\/v2\/media\/3132"}],"wp:attachment":[{"href":"https:\/\/wenttrip.com.br\/es\/wp-json\/wp\/v2\/media?parent=25318"}],"wp:term":[{"taxonomy":"category","embeddable":true,"href":"https:\/\/wenttrip.com.br\/es\/wp-json\/wp\/v2\/categories?post=25318"},{"taxonomy":"post_tag","embeddable":true,"href":"https:\/\/wenttrip.com.br\/es\/wp-json\/wp\/v2\/tags?post=25318"}],"curies":[{"name":"gracias","href":"https:\/\/api.w.org\/{rel}","templated":true}]}}