{"id":14243,"date":"2022-11-29T23:14:59","date_gmt":"2022-11-29T23:14:59","guid":{"rendered":"https:\/\/wenttrip.com.br\/?p=14243"},"modified":"2022-11-29T23:15:01","modified_gmt":"2022-11-29T23:15:01","slug":"guia-de-santa-vitoria-do-palmar","status":"publish","type":"post","link":"https:\/\/wenttrip.com.br\/es\/brasil\/brasil-sul\/rio-grande-do-sul\/santa-vitoria-do-palmar\/guia-de-santa-vitoria-do-palmar\/","title":{"rendered":"Gu\u00eda de Santa Vit\u00f3ria do Palmar"},"content":{"rendered":"<div id=\"ez-toc-container\" class=\"ez-toc-v2_0_82_2 counter-hierarchy ez-toc-counter ez-toc-grey ez-toc-container-direction\">\n<div class=\"ez-toc-title-container\">\n<p class=\"ez-toc-title\" style=\"cursor:inherit\">\u00cdndice<\/p>\n<span class=\"ez-toc-title-toggle\"><a href=\"#\" class=\"ez-toc-pull-right ez-toc-btn ez-toc-btn-xs ez-toc-btn-default ez-toc-toggle\" aria-label=\"Alternar tabla de contenidos\"><span class=\"ez-toc-js-icon-con\"><span class=\"\"><span class=\"eztoc-hide\" style=\"display:none;\">palanca<\/span><span class=\"ez-toc-icon-toggle-span\"><svg style=\"fill: #999;color:#999\" xmlns=\"http:\/\/www.w3.org\/2000\/svg\" class=\"list-377408\" width=\"20px\" height=\"20px\" viewbox=\"0 0 24 24\" fill=\"none\"><path d=\"M6 6H4v2h2V6zm14 0H8v2h12V6zM4 11h2v2H4v-2zm16 0H8v2h12v-2zM4 16h2v2H4v-2zm16 0H8v2h12v-2z\" fill=\"currentColor\"><\/path><\/svg><svg style=\"fill: #999;color:#999\" class=\"arrow-unsorted-368013\" xmlns=\"http:\/\/www.w3.org\/2000\/svg\" width=\"10px\" height=\"10px\" viewbox=\"0 0 24 24\" version=\"1.2\" baseprofile=\"tiny\"><path d=\"M18.2 9.3l-6.2-6.3-6.2 6.3c-.2.2-.3.4-.3.7s.1.5.3.7c.2.2.4.3.7.3h11c.3 0 .5-.1.7-.3.2-.2.3-.5.3-.7s-.1-.5-.3-.7zM5.8 14.7l6.2 6.3 6.2-6.3c.2-.2.3-.5.3-.7s-.1-.5-.3-.7c-.2-.2-.4-.3-.7-.3h-11c-.3 0-.5.1-.7.3-.2.2-.3.5-.3.7s.1.5.3.7z\"\/><\/svg><\/span><\/span><\/span><\/a><\/span><\/div>\n<nav><ul class='ez-toc-list ez-toc-list-level-1' ><li class='ez-toc-page-1 ez-toc-heading-level-2'><a class=\"ez-toc-link ez-toc-heading-1\" href=\"https:\/\/wenttrip.com.br\/es\/brasil\/brasil-sul\/rio-grande-do-sul\/santa-vitoria-do-palmar\/guia-de-santa-vitoria-do-palmar\/#Onde_se_localiza_Santa_Vitoria_do_Palmar\" >\u00bfD\u00f3nde est\u00e1 Santa Vit\u00f3ria do Palmar?<\/a><\/li><li class='ez-toc-page-1 ez-toc-heading-level-2'><a class=\"ez-toc-link ez-toc-heading-2\" href=\"https:\/\/wenttrip.com.br\/es\/brasil\/brasil-sul\/rio-grande-do-sul\/santa-vitoria-do-palmar\/guia-de-santa-vitoria-do-palmar\/#Como_se_chamam_os_moradores_de_Santa_Vitoria_do_Palmar\" >\u00bfC\u00f3mo se llaman los habitantes de Santa Vit\u00f3ria do Palmar?<\/a><\/li><li class='ez-toc-page-1 ez-toc-heading-level-2'><a class=\"ez-toc-link ez-toc-heading-3\" href=\"https:\/\/wenttrip.com.br\/es\/brasil\/brasil-sul\/rio-grande-do-sul\/santa-vitoria-do-palmar\/guia-de-santa-vitoria-do-palmar\/#Balneario_Hermenegildo\" >balne\u00e1rio hermenegildo<\/a><\/li><li class='ez-toc-page-1 ez-toc-heading-level-2'><a class=\"ez-toc-link ez-toc-heading-4\" href=\"https:\/\/wenttrip.com.br\/es\/brasil\/brasil-sul\/rio-grande-do-sul\/santa-vitoria-do-palmar\/guia-de-santa-vitoria-do-palmar\/#Balneario_da_Barra_do_Chui\" >Balneario Barra do Chui<\/a><\/li><li class='ez-toc-page-1 ez-toc-heading-level-2'><a class=\"ez-toc-link ez-toc-heading-5\" href=\"https:\/\/wenttrip.com.br\/es\/brasil\/brasil-sul\/rio-grande-do-sul\/santa-vitoria-do-palmar\/guia-de-santa-vitoria-do-palmar\/#Rota_dos_Farois_em_Santa_Vitoria_do_Palmar\" >Ruta de los Faros de Santa Vit\u00f3ria do Palmar<\/a><\/li><li class='ez-toc-page-1 ez-toc-heading-level-2'><a class=\"ez-toc-link ez-toc-heading-6\" href=\"https:\/\/wenttrip.com.br\/es\/brasil\/brasil-sul\/rio-grande-do-sul\/santa-vitoria-do-palmar\/guia-de-santa-vitoria-do-palmar\/#Porto_de_Santa_Vitoria_do_Palmar\" >Puerto de Santa Victoria do Palmar<\/a><\/li><li class='ez-toc-page-1 ez-toc-heading-level-2'><a class=\"ez-toc-link ez-toc-heading-7\" href=\"https:\/\/wenttrip.com.br\/es\/brasil\/brasil-sul\/rio-grande-do-sul\/santa-vitoria-do-palmar\/guia-de-santa-vitoria-do-palmar\/#Principais_distancias_de_Santa_Vitoria_do_Palmar_ate\" >Principales distancias de Santa Vit\u00f3ria do Palmar a:<\/a><\/li><li class='ez-toc-page-1 ez-toc-heading-level-2'><a class=\"ez-toc-link ez-toc-heading-8\" href=\"https:\/\/wenttrip.com.br\/es\/brasil\/brasil-sul\/rio-grande-do-sul\/santa-vitoria-do-palmar\/guia-de-santa-vitoria-do-palmar\/#Quantos_habitantes_tem_em_Santa_Vitoria_do_Palmar\" >Cu\u00e1ntos habitantes tiene Santa Vit\u00f3ria do Palmar<\/a><\/li><li class='ez-toc-page-1 ez-toc-heading-level-2'><a class=\"ez-toc-link ez-toc-heading-9\" href=\"https:\/\/wenttrip.com.br\/es\/brasil\/brasil-sul\/rio-grande-do-sul\/santa-vitoria-do-palmar\/guia-de-santa-vitoria-do-palmar\/#Parque_Eolico_Geribatu_maior_complexo_eolico_do_RS\" >Parque E\u00f3lico Geribatu: mayor parque e\u00f3lico de RS<\/a><\/li><li class='ez-toc-page-1 ez-toc-heading-level-2'><a class=\"ez-toc-link ez-toc-heading-10\" href=\"https:\/\/wenttrip.com.br\/es\/brasil\/brasil-sul\/rio-grande-do-sul\/santa-vitoria-do-palmar\/guia-de-santa-vitoria-do-palmar\/#Cine_Teatro_Independencia\" >Cine Teatro Independencia<\/a><\/li><li class='ez-toc-page-1 ez-toc-heading-level-2'><a class=\"ez-toc-link ez-toc-heading-11\" href=\"https:\/\/wenttrip.com.br\/es\/brasil\/brasil-sul\/rio-grande-do-sul\/santa-vitoria-do-palmar\/guia-de-santa-vitoria-do-palmar\/#Estacao_Ecologica_do_Taim\" >Estaci\u00f3n Ecol\u00f3gica Taim<\/a><ul class='ez-toc-list-level-3' ><li class='ez-toc-heading-level-3'><a class=\"ez-toc-link ez-toc-heading-12\" href=\"https:\/\/wenttrip.com.br\/es\/brasil\/brasil-sul\/rio-grande-do-sul\/santa-vitoria-do-palmar\/guia-de-santa-vitoria-do-palmar\/#O_que_visitar_na_Reserva_do_Taim\" >\u00bfQu\u00e9 visitar en la Reserva de Taim?<\/a><\/li><li class='ez-toc-page-1 ez-toc-heading-level-3'><a class=\"ez-toc-link ez-toc-heading-13\" href=\"https:\/\/wenttrip.com.br\/es\/brasil\/brasil-sul\/rio-grande-do-sul\/santa-vitoria-do-palmar\/guia-de-santa-vitoria-do-palmar\/#Travessia_do_Taim_%E2%80%93_jipeiros\" >Cruzando el Taim \u2013 jeeps<\/a><\/li><li class='ez-toc-page-1 ez-toc-heading-level-3'><a class=\"ez-toc-link ez-toc-heading-14\" href=\"https:\/\/wenttrip.com.br\/es\/brasil\/brasil-sul\/rio-grande-do-sul\/santa-vitoria-do-palmar\/guia-de-santa-vitoria-do-palmar\/#Quanto_custa_visitar_a_Estacao_Ecologica_do_Taim\" >\u00bfCu\u00e1nto cuesta visitar la Estaci\u00f3n Ecol\u00f3gica de Taim?<\/a><\/li><li class='ez-toc-page-1 ez-toc-heading-level-3'><a class=\"ez-toc-link ez-toc-heading-15\" href=\"https:\/\/wenttrip.com.br\/es\/brasil\/brasil-sul\/rio-grande-do-sul\/santa-vitoria-do-palmar\/guia-de-santa-vitoria-do-palmar\/#Como_chegar_ate_a_Estacao_Ecologica_do_Taim\" >C\u00f3mo llegar a la Estaci\u00f3n Ecol\u00f3gica de Taim<\/a><\/li><\/ul><\/li><li class='ez-toc-page-1 ez-toc-heading-level-2'><a class=\"ez-toc-link ez-toc-heading-16\" href=\"https:\/\/wenttrip.com.br\/es\/brasil\/brasil-sul\/rio-grande-do-sul\/santa-vitoria-do-palmar\/guia-de-santa-vitoria-do-palmar\/#Restaurantes_em_Santa_Vitoria_do_Palmar\" >Restaurantes en Santa Vit\u00f3ria do Palmar<\/a><\/li><li class='ez-toc-page-1 ez-toc-heading-level-2'><a class=\"ez-toc-link ez-toc-heading-17\" href=\"https:\/\/wenttrip.com.br\/es\/brasil\/brasil-sul\/rio-grande-do-sul\/santa-vitoria-do-palmar\/guia-de-santa-vitoria-do-palmar\/#Hotel_em_Santa_Vitoria_do_Palmar\" >Hotel en Santa Vit\u00f3ria do Palmar<\/a><\/li><li class='ez-toc-page-1 ez-toc-heading-level-2'><a class=\"ez-toc-link ez-toc-heading-18\" href=\"https:\/\/wenttrip.com.br\/es\/brasil\/brasil-sul\/rio-grande-do-sul\/santa-vitoria-do-palmar\/guia-de-santa-vitoria-do-palmar\/#Santa_Vitoria_do_Palmar\" >Santa Vit\u00f3ria do Palmar<\/a><\/li><\/ul><\/nav><\/div>\n\n<p>O Santa Viti llamada cari\u00f1osamente por los lugare\u00f1os, creamos un art\u00edculo especial sobre los principales lugares de inter\u00e9s del municipio y todo lo que necesitas saber sobre la ciudad. \u00a1\u00bfVamos?!<\/p>\n\n\n\n<h2 class=\"wp-block-heading\"><span class=\"ez-toc-section\" id=\"Onde_se_localiza_Santa_Vitoria_do_Palmar\"><\/span>\u00bfD\u00f3nde est\u00e1 Santa Vit\u00f3ria do Palmar?<span class=\"ez-toc-section-end\"><\/span><\/h2>\n\n\n\n<p>El municipio de Santa Vit\u00f3ria do Palmar est\u00e1 ubicado en el extremo sur de Brasil, limitando al norte con el municipio de Rio Grande y al sur con el municipio de Chu\u00ed, y limitando con Uruguay.<\/p>\n\n\n\n<h2 class=\"wp-block-heading\"><span class=\"ez-toc-section\" id=\"Como_se_chamam_os_moradores_de_Santa_Vitoria_do_Palmar\"><\/span>\u00bfC\u00f3mo se llaman los habitantes de Santa Vit\u00f3ria do Palmar?<span class=\"ez-toc-section-end\"><\/span><\/h2>\n\n\n\n<p>Victoriano.<\/p>\n\n\n\n<h2 class=\"wp-block-heading\"><span class=\"ez-toc-section\" id=\"Balneario_Hermenegildo\"><\/span>balne\u00e1rio hermenegildo<span class=\"ez-toc-section-end\"><\/span><\/h2>\n\n\n\n<p>Situada a 20 km del centro, tambi\u00e9n es conocida por los lugare\u00f1os como \u201cHermena\u201d, y considerada como el \u201cpara\u00edso de los <strong>somormujos<\/strong>\u201d (o bigu\u00e1, ave t\u00edpica de la regi\u00f3n).<\/p>\n\n\n\n<p>hermena comienza en <strong>Faro de Sarita <\/strong>\u2013 l\u00edmite entre Santa Vit\u00f3ria y la vecina ciudad de Rio Grande \u2013 y se extiende por<strong> 119 km hasta la playa de Barra do Chu\u00ed <\/strong>en hermosos paisajes. <\/p>\n\n\n\n<p>Es el lugar ideal para la pr\u00e1ctica de deportes acu\u00e1ticos como <strong>surf, kitesurf, bodyboard, <\/strong>etc. y para disfrutar del sol. <\/p>\n\n\n\n<figure class=\"wp-block-image size-full\"><img decoding=\"async\" width=\"550\" height=\"413\" src=\"https:\/\/wenttrip.com.br\/wp-content\/uploads\/2022\/11\/praia-do-hermenegildo.jpg\" alt=\"balne\u00e1rio hermenegildo\" class=\"wp-image-14267\" srcset=\"https:\/\/wenttrip.com.br\/wp-content\/uploads\/2022\/11\/praia-do-hermenegildo.jpg 550w, https:\/\/wenttrip.com.br\/wp-content\/uploads\/2022\/11\/praia-do-hermenegildo-300x225.jpg 300w, https:\/\/wenttrip.com.br\/wp-content\/uploads\/2022\/11\/praia-do-hermenegildo-16x12.jpg 16w\" sizes=\"(max-width: 550px) 100vw, 550px\" \/><figcaption class=\"wp-element-caption\">balne\u00e1rio hermenegildo<\/figcaption><\/figure>\n\n\n\n<p>Ba\u00f1ada por el Oc\u00e9ano Atl\u00e1ntico, una de las principales actividades es la pesca, en la que se encuentran viola, bagre, papa \u00e1ngel, lenguado y caz\u00f3n.<\/p>\n\n\n\n<h2 class=\"wp-block-heading\"><span class=\"ez-toc-section\" id=\"Balneario_da_Barra_do_Chui\"><\/span>Balneario Barra do Chui<span class=\"ez-toc-section-end\"><\/span><\/h2>\n\n\n\n<p>Ubicado a 32 km del centro de la ciudad, es un lugar perfecto para aquellos que quieren descansar y renovar sus energ\u00edas. Hay 13 kil\u00f3metros de costa pr\u00e1cticamente intacta y entornos ecol\u00f3gicamente ricos para los amantes de la naturaleza.<\/p>\n\n\n\n<p>Considerada la m\u00e1s austral de Brasil y limita con Uruguay por Balne\u00e1rio Del Chuy en ese pa\u00eds. <\/p>\n\n\n\n<p>En el balneario de Barra do Chu\u00ed, en una de las curvas del Arroio Chu\u00ed, se registra el Punto Sur de Brasil, <strong>Latitud 33\u00b0 45&#039;07\u201d y Longitud 53\u00b0 23&#039;50<\/strong>\u201c, el sur del sur de Brasil est\u00e1 aqu\u00ed en Santa Vit\u00f3ria do Palmar.<\/p>\n\n\n\n<figure class=\"wp-block-image size-full\"><img decoding=\"async\" width=\"550\" height=\"412\" src=\"https:\/\/wenttrip.com.br\/wp-content\/uploads\/2022\/11\/maior_praia_vista_da_muralha.jpg\" alt=\"Balneario Barra do Chui\" class=\"wp-image-14268\" srcset=\"https:\/\/wenttrip.com.br\/wp-content\/uploads\/2022\/11\/maior_praia_vista_da_muralha.jpg 550w, https:\/\/wenttrip.com.br\/wp-content\/uploads\/2022\/11\/maior_praia_vista_da_muralha-300x225.jpg 300w, https:\/\/wenttrip.com.br\/wp-content\/uploads\/2022\/11\/maior_praia_vista_da_muralha-16x12.jpg 16w\" sizes=\"(max-width: 550px) 100vw, 550px\" \/><figcaption class=\"wp-element-caption\">Balneario Barra do Chui<\/figcaption><\/figure>\n\n\n\n<p>Recibe turistas de Uruguay y Argentina, brindando un intercambio cultural en los meses de temporada alta (verano).<\/p>\n\n\n\n<h2 class=\"wp-block-heading\"><span class=\"ez-toc-section\" id=\"Rota_dos_Farois_em_Santa_Vitoria_do_Palmar\"><\/span>Ruta de los Faros de Santa Vit\u00f3ria do Palmar<span class=\"ez-toc-section-end\"><\/span><\/h2>\n\n\n\n<p>Visitar los faros es una forma de conocer un poco m\u00e1s de la cultura e historia del lugar. <\/p>\n\n\n\n<p>En \u201cSanta Viti\u201d hay 4 faros:<\/p>\n\n\n\n<ul class=\"wp-block-list\">\n<li>Faro de Sarita <\/li>\n\n\n\n<li>Faro de Albard\u00e3o<\/li>\n\n\n\n<li>faro de barra do chui<\/li>\n\n\n\n<li>Faro Verga<\/li>\n<\/ul>\n\n\n\n<h2 class=\"wp-block-heading\"><span class=\"ez-toc-section\" id=\"Porto_de_Santa_Vitoria_do_Palmar\"><\/span>Puerto de Santa Victoria do Palmar<span class=\"ez-toc-section-end\"><\/span><\/h2>\n\n\n\n<p>Ubicado en Lagoa Mirim, el puerto se inici\u00f3 en 1942 y todav\u00eda funciona hoy como un acceso al comercio del Mercosur.<\/p>\n\n\n\n<p>Adem\u00e1s, cuenta con un muelle de 451 metros de largo, el lugar es genial para disfrutar del paisaje, tomar un mate en la tarde y disfrutar del atardecer.<\/p>\n\n\n\n<p>El lugar tambi\u00e9n atrae a los entusiastas de los deportes y es adecuado para deportes acu\u00e1ticos como stand up paddle, kayak y pesca.\u00a0<\/p>\n\n\n\n<figure class=\"wp-block-image size-full\"><img decoding=\"async\" width=\"408\" height=\"306\" src=\"https:\/\/wenttrip.com.br\/wp-content\/uploads\/2022\/11\/20221113_185813.jpg\" alt=\"Puerto de Santa Victoria do Palmar\" class=\"wp-image-14262\" srcset=\"https:\/\/wenttrip.com.br\/wp-content\/uploads\/2022\/11\/20221113_185813.jpg 408w, https:\/\/wenttrip.com.br\/wp-content\/uploads\/2022\/11\/20221113_185813-300x225.jpg 300w, https:\/\/wenttrip.com.br\/wp-content\/uploads\/2022\/11\/20221113_185813-16x12.jpg 16w\" sizes=\"(max-width: 408px) 100vw, 408px\" \/><figcaption class=\"wp-element-caption\">Puerto de Santa Victoria do Palmar<\/figcaption><\/figure>\n\n\n\n<h2 class=\"wp-block-heading\"><span class=\"ez-toc-section\" id=\"Principais_distancias_de_Santa_Vitoria_do_Palmar_ate\"><\/span>Principales distancias de Santa Vit\u00f3ria do Palmar a:<span class=\"ez-toc-section-end\"><\/span><\/h2>\n\n\n\n<ul class=\"wp-block-list\">\n<li>Porto Alegre: 500km<\/li>\n\n\n\n<li>Pellets: 250km<\/li>\n\n\n\n<li>R\u00edo Grande: 220km<\/li>\n\n\n\n<li>Montevideo: 370km<\/li>\n\n\n\n<li>Chui: 18km<\/li>\n\n\n\n<li>Buenos Aires: 570km<\/li>\n\n\n\n<li>Puta Del Este: 240km<\/li>\n<\/ul>\n\n\n\n<h2 class=\"wp-block-heading\"><span class=\"ez-toc-section\" id=\"Quantos_habitantes_tem_em_Santa_Vitoria_do_Palmar\"><\/span>Cu\u00e1ntos habitantes tiene Santa Vit\u00f3ria do Palmar<span class=\"ez-toc-section-end\"><\/span><\/h2>\n\n\n\n<p>Seg\u00fan el Censo del IBGE de 2010, la poblaci\u00f3n se estima en <strong>30.990<\/strong> poblaci\u00f3n.<\/p>\n\n\n\n<h2 class=\"wp-block-heading\"><span class=\"ez-toc-section\" id=\"Parque_Eolico_Geribatu_maior_complexo_eolico_do_RS\"><\/span>Parque E\u00f3lico Geribatu: mayor parque e\u00f3lico de RS<span class=\"ez-toc-section-end\"><\/span><\/h2>\n\n\n\n<p>Est\u00e1 ubicado en Santa Vit\u00f3ria do Palmar, distribuido en 12 parques, 3 subestaciones en un \u00e1rea total de 10.424 hect\u00e1reas.<\/p>\n\n\n\n<p><strong>Consejo:<\/strong> Gran lugar para tomar muchas fotos \ud83d\udcf8.<\/p>\n\n\n\n<figure class=\"wp-block-image size-full\"><img decoding=\"async\" width=\"720\" height=\"480\" src=\"https:\/\/wenttrip.com.br\/wp-content\/uploads\/2022\/11\/parque-eolico.jpg\" alt=\"Parque e\u00f3lico Geribatu\" class=\"wp-image-14248\" srcset=\"https:\/\/wenttrip.com.br\/wp-content\/uploads\/2022\/11\/parque-eolico.jpg 720w, https:\/\/wenttrip.com.br\/wp-content\/uploads\/2022\/11\/parque-eolico-300x200.jpg 300w, https:\/\/wenttrip.com.br\/wp-content\/uploads\/2022\/11\/parque-eolico-18x12.jpg 18w\" sizes=\"(max-width: 720px) 100vw, 720px\" \/><figcaption class=\"wp-element-caption\">Parque e\u00f3lico Geribatu<\/figcaption><\/figure>\n\n\n\n<h2 class=\"wp-block-heading\"><span class=\"ez-toc-section\" id=\"Cine_Teatro_Independencia\"><\/span>Cine Teatro Independencia<span class=\"ez-toc-section-end\"><\/span><\/h2>\n\n\n\n<p>Catalogado como patrimonio hist\u00f3rico y cultural de Rio Grande do Sul<\/p>\n\n\n\n<h2 class=\"wp-block-heading\"><span class=\"ez-toc-section\" id=\"Estacao_Ecologica_do_Taim\"><\/span>Estaci\u00f3n Ecol\u00f3gica Taim<span class=\"ez-toc-section-end\"><\/span><\/h2>\n\n\n\n<p>Hay 32,8060 hect\u00e1reas de reserva y de este total, 70% pertenecen al municipio. <\/p>\n\n\n\n<p>\u00a1Tu objetivo es preservar la naturaleza!<\/p>\n\n\n\n<figure class=\"wp-block-image size-large\"><img decoding=\"async\" width=\"1024\" height=\"683\" src=\"https:\/\/wenttrip.com.br\/wp-content\/uploads\/2022\/11\/taim1_dji_0098-1-1200x800-1-1024x683.jpg\" alt=\"Estaci\u00f3n Ecol\u00f3gica Taim\" class=\"wp-image-14271\" srcset=\"https:\/\/wenttrip.com.br\/wp-content\/uploads\/2022\/11\/taim1_dji_0098-1-1200x800-1-1024x683.jpg 1024w, https:\/\/wenttrip.com.br\/wp-content\/uploads\/2022\/11\/taim1_dji_0098-1-1200x800-1-300x200.jpg 300w, https:\/\/wenttrip.com.br\/wp-content\/uploads\/2022\/11\/taim1_dji_0098-1-1200x800-1-768x512.jpg 768w, https:\/\/wenttrip.com.br\/wp-content\/uploads\/2022\/11\/taim1_dji_0098-1-1200x800-1-18x12.jpg 18w, https:\/\/wenttrip.com.br\/wp-content\/uploads\/2022\/11\/taim1_dji_0098-1-1200x800-1.jpg 1200w\" sizes=\"(max-width: 1024px) 100vw, 1024px\" \/><figcaption class=\"wp-element-caption\">Estaci\u00f3n Ecol\u00f3gica Taim<\/figcaption><\/figure>\n\n\n\n<p>Es considerado uno de los santuarios de aves migratorias m\u00e1s grandes del pa\u00eds, entre las aves que frecuentan el espacio se encuentran: esp\u00e1tulas, cisnes blancos, flamencos y martines pescadores, adem\u00e1s, ya se han identificado m\u00e1s de 30 especies de mam\u00edferos en el lugar.<\/p>\n\n\n\n<p>La estaci\u00f3n fue reconocida como\u00a0<strong>Patrimonio Mundial Natural<\/strong>\u00a0y es administrado por el Instituto Chico Mendes para la Conservaci\u00f3n de la Biodiversidad (<strong>ICMBio<\/strong>).<\/p>\n\n\n\n<h3 class=\"wp-block-heading\"><span class=\"ez-toc-section\" id=\"O_que_visitar_na_Reserva_do_Taim\"><\/span>\u00bfQu\u00e9 visitar en la Reserva de Taim?<span class=\"ez-toc-section-end\"><\/span><\/h3>\n\n\n\n<p>\u00a1Podr\u00e1 visitar el santuario de aves migratorias m\u00e1s grande de Brasil, viniendo de la Patagonia! Una de las aves m\u00e1s comunes en la reserva es el cisne de cuello negro, uno de los m\u00e1s hermosos del mundo.<\/p>\n\n\n\n<figure class=\"wp-block-image size-full is-resized\"><img decoding=\"async\" src=\"https:\/\/wenttrip.com.br\/wp-content\/uploads\/2022\/11\/Cygnus-Melanocoryphus-1.jpg\" alt=\"cisne de cuello negro\" class=\"wp-image-14251\" width=\"486\" height=\"374\" srcset=\"https:\/\/wenttrip.com.br\/wp-content\/uploads\/2022\/11\/Cygnus-Melanocoryphus-1.jpg 1024w, https:\/\/wenttrip.com.br\/wp-content\/uploads\/2022\/11\/Cygnus-Melanocoryphus-1-300x231.jpg 300w, https:\/\/wenttrip.com.br\/wp-content\/uploads\/2022\/11\/Cygnus-Melanocoryphus-1-768x592.jpg 768w, https:\/\/wenttrip.com.br\/wp-content\/uploads\/2022\/11\/Cygnus-Melanocoryphus-1-16x12.jpg 16w\" sizes=\"(max-width: 486px) 100vw, 486px\" \/><figcaption class=\"wp-element-caption\">cisne de cuello negro<\/figcaption><\/figure>\n\n\n\n<p> Adem\u00e1s de mucha vegetaci\u00f3n, y varios otros animales como carpinchos, caimanes, zorros entre otros.<\/p>\n\n\n\n<p>Toma los senderos en la Estaci\u00f3n Ecol\u00f3gica, son 4 en total:<\/p>\n\n\n\n<ul class=\"wp-block-list\">\n<li>sendero de la higuera<\/li>\n\n\n\n<li>Sendero Capilla<\/li>\n\n\n\n<li>sendero del tigre<\/li>\n\n\n\n<li>sendero de flores<\/li>\n<\/ul>\n\n\n\n<p>Haga una cita para su visita al tel\u00e9fono: (53) 3503-3151.<\/p>\n\n\n\n<h3 class=\"wp-block-heading\"><span class=\"ez-toc-section\" id=\"Travessia_do_Taim_%E2%80%93_jipeiros\"><\/span>Cruzando el Taim \u2013 jeeps<span class=\"ez-toc-section-end\"><\/span><\/h3>\n\n\n\n<p>\u00a1Una vez al a\u00f1o la adrenalina se hace cargo! <\/p>\n\n\n\n<p>Son conductores de jeep de varias partes de Brasil y del mundo en busca de diversi\u00f3n en medio de paisajes \u00e9picos, mucho barro, ba\u00f1ados, con sol o lluvia! <\/p>\n\n\n\n<figure class=\"wp-block-image size-full is-resized\"><img decoding=\"async\" src=\"https:\/\/wenttrip.com.br\/wp-content\/uploads\/2022\/11\/Trilha-Camaqua.jpg\" alt=\"Cruzando el Taim - jeeps\" class=\"wp-image-14258\" width=\"602\" height=\"451\" srcset=\"https:\/\/wenttrip.com.br\/wp-content\/uploads\/2022\/11\/Trilha-Camaqua.jpg 800w, https:\/\/wenttrip.com.br\/wp-content\/uploads\/2022\/11\/Trilha-Camaqua-300x225.jpg 300w, https:\/\/wenttrip.com.br\/wp-content\/uploads\/2022\/11\/Trilha-Camaqua-768x576.jpg 768w, https:\/\/wenttrip.com.br\/wp-content\/uploads\/2022\/11\/Trilha-Camaqua-16x12.jpg 16w\" sizes=\"(max-width: 602px) 100vw, 602px\" \/><figcaption class=\"wp-element-caption\">Cruzando el Taim \u2013 jeeps<\/figcaption><\/figure>\n\n\n\n<p>Suelen ser 300 km recorridos en 3 d\u00edas, la salida es desde la playa de Hermenegildo hasta Chu\u00ed.<\/p>\n\n\n\n<p>El recorrido es para pasar por la Estaci\u00f3n Ecol\u00f3gica.<\/p>\n\n\n\n<h3 class=\"wp-block-heading\"><span class=\"ez-toc-section\" id=\"Quanto_custa_visitar_a_Estacao_Ecologica_do_Taim\"><\/span>\u00bfCu\u00e1nto cuesta visitar la Estaci\u00f3n Ecol\u00f3gica de Taim?<span class=\"ez-toc-section-end\"><\/span><\/h3>\n\n\n\n<p>Los valores pueden variar de R$100.00 a R$180.00 por veh\u00edculo, dependiendo de c\u00f3mo ser\u00e1 la visita.<\/p>\n\n\n\n<p>Hacer tu reserva es importante y de esa manera ya sabr\u00e1s cu\u00e1nto costar\u00e1 tu tour.<\/p>\n\n\n\n<h3 class=\"wp-block-heading\"><span class=\"ez-toc-section\" id=\"Como_chegar_ate_a_Estacao_Ecologica_do_Taim\"><\/span>C\u00f3mo llegar a la Estaci\u00f3n Ecol\u00f3gica de Taim<span class=\"ez-toc-section-end\"><\/span><\/h3>\n\n\n\n<p>Desde Porto Alegre son 356 km, un viaje de casi 5 horas. Al llegar a Vila da Quinta, acceda al viaducto.<\/p>\n\n\n\n<p>Si vas a tomar el autob\u00fas, pide parar en la estaci\u00f3n de Taim.<\/p>\n\n\n\n<h2 class=\"wp-block-heading\"><span class=\"ez-toc-section\" id=\"Restaurantes_em_Santa_Vitoria_do_Palmar\"><\/span>Restaurantes en Santa Vit\u00f3ria do Palmar<span class=\"ez-toc-section-end\"><\/span><\/h2>\n\n\n\n<ul class=\"wp-block-list\">\n<li>Y<strong>Espacio Gourmet. <\/strong>Final: R. Conde de Porto Alegre, centro.<\/li>\n\n\n\n<li><strong>Catia Clavijo Restaurante y Asador<\/strong>. Direcci\u00f3n: R. Mirapalhete, 1313, centro.<\/li>\n\n\n\n<li><strong>chef del puerto<\/strong>. Direcci\u00f3n: R. Bar\u00e3o do Rio Branco, 1138, centro.<\/li>\n\n\n\n<li><strong>Churrasquer\u00eda de Mano<\/strong>. Fin<strong>: <\/strong>Esquina R. Campos Neutrais Bar\u00e3o do Rio Branco.<\/li>\n\n\n\n<li><strong>Snacks Q\u00b4sabor<\/strong>. Direcci\u00f3n: R. Sete de Setembro, 1760, centro.<\/li>\n\n\n\n<li><strong>Farofa \u2013 Suchi y Pizzas<\/strong>. Direcci\u00f3n: R. ANDradas, 1556, centro.<\/li>\n<\/ul>\n\n\n\n<h2 class=\"wp-block-heading\"><span class=\"ez-toc-section\" id=\"Hotel_em_Santa_Vitoria_do_Palmar\"><\/span>Hotel en Santa Vit\u00f3ria do Palmar<span class=\"ez-toc-section-end\"><\/span><\/h2>\n\n\n\n<ul class=\"wp-block-list\">\n<li><strong>Hotel Mirador. <\/strong>Tel\u00e9fono: 53-3263 1082<\/li>\n\n\n\n<li><strong>Hotel Brasil. <\/strong>Tel\u00e9fono: 53- 3263 1922<\/li>\n\n\n\n<li><strong>Hotel Frank. <\/strong>Tel\u00e9fono: 53- 3263 6411<\/li>\n\n\n\n<li>H<strong>Hotel Taperinha. <\/strong>Tel\u00e9fono: 53- 3263 5595<\/li>\n\n\n\n<li><strong>Pousada Casarao.<\/strong> Tel\u00e9fono: 53- 99936 7219<\/li>\n<\/ul>\n\n\n\n<h2 class=\"wp-block-heading\"><span class=\"ez-toc-section\" id=\"Santa_Vitoria_do_Palmar\"><\/span> Santa Vit\u00f3ria do Palmar<span class=\"ez-toc-section-end\"><\/span><\/h2>\n\n\n\n<p>Finalmente, espero que hayas disfrutado nuestro art\u00edculo, disfruta y tambi\u00e9n lee:<\/p>\n\n\n\n<p>  <a href=\"https:\/\/wenttrip.com.br\/es\/brasil\/brasil-sul\/rio-grande-do-sul\/rio-grande-do-sul-curiosidades\/\">Rio Grande do Sul \u2013 Curiosidades<\/a><\/p>\n\n\n\n<p> <a href=\"https:\/\/wenttrip.com.br\/es\/brasil\/brasil-sul\/rio-grande-do-sul\/top-7-ciudades-para-visitar-en-rio-grande-do-sul\/\">Las 7 mejores ciudades para visitar en Rio Grande do Sul<\/a><\/p>\n\n\n\n<p> <a href=\"https:\/\/wenttrip.com.br\/es\/brasil\/brasil-sul\/rio-grande-do-sul\/lugares-turisticos-rio-grande-do-sul\/\">Puntos tur\u00edsticos Rio Grande do Sul<\/a><\/p>","protected":false},"excerpt":{"rendered":"<p>O Santa Viti, llamada cari\u00f1osamente por los vecinos, creamos un art\u00edculo especial sobre los principales atractivos tur\u00edsticos de la ciudad y todo lo que necesitas saber sobre la ciudad. \u00a1\u00bfVamos?! \u00bfD\u00f3nde se encuentra Santa Vit\u00f3ria do Palmar? El municipio de Santa Vit\u00f3ria do Palmar est\u00e1 ubicado en el extremo sur de Brasil, limitando al norte con\u2026&nbsp;<a href=\"https:\/\/wenttrip.com.br\/es\/brasil\/brasil-sul\/rio-grande-do-sul\/santa-vitoria-do-palmar\/guia-de-santa-vitoria-do-palmar\/\" rel=\"bookmark\">leer m\u00e1s &quot;<span class=\"screen-reader-text\">Gu\u00eda de Santa Vit\u00f3ria do Palmar<\/span><\/a><\/p>","protected":false},"author":1,"featured_media":14248,"comment_status":"open","ping_status":"closed","sticky":false,"template":"","format":"standard","meta":{"neve_meta_sidebar":"","neve_meta_container":"","neve_meta_enable_content_width":"","neve_meta_content_width":0,"neve_meta_title_alignment":"","neve_meta_author_avatar":"","neve_post_elements_order":"","neve_meta_disable_header":"","neve_meta_disable_footer":"","neve_meta_disable_title":"","footnotes":""},"categories":[3563],"tags":[3562,3561,3558,3568,3564,3566,3565,3567,3557,3560,3569,3559],"class_list":["post-14243","post","type-post","status-publish","format-standard","has-post-thumbnail","hentry","category-santa-vitoria-do-palmar","tag-balneario-da-barra-do-chui","tag-balneario-hermenegildo","tag-cisne-de-pescoco-preto","tag-como-se-chama-os-moradores-de-santa-vitoria-do-palmar","tag-estacao-ecologica-do-taim","tag-guia-de-santa-vitoria-do-palmar","tag-o-que-visitar-na-reserva-do-taim","tag-onde-se-localiza-santa-vitoria-do-palmar","tag-parque-eolico-geribatu","tag-porto-de-santa-vitoria-do-palmar","tag-principais-distancias-de-santa-vitoria-do-palmar-ate","tag-travessia-do-taim-jipeiros"],"yoast_head":"<!-- This site is optimized with the Yoast SEO plugin v27.5 - https:\/\/yoast.com\/product\/yoast-seo-wordpress\/ -->\n<title>Guia de Santa Vit\u00f3ria do Palmar - RS-turismo-curiosidade- WentTrip<\/title>\n<meta name=\"description\" content=\"Ou Santa Viti carinhosamente chamada pelos moradores, criamos um artigo especial sobre os principais pontos tur\u00edsticos do munic\u00edpio e tudo ...\" \/>\n<meta name=\"robots\" content=\"index, follow, max-snippet:-1, max-image-preview:large, max-video-preview:-1\" \/>\n<link rel=\"canonical\" href=\"https:\/\/wenttrip.com.br\/es\/brasil\/brasil-sul\/rio-grande-do-sul\/santa-vitoria-do-palmar\/guia-de-santa-vitoria-do-palmar\/\" \/>\n<meta property=\"og:locale\" content=\"es_ES\" \/>\n<meta property=\"og:type\" content=\"article\" \/>\n<meta property=\"og:title\" content=\"Guia de Santa Vit\u00f3ria do Palmar - RS-turismo-curiosidade- WentTrip\" \/>\n<meta property=\"og:description\" content=\"Ou Santa Viti carinhosamente chamada pelos moradores, criamos um artigo especial sobre os principais pontos tur\u00edsticos do munic\u00edpio e tudo ...\" \/>\n<meta property=\"og:url\" content=\"https:\/\/wenttrip.com.br\/es\/brasil\/brasil-sul\/rio-grande-do-sul\/santa-vitoria-do-palmar\/guia-de-santa-vitoria-do-palmar\/\" \/>\n<meta property=\"og:site_name\" content=\"WentTrip\" \/>\n<meta property=\"article:publisher\" content=\"https:\/\/m.facebook.com\/profile.php\" \/>\n<meta property=\"article:author\" content=\"https:\/\/m.facebook.com\/profile.php\" \/>\n<meta property=\"article:published_time\" content=\"2022-11-29T23:14:59+00:00\" \/>\n<meta property=\"article:modified_time\" content=\"2022-11-29T23:15:01+00:00\" \/>\n<meta property=\"og:image\" content=\"https:\/\/wenttrip.com.br\/wp-content\/uploads\/2022\/11\/parque-eolico.jpg\" \/>\n\t<meta property=\"og:image:width\" content=\"720\" \/>\n\t<meta property=\"og:image:height\" content=\"480\" \/>\n\t<meta property=\"og:image:type\" content=\"image\/jpeg\" \/>\n<meta name=\"author\" content=\"Fernanda Machado\" \/>\n<meta name=\"twitter:card\" content=\"summary_large_image\" \/>\n<meta name=\"twitter:creator\" content=\"@https:\/\/twitter.com\/wenttrip\" \/>\n<meta name=\"twitter:site\" content=\"@wenttrip\" \/>\n<meta name=\"twitter:label1\" content=\"Escrito por\" \/>\n\t<meta name=\"twitter:data1\" content=\"Fernanda Machado\" \/>\n\t<meta name=\"twitter:label2\" content=\"Tiempo de lectura\" \/>\n\t<meta name=\"twitter:data2\" content=\"7 minutos\" \/>\n<script type=\"application\/ld+json\" class=\"yoast-schema-graph\">{\"@context\":\"https:\\\/\\\/schema.org\",\"@graph\":[{\"@type\":\"Article\",\"@id\":\"https:\\\/\\\/wenttrip.com.br\\\/es\\\/brasil\\\/brasil-sul\\\/rio-grande-do-sul\\\/santa-vitoria-do-palmar\\\/guia-de-santa-vitoria-do-palmar\\\/#article\",\"isPartOf\":{\"@id\":\"https:\\\/\\\/wenttrip.com.br\\\/es\\\/brasil\\\/brasil-sul\\\/rio-grande-do-sul\\\/santa-vitoria-do-palmar\\\/guia-de-santa-vitoria-do-palmar\\\/\"},\"author\":{\"name\":\"Fernanda Machado\",\"@id\":\"https:\\\/\\\/wenttrip.com.br\\\/es\\\/#\\\/schema\\\/person\\\/c0ff87b449a960037fdd1b024842fcf9\"},\"headline\":\"Guia de Santa Vit\u00f3ria do Palmar\",\"datePublished\":\"2022-11-29T23:14:59+00:00\",\"dateModified\":\"2022-11-29T23:15:01+00:00\",\"mainEntityOfPage\":{\"@id\":\"https:\\\/\\\/wenttrip.com.br\\\/es\\\/brasil\\\/brasil-sul\\\/rio-grande-do-sul\\\/santa-vitoria-do-palmar\\\/guia-de-santa-vitoria-do-palmar\\\/\"},\"wordCount\":1086,\"commentCount\":0,\"publisher\":{\"@id\":\"https:\\\/\\\/wenttrip.com.br\\\/es\\\/#\\\/schema\\\/person\\\/c0ff87b449a960037fdd1b024842fcf9\"},\"image\":{\"@id\":\"https:\\\/\\\/wenttrip.com.br\\\/es\\\/brasil\\\/brasil-sul\\\/rio-grande-do-sul\\\/santa-vitoria-do-palmar\\\/guia-de-santa-vitoria-do-palmar\\\/#primaryimage\"},\"thumbnailUrl\":\"https:\\\/\\\/wenttrip.com.br\\\/wp-content\\\/uploads\\\/2022\\\/11\\\/parque-eolico.jpg\",\"keywords\":[\"Balne\u00e1rio da Barra do Chu\u00ed\",\"Balne\u00e1rio Hermenegildo\",\"Cisne-de-pesco\u00e7o-preto\",\"Como se chama os moradores de Santa VIt\u00f3ria do Palmar?\",\"Esta\u00e7\u00e3o Ecol\u00f3gica do Taim\",\"Guia de Santa Vit\u00f3ria do Palmar\",\"O que visitar na Reserva do Taim?\",\"Onde se localiza Santa Vit\u00f3ria do Palmar?\",\"Parque E\u00f3lico Geribatu\",\"Porto de Santa Vit\u00f3ria do Palmar\",\"Principais dist\u00e2ncias de Santa Vit\u00f3ria do Palmar at\u00e9:\",\"Travessia do Taim - jipeiros\"],\"articleSection\":[\"Santa Vit\u00f3ria do Palmar\"],\"inLanguage\":\"es\",\"potentialAction\":[{\"@type\":\"CommentAction\",\"name\":\"Comment\",\"target\":[\"https:\\\/\\\/wenttrip.com.br\\\/es\\\/brasil\\\/brasil-sul\\\/rio-grande-do-sul\\\/santa-vitoria-do-palmar\\\/guia-de-santa-vitoria-do-palmar\\\/#respond\"]}]},{\"@type\":\"WebPage\",\"@id\":\"https:\\\/\\\/wenttrip.com.br\\\/es\\\/brasil\\\/brasil-sul\\\/rio-grande-do-sul\\\/santa-vitoria-do-palmar\\\/guia-de-santa-vitoria-do-palmar\\\/\",\"url\":\"https:\\\/\\\/wenttrip.com.br\\\/es\\\/brasil\\\/brasil-sul\\\/rio-grande-do-sul\\\/santa-vitoria-do-palmar\\\/guia-de-santa-vitoria-do-palmar\\\/\",\"name\":\"Guia de Santa Vit\u00f3ria do Palmar - RS-turismo-curiosidade- WentTrip\",\"isPartOf\":{\"@id\":\"https:\\\/\\\/wenttrip.com.br\\\/es\\\/#website\"},\"primaryImageOfPage\":{\"@id\":\"https:\\\/\\\/wenttrip.com.br\\\/es\\\/brasil\\\/brasil-sul\\\/rio-grande-do-sul\\\/santa-vitoria-do-palmar\\\/guia-de-santa-vitoria-do-palmar\\\/#primaryimage\"},\"image\":{\"@id\":\"https:\\\/\\\/wenttrip.com.br\\\/es\\\/brasil\\\/brasil-sul\\\/rio-grande-do-sul\\\/santa-vitoria-do-palmar\\\/guia-de-santa-vitoria-do-palmar\\\/#primaryimage\"},\"thumbnailUrl\":\"https:\\\/\\\/wenttrip.com.br\\\/wp-content\\\/uploads\\\/2022\\\/11\\\/parque-eolico.jpg\",\"datePublished\":\"2022-11-29T23:14:59+00:00\",\"dateModified\":\"2022-11-29T23:15:01+00:00\",\"description\":\"Ou Santa Viti carinhosamente chamada pelos moradores, criamos um artigo especial sobre os principais pontos tur\u00edsticos do munic\u00edpio e tudo ...\",\"breadcrumb\":{\"@id\":\"https:\\\/\\\/wenttrip.com.br\\\/es\\\/brasil\\\/brasil-sul\\\/rio-grande-do-sul\\\/santa-vitoria-do-palmar\\\/guia-de-santa-vitoria-do-palmar\\\/#breadcrumb\"},\"inLanguage\":\"es\",\"potentialAction\":[{\"@type\":\"ReadAction\",\"target\":[\"https:\\\/\\\/wenttrip.com.br\\\/es\\\/brasil\\\/brasil-sul\\\/rio-grande-do-sul\\\/santa-vitoria-do-palmar\\\/guia-de-santa-vitoria-do-palmar\\\/\"]}]},{\"@type\":\"ImageObject\",\"inLanguage\":\"es\",\"@id\":\"https:\\\/\\\/wenttrip.com.br\\\/es\\\/brasil\\\/brasil-sul\\\/rio-grande-do-sul\\\/santa-vitoria-do-palmar\\\/guia-de-santa-vitoria-do-palmar\\\/#primaryimage\",\"url\":\"https:\\\/\\\/wenttrip.com.br\\\/wp-content\\\/uploads\\\/2022\\\/11\\\/parque-eolico.jpg\",\"contentUrl\":\"https:\\\/\\\/wenttrip.com.br\\\/wp-content\\\/uploads\\\/2022\\\/11\\\/parque-eolico.jpg\",\"width\":720,\"height\":480},{\"@type\":\"BreadcrumbList\",\"@id\":\"https:\\\/\\\/wenttrip.com.br\\\/es\\\/brasil\\\/brasil-sul\\\/rio-grande-do-sul\\\/santa-vitoria-do-palmar\\\/guia-de-santa-vitoria-do-palmar\\\/#breadcrumb\",\"itemListElement\":[{\"@type\":\"ListItem\",\"position\":1,\"name\":\"In\u00edcio\",\"item\":\"https:\\\/\\\/wenttrip.com.br\\\/es\\\/\"},{\"@type\":\"ListItem\",\"position\":2,\"name\":\"Guia de Santa Vit\u00f3ria do Palmar\"}]},{\"@type\":\"WebSite\",\"@id\":\"https:\\\/\\\/wenttrip.com.br\\\/es\\\/#website\",\"url\":\"https:\\\/\\\/wenttrip.com.br\\\/es\\\/\",\"name\":\"WentTrip\",\"description\":\"O seu guia completo com muitas dicas de aventuras, lugares, alimenta\u00e7\u00e3o, hot\u00e9is.\",\"publisher\":{\"@id\":\"https:\\\/\\\/wenttrip.com.br\\\/es\\\/#\\\/schema\\\/person\\\/c0ff87b449a960037fdd1b024842fcf9\"},\"potentialAction\":[{\"@type\":\"SearchAction\",\"target\":{\"@type\":\"EntryPoint\",\"urlTemplate\":\"https:\\\/\\\/wenttrip.com.br\\\/es\\\/?s={search_term_string}\"},\"query-input\":{\"@type\":\"PropertyValueSpecification\",\"valueRequired\":true,\"valueName\":\"search_term_string\"}}],\"inLanguage\":\"es\"},{\"@type\":[\"Person\",\"Organization\"],\"@id\":\"https:\\\/\\\/wenttrip.com.br\\\/es\\\/#\\\/schema\\\/person\\\/c0ff87b449a960037fdd1b024842fcf9\",\"name\":\"Fernanda Machado\",\"image\":{\"@type\":\"ImageObject\",\"inLanguage\":\"es\",\"@id\":\"https:\\\/\\\/wenttrip.com.br\\\/wp-content\\\/uploads\\\/2022\\\/08\\\/WentTrip-2.png\",\"url\":\"https:\\\/\\\/wenttrip.com.br\\\/wp-content\\\/uploads\\\/2022\\\/08\\\/WentTrip-2.png\",\"contentUrl\":\"https:\\\/\\\/wenttrip.com.br\\\/wp-content\\\/uploads\\\/2022\\\/08\\\/WentTrip-2.png\",\"width\":1000,\"height\":1000,\"caption\":\"Fernanda Machado\"},\"logo\":{\"@id\":\"https:\\\/\\\/wenttrip.com.br\\\/wp-content\\\/uploads\\\/2022\\\/08\\\/WentTrip-2.png\"},\"description\":\"Aprendi que a vida \u00e9 mais leve quando colocamos uma mochila nas costas junto com sonhos. Amo viajar! Tenho 34 anos, mam\u00e3e de 3 cachorros: A Pantufa, O mutley e o Mixuruca. Compartilhamos nossas experi\u00eancias por aqui, esperamos que gostem!\",\"sameAs\":[\"https:\\\/\\\/wenttrip.com.br\",\"https:\\\/\\\/m.facebook.com\\\/profile.php\",\"https:\\\/\\\/www.instagram.com\\\/wenttrip\\\/\",\"https:\\\/\\\/x.com\\\/https:\\\/\\\/twitter.com\\\/wenttrip\",\"https:\\\/\\\/www.youtube.com\\\/c\\\/WentTrip\\\/videos\"],\"url\":\"https:\\\/\\\/wenttrip.com.br\\\/es\\\/author\\\/admin\\\/\"}]}<\/script>\n<!-- \/ Yoast SEO plugin. -->","yoast_head_json":{"title":"Gu\u00eda de Santa Vit\u00f3ria do Palmar - RS-turismo-curiosidade- WentTrip","description":"O Santa Viti llamada cari\u00f1osamente por los lugare\u00f1os, creamos un art\u00edculo especial sobre los principales lugares de inter\u00e9s del municipio y todo...","robots":{"index":"index","follow":"follow","max-snippet":"max-snippet:-1","max-image-preview":"max-image-preview:large","max-video-preview":"max-video-preview:-1"},"canonical":"https:\/\/wenttrip.com.br\/es\/brasil\/brasil-sul\/rio-grande-do-sul\/santa-vitoria-do-palmar\/guia-de-santa-vitoria-do-palmar\/","og_locale":"es_ES","og_type":"article","og_title":"Guia de Santa Vit\u00f3ria do Palmar - RS-turismo-curiosidade- WentTrip","og_description":"Ou Santa Viti carinhosamente chamada pelos moradores, criamos um artigo especial sobre os principais pontos tur\u00edsticos do munic\u00edpio e tudo ...","og_url":"https:\/\/wenttrip.com.br\/es\/brasil\/brasil-sul\/rio-grande-do-sul\/santa-vitoria-do-palmar\/guia-de-santa-vitoria-do-palmar\/","og_site_name":"WentTrip","article_publisher":"https:\/\/m.facebook.com\/profile.php","article_author":"https:\/\/m.facebook.com\/profile.php","article_published_time":"2022-11-29T23:14:59+00:00","article_modified_time":"2022-11-29T23:15:01+00:00","og_image":[{"width":720,"height":480,"url":"https:\/\/wenttrip.com.br\/wp-content\/uploads\/2022\/11\/parque-eolico.jpg","type":"image\/jpeg"}],"author":"Fernanda Machado","twitter_card":"summary_large_image","twitter_creator":"@https:\/\/twitter.com\/wenttrip","twitter_site":"@wenttrip","twitter_misc":{"Escrito por":"Fernanda Machado","Tiempo de lectura":"7 minutos"},"schema":{"@context":"https:\/\/schema.org","@graph":[{"@type":"Article","@id":"https:\/\/wenttrip.com.br\/es\/brasil\/brasil-sul\/rio-grande-do-sul\/santa-vitoria-do-palmar\/guia-de-santa-vitoria-do-palmar\/#article","isPartOf":{"@id":"https:\/\/wenttrip.com.br\/es\/brasil\/brasil-sul\/rio-grande-do-sul\/santa-vitoria-do-palmar\/guia-de-santa-vitoria-do-palmar\/"},"author":{"name":"Fernanda Machado","@id":"https:\/\/wenttrip.com.br\/es\/#\/schema\/person\/c0ff87b449a960037fdd1b024842fcf9"},"headline":"Guia de Santa Vit\u00f3ria do Palmar","datePublished":"2022-11-29T23:14:59+00:00","dateModified":"2022-11-29T23:15:01+00:00","mainEntityOfPage":{"@id":"https:\/\/wenttrip.com.br\/es\/brasil\/brasil-sul\/rio-grande-do-sul\/santa-vitoria-do-palmar\/guia-de-santa-vitoria-do-palmar\/"},"wordCount":1086,"commentCount":0,"publisher":{"@id":"https:\/\/wenttrip.com.br\/es\/#\/schema\/person\/c0ff87b449a960037fdd1b024842fcf9"},"image":{"@id":"https:\/\/wenttrip.com.br\/es\/brasil\/brasil-sul\/rio-grande-do-sul\/santa-vitoria-do-palmar\/guia-de-santa-vitoria-do-palmar\/#primaryimage"},"thumbnailUrl":"https:\/\/wenttrip.com.br\/wp-content\/uploads\/2022\/11\/parque-eolico.jpg","keywords":["Balne\u00e1rio da Barra do Chu\u00ed","Balne\u00e1rio Hermenegildo","Cisne-de-pesco\u00e7o-preto","Como se chama os moradores de Santa VIt\u00f3ria do Palmar?","Esta\u00e7\u00e3o Ecol\u00f3gica do Taim","Guia de Santa Vit\u00f3ria do Palmar","O que visitar na Reserva do Taim?","Onde se localiza Santa Vit\u00f3ria do Palmar?","Parque E\u00f3lico Geribatu","Porto de Santa Vit\u00f3ria do Palmar","Principais dist\u00e2ncias de Santa Vit\u00f3ria do Palmar at\u00e9:","Travessia do Taim - jipeiros"],"articleSection":["Santa Vit\u00f3ria do Palmar"],"inLanguage":"es","potentialAction":[{"@type":"CommentAction","name":"Comment","target":["https:\/\/wenttrip.com.br\/es\/brasil\/brasil-sul\/rio-grande-do-sul\/santa-vitoria-do-palmar\/guia-de-santa-vitoria-do-palmar\/#respond"]}]},{"@type":"WebPage","@id":"https:\/\/wenttrip.com.br\/es\/brasil\/brasil-sul\/rio-grande-do-sul\/santa-vitoria-do-palmar\/guia-de-santa-vitoria-do-palmar\/","url":"https:\/\/wenttrip.com.br\/es\/brasil\/brasil-sul\/rio-grande-do-sul\/santa-vitoria-do-palmar\/guia-de-santa-vitoria-do-palmar\/","name":"Gu\u00eda de Santa Vit\u00f3ria do Palmar - RS-turismo-curiosidade- WentTrip","isPartOf":{"@id":"https:\/\/wenttrip.com.br\/es\/#website"},"primaryImageOfPage":{"@id":"https:\/\/wenttrip.com.br\/es\/brasil\/brasil-sul\/rio-grande-do-sul\/santa-vitoria-do-palmar\/guia-de-santa-vitoria-do-palmar\/#primaryimage"},"image":{"@id":"https:\/\/wenttrip.com.br\/es\/brasil\/brasil-sul\/rio-grande-do-sul\/santa-vitoria-do-palmar\/guia-de-santa-vitoria-do-palmar\/#primaryimage"},"thumbnailUrl":"https:\/\/wenttrip.com.br\/wp-content\/uploads\/2022\/11\/parque-eolico.jpg","datePublished":"2022-11-29T23:14:59+00:00","dateModified":"2022-11-29T23:15:01+00:00","description":"O Santa Viti llamada cari\u00f1osamente por los lugare\u00f1os, creamos un art\u00edculo especial sobre los principales lugares de inter\u00e9s del municipio y todo...","breadcrumb":{"@id":"https:\/\/wenttrip.com.br\/es\/brasil\/brasil-sul\/rio-grande-do-sul\/santa-vitoria-do-palmar\/guia-de-santa-vitoria-do-palmar\/#breadcrumb"},"inLanguage":"es","potentialAction":[{"@type":"ReadAction","target":["https:\/\/wenttrip.com.br\/es\/brasil\/brasil-sul\/rio-grande-do-sul\/santa-vitoria-do-palmar\/guia-de-santa-vitoria-do-palmar\/"]}]},{"@type":"ImageObject","inLanguage":"es","@id":"https:\/\/wenttrip.com.br\/es\/brasil\/brasil-sul\/rio-grande-do-sul\/santa-vitoria-do-palmar\/guia-de-santa-vitoria-do-palmar\/#primaryimage","url":"https:\/\/wenttrip.com.br\/wp-content\/uploads\/2022\/11\/parque-eolico.jpg","contentUrl":"https:\/\/wenttrip.com.br\/wp-content\/uploads\/2022\/11\/parque-eolico.jpg","width":720,"height":480},{"@type":"BreadcrumbList","@id":"https:\/\/wenttrip.com.br\/es\/brasil\/brasil-sul\/rio-grande-do-sul\/santa-vitoria-do-palmar\/guia-de-santa-vitoria-do-palmar\/#breadcrumb","itemListElement":[{"@type":"ListItem","position":1,"name":"In\u00edcio","item":"https:\/\/wenttrip.com.br\/es\/"},{"@type":"ListItem","position":2,"name":"Guia de Santa Vit\u00f3ria do Palmar"}]},{"@type":"WebSite","@id":"https:\/\/wenttrip.com.br\/es\/#website","url":"https:\/\/wenttrip.com.br\/es\/","name":"fuimos de viaje","description":"Tu gu\u00eda completa con muchos consejos sobre aventuras, lugares, comida, hoteles.","publisher":{"@id":"https:\/\/wenttrip.com.br\/es\/#\/schema\/person\/c0ff87b449a960037fdd1b024842fcf9"},"potentialAction":[{"@type":"SearchAction","target":{"@type":"EntryPoint","urlTemplate":"https:\/\/wenttrip.com.br\/es\/?s={search_term_string}"},"query-input":{"@type":"PropertyValueSpecification","valueRequired":true,"valueName":"search_term_string"}}],"inLanguage":"es"},{"@type":["Person","Organization"],"@id":"https:\/\/wenttrip.com.br\/es\/#\/schema\/person\/c0ff87b449a960037fdd1b024842fcf9","name":"Fernanda Machado","image":{"@type":"ImageObject","inLanguage":"es","@id":"https:\/\/wenttrip.com.br\/wp-content\/uploads\/2022\/08\/WentTrip-2.png","url":"https:\/\/wenttrip.com.br\/wp-content\/uploads\/2022\/08\/WentTrip-2.png","contentUrl":"https:\/\/wenttrip.com.br\/wp-content\/uploads\/2022\/08\/WentTrip-2.png","width":1000,"height":1000,"caption":"Fernanda Machado"},"logo":{"@id":"https:\/\/wenttrip.com.br\/wp-content\/uploads\/2022\/08\/WentTrip-2.png"},"description":"Aprend\u00ed que la vida es m\u00e1s ligera cuando nos ponemos una mochila a la espalda junto con los sue\u00f1os. \u00a1Amo viajar! Tengo 34 a\u00f1os, madre de 3 perros: Pantufa, Mutley y Mixuruca. Compartimos aqu\u00ed nuestras experiencias, \u00a1esperamos que os guste!","sameAs":["https:\/\/wenttrip.com.br","https:\/\/m.facebook.com\/profile.php","https:\/\/www.instagram.com\/wenttrip\/","https:\/\/x.com\/https:\/\/twitter.com\/wenttrip","https:\/\/www.youtube.com\/c\/WentTrip\/videos"],"url":"https:\/\/wenttrip.com.br\/es\/author\/admin\/"}]}},"_links":{"self":[{"href":"https:\/\/wenttrip.com.br\/es\/wp-json\/wp\/v2\/posts\/14243","targetHints":{"allow":["GET"]}}],"collection":[{"href":"https:\/\/wenttrip.com.br\/es\/wp-json\/wp\/v2\/posts"}],"about":[{"href":"https:\/\/wenttrip.com.br\/es\/wp-json\/wp\/v2\/types\/post"}],"author":[{"embeddable":true,"href":"https:\/\/wenttrip.com.br\/es\/wp-json\/wp\/v2\/users\/1"}],"replies":[{"embeddable":true,"href":"https:\/\/wenttrip.com.br\/es\/wp-json\/wp\/v2\/comments?post=14243"}],"version-history":[{"count":0,"href":"https:\/\/wenttrip.com.br\/es\/wp-json\/wp\/v2\/posts\/14243\/revisions"}],"wp:featuredmedia":[{"embeddable":true,"href":"https:\/\/wenttrip.com.br\/es\/wp-json\/wp\/v2\/media\/14248"}],"wp:attachment":[{"href":"https:\/\/wenttrip.com.br\/es\/wp-json\/wp\/v2\/media?parent=14243"}],"wp:term":[{"taxonomy":"category","embeddable":true,"href":"https:\/\/wenttrip.com.br\/es\/wp-json\/wp\/v2\/categories?post=14243"},{"taxonomy":"post_tag","embeddable":true,"href":"https:\/\/wenttrip.com.br\/es\/wp-json\/wp\/v2\/tags?post=14243"}],"curies":[{"name":"gracias","href":"https:\/\/api.w.org\/{rel}","templated":true}]}}