{"id":14080,"date":"2022-11-22T17:43:16","date_gmt":"2022-11-22T17:43:16","guid":{"rendered":"https:\/\/wenttrip.com.br\/?p=14080"},"modified":"2023-04-13T14:55:50","modified_gmt":"2023-04-13T14:55:50","slug":"festival-internacional-de-balonismo-de-torres-rs-2023","status":"publish","type":"post","link":"https:\/\/wenttrip.com.br\/es\/brasil\/brasil-sul\/rio-grande-do-sul\/torres\/festival-internacional-de-globos-de-torres-rs-2023\/","title":{"rendered":"Festival de Globos Aerost\u00e1ticos de Torres RS 2023"},"content":{"rendered":"<div id=\"ez-toc-container\" class=\"ez-toc-v2_0_82_2 counter-hierarchy ez-toc-counter ez-toc-grey ez-toc-container-direction\">\n<div class=\"ez-toc-title-container\">\n<p class=\"ez-toc-title\" style=\"cursor:inherit\">\u00cdndice<\/p>\n<span class=\"ez-toc-title-toggle\"><a href=\"#\" class=\"ez-toc-pull-right ez-toc-btn ez-toc-btn-xs ez-toc-btn-default ez-toc-toggle\" aria-label=\"Alternar tabla de contenidos\"><span class=\"ez-toc-js-icon-con\"><span class=\"\"><span class=\"eztoc-hide\" style=\"display:none;\">palanca<\/span><span class=\"ez-toc-icon-toggle-span\"><svg style=\"fill: #999;color:#999\" xmlns=\"http:\/\/www.w3.org\/2000\/svg\" class=\"list-377408\" width=\"20px\" height=\"20px\" viewbox=\"0 0 24 24\" fill=\"none\"><path d=\"M6 6H4v2h2V6zm14 0H8v2h12V6zM4 11h2v2H4v-2zm16 0H8v2h12v-2zM4 16h2v2H4v-2zm16 0H8v2h12v-2z\" fill=\"currentColor\"><\/path><\/svg><svg style=\"fill: #999;color:#999\" class=\"arrow-unsorted-368013\" xmlns=\"http:\/\/www.w3.org\/2000\/svg\" width=\"10px\" height=\"10px\" viewbox=\"0 0 24 24\" version=\"1.2\" baseprofile=\"tiny\"><path d=\"M18.2 9.3l-6.2-6.3-6.2 6.3c-.2.2-.3.4-.3.7s.1.5.3.7c.2.2.4.3.7.3h11c.3 0 .5-.1.7-.3.2-.2.3-.5.3-.7s-.1-.5-.3-.7zM5.8 14.7l6.2 6.3 6.2-6.3c.2-.2.3-.5.3-.7s-.1-.5-.3-.7c-.2-.2-.4-.3-.7-.3h-11c-.3 0-.5.1-.7.3-.2.2-.3.5-.3.7s.1.5.3.7z\"\/><\/svg><\/span><\/span><\/span><\/a><\/span><\/div>\n<nav><ul class='ez-toc-list ez-toc-list-level-1' ><li class='ez-toc-page-1 ez-toc-heading-level-2'><a class=\"ez-toc-link ez-toc-heading-1\" href=\"https:\/\/wenttrip.com.br\/es\/brasil\/brasil-sul\/rio-grande-do-sul\/torres\/festival-internacional-de-globos-de-torres-rs-2023\/#Quando_acontecera_o_festival_de_balonismo_em_Torres_2023\" >\u00bfCu\u00e1ndo tendr\u00e1 lugar la fiesta de los globos aerost\u00e1ticos en Torres 2023?<\/a><\/li><li class='ez-toc-page-1 ez-toc-heading-level-2'><a class=\"ez-toc-link ez-toc-heading-2\" href=\"https:\/\/wenttrip.com.br\/es\/brasil\/brasil-sul\/rio-grande-do-sul\/torres\/festival-internacional-de-globos-de-torres-rs-2023\/#Quais_bandas_vao_tocar_no_Balonismo_em_Torres\" >\u00bfQu\u00e9 bandas tocar\u00e1n en Balonismo en Torres?<\/a><ul class='ez-toc-list-level-3' ><li class='ez-toc-heading-level-3'><a class=\"ez-toc-link ez-toc-heading-3\" href=\"https:\/\/wenttrip.com.br\/es\/brasil\/brasil-sul\/rio-grande-do-sul\/torres\/festival-internacional-de-globos-de-torres-rs-2023\/#Confira_a_lista_das_bandas_que_irao_tocar_no_balonismo_2023_em_Torres_RS\" >Consulta la lista de bandas que tocar\u00e1n en Globos 2023 en Torres RS:<\/a><ul class='ez-toc-list-level-4' ><li class='ez-toc-heading-level-4'><a class=\"ez-toc-link ez-toc-heading-4\" href=\"https:\/\/wenttrip.com.br\/es\/brasil\/brasil-sul\/rio-grande-do-sul\/torres\/festival-internacional-de-globos-de-torres-rs-2023\/#Atitute_67_e_Chimarruts\" >Actitud 67 y Chimarruts<\/a><\/li><li class='ez-toc-page-1 ez-toc-heading-level-4'><a class=\"ez-toc-link ez-toc-heading-5\" href=\"https:\/\/wenttrip.com.br\/es\/brasil\/brasil-sul\/rio-grande-do-sul\/torres\/festival-internacional-de-globos-de-torres-rs-2023\/#Luisa_Sonza\" >Luisa Sonza<\/a><\/li><li class='ez-toc-page-1 ez-toc-heading-level-4'><a class=\"ez-toc-link ez-toc-heading-6\" href=\"https:\/\/wenttrip.com.br\/es\/brasil\/brasil-sul\/rio-grande-do-sul\/torres\/festival-internacional-de-globos-de-torres-rs-2023\/#Cesar_Menotti_Fabiano\" >C\u00e9sar Menotti y Fabiano<\/a><\/li><li class='ez-toc-page-1 ez-toc-heading-level-4'><a class=\"ez-toc-link ez-toc-heading-7\" href=\"https:\/\/wenttrip.com.br\/es\/brasil\/brasil-sul\/rio-grande-do-sul\/torres\/festival-internacional-de-globos-de-torres-rs-2023\/#Aline_Barros\" >Aline Barros<\/a><\/li><li class='ez-toc-page-1 ez-toc-heading-level-4'><a class=\"ez-toc-link ez-toc-heading-8\" href=\"https:\/\/wenttrip.com.br\/es\/brasil\/brasil-sul\/rio-grande-do-sul\/torres\/festival-internacional-de-globos-de-torres-rs-2023\/#Alexandre_Pires\" >Alejandro Pires<\/a><\/li><\/ul><\/li><\/ul><\/li><li class='ez-toc-page-1 ez-toc-heading-level-2'><a class=\"ez-toc-link ez-toc-heading-9\" href=\"https:\/\/wenttrip.com.br\/es\/brasil\/brasil-sul\/rio-grande-do-sul\/torres\/festival-internacional-de-globos-de-torres-rs-2023\/#Perguntas_e_respostas_sobre_Festival_Internacional_de_Balonismo\" >Preguntas y respuestas sobre Festival Internacional de Globos Aerost\u00e1ticos<\/a><ul class='ez-toc-list-level-3' ><li class='ez-toc-heading-level-3'><a class=\"ez-toc-link ez-toc-heading-10\" href=\"https:\/\/wenttrip.com.br\/es\/brasil\/brasil-sul\/rio-grande-do-sul\/torres\/festival-internacional-de-globos-de-torres-rs-2023\/#Quais_valores_dos_ingressos_para_entrar_no_Parque_de_Balonismo_em_Torres\" >\u00bfCu\u00e1les son los precios de las entradas para entrar al Parque de Balonismo en Torres?<\/a><\/li><li class='ez-toc-page-1 ez-toc-heading-level-3'><a class=\"ez-toc-link ez-toc-heading-11\" href=\"https:\/\/wenttrip.com.br\/es\/brasil\/brasil-sul\/rio-grande-do-sul\/torres\/festival-internacional-de-globos-de-torres-rs-2023\/#Qual_valor_do_ingresso_VIP_para_entrar_no_Parque_de_Balonismo_em_Torres\" >\u00bfCu\u00e1nto cuesta la entrada VIP para entrar al Parque de Balonismo en Torres?<\/a><ul class='ez-toc-list-level-4' ><li class='ez-toc-heading-level-4'><a class=\"ez-toc-link ez-toc-heading-12\" href=\"https:\/\/wenttrip.com.br\/es\/brasil\/brasil-sul\/rio-grande-do-sul\/torres\/festival-internacional-de-globos-de-torres-rs-2023\/#Dia_27_de_abril\" >27 de abril:<\/a><\/li><li class='ez-toc-page-1 ez-toc-heading-level-4'><a class=\"ez-toc-link ez-toc-heading-13\" href=\"https:\/\/wenttrip.com.br\/es\/brasil\/brasil-sul\/rio-grande-do-sul\/torres\/festival-internacional-de-globos-de-torres-rs-2023\/#Dias_28_29_e_30_de_abril_e_1o_de_maio\" >28, 29, 30 de abril y 1 de mayo:<\/a><\/li><\/ul><\/li><li class='ez-toc-page-1 ez-toc-heading-level-3'><a class=\"ez-toc-link ez-toc-heading-14\" href=\"https:\/\/wenttrip.com.br\/es\/brasil\/brasil-sul\/rio-grande-do-sul\/torres\/festival-internacional-de-globos-de-torres-rs-2023\/#Qual_a_diferenca_entre_possuir_o_ingresso_VIP_e_o_ingresso_para_parque_para_o_Balonismo_de_Torres\" >\u00bfCu\u00e1l es la diferencia entre tener una entrada VIP y una entrada al parque para Torres Ballooning?<\/a><\/li><li class='ez-toc-page-1 ez-toc-heading-level-3'><a class=\"ez-toc-link ez-toc-heading-15\" href=\"https:\/\/wenttrip.com.br\/es\/brasil\/brasil-sul\/rio-grande-do-sul\/torres\/festival-internacional-de-globos-de-torres-rs-2023\/#Que_horas_abre_o_Parque_de_Balonismo_de_Torres\" >\u00bfA qu\u00e9 hora abre el Parque de Globos Aerost\u00e1ticos Torres?<\/a><\/li><li class='ez-toc-page-1 ez-toc-heading-level-3'><a class=\"ez-toc-link ez-toc-heading-16\" href=\"https:\/\/wenttrip.com.br\/es\/brasil\/brasil-sul\/rio-grande-do-sul\/torres\/festival-internacional-de-globos-de-torres-rs-2023\/#Como_e_feita_a_cobranca_para_acesso_ao_parque_de_Balonismo_em_Torres\" >\u00bfC\u00f3mo se cobra el acceso al parque de globos de Torres?<\/a><\/li><li class='ez-toc-page-1 ez-toc-heading-level-3'><a class=\"ez-toc-link ez-toc-heading-17\" href=\"https:\/\/wenttrip.com.br\/es\/brasil\/brasil-sul\/rio-grande-do-sul\/torres\/festival-internacional-de-globos-de-torres-rs-2023\/#Comprei_ingresso_para_outra_pessoa_mas_saiu_em_meu_nome_tem_problema\" >Compr\u00e9 un boleto para otra persona, pero sali\u00f3 a mi nombre, \u00bfeso es un problema?<\/a><\/li><li class='ez-toc-page-1 ez-toc-heading-level-3'><a class=\"ez-toc-link ez-toc-heading-18\" href=\"https:\/\/wenttrip.com.br\/es\/brasil\/brasil-sul\/rio-grande-do-sul\/torres\/festival-internacional-de-globos-de-torres-rs-2023\/#Qual_horario_de_funcionamento_da_praca_de_alimentacao_do_Parque_de_Balonismo_de_Torres\" >\u00bfCu\u00e1l es el horario de apertura del patio de comidas del Parque de Balonismo de Torres?<\/a><\/li><li class='ez-toc-page-1 ez-toc-heading-level-3'><a class=\"ez-toc-link ez-toc-heading-19\" href=\"https:\/\/wenttrip.com.br\/es\/brasil\/brasil-sul\/rio-grande-do-sul\/torres\/festival-internacional-de-globos-de-torres-rs-2023\/#Onde_comprar_os_ingressos_para_os_shows_do_Balonismo_2023\" >\u00bfD\u00f3nde comprar entradas para los espect\u00e1culos de Globos Aerost\u00e1ticos 2023?<\/a><\/li><li class='ez-toc-page-1 ez-toc-heading-level-3'><a class=\"ez-toc-link ez-toc-heading-20\" href=\"https:\/\/wenttrip.com.br\/es\/brasil\/brasil-sul\/rio-grande-do-sul\/torres\/festival-internacional-de-globos-de-torres-rs-2023\/#E_possivel_comprar_ingressos_para_os_shows_no_parque_de_Balonismo_em_Torres\" >\u00bfEs posible comprar entradas para los espect\u00e1culos en el parque de globos de Torres?<\/a><\/li><li class='ez-toc-page-1 ez-toc-heading-level-3'><a class=\"ez-toc-link ez-toc-heading-21\" href=\"https:\/\/wenttrip.com.br\/es\/brasil\/brasil-sul\/rio-grande-do-sul\/torres\/festival-internacional-de-globos-de-torres-rs-2023\/#Quem_tem_direito_a_meia_entrada_no_Balonismo_de_Torres\" >\u00bfQui\u00e9n tiene derecho a la mitad de precio en Globos Torres?<\/a><\/li><li class='ez-toc-page-1 ez-toc-heading-level-3'><a class=\"ez-toc-link ez-toc-heading-22\" href=\"https:\/\/wenttrip.com.br\/es\/brasil\/brasil-sul\/rio-grande-do-sul\/torres\/festival-internacional-de-globos-de-torres-rs-2023\/#Tem_estacionamento_no_Parque_de_Balonismo_em_Torres\" >\u00bfHay aparcamiento en el Parque de Balonismo de Torres?<\/a><\/li><li class='ez-toc-page-1 ez-toc-heading-level-3'><a class=\"ez-toc-link ez-toc-heading-23\" href=\"https:\/\/wenttrip.com.br\/es\/brasil\/brasil-sul\/rio-grande-do-sul\/torres\/festival-internacional-de-globos-de-torres-rs-2023\/#Posso_entrar_com_cachorro_dentro_do_parque_de_Balonismo_em_Torres\" >\u00bfPuedo llevar un perro dentro del parque de globos en Torres?<\/a><\/li><li class='ez-toc-page-1 ez-toc-heading-level-3'><a class=\"ez-toc-link ez-toc-heading-24\" href=\"https:\/\/wenttrip.com.br\/es\/brasil\/brasil-sul\/rio-grande-do-sul\/torres\/festival-internacional-de-globos-de-torres-rs-2023\/#Posso_entrar_com_comida_agua_e_cerveja_dentro_do_parque_de_Balonismo\" >\u00bfPuedo llevar comida, agua y cerveza dentro del parque de globos?<\/a><\/li><li class='ez-toc-page-1 ez-toc-heading-level-3'><a class=\"ez-toc-link ez-toc-heading-25\" href=\"https:\/\/wenttrip.com.br\/es\/brasil\/brasil-sul\/rio-grande-do-sul\/torres\/festival-internacional-de-globos-de-torres-rs-2023\/#Posso_entrar_no_parque_de_Balonismo_em_Torres_com_carrinho_de_bebe\" >\u00bfPuedo entrar en el parque de globos de Torres con un cochecito?<\/a><\/li><li class='ez-toc-page-1 ez-toc-heading-level-3'><a class=\"ez-toc-link ez-toc-heading-26\" href=\"https:\/\/wenttrip.com.br\/es\/brasil\/brasil-sul\/rio-grande-do-sul\/torres\/festival-internacional-de-globos-de-torres-rs-2023\/#O_que_e_o_Nigth_Glow\" >\u00bfQu\u00e9 es Night Glow?<\/a><ul class='ez-toc-list-level-4' ><li class='ez-toc-heading-level-4'><a class=\"ez-toc-link ez-toc-heading-27\" href=\"https:\/\/wenttrip.com.br\/es\/brasil\/brasil-sul\/rio-grande-do-sul\/torres\/festival-internacional-de-globos-de-torres-rs-2023\/#Dicas_para_curtir_o_Nigth_Glow\" >Consejos para disfrutar de Night Glow<\/a><\/li><\/ul><\/li><li class='ez-toc-page-1 ez-toc-heading-level-3'><a class=\"ez-toc-link ez-toc-heading-28\" href=\"https:\/\/wenttrip.com.br\/es\/brasil\/brasil-sul\/rio-grande-do-sul\/torres\/festival-internacional-de-globos-de-torres-rs-2023\/#Quando_tera_o_Nigth_Glow_no_Festival_Internacional_de_Balonismo_em_Torres\" >\u00bfCu\u00e1ndo se celebrar\u00e1 Nigth Glow en el Festival Internacional de Globos Aerost\u00e1ticos de Torres?<\/a><\/li><\/ul><\/li><li class='ez-toc-page-1 ez-toc-heading-level-2'><a class=\"ez-toc-link ez-toc-heading-29\" href=\"https:\/\/wenttrip.com.br\/es\/brasil\/brasil-sul\/rio-grande-do-sul\/torres\/festival-internacional-de-globos-de-torres-rs-2023\/#Mapa_do_Parque_do_Balonismo\" >Mapa del Parque de Globos<\/a><\/li><li class='ez-toc-page-1 ez-toc-heading-level-2'><a class=\"ez-toc-link ez-toc-heading-30\" href=\"https:\/\/wenttrip.com.br\/es\/brasil\/brasil-sul\/rio-grande-do-sul\/torres\/festival-internacional-de-globos-de-torres-rs-2023\/#O_que_voce_vai_encontrar_no_Parque_alem_de_baloes\" >\u00bfQu\u00e9 encontrar\u00e1s en el Parque adem\u00e1s de globos?<\/a><\/li><li class='ez-toc-page-1 ez-toc-heading-level-2'><a class=\"ez-toc-link ez-toc-heading-31\" href=\"https:\/\/wenttrip.com.br\/es\/brasil\/brasil-sul\/rio-grande-do-sul\/torres\/festival-internacional-de-globos-de-torres-rs-2023\/#Esquadrilha_da_fumaca_no_Festival_de_Balonismo_em_Torres\" >Escuadr\u00f3n de Humo en el Festival de Globos Aerost\u00e1ticos de Torres<\/a><\/li><li class='ez-toc-page-1 ez-toc-heading-level-2'><a class=\"ez-toc-link ez-toc-heading-32\" href=\"https:\/\/wenttrip.com.br\/es\/brasil\/brasil-sul\/rio-grande-do-sul\/torres\/festival-internacional-de-globos-de-torres-rs-2023\/#Qual_a_programacao_do_Balonismo_de_Torres\" >\u00bfCu\u00e1l es el horario de Torres Ballooning?<\/a><\/li><li class='ez-toc-page-1 ez-toc-heading-level-2'><a class=\"ez-toc-link ez-toc-heading-33\" href=\"https:\/\/wenttrip.com.br\/es\/brasil\/brasil-sul\/rio-grande-do-sul\/torres\/festival-internacional-de-globos-de-torres-rs-2023\/#Quanto_custa_um_voo_de_balao\" >\u00bfCu\u00e1nto cuesta un vuelo en globo?<\/a><\/li><\/ul><\/nav><\/div>\n\n<p>El 33 Festival Internacional de Globos Aerost\u00e1ticos de Torres ya tiene fecha fijada para 2023. Ent\u00e9rate aqu\u00ed en este post de todo el&nbsp;<strong>Festival.<\/strong> \u00a1Ser\u00e1n los 5 d\u00edas m\u00e1s coloridos y esperados del a\u00f1o!<\/p>\n\n\n\n<h2 class=\"wp-block-heading\"><span class=\"ez-toc-section\" id=\"Quando_acontecera_o_festival_de_balonismo_em_Torres_2023\"><\/span>\u00bfCu\u00e1ndo tendr\u00e1 lugar la fiesta de los globos aerost\u00e1ticos en Torres 2023?<span class=\"ez-toc-section-end\"><\/span><\/h2>\n\n\n\n<p>Ser\u00e1 entre el jueves 27 de abril y el lunes 1 de mayo, festivo del D\u00eda del Trabajo.<\/p>\n\n\n\n<figure class=\"wp-block-image size-full\"><img decoding=\"async\" width=\"1000\" height=\"663\" src=\"https:\/\/wenttrip.com.br\/wp-content\/uploads\/2023\/03\/Balao-001-Abertura-1.webp\" alt=\"Globos 2023\" class=\"wp-image-15574\" srcset=\"https:\/\/wenttrip.com.br\/wp-content\/uploads\/2023\/03\/Balao-001-Abertura-1.webp 1000w, https:\/\/wenttrip.com.br\/wp-content\/uploads\/2023\/03\/Balao-001-Abertura-1-300x199.webp 300w, https:\/\/wenttrip.com.br\/wp-content\/uploads\/2023\/03\/Balao-001-Abertura-1-768x509.webp 768w, https:\/\/wenttrip.com.br\/wp-content\/uploads\/2023\/03\/Balao-001-Abertura-1-18x12.webp 18w\" sizes=\"(max-width: 1000px) 100vw, 1000px\" \/><figcaption class=\"wp-element-caption\">Globos 2023<\/figcaption><\/figure>\n\n\n\n<h2 class=\"wp-block-heading\"><span class=\"ez-toc-section\" id=\"Quais_bandas_vao_tocar_no_Balonismo_em_Torres\"><\/span>\u00bfQu\u00e9 bandas tocar\u00e1n en Balonismo en Torres?<span class=\"ez-toc-section-end\"><\/span><\/h2>\n\n\n\n<p>Las principales atracciones musicales ya han sido anunciadas y son:<br>27 de abril \u2013 Salida Aline Barros a las 21:30 horas;<br>28 de abril: Chimarruts comienza a las 9 p. m. y Attitude 67 comienza a las 11 p. m.;<br>29 de abril \u2013 Lu\u00edsa Sonza a partir de las 23:30 horas;<br>30 de abril \u2013 Alexandre Pires comienza a las 22 h;<br>1 de mayo \u2013 C\u00e9sar Menotti y Fabiano comienzan a las 21 h.<\/p>\n\n\n\n<p><\/p>\n\n\n\n<figure class=\"wp-block-image size-full\"><img decoding=\"async\" width=\"960\" height=\"421\" src=\"https:\/\/wenttrip.com.br\/wp-content\/uploads\/2023\/03\/330925690_743233867422112_4455850944469411784_n.png\" alt=\"Bandas que tocar\u00e1n en el Festival Internacional de Globos Aerost\u00e1ticos de Torres RS\" class=\"wp-image-15576\" srcset=\"https:\/\/wenttrip.com.br\/wp-content\/uploads\/2023\/03\/330925690_743233867422112_4455850944469411784_n.png 960w, https:\/\/wenttrip.com.br\/wp-content\/uploads\/2023\/03\/330925690_743233867422112_4455850944469411784_n-300x132.png 300w, https:\/\/wenttrip.com.br\/wp-content\/uploads\/2023\/03\/330925690_743233867422112_4455850944469411784_n-768x337.png 768w, https:\/\/wenttrip.com.br\/wp-content\/uploads\/2023\/03\/330925690_743233867422112_4455850944469411784_n-18x8.png 18w\" sizes=\"(max-width: 960px) 100vw, 960px\" \/><figcaption class=\"wp-element-caption\">Bandas que tocar\u00e1n en el Festival Internacional de Globos Aerost\u00e1ticos de Torres RS<\/figcaption><\/figure>\n\n\n\n<h3 class=\"wp-block-heading\"><span class=\"ez-toc-section\" id=\"Confira_a_lista_das_bandas_que_irao_tocar_no_balonismo_2023_em_Torres_RS\"><\/span>Consulta la lista de bandas que tocar\u00e1n en Globos 2023 en Torres RS:<span class=\"ez-toc-section-end\"><\/span><\/h3>\n\n\n\n<h4 class=\"wp-block-heading\"><span class=\"ez-toc-section\" id=\"Atitute_67_e_Chimarruts\"><\/span>Actitud 67 y Chimarruts<span class=\"ez-toc-section-end\"><\/span><\/h4>\n\n\n\n<p>28 de abril: Chimarruts comienza a las 9:00 p. m. y Attitude 67 comienza a las 11:00 p. m.<\/p>\n\n\n\n<h4 class=\"wp-block-heading\"><span class=\"ez-toc-section\" id=\"Luisa_Sonza\"><\/span>Luisa Sonza<span class=\"ez-toc-section-end\"><\/span><\/h4>\n\n\n\n<p>29 de abril \u2013 Lu\u00edsa Sonza comienza a las 23:30 horas.<\/p>\n\n\n\n<h4 class=\"wp-block-heading\"><span class=\"ez-toc-section\" id=\"Cesar_Menotti_Fabiano\"><\/span>C\u00e9sar Menotti y Fabiano<span class=\"ez-toc-section-end\"><\/span><\/h4>\n\n\n\n<p>1 de mayo \u2013 C\u00e9sar Menotti y Fabiano comienzan a las 21 h.<\/p>\n\n\n\n<h4 class=\"wp-block-heading\"><span class=\"ez-toc-section\" id=\"Aline_Barros\"><\/span>Aline Barros<span class=\"ez-toc-section-end\"><\/span><\/h4>\n\n\n\n<p>27 de abril \u2013 Aline Barros comienza a las 21:30 horas.<\/p>\n\n\n\n<h4 class=\"wp-block-heading\"><span class=\"ez-toc-section\" id=\"Alexandre_Pires\"><\/span>Alejandro Pires<span class=\"ez-toc-section-end\"><\/span><\/h4>\n\n\n\n<p>30 de abril \u2013 Alexandre Pires comienza a las 22 h.<\/p>\n\n\n\n<p>Comenta aqu\u00ed, \u00bfqu\u00e9 piensas de estas bandas? \u00bfQuieres venir a uno? <\/p>\n\n\n\n<h2 class=\"wp-block-heading\"><span class=\"ez-toc-section\" id=\"Perguntas_e_respostas_sobre_Festival_Internacional_de_Balonismo\"><\/span>Preguntas y respuestas sobre Festival Internacional de Globos Aerost\u00e1ticos<span class=\"ez-toc-section-end\"><\/span><\/h2>\n\n\n\n<figure class=\"wp-block-image size-large\"><img decoding=\"async\" width=\"1024\" height=\"683\" src=\"https:\/\/wenttrip.com.br\/wp-content\/uploads\/2023\/03\/balonismo-teutonia-5-1024x683.jpg\" alt=\"Festival Internacional de Globos Aerost\u00e1ticos\" class=\"wp-image-15571\" srcset=\"https:\/\/wenttrip.com.br\/wp-content\/uploads\/2023\/03\/balonismo-teutonia-5-1024x683.jpg 1024w, https:\/\/wenttrip.com.br\/wp-content\/uploads\/2023\/03\/balonismo-teutonia-5-300x200.jpg 300w, https:\/\/wenttrip.com.br\/wp-content\/uploads\/2023\/03\/balonismo-teutonia-5-768x512.jpg 768w, https:\/\/wenttrip.com.br\/wp-content\/uploads\/2023\/03\/balonismo-teutonia-5-1536x1024.jpg 1536w, https:\/\/wenttrip.com.br\/wp-content\/uploads\/2023\/03\/balonismo-teutonia-5-18x12.jpg 18w, https:\/\/wenttrip.com.br\/wp-content\/uploads\/2023\/03\/balonismo-teutonia-5.jpg 1920w\" sizes=\"(max-width: 1024px) 100vw, 1024px\" \/><figcaption class=\"wp-element-caption\">Festival Internacional de Globos Aerost\u00e1ticos<\/figcaption><\/figure>\n\n\n\n<h3 class=\"wp-block-heading\"><span class=\"ez-toc-section\" id=\"Quais_valores_dos_ingressos_para_entrar_no_Parque_de_Balonismo_em_Torres\"><\/span>\u00bfCu\u00e1les son los precios de las entradas para entrar al Parque de Balonismo en Torres?<span class=\"ez-toc-section-end\"><\/span><\/h3>\n\n\n\n<p>Precios de las entradas para entrar en Globos Aerost\u00e1ticos en los d\u00edas<strong> 27\/04, 28\/04, 29\/04, 30\/04 y 05\/01<\/strong>:<\/p>\n\n\n\n<ul class=\"wp-block-list\">\n<li>valor entero R$ 20.00;<\/li>\n\n\n\n<li>valor solidario R$ 15.00 + un kilo de comida (debe llevar comida el d\u00eda del evento);<\/li>\n\n\n\n<li>mitad de precio R$ 10.00.<\/li>\n<\/ul>\n\n\n\n<h3 class=\"wp-block-heading\"><span class=\"ez-toc-section\" id=\"Qual_valor_do_ingresso_VIP_para_entrar_no_Parque_de_Balonismo_em_Torres\"><\/span>\u00bfCu\u00e1nto cuesta la entrada VIP para entrar al Parque de Balonismo en Torres?<span class=\"ez-toc-section-end\"><\/span><\/h3>\n\n\n\n<h4 class=\"wp-block-heading\"><span class=\"ez-toc-section\" id=\"Dia_27_de_abril\"><\/span><strong>27 de abril<\/strong>: <span class=\"ez-toc-section-end\"><\/span><\/h4>\n\n\n\n<ul class=\"wp-block-list\">\n<li>valor entero R$ 60,00;<\/li>\n\n\n\n<li>valor solidario R$ 55.00 + un kilo de comida (debe llevar comida el d\u00eda del evento);<\/li>\n\n\n\n<li>mitad de precio R$ 30,00 (qui\u00e9n tiene derecho a la mitad de precio, ver arriba).<\/li>\n<\/ul>\n\n\n\n<h4 class=\"wp-block-heading\"><span class=\"ez-toc-section\" id=\"Dias_28_29_e_30_de_abril_e_1o_de_maio\"><\/span><strong>28, 29, 30 de abril y 1 de mayo: <\/strong><span class=\"ez-toc-section-end\"><\/span><\/h4>\n\n\n\n<ul class=\"wp-block-list\">\n<li>1er lote, valor completo R$ 100.00;  <\/li>\n\n\n\n<li>valor solidario R$ 95.00 + un kilo de comida (debe llevar comida el d\u00eda del evento);<\/li>\n\n\n\n<li> mitad valor de entrada R$ 50.00 (quien tiene derecho a mitad de precio, ver arriba).<\/li>\n<\/ul>\n\n\n\n<h3 class=\"wp-block-heading\"><span class=\"ez-toc-section\" id=\"Qual_a_diferenca_entre_possuir_o_ingresso_VIP_e_o_ingresso_para_parque_para_o_Balonismo_de_Torres\"><\/span>\u00bfCu\u00e1l es la diferencia entre tener una entrada VIP y una entrada al parque para Torres Ballooning?<span class=\"ez-toc-section-end\"><\/span><\/h3>\n\n\n\n<p><strong>billete com\u00fan<\/strong>: acceso al Event Park con derecho a presenciar el espect\u00e1culo nacional. <\/p>\n\n\n\n<p><strong>entrada vip<\/strong>: Zona frente al escenario, sin cobertura, con la compra de esta entrada ya tienes garantizado el acceso al Parque. Ninguna de las \u00e1reas incluye barra libre.<\/p>\n\n\n\n<h3 class=\"wp-block-heading\"><span class=\"ez-toc-section\" id=\"Que_horas_abre_o_Parque_de_Balonismo_de_Torres\"><\/span>\u00bfA qu\u00e9 hora abre el Parque de Globos Aerost\u00e1ticos Torres?<span class=\"ez-toc-section-end\"><\/span><\/h3>\n\n\n\n<p>Las puertas del Parque abren todos los d\u00edas a las 7 am.<\/p>\n\n\n\n<figure class=\"wp-block-image size-full\"><img decoding=\"async\" width=\"700\" height=\"466\" src=\"https:\/\/wenttrip.com.br\/wp-content\/uploads\/2023\/03\/17373986.jpg\" alt=\"Globos en Torres\" class=\"wp-image-15588\" srcset=\"https:\/\/wenttrip.com.br\/wp-content\/uploads\/2023\/03\/17373986.jpg 700w, https:\/\/wenttrip.com.br\/wp-content\/uploads\/2023\/03\/17373986-300x200.jpg 300w, https:\/\/wenttrip.com.br\/wp-content\/uploads\/2023\/03\/17373986-18x12.jpg 18w\" sizes=\"(max-width: 700px) 100vw, 700px\" \/><figcaption class=\"wp-element-caption\">Globos en Torres<\/figcaption><\/figure>\n\n\n\n<h3 class=\"wp-block-heading\"><span class=\"ez-toc-section\" id=\"Como_e_feita_a_cobranca_para_acesso_ao_parque_de_Balonismo_em_Torres\"><\/span>\u00bfC\u00f3mo se cobra el acceso al parque de globos de Torres?<span class=\"ez-toc-section-end\"><\/span><\/h3>\n\n\n\n<p>El acceso al parque hasta las 14:00 horas es <strong><mark style=\"background-color:#fcf000\" class=\"has-inline-color\">GRATIS <\/mark><\/strong>para visitas. Quienes ya se encuentren dentro del recinto del evento podr\u00e1n permanecer hasta la hora deseada. <\/p>\n\n\n\n<p>A partir de las 14:00 horas, los visitantes que deseen acceder al evento deber\u00e1n adquirir su entrada y recibir una pulsera identificativa para acceder al evento, pudiendo entrar y salir del recinto a partir de esta hora siempre que lo consideren necesario. <\/p>\n\n\n\n<p>Si desea volver, deber\u00e1 presentar la pulsera identificativa en la puerta de acceso.<\/p>\n\n\n\n<h3 class=\"wp-block-heading\"><span class=\"ez-toc-section\" id=\"Comprei_ingresso_para_outra_pessoa_mas_saiu_em_meu_nome_tem_problema\"><\/span>Compr\u00e9 un boleto para otra persona, pero sali\u00f3 a mi nombre, \u00bfeso es un problema?<span class=\"ez-toc-section-end\"><\/span><\/h3>\n\n\n\n<p>No hay problema, la persona podr\u00e1 acceder al parque con la entrada, aunque est\u00e9 a nombre de otra persona.<\/p>\n\n\n\n<p>Sin embargo, si es <strong>Mitad de precio<\/strong>, el boleto deber\u00e1 ser presentado con el respectivo comprobante de que se tiene derecho al beneficio.<\/p>\n\n\n\n<h3 class=\"wp-block-heading\"><span class=\"ez-toc-section\" id=\"Qual_horario_de_funcionamento_da_praca_de_alimentacao_do_Parque_de_Balonismo_de_Torres\"><\/span>\u00bfCu\u00e1l es el horario de apertura del patio de comidas del Parque de Balonismo de Torres?<span class=\"ez-toc-section-end\"><\/span><\/h3>\n\n\n\n<p>El patio de comidas estar\u00e1 abierto de 8 am a 11 pm o seg\u00fan el p\u00fablico.<\/p>\n\n\n\n<h3 class=\"wp-block-heading\"><span class=\"ez-toc-section\" id=\"Onde_comprar_os_ingressos_para_os_shows_do_Balonismo_2023\"><\/span>\u00bfD\u00f3nde comprar entradas para los espect\u00e1culos de Globos Aerost\u00e1ticos 2023?<span class=\"ez-toc-section-end\"><\/span><\/h3>\n\n\n\n<p>Las entradas est\u00e1n a la venta en la web oficial de la <strong><mark style=\"background-color:#fcf200\" class=\"has-inline-color\">www.minhaentrada.com.br<\/mark><\/strong> .<\/p>\n\n\n\n<h3 class=\"wp-block-heading\"><span class=\"ez-toc-section\" id=\"E_possivel_comprar_ingressos_para_os_shows_no_parque_de_Balonismo_em_Torres\"><\/span>\u00bfEs posible comprar entradas para los espect\u00e1culos en el parque de globos de Torres?<span class=\"ez-toc-section-end\"><\/span><\/h3>\n\n\n\n<p>S\u00ed. En la entrada al parque, puede asegurar sus boletos.<\/p>\n\n\n\n<h3 class=\"wp-block-heading\"><span class=\"ez-toc-section\" id=\"Quem_tem_direito_a_meia_entrada_no_Balonismo_de_Torres\"><\/span>\u00bfQui\u00e9n tiene derecho a la mitad de precio en Globos Torres?<span class=\"ez-toc-section-end\"><\/span><\/h3>\n\n\n\n<ul class=\"wp-block-list\">\n<li>j\u00f3venes hasta los 15 a\u00f1os;<\/li>\n\n\n\n<li>Personas con necesidades especiales y su acompa\u00f1ante, cuando sea necesario;<\/li>\n\n\n\n<li>J\u00f3venes de escasos recursos de 15 a 29 a\u00f1os inscritos en el registro \u00fanico;<\/li>\n\n\n\n<li>Donantes de sangre (mediante tarjeta de donante);<\/li>\n\n\n\n<li>Estudiante previa presentaci\u00f3n de una tarjeta de estudiante v\u00e1lida;<\/li>\n\n\n\n<li>Los docentes que acrediten su calidad de docentes mediante c\u00e9dula funcional expedida por el organismo empleador respectivo;<\/li>\n\n\n\n<li>Ancianos (60 a\u00f1os o m\u00e1s).<\/li>\n<\/ul>\n\n\n\n<h3 class=\"wp-block-heading\"><span class=\"ez-toc-section\" id=\"Tem_estacionamento_no_Parque_de_Balonismo_em_Torres\"><\/span>\u00bfHay aparcamiento en el Parque de Balonismo de Torres?<span class=\"ez-toc-section-end\"><\/span><\/h3>\n\n\n\n<p>Alrededor del parque hay estacionamiento gratuito, y al costado del parque hay un estacionamiento privado que se paga. <\/p>\n\n\n\n<p>La nuestra <strong>propina <\/strong>puedes tomar un UBER o dependiendo de donde vayas caminando, como es muy dif\u00edcil conducir durante el festival, el tr\u00e1fico es terrible.<\/p>\n\n\n\n<h3 class=\"wp-block-heading\"><span class=\"ez-toc-section\" id=\"Posso_entrar_com_cachorro_dentro_do_parque_de_Balonismo_em_Torres\"><\/span>\u00bfPuedo llevar un perro dentro del parque de globos en Torres?<span class=\"ez-toc-section-end\"><\/span><\/h3>\n\n\n\n<p>S\u00ed, siempre y cuando est\u00e9 en la ficha.<\/p>\n\n\n\n<h3 class=\"wp-block-heading\"><span class=\"ez-toc-section\" id=\"Posso_entrar_com_comida_agua_e_cerveja_dentro_do_parque_de_Balonismo\"><\/span>\u00bfPuedo llevar comida, agua y cerveza dentro del parque de globos?<span class=\"ez-toc-section-end\"><\/span><\/h3>\n\n\n\n<p>No, si lo est\u00e1s consumiendo fuera del parque, al pasar por las puertas, los responsables te pedir\u00e1n que lo deseches. <\/p>\n\n\n\n<p>En casos especiales se puede hablar con los responsables, como alimentos para beb\u00e9s, o alimentos para al\u00e9rgicos.<\/p>\n\n\n\n<h3 class=\"wp-block-heading\"><span class=\"ez-toc-section\" id=\"Posso_entrar_no_parque_de_Balonismo_em_Torres_com_carrinho_de_bebe\"><\/span>\u00bfPuedo entrar en el parque de globos de Torres con un cochecito?<span class=\"ez-toc-section-end\"><\/span><\/h3>\n\n\n\n<p>S\u00ed.<\/p>\n\n\n\n<h3 class=\"wp-block-heading\"><span class=\"ez-toc-section\" id=\"O_que_e_o_Nigth_Glow\"><\/span>\u00bfQu\u00e9 es Night Glow?<span class=\"ez-toc-section-end\"><\/span><\/h3>\n\n\n\n<p>Es la danza de las luces, es el momento m\u00e1gico con los globos. traductorio <strong>\u201cResplandor de la tarde\u201d<\/strong>.<\/p>\n\n\n\n<p>Sus pilotos aparcan en el parque, inflan sus globos y encienden sus sopletes, apag\u00e1ndolos y encendi\u00e9ndolos, al ritmo de las canciones.<\/p>\n\n\n\n<p>Durante la noche es un espect\u00e1culo maravilloso que no te puedes perder el festival de globos iluminados.<\/p>\n\n\n\n<figure class=\"wp-block-image size-full\"><img decoding=\"async\" width=\"1024\" height=\"682\" src=\"https:\/\/wenttrip.com.br\/wp-content\/uploads\/2023\/03\/night-glow.webp\" alt=\"\u00bfQu\u00e9 es Night Glow?\" class=\"wp-image-15581\" srcset=\"https:\/\/wenttrip.com.br\/wp-content\/uploads\/2023\/03\/night-glow.webp 1024w, https:\/\/wenttrip.com.br\/wp-content\/uploads\/2023\/03\/night-glow-300x200.webp 300w, https:\/\/wenttrip.com.br\/wp-content\/uploads\/2023\/03\/night-glow-768x512.webp 768w, https:\/\/wenttrip.com.br\/wp-content\/uploads\/2023\/03\/night-glow-18x12.webp 18w\" sizes=\"(max-width: 1024px) 100vw, 1024px\" \/><figcaption class=\"wp-element-caption\">\u00bfQu\u00e9 es Night Glow?<\/figcaption><\/figure>\n\n\n\n<h4 class=\"wp-block-heading\"><span class=\"ez-toc-section\" id=\"Dicas_para_curtir_o_Nigth_Glow\"><\/span>Consejos para disfrutar de Night Glow<span class=\"ez-toc-section-end\"><\/span><\/h4>\n\n\n\n<ul class=\"wp-block-list\">\n<li>Llegue temprano para asegurar su espacio justo en frente de los globos;<\/li>\n\n\n\n<li>estar a la hora prevista por el evento;<\/li>\n\n\n\n<li>tener tu celular con la bater\u00eda llena;<\/li>\n\n\n\n<li>la caravana de Night Glow es hermosa, ya sea que est\u00e9n en la ruta o juntos;<\/li>\n\n\n\n<li>ll\u00e9vate a tus hijos, quedar\u00e1n encantados.<\/li>\n<\/ul>\n\n\n\n<p><\/p>\n\n\n\n<h3 class=\"wp-block-heading\"><span class=\"ez-toc-section\" id=\"Quando_tera_o_Nigth_Glow_no_Festival_Internacional_de_Balonismo_em_Torres\"><\/span>\u00bfCu\u00e1ndo se celebrar\u00e1 Nigth Glow en el Festival Internacional de Globos Aerost\u00e1ticos de Torres?<span class=\"ez-toc-section-end\"><\/span><\/h3>\n\n\n\n<p>Ser\u00e1 los d\u00edas 28, 29, 30 de abril y 1 de mayo a partir de las 20 h. <\/p>\n\n\n\n<p><\/p>\n\n\n\n<h2 class=\"wp-block-heading\"><span class=\"ez-toc-section\" id=\"Mapa_do_Parque_do_Balonismo\"><\/span>Mapa del Parque de Globos<span class=\"ez-toc-section-end\"><\/span><\/h2>\n\n\n\n<figure class=\"wp-block-image size-large\"><img decoding=\"async\" width=\"1024\" height=\"1024\" src=\"https:\/\/wenttrip.com.br\/wp-content\/uploads\/2023\/03\/Mapa-Balonismo-2023-1024x1024.jpg\" alt=\"Mapa del Parque de Globos\" class=\"wp-image-15578\" srcset=\"https:\/\/wenttrip.com.br\/wp-content\/uploads\/2023\/03\/Mapa-Balonismo-2023-1024x1024.jpg 1024w, https:\/\/wenttrip.com.br\/wp-content\/uploads\/2023\/03\/Mapa-Balonismo-2023-300x300.jpg 300w, https:\/\/wenttrip.com.br\/wp-content\/uploads\/2023\/03\/Mapa-Balonismo-2023-150x150.jpg 150w, https:\/\/wenttrip.com.br\/wp-content\/uploads\/2023\/03\/Mapa-Balonismo-2023-768x768.jpg 768w, https:\/\/wenttrip.com.br\/wp-content\/uploads\/2023\/03\/Mapa-Balonismo-2023-12x12.jpg 12w, https:\/\/wenttrip.com.br\/wp-content\/uploads\/2023\/03\/Mapa-Balonismo-2023.jpg 1080w\" sizes=\"(max-width: 1024px) 100vw, 1024px\" \/><figcaption class=\"wp-element-caption\">Plano del Parque de Globos Aerost\u00e1ticos \u2013 Imagen del Ayuntamiento de Torres.<\/figcaption><\/figure>\n\n\n\n<h2 class=\"wp-block-heading\"><span class=\"ez-toc-section\" id=\"O_que_voce_vai_encontrar_no_Parque_alem_de_baloes\"><\/span>\u00bfQu\u00e9 encontrar\u00e1s en el Parque adem\u00e1s de globos?<span class=\"ez-toc-section-end\"><\/span><\/h2>\n\n\n\n<p>\u00bfSab\u00edas que adem\u00e1s de seguir las carreras, puedes realizar numerosas actividades dentro del parque?<\/p>\n\n\n\n<ul class=\"wp-block-list\">\n<li>Compras en la feria o carpa de Agricultura Familiar<\/li>\n\n\n\n<li>Descubre la carpa cultural con diversas presentaciones de artistas locales.<\/li>\n\n\n\n<li>\u00danete a la carpa deportiva<\/li>\n\n\n\n<li>Puedes tener todas tus comidas en el patio de comidas.<\/li>\n\n\n\n<li>Sigue todo el Festival en tiempo real a trav\u00e9s de la radio local Maristela 106.1 FM.<\/li>\n<\/ul>\n\n\n\n<p><strong>Consejo:<\/strong>&nbsp;todos los d\u00edas por la ma\u00f1ana es una sorpresa saber donde se realizar\u00e1n las pruebas, el motivo es la fuerza del viento y de que direcci\u00f3n es.<\/p>\n\n\n\n<p>Cuanto m\u00e1s d\u00e9bil significa posibilidades para vuelos maravillosos. No obstante, si el viento es fuerte, los pilotos valorar\u00e1n si ser\u00e1 posible hacer las pruebas.<\/p>\n\n\n\n<p>As\u00ed que desde tu casa, a partir de las 5:30 am,<strong>&nbsp;enciende tu radio<\/strong>&nbsp;y p\u00f3nselo a Maristela, la famosa&nbsp;<strong><em>instrucciones<\/em>&nbsp;<\/strong>(resumen de la reuni\u00f3n de pilotos) y los locutores te guiar\u00e1n por donde tienes que ir.<\/p>\n\n\n\n<p>Entonces, \u00bfeso significa que las pruebas no solo tienen lugar en el parque? \u00a1Exactamente! Pueden ocurrir en cualquier lugar dentro de Torres y la regi\u00f3n.<\/p>\n\n\n\n<p>Otro&nbsp;<strong>propina<\/strong>&nbsp;importante es seguir en instagram el&nbsp;<strong>blog hacer globos aerost\u00e1ticos<\/strong>, Lasier Fran\u00e7a estar\u00e1 informando en tiempo real, al igual que Maristela, la \u00fanica diferencia es que estar\u00e1 narrando todas las pruebas e informando todo lo detallado en su&nbsp;<strong>En Vivo.<\/strong><\/p>\n\n\n\n<figure class=\"wp-block-image size-full\"><img decoding=\"async\" width=\"727\" height=\"600\" src=\"https:\/\/wenttrip.com.br\/wp-content\/uploads\/2021\/10\/A-FOLHA-Divulgacao-BALONISMO.jpg\" alt=\"Globos en Torres\" class=\"wp-image-2802\" srcset=\"https:\/\/wenttrip.com.br\/wp-content\/uploads\/2021\/10\/A-FOLHA-Divulgacao-BALONISMO.jpg 727w, https:\/\/wenttrip.com.br\/wp-content\/uploads\/2021\/10\/A-FOLHA-Divulgacao-BALONISMO-300x248.jpg 300w\" sizes=\"(max-width: 727px) 100vw, 727px\" \/><figcaption class=\"wp-element-caption\">Globos en Torres<\/figcaption><\/figure>\n\n\n\n<h2 class=\"wp-block-heading\"><span class=\"ez-toc-section\" id=\"Esquadrilha_da_fumaca_no_Festival_de_Balonismo_em_Torres\"><\/span>Escuadr\u00f3n de Humo en el Festival de Globos Aerost\u00e1ticos de Torres<span class=\"ez-toc-section-end\"><\/span><\/h2>\n\n\n\n<p>Ser\u00e1n siete aviones con una presentaci\u00f3n \u00fanica y gratuita en el Parque do Balonismo Odilo Webber Rodrigues, el 28 de abril a las 15:30 horas, con una duraci\u00f3n de 45 minutos.<\/p>\n\n\n\n<p>La presencia del Escuadr\u00f3n en Torres contar\u00e1 con el avi\u00f3n A-29 Super Tucano y realizar\u00e1 alrededor de 50 acrobacias. El Escuadr\u00f3n Fuma\u00e7a inici\u00f3 el proceso de despliegue del avi\u00f3n A-29, modelo de caza encargado hoy de garantizar la seguridad en las fronteras del pa\u00eds.<\/p>\n\n\n\n<figure class=\"wp-block-image size-full\"><img decoding=\"async\" width=\"1024\" height=\"661\" src=\"https:\/\/wenttrip.com.br\/wp-content\/uploads\/2023\/03\/Esquadrila-da-Fumaca-22032501-1024x661-1.jpg\" alt=\"Escuadr\u00f3n de Humo en el Festival de Globos Aerost\u00e1ticos de Torres\" class=\"wp-image-15649\" srcset=\"https:\/\/wenttrip.com.br\/wp-content\/uploads\/2023\/03\/Esquadrila-da-Fumaca-22032501-1024x661-1.jpg 1024w, https:\/\/wenttrip.com.br\/wp-content\/uploads\/2023\/03\/Esquadrila-da-Fumaca-22032501-1024x661-1-300x194.jpg 300w, https:\/\/wenttrip.com.br\/wp-content\/uploads\/2023\/03\/Esquadrila-da-Fumaca-22032501-1024x661-1-768x496.jpg 768w, https:\/\/wenttrip.com.br\/wp-content\/uploads\/2023\/03\/Esquadrila-da-Fumaca-22032501-1024x661-1-18x12.jpg 18w\" sizes=\"(max-width: 1024px) 100vw, 1024px\" \/><figcaption class=\"wp-element-caption\">Escuadr\u00f3n de Humo en el Festival de Globos Aerost\u00e1ticos de Torres<\/figcaption><\/figure>\n\n\n\n<h2 class=\"wp-block-heading\"><span class=\"ez-toc-section\" id=\"Qual_a_programacao_do_Balonismo_de_Torres\"><\/span>\u00bfCu\u00e1l es el horario de Torres Ballooning?<span class=\"ez-toc-section-end\"><\/span><\/h2>\n\n\n\n<p>Este es el horario del festival de Globos Aerost\u00e1ticos de Torres:<\/p>\n\n\n\n<figure class=\"wp-block-image size-large\"><img decoding=\"async\" width=\"1024\" height=\"717\" src=\"https:\/\/wenttrip.com.br\/wp-content\/uploads\/2023\/03\/Folder-Programacao-Balonismo-2023-scaled-1-1024x717.jpg\" alt=\"\" class=\"wp-image-15818\" srcset=\"https:\/\/wenttrip.com.br\/wp-content\/uploads\/2023\/03\/Folder-Programacao-Balonismo-2023-scaled-1-1024x717.jpg 1024w, https:\/\/wenttrip.com.br\/wp-content\/uploads\/2023\/03\/Folder-Programacao-Balonismo-2023-scaled-1-300x210.jpg 300w, https:\/\/wenttrip.com.br\/wp-content\/uploads\/2023\/03\/Folder-Programacao-Balonismo-2023-scaled-1-768x538.jpg 768w, https:\/\/wenttrip.com.br\/wp-content\/uploads\/2023\/03\/Folder-Programacao-Balonismo-2023-scaled-1-1536x1075.jpg 1536w, https:\/\/wenttrip.com.br\/wp-content\/uploads\/2023\/03\/Folder-Programacao-Balonismo-2023-scaled-1-2048x1434.jpg 2048w, https:\/\/wenttrip.com.br\/wp-content\/uploads\/2023\/03\/Folder-Programacao-Balonismo-2023-scaled-1-18x12.jpg 18w\" sizes=\"(max-width: 1024px) 100vw, 1024px\" \/><\/figure>\n\n\n\n<h2 class=\"wp-block-heading\" id=\"quanto-custa-um-voo-de-balao\"><span class=\"ez-toc-section\" id=\"Quanto_custa_um_voo_de_balao\"><\/span>\u00bfCu\u00e1nto cuesta un vuelo en globo?<span class=\"ez-toc-section-end\"><\/span><\/h2>\n\n\n\n<p>Si tu sue\u00f1o es volar en globo, \u00a1prep\u00e1rate, tu oportunidad ha llegado!<\/p>\n\n\n\n<p>Los valores var\u00edan de acuerdo al n\u00famero de personas en la canasta, van desde R$300.00 hasta R$2,500.00. Abajo les dejo enlaces&nbsp;<strong>lee y despeja todas tus dudas:<\/strong><\/p>\n\n\n\n<p><a href=\"https:\/\/wenttrip.com.br\/es\/puntas\/vuelo-en-globo\/\">vuelo en globo<\/a><\/p>\n\n\n\n<p><a href=\"https:\/\/wenttrip.com.br\/es\/puntas\/como-un-globo-funciona\/\">C\u00f3mo funciona un globo<\/a><\/p>\n\n\n\n<p>Finalmente, \u00a1espero que hayas disfrutado nuestra publicaci\u00f3n y nuestros consejos sobre c\u00f3mo volar en globo!<\/p>\n\n\n\n<p>Cu\u00e9ntanos, \u00bfhas estado en el Festival?<\/p>\n\n\n\n<p>disfruta y&nbsp;<strong>haz tus reservas&nbsp;<\/strong>para pasar la noche en la playa m\u00e1s hermosa de Rio Grande do Sul&nbsp;<a href=\"https:\/\/wenttrip.com.br\/es\/brasil\/brasil-sul\/rio-grande-do-sul\/torres\/donde-hospedarse-en-towers-rs-consejos-de-hoteles-y-pousadas\/\">D\u00f3nde alojarse en Torres RS: consejos sobre hoteles y posadas.<\/a><\/p>","protected":false},"excerpt":{"rendered":"<p>El 33\u00ba Festival Internacional de Globos Aerost\u00e1ticos de Torres ya tiene fecha fijada para 2023. Ent\u00e9rate de todo sobre el Festival aqu\u00ed en este post. \u00a1Ser\u00e1n los 5 d\u00edas m\u00e1s coloridos y m\u00e1s esperados del a\u00f1o! \u00bfCu\u00e1ndo se realizar\u00e1 el festival de globos aerost\u00e1ticos en Torres 2023? Ser\u00e1 entre el jueves 27 de abril y el lunes 1 de mayo\u2026&nbsp;<a href=\"https:\/\/wenttrip.com.br\/es\/brasil\/brasil-sul\/rio-grande-do-sul\/torres\/festival-internacional-de-globos-de-torres-rs-2023\/\" rel=\"bookmark\">leer m\u00e1s &quot;<span class=\"screen-reader-text\">Festival de Globos Aerost\u00e1ticos de Torres RS 2023<\/span><\/a><\/p>","protected":false},"author":1,"featured_media":15573,"comment_status":"open","ping_status":"open","sticky":false,"template":"","format":"standard","meta":{"neve_meta_sidebar":"","neve_meta_container":"","neve_meta_enable_content_width":"","neve_meta_content_width":0,"neve_meta_title_alignment":"","neve_meta_author_avatar":"","neve_post_elements_order":"","neve_meta_disable_header":"","neve_meta_disable_footer":"","neve_meta_disable_title":"","footnotes":""},"categories":[4060,1720],"tags":[3496,4040,4063,4136,4135,4038,4041,1227,4043,1077,3497,3498,705,4042,4039],"class_list":["post-14080","post","type-post","status-publish","format-standard","has-post-thumbnail","hentry","category-balonismo","category-torres","tag-balonismo-em-torres","tag-bandas-que-vao-tocar-no-festival-internacional-de-balonismo-em-torres-rs","tag-esquadrilha-da-fumaca-no-festival-de-balonismo-em-torres","tag-festival-de-balonismo-de-torres-rs-2023","tag-festival-de-balonismo-em-torres-rs-2023","tag-festival-internacional-de-balonismo","tag-mapa-do-parque-de-balonismo","tag-mapa-do-parque-do-balonismo","tag-o-que-e-o-nigth-glow","tag-o-que-voce-vai-encontrar-no-parque-alem-de-baloes","tag-quais-bandas-vao-tocar-no-balonismo-em-torres","tag-quando-acontecera-o-festival-de-balonismo-em-torres-2023","tag-quanto-custa-um-voo-de-balao","tag-tem-estacionamento-no-balonismo","tag-valor-dos-ingressos-para-balonismo"],"yoast_head":"<!-- This site is optimized with the Yoast SEO plugin v27.5 - https:\/\/yoast.com\/product\/yoast-seo-wordpress\/ -->\n<title>Festival de Balonismo de Torres RS 2023 - WentTrip<\/title>\n<meta name=\"description\" content=\"O 33\u00ba Festival Internacional de Balonismo de Torres j\u00e1 tem data marcada em 2023. Descubra aqui nesse post tudo sobre o\u00a0Festival....\" \/>\n<meta name=\"robots\" content=\"index, follow, max-snippet:-1, max-image-preview:large, max-video-preview:-1\" \/>\n<link rel=\"canonical\" href=\"https:\/\/wenttrip.com.br\/es\/brasil\/brasil-sul\/rio-grande-do-sul\/torres\/festival-internacional-de-globos-de-torres-rs-2023\/\" \/>\n<meta property=\"og:locale\" content=\"es_ES\" \/>\n<meta property=\"og:type\" content=\"article\" \/>\n<meta property=\"og:title\" content=\"Festival de Balonismo de Torres RS 2023 - WentTrip\" \/>\n<meta property=\"og:description\" content=\"O 33\u00ba Festival Internacional de Balonismo de Torres j\u00e1 tem data marcada em 2023. Descubra aqui nesse post tudo sobre o\u00a0Festival....\" \/>\n<meta property=\"og:url\" content=\"https:\/\/wenttrip.com.br\/es\/brasil\/brasil-sul\/rio-grande-do-sul\/torres\/festival-internacional-de-globos-de-torres-rs-2023\/\" \/>\n<meta property=\"og:site_name\" content=\"WentTrip\" \/>\n<meta property=\"article:publisher\" content=\"https:\/\/m.facebook.com\/profile.php\" \/>\n<meta property=\"article:author\" content=\"https:\/\/m.facebook.com\/profile.php\" \/>\n<meta property=\"article:published_time\" content=\"2022-11-22T17:43:16+00:00\" \/>\n<meta property=\"article:modified_time\" content=\"2023-04-13T14:55:50+00:00\" \/>\n<meta property=\"og:image\" content=\"https:\/\/wenttrip.com.br\/wp-content\/uploads\/2022\/11\/capa-data-Balonismo-2023.jpg\" \/>\n\t<meta property=\"og:image:width\" content=\"1200\" \/>\n\t<meta property=\"og:image:height\" content=\"800\" \/>\n\t<meta property=\"og:image:type\" content=\"image\/jpeg\" \/>\n<meta name=\"author\" content=\"Fernanda Machado\" \/>\n<meta name=\"twitter:card\" content=\"summary_large_image\" \/>\n<meta name=\"twitter:creator\" content=\"@https:\/\/twitter.com\/wenttrip\" \/>\n<meta name=\"twitter:site\" content=\"@wenttrip\" \/>\n<meta name=\"twitter:label1\" content=\"Escrito por\" \/>\n\t<meta name=\"twitter:data1\" content=\"Fernanda Machado\" \/>\n\t<meta name=\"twitter:label2\" content=\"Tiempo de lectura\" \/>\n\t<meta name=\"twitter:data2\" content=\"11 minutos\" \/>\n<script type=\"application\/ld+json\" class=\"yoast-schema-graph\">{\"@context\":\"https:\\\/\\\/schema.org\",\"@graph\":[{\"@type\":\"Article\",\"@id\":\"https:\\\/\\\/wenttrip.com.br\\\/es\\\/brasil\\\/brasil-sul\\\/rio-grande-do-sul\\\/torres\\\/festival-internacional-de-globos-de-torres-rs-2023\\\/#article\",\"isPartOf\":{\"@id\":\"https:\\\/\\\/wenttrip.com.br\\\/es\\\/brasil\\\/brasil-sul\\\/rio-grande-do-sul\\\/torres\\\/festival-internacional-de-globos-de-torres-rs-2023\\\/\"},\"author\":{\"name\":\"Fernanda Machado\",\"@id\":\"https:\\\/\\\/wenttrip.com.br\\\/es\\\/#\\\/schema\\\/person\\\/c0ff87b449a960037fdd1b024842fcf9\"},\"headline\":\"Festival de Balonismo de Torres RS 2023\",\"datePublished\":\"2022-11-22T17:43:16+00:00\",\"dateModified\":\"2023-04-13T14:55:50+00:00\",\"mainEntityOfPage\":{\"@id\":\"https:\\\/\\\/wenttrip.com.br\\\/es\\\/brasil\\\/brasil-sul\\\/rio-grande-do-sul\\\/torres\\\/festival-internacional-de-globos-de-torres-rs-2023\\\/\"},\"wordCount\":1568,\"commentCount\":5,\"publisher\":{\"@id\":\"https:\\\/\\\/wenttrip.com.br\\\/es\\\/#\\\/schema\\\/person\\\/c0ff87b449a960037fdd1b024842fcf9\"},\"image\":{\"@id\":\"https:\\\/\\\/wenttrip.com.br\\\/es\\\/brasil\\\/brasil-sul\\\/rio-grande-do-sul\\\/torres\\\/festival-internacional-de-globos-de-torres-rs-2023\\\/#primaryimage\"},\"thumbnailUrl\":\"https:\\\/\\\/wenttrip.com.br\\\/wp-content\\\/uploads\\\/2022\\\/11\\\/capa-data-Balonismo-2023.jpg\",\"keywords\":[\"Balonismo em Torres\",\"Bandas que v\u00e3o tocar no Festival Internacional de Balonismo em Torres RS\",\"Esquadrilha da fuma\u00e7a no Festival de Balonismo em Torres\",\"Festival de Balonismo de Torres RS 2023\",\"Festival de Balonismo em Torres RS 2023\",\"Festival Internacional de Balonismo\",\"Mapa do Parque de Balonismo\",\"Mapa do Parque do Balonismo\",\"O que \u00e9 o Nigth Glow\",\"O que voc\u00ea vai encontrar no Parque al\u00e9m de bal\u00f5es\",\"Quais bandas v\u00e3o tocar no Balonismo em Torres?\",\"Quando acontecer\u00e1 o festival de balonismo em Torres 2023?\",\"Quanto custa um voo de bal\u00e3o?\",\"Tem estacionamento no balonismo\",\"valor dos ingressos para balonismo\"],\"articleSection\":[\"Balonismo\",\"Torres\"],\"inLanguage\":\"es\",\"potentialAction\":[{\"@type\":\"CommentAction\",\"name\":\"Comment\",\"target\":[\"https:\\\/\\\/wenttrip.com.br\\\/es\\\/brasil\\\/brasil-sul\\\/rio-grande-do-sul\\\/torres\\\/festival-internacional-de-globos-de-torres-rs-2023\\\/#respond\"]}]},{\"@type\":\"WebPage\",\"@id\":\"https:\\\/\\\/wenttrip.com.br\\\/es\\\/brasil\\\/brasil-sul\\\/rio-grande-do-sul\\\/torres\\\/festival-internacional-de-globos-de-torres-rs-2023\\\/\",\"url\":\"https:\\\/\\\/wenttrip.com.br\\\/es\\\/brasil\\\/brasil-sul\\\/rio-grande-do-sul\\\/torres\\\/festival-internacional-de-globos-de-torres-rs-2023\\\/\",\"name\":\"Festival de Balonismo de Torres RS 2023 - WentTrip\",\"isPartOf\":{\"@id\":\"https:\\\/\\\/wenttrip.com.br\\\/es\\\/#website\"},\"primaryImageOfPage\":{\"@id\":\"https:\\\/\\\/wenttrip.com.br\\\/es\\\/brasil\\\/brasil-sul\\\/rio-grande-do-sul\\\/torres\\\/festival-internacional-de-globos-de-torres-rs-2023\\\/#primaryimage\"},\"image\":{\"@id\":\"https:\\\/\\\/wenttrip.com.br\\\/es\\\/brasil\\\/brasil-sul\\\/rio-grande-do-sul\\\/torres\\\/festival-internacional-de-globos-de-torres-rs-2023\\\/#primaryimage\"},\"thumbnailUrl\":\"https:\\\/\\\/wenttrip.com.br\\\/wp-content\\\/uploads\\\/2022\\\/11\\\/capa-data-Balonismo-2023.jpg\",\"datePublished\":\"2022-11-22T17:43:16+00:00\",\"dateModified\":\"2023-04-13T14:55:50+00:00\",\"description\":\"O 33\u00ba Festival Internacional de Balonismo de Torres j\u00e1 tem data marcada em 2023. Descubra aqui nesse post tudo sobre o\u00a0Festival....\",\"breadcrumb\":{\"@id\":\"https:\\\/\\\/wenttrip.com.br\\\/es\\\/brasil\\\/brasil-sul\\\/rio-grande-do-sul\\\/torres\\\/festival-internacional-de-globos-de-torres-rs-2023\\\/#breadcrumb\"},\"inLanguage\":\"es\",\"potentialAction\":[{\"@type\":\"ReadAction\",\"target\":[\"https:\\\/\\\/wenttrip.com.br\\\/es\\\/brasil\\\/brasil-sul\\\/rio-grande-do-sul\\\/torres\\\/festival-internacional-de-globos-de-torres-rs-2023\\\/\"]}]},{\"@type\":\"ImageObject\",\"inLanguage\":\"es\",\"@id\":\"https:\\\/\\\/wenttrip.com.br\\\/es\\\/brasil\\\/brasil-sul\\\/rio-grande-do-sul\\\/torres\\\/festival-internacional-de-globos-de-torres-rs-2023\\\/#primaryimage\",\"url\":\"https:\\\/\\\/wenttrip.com.br\\\/wp-content\\\/uploads\\\/2022\\\/11\\\/capa-data-Balonismo-2023.jpg\",\"contentUrl\":\"https:\\\/\\\/wenttrip.com.br\\\/wp-content\\\/uploads\\\/2022\\\/11\\\/capa-data-Balonismo-2023.jpg\",\"width\":1200,\"height\":800},{\"@type\":\"BreadcrumbList\",\"@id\":\"https:\\\/\\\/wenttrip.com.br\\\/es\\\/brasil\\\/brasil-sul\\\/rio-grande-do-sul\\\/torres\\\/festival-internacional-de-globos-de-torres-rs-2023\\\/#breadcrumb\",\"itemListElement\":[{\"@type\":\"ListItem\",\"position\":1,\"name\":\"In\u00edcio\",\"item\":\"https:\\\/\\\/wenttrip.com.br\\\/es\\\/\"},{\"@type\":\"ListItem\",\"position\":2,\"name\":\"Festival de Balonismo de Torres RS 2023\"}]},{\"@type\":\"WebSite\",\"@id\":\"https:\\\/\\\/wenttrip.com.br\\\/es\\\/#website\",\"url\":\"https:\\\/\\\/wenttrip.com.br\\\/es\\\/\",\"name\":\"WentTrip\",\"description\":\"O seu guia completo com muitas dicas de aventuras, lugares, alimenta\u00e7\u00e3o, hot\u00e9is.\",\"publisher\":{\"@id\":\"https:\\\/\\\/wenttrip.com.br\\\/es\\\/#\\\/schema\\\/person\\\/c0ff87b449a960037fdd1b024842fcf9\"},\"potentialAction\":[{\"@type\":\"SearchAction\",\"target\":{\"@type\":\"EntryPoint\",\"urlTemplate\":\"https:\\\/\\\/wenttrip.com.br\\\/es\\\/?s={search_term_string}\"},\"query-input\":{\"@type\":\"PropertyValueSpecification\",\"valueRequired\":true,\"valueName\":\"search_term_string\"}}],\"inLanguage\":\"es\"},{\"@type\":[\"Person\",\"Organization\"],\"@id\":\"https:\\\/\\\/wenttrip.com.br\\\/es\\\/#\\\/schema\\\/person\\\/c0ff87b449a960037fdd1b024842fcf9\",\"name\":\"Fernanda Machado\",\"image\":{\"@type\":\"ImageObject\",\"inLanguage\":\"es\",\"@id\":\"https:\\\/\\\/wenttrip.com.br\\\/wp-content\\\/uploads\\\/2022\\\/08\\\/WentTrip-2.png\",\"url\":\"https:\\\/\\\/wenttrip.com.br\\\/wp-content\\\/uploads\\\/2022\\\/08\\\/WentTrip-2.png\",\"contentUrl\":\"https:\\\/\\\/wenttrip.com.br\\\/wp-content\\\/uploads\\\/2022\\\/08\\\/WentTrip-2.png\",\"width\":1000,\"height\":1000,\"caption\":\"Fernanda Machado\"},\"logo\":{\"@id\":\"https:\\\/\\\/wenttrip.com.br\\\/wp-content\\\/uploads\\\/2022\\\/08\\\/WentTrip-2.png\"},\"description\":\"Aprendi que a vida \u00e9 mais leve quando colocamos uma mochila nas costas junto com sonhos. Amo viajar! Tenho 34 anos, mam\u00e3e de 3 cachorros: A Pantufa, O mutley e o Mixuruca. Compartilhamos nossas experi\u00eancias por aqui, esperamos que gostem!\",\"sameAs\":[\"https:\\\/\\\/wenttrip.com.br\",\"https:\\\/\\\/m.facebook.com\\\/profile.php\",\"https:\\\/\\\/www.instagram.com\\\/wenttrip\\\/\",\"https:\\\/\\\/x.com\\\/https:\\\/\\\/twitter.com\\\/wenttrip\",\"https:\\\/\\\/www.youtube.com\\\/c\\\/WentTrip\\\/videos\"],\"url\":\"https:\\\/\\\/wenttrip.com.br\\\/es\\\/author\\\/admin\\\/\"}]}<\/script>\n<!-- \/ Yoast SEO plugin. -->","yoast_head_json":{"title":"Festival de Globos Aerost\u00e1ticos de Torres RS 2023 - WentTrip","description":"El 33 Festival Internacional de Globos Aerost\u00e1ticos de Torres ya tiene fecha fijada para 2023. Ent\u00e9rate de todo sobre el Festival aqu\u00ed en este post....","robots":{"index":"index","follow":"follow","max-snippet":"max-snippet:-1","max-image-preview":"max-image-preview:large","max-video-preview":"max-video-preview:-1"},"canonical":"https:\/\/wenttrip.com.br\/es\/brasil\/brasil-sul\/rio-grande-do-sul\/torres\/festival-internacional-de-globos-de-torres-rs-2023\/","og_locale":"es_ES","og_type":"article","og_title":"Festival de Balonismo de Torres RS 2023 - WentTrip","og_description":"O 33\u00ba Festival Internacional de Balonismo de Torres j\u00e1 tem data marcada em 2023. Descubra aqui nesse post tudo sobre o\u00a0Festival....","og_url":"https:\/\/wenttrip.com.br\/es\/brasil\/brasil-sul\/rio-grande-do-sul\/torres\/festival-internacional-de-globos-de-torres-rs-2023\/","og_site_name":"WentTrip","article_publisher":"https:\/\/m.facebook.com\/profile.php","article_author":"https:\/\/m.facebook.com\/profile.php","article_published_time":"2022-11-22T17:43:16+00:00","article_modified_time":"2023-04-13T14:55:50+00:00","og_image":[{"width":1200,"height":800,"url":"https:\/\/wenttrip.com.br\/wp-content\/uploads\/2022\/11\/capa-data-Balonismo-2023.jpg","type":"image\/jpeg"}],"author":"Fernanda Machado","twitter_card":"summary_large_image","twitter_creator":"@https:\/\/twitter.com\/wenttrip","twitter_site":"@wenttrip","twitter_misc":{"Escrito por":"Fernanda Machado","Tiempo de lectura":"11 minutos"},"schema":{"@context":"https:\/\/schema.org","@graph":[{"@type":"Article","@id":"https:\/\/wenttrip.com.br\/es\/brasil\/brasil-sul\/rio-grande-do-sul\/torres\/festival-internacional-de-globos-de-torres-rs-2023\/#article","isPartOf":{"@id":"https:\/\/wenttrip.com.br\/es\/brasil\/brasil-sul\/rio-grande-do-sul\/torres\/festival-internacional-de-globos-de-torres-rs-2023\/"},"author":{"name":"Fernanda Machado","@id":"https:\/\/wenttrip.com.br\/es\/#\/schema\/person\/c0ff87b449a960037fdd1b024842fcf9"},"headline":"Festival de Balonismo de Torres RS 2023","datePublished":"2022-11-22T17:43:16+00:00","dateModified":"2023-04-13T14:55:50+00:00","mainEntityOfPage":{"@id":"https:\/\/wenttrip.com.br\/es\/brasil\/brasil-sul\/rio-grande-do-sul\/torres\/festival-internacional-de-globos-de-torres-rs-2023\/"},"wordCount":1568,"commentCount":5,"publisher":{"@id":"https:\/\/wenttrip.com.br\/es\/#\/schema\/person\/c0ff87b449a960037fdd1b024842fcf9"},"image":{"@id":"https:\/\/wenttrip.com.br\/es\/brasil\/brasil-sul\/rio-grande-do-sul\/torres\/festival-internacional-de-globos-de-torres-rs-2023\/#primaryimage"},"thumbnailUrl":"https:\/\/wenttrip.com.br\/wp-content\/uploads\/2022\/11\/capa-data-Balonismo-2023.jpg","keywords":["Balonismo em Torres","Bandas que v\u00e3o tocar no Festival Internacional de Balonismo em Torres RS","Esquadrilha da fuma\u00e7a no Festival de Balonismo em Torres","Festival de Balonismo de Torres RS 2023","Festival de Balonismo em Torres RS 2023","Festival Internacional de Balonismo","Mapa do Parque de Balonismo","Mapa do Parque do Balonismo","O que \u00e9 o Nigth Glow","O que voc\u00ea vai encontrar no Parque al\u00e9m de bal\u00f5es","Quais bandas v\u00e3o tocar no Balonismo em Torres?","Quando acontecer\u00e1 o festival de balonismo em Torres 2023?","Quanto custa um voo de bal\u00e3o?","Tem estacionamento no balonismo","valor dos ingressos para balonismo"],"articleSection":["Balonismo","Torres"],"inLanguage":"es","potentialAction":[{"@type":"CommentAction","name":"Comment","target":["https:\/\/wenttrip.com.br\/es\/brasil\/brasil-sul\/rio-grande-do-sul\/torres\/festival-internacional-de-globos-de-torres-rs-2023\/#respond"]}]},{"@type":"WebPage","@id":"https:\/\/wenttrip.com.br\/es\/brasil\/brasil-sul\/rio-grande-do-sul\/torres\/festival-internacional-de-globos-de-torres-rs-2023\/","url":"https:\/\/wenttrip.com.br\/es\/brasil\/brasil-sul\/rio-grande-do-sul\/torres\/festival-internacional-de-globos-de-torres-rs-2023\/","name":"Festival de Globos Aerost\u00e1ticos de Torres RS 2023 - WentTrip","isPartOf":{"@id":"https:\/\/wenttrip.com.br\/es\/#website"},"primaryImageOfPage":{"@id":"https:\/\/wenttrip.com.br\/es\/brasil\/brasil-sul\/rio-grande-do-sul\/torres\/festival-internacional-de-globos-de-torres-rs-2023\/#primaryimage"},"image":{"@id":"https:\/\/wenttrip.com.br\/es\/brasil\/brasil-sul\/rio-grande-do-sul\/torres\/festival-internacional-de-globos-de-torres-rs-2023\/#primaryimage"},"thumbnailUrl":"https:\/\/wenttrip.com.br\/wp-content\/uploads\/2022\/11\/capa-data-Balonismo-2023.jpg","datePublished":"2022-11-22T17:43:16+00:00","dateModified":"2023-04-13T14:55:50+00:00","description":"El 33 Festival Internacional de Globos Aerost\u00e1ticos de Torres ya tiene fecha fijada para 2023. Ent\u00e9rate de todo sobre el Festival aqu\u00ed en este post....","breadcrumb":{"@id":"https:\/\/wenttrip.com.br\/es\/brasil\/brasil-sul\/rio-grande-do-sul\/torres\/festival-internacional-de-globos-de-torres-rs-2023\/#breadcrumb"},"inLanguage":"es","potentialAction":[{"@type":"ReadAction","target":["https:\/\/wenttrip.com.br\/es\/brasil\/brasil-sul\/rio-grande-do-sul\/torres\/festival-internacional-de-globos-de-torres-rs-2023\/"]}]},{"@type":"ImageObject","inLanguage":"es","@id":"https:\/\/wenttrip.com.br\/es\/brasil\/brasil-sul\/rio-grande-do-sul\/torres\/festival-internacional-de-globos-de-torres-rs-2023\/#primaryimage","url":"https:\/\/wenttrip.com.br\/wp-content\/uploads\/2022\/11\/capa-data-Balonismo-2023.jpg","contentUrl":"https:\/\/wenttrip.com.br\/wp-content\/uploads\/2022\/11\/capa-data-Balonismo-2023.jpg","width":1200,"height":800},{"@type":"BreadcrumbList","@id":"https:\/\/wenttrip.com.br\/es\/brasil\/brasil-sul\/rio-grande-do-sul\/torres\/festival-internacional-de-globos-de-torres-rs-2023\/#breadcrumb","itemListElement":[{"@type":"ListItem","position":1,"name":"In\u00edcio","item":"https:\/\/wenttrip.com.br\/es\/"},{"@type":"ListItem","position":2,"name":"Festival de Balonismo de Torres RS 2023"}]},{"@type":"WebSite","@id":"https:\/\/wenttrip.com.br\/es\/#website","url":"https:\/\/wenttrip.com.br\/es\/","name":"fuimos de viaje","description":"Tu gu\u00eda completa con muchos consejos sobre aventuras, lugares, comida, hoteles.","publisher":{"@id":"https:\/\/wenttrip.com.br\/es\/#\/schema\/person\/c0ff87b449a960037fdd1b024842fcf9"},"potentialAction":[{"@type":"SearchAction","target":{"@type":"EntryPoint","urlTemplate":"https:\/\/wenttrip.com.br\/es\/?s={search_term_string}"},"query-input":{"@type":"PropertyValueSpecification","valueRequired":true,"valueName":"search_term_string"}}],"inLanguage":"es"},{"@type":["Person","Organization"],"@id":"https:\/\/wenttrip.com.br\/es\/#\/schema\/person\/c0ff87b449a960037fdd1b024842fcf9","name":"Fernanda Machado","image":{"@type":"ImageObject","inLanguage":"es","@id":"https:\/\/wenttrip.com.br\/wp-content\/uploads\/2022\/08\/WentTrip-2.png","url":"https:\/\/wenttrip.com.br\/wp-content\/uploads\/2022\/08\/WentTrip-2.png","contentUrl":"https:\/\/wenttrip.com.br\/wp-content\/uploads\/2022\/08\/WentTrip-2.png","width":1000,"height":1000,"caption":"Fernanda Machado"},"logo":{"@id":"https:\/\/wenttrip.com.br\/wp-content\/uploads\/2022\/08\/WentTrip-2.png"},"description":"Aprend\u00ed que la vida es m\u00e1s ligera cuando nos ponemos una mochila a la espalda junto con los sue\u00f1os. \u00a1Amo viajar! Tengo 34 a\u00f1os, madre de 3 perros: Pantufa, Mutley y Mixuruca. Compartimos aqu\u00ed nuestras experiencias, \u00a1esperamos que os guste!","sameAs":["https:\/\/wenttrip.com.br","https:\/\/m.facebook.com\/profile.php","https:\/\/www.instagram.com\/wenttrip\/","https:\/\/x.com\/https:\/\/twitter.com\/wenttrip","https:\/\/www.youtube.com\/c\/WentTrip\/videos"],"url":"https:\/\/wenttrip.com.br\/es\/author\/admin\/"}]}},"_links":{"self":[{"href":"https:\/\/wenttrip.com.br\/es\/wp-json\/wp\/v2\/posts\/14080","targetHints":{"allow":["GET"]}}],"collection":[{"href":"https:\/\/wenttrip.com.br\/es\/wp-json\/wp\/v2\/posts"}],"about":[{"href":"https:\/\/wenttrip.com.br\/es\/wp-json\/wp\/v2\/types\/post"}],"author":[{"embeddable":true,"href":"https:\/\/wenttrip.com.br\/es\/wp-json\/wp\/v2\/users\/1"}],"replies":[{"embeddable":true,"href":"https:\/\/wenttrip.com.br\/es\/wp-json\/wp\/v2\/comments?post=14080"}],"version-history":[{"count":0,"href":"https:\/\/wenttrip.com.br\/es\/wp-json\/wp\/v2\/posts\/14080\/revisions"}],"wp:featuredmedia":[{"embeddable":true,"href":"https:\/\/wenttrip.com.br\/es\/wp-json\/wp\/v2\/media\/15573"}],"wp:attachment":[{"href":"https:\/\/wenttrip.com.br\/es\/wp-json\/wp\/v2\/media?parent=14080"}],"wp:term":[{"taxonomy":"category","embeddable":true,"href":"https:\/\/wenttrip.com.br\/es\/wp-json\/wp\/v2\/categories?post=14080"},{"taxonomy":"post_tag","embeddable":true,"href":"https:\/\/wenttrip.com.br\/es\/wp-json\/wp\/v2\/tags?post=14080"}],"curies":[{"name":"gracias","href":"https:\/\/api.w.org\/{rel}","templated":true}]}}