{"id":3520,"date":"2021-12-16T13:32:24","date_gmt":"2021-12-16T13:32:24","guid":{"rendered":"https:\/\/wenttrip.com.br\/?p=3520"},"modified":"2022-09-06T12:02:11","modified_gmt":"2022-09-06T12:02:11","slug":"praia-do-rosa-sc","status":"publish","type":"post","link":"https:\/\/wenttrip.com.br\/en\/brazil\/brasil-sul\/santa-catarina\/imbituba\/praia-do-rosa-sc\/","title":{"rendered":"Praia do Rosa SC"},"content":{"rendered":"<div id=\"ez-toc-container\" class=\"ez-toc-v2_0_82_2 counter-hierarchy ez-toc-counter ez-toc-grey ez-toc-container-direction\">\n<div class=\"ez-toc-title-container\">\n<p class=\"ez-toc-title\" style=\"cursor:inherit\">Index<\/p>\n<span class=\"ez-toc-title-toggle\"><a href=\"#\" class=\"ez-toc-pull-right ez-toc-btn ez-toc-btn-xs ez-toc-btn-default ez-toc-toggle\" aria-label=\"Toggle Table of Content\"><span class=\"ez-toc-js-icon-con\"><span class=\"\"><span class=\"eztoc-hide\" style=\"display:none;\">toggle<\/span><span class=\"ez-toc-icon-toggle-span\"><svg style=\"fill: #999;color:#999\" xmlns=\"http:\/\/www.w3.org\/2000\/svg\" class=\"list-377408\" width=\"20px\" height=\"20px\" viewbox=\"0 0 24 24\" fill=\"none\"><path d=\"M6 6H4v2h2V6zm14 0H8v2h12V6zM4 11h2v2H4v-2zm16 0H8v2h12v-2zM4 16h2v2H4v-2zm16 0H8v2h12v-2z\" fill=\"currentColor\"><\/path><\/svg><svg style=\"fill: #999;color:#999\" class=\"arrow-unsorted-368013\" xmlns=\"http:\/\/www.w3.org\/2000\/svg\" width=\"10px\" height=\"10px\" viewbox=\"0 0 24 24\" version=\"1.2\" baseprofile=\"tiny\"><path d=\"M18.2 9.3l-6.2-6.3-6.2 6.3c-.2.2-.3.4-.3.7s.1.5.3.7c.2.2.4.3.7.3h11c.3 0 .5-.1.7-.3.2-.2.3-.5.3-.7s-.1-.5-.3-.7zM5.8 14.7l6.2 6.3 6.2-6.3c.2-.2.3-.5.3-.7s-.1-.5-.3-.7c-.2-.2-.4-.3-.7-.3h-11c-.3 0-.5.1-.7.3-.2.2-.3.5-.3.7s.1.5.3.7z\"\/><\/svg><\/span><\/span><\/span><\/a><\/span><\/div>\n<nav><ul class='ez-toc-list ez-toc-list-level-1' ><li class='ez-toc-page-1 ez-toc-heading-level-2'><a class=\"ez-toc-link ez-toc-heading-1\" href=\"https:\/\/wenttrip.com.br\/en\/brazil\/brasil-sul\/santa-catarina\/imbituba\/praia-do-rosa-sc\/#Em_qual_cidade_fica_a_Praia_do_Rosa\" >In which city is Praia do Rosa located?<\/a><\/li><li class='ez-toc-page-1 ez-toc-heading-level-2'><a class=\"ez-toc-link ez-toc-heading-2\" href=\"https:\/\/wenttrip.com.br\/en\/brazil\/brasil-sul\/santa-catarina\/imbituba\/praia-do-rosa-sc\/#Rosa_Norte\" >North Rose<\/a><\/li><li class='ez-toc-page-1 ez-toc-heading-level-2'><a class=\"ez-toc-link ez-toc-heading-3\" href=\"https:\/\/wenttrip.com.br\/en\/brazil\/brasil-sul\/santa-catarina\/imbituba\/praia-do-rosa-sc\/#Rosa_Sul\" >South Rose<\/a><\/li><li class='ez-toc-page-1 ez-toc-heading-level-2'><a class=\"ez-toc-link ez-toc-heading-4\" href=\"https:\/\/wenttrip.com.br\/en\/brazil\/brasil-sul\/santa-catarina\/imbituba\/praia-do-rosa-sc\/#O_que_fazer_na_Praia_do_Rosa\" >What to do in Praia do Rosa?<\/a><\/li><li class='ez-toc-page-1 ez-toc-heading-level-2'><a class=\"ez-toc-link ez-toc-heading-5\" href=\"https:\/\/wenttrip.com.br\/en\/brazil\/brasil-sul\/santa-catarina\/imbituba\/praia-do-rosa-sc\/#Passear_no_centrinho_do_Rosa\" >Stroll in the center of Rosa<\/a><\/li><li class='ez-toc-page-1 ez-toc-heading-level-2'><a class=\"ez-toc-link ez-toc-heading-6\" href=\"https:\/\/wenttrip.com.br\/en\/brazil\/brasil-sul\/santa-catarina\/imbituba\/praia-do-rosa-sc\/#Trilha_do_Rosa_Norte_ate_a_Praia_Vermelha\" >Trail from Rosa Norte to Praia Vermelha<\/a><\/li><li class='ez-toc-page-1 ez-toc-heading-level-2'><a class=\"ez-toc-link ez-toc-heading-7\" href=\"https:\/\/wenttrip.com.br\/en\/brazil\/brasil-sul\/santa-catarina\/imbituba\/praia-do-rosa-sc\/#Pousada_Praia_do_Rosa\" >Pousada Praia do Rosa<\/a><ul class='ez-toc-list-level-3' ><li class='ez-toc-heading-level-3'><a class=\"ez-toc-link ez-toc-heading-8\" href=\"https:\/\/wenttrip.com.br\/en\/brazil\/brasil-sul\/santa-catarina\/imbituba\/praia-do-rosa-sc\/#Praia_do_Rosa_SC\" >Praia do Rosa SC<\/a><\/li><\/ul><\/li><\/ul><\/nav><\/div>\n\n<p>If you love the beach, surfing, trails in the middle of nature, then <strong>FIND IT OUT<\/strong> everything about the famous Praia do Rosa SC, sea with perfect waves and crystalline waters, nice people and incredible views.<\/p>\n\n\n\n<p>The small beach of Rosa is full of unique style, beautiful beach houses and other roots, many surfers on the streets and trendy nights.<\/p>\n\n\n\n<p><\/p>\n\n\n\n<h2 class=\"wp-block-heading\"><span class=\"ez-toc-section\" id=\"Em_qual_cidade_fica_a_Praia_do_Rosa\"><\/span><strong>In which city is Praia do Rosa located?<\/strong><span class=\"ez-toc-section-end\"><\/span><\/h2>\n\n\n\n<p>It is located in the municipality of<strong> Imbituba<\/strong>, 90 kilometers from Florian\u00f3polis.<\/p>\n\n\n\n<p>The beach is divided into two regions: Rosa Norte and Rosa Sul (Portinho). Below I will give a brief description.<\/p>\n\n\n\n<h2 class=\"wp-block-heading\"><span class=\"ez-toc-section\" id=\"Rosa_Norte\"><\/span><strong>North Rose<\/strong><span class=\"ez-toc-section-end\"><\/span><\/h2>\n\n\n\n<figure class=\"wp-block-image size-full\"><img decoding=\"async\" width=\"550\" height=\"309\" src=\"https:\/\/wenttrip.com.br\/wp-content\/uploads\/2021\/12\/praia-do-rosa.jpg\" alt=\"Praia do Rosa SC\" class=\"wp-image-3526\" srcset=\"https:\/\/wenttrip.com.br\/wp-content\/uploads\/2021\/12\/praia-do-rosa.jpg 550w, https:\/\/wenttrip.com.br\/wp-content\/uploads\/2021\/12\/praia-do-rosa-300x169.jpg 300w, https:\/\/wenttrip.com.br\/wp-content\/uploads\/2021\/12\/praia-do-rosa-389x219.jpg 389w\" sizes=\"(max-width: 550px) 100vw, 550px\" \/><\/figure>\n\n\n\n<p>Would you like <strong>quieter<\/strong>?? This part of the beach is the most suitable.<\/p>\n\n\n\n<p>As it is a little further away from the accesses being in a less urbanized part of Rosa, it ends up being quieter.<\/p>\n\n\n\n<p>Surfers appear to take more radical maneuvers, hikers love to face the routes on this side that lead to the neighboring beach, in addition to the incredible natural landscape.<\/p>\n\n\n\n<h2 class=\"wp-block-heading\"><span class=\"ez-toc-section\" id=\"Rosa_Sul\"><\/span><strong>South Rose<\/strong><span class=\"ez-toc-section-end\"><\/span><\/h2>\n\n\n\n<div class=\"wp-block-columns is-layout-flex wp-container-core-columns-is-layout-9d6595d7 wp-block-columns-is-layout-flex\">\n<div class=\"wp-block-column is-layout-flow wp-block-column-is-layout-flow\">\n<figure class=\"wp-block-image size-full is-resized\"><img decoding=\"async\" src=\"https:\/\/wenttrip.com.br\/wp-content\/uploads\/2021\/12\/vista-das-mesas-do-deck.jpg\" alt=\"Praia do Rosa SC\" class=\"wp-image-3524\" width=\"651\" height=\"488\" srcset=\"https:\/\/wenttrip.com.br\/wp-content\/uploads\/2021\/12\/vista-das-mesas-do-deck.jpg 550w, https:\/\/wenttrip.com.br\/wp-content\/uploads\/2021\/12\/vista-das-mesas-do-deck-300x225.jpg 300w, https:\/\/wenttrip.com.br\/wp-content\/uploads\/2021\/12\/vista-das-mesas-do-deck-389x291.jpg 389w\" sizes=\"(max-width: 651px) 100vw, 651px\" \/><\/figure>\n<\/div>\n<\/div>\n\n\n\n<p>In the opposite direction of the beach, the view is more colorful, with more people, full of surfers, people taking surf lessons and guaranteed fun.<\/p>\n\n\n\n<p>In addition, there are chairs and umbrellas for rent, beachside bars and more vendors selling local sales, this is where <strong>all tribes meet.<\/strong><\/p>\n\n\n\n<h2 class=\"wp-block-heading\"><span class=\"ez-toc-section\" id=\"O_que_fazer_na_Praia_do_Rosa\"><\/span><strong>What to do in Praia do Rosa?<\/strong><span class=\"ez-toc-section-end\"><\/span><\/h2>\n\n\n\n<p>The beach that houses all the tribes has several attractions in the midst of nature and in the small center.<\/p>\n\n\n\n<p>Surrounded by inns and rental houses, it will be easy to stay during the winter, however in the summer you need to make your <strong>booking in advance.<\/strong><\/p>\n\n\n\n<p>a beautiful feature <strong>of the rose<\/strong> (affectionately called) is that it is surrounded by mountains and rocks with incredible views.<\/p>\n\n\n\n<h2 class=\"wp-block-heading\"><span class=\"ez-toc-section\" id=\"Passear_no_centrinho_do_Rosa\"><\/span><strong>Stroll in the center of Rosa<\/strong><span class=\"ez-toc-section-end\"><\/span><\/h2>\n\n\n\n<figure class=\"wp-block-image size-large is-resized\"><img decoding=\"async\" src=\"https:\/\/wenttrip.com.br\/wp-content\/uploads\/2021\/12\/1006-Praia-do-Rosa-Centro-4-1024x576.jpg\" alt=\"Praia do Rosa SC\" class=\"wp-image-3527\" width=\"877\" height=\"493\" srcset=\"https:\/\/wenttrip.com.br\/wp-content\/uploads\/2021\/12\/1006-Praia-do-Rosa-Centro-4-1024x576.jpg 1024w, https:\/\/wenttrip.com.br\/wp-content\/uploads\/2021\/12\/1006-Praia-do-Rosa-Centro-4-300x169.jpg 300w, https:\/\/wenttrip.com.br\/wp-content\/uploads\/2021\/12\/1006-Praia-do-Rosa-Centro-4-768x432.jpg 768w, https:\/\/wenttrip.com.br\/wp-content\/uploads\/2021\/12\/1006-Praia-do-Rosa-Centro-4-1536x864.jpg 1536w, https:\/\/wenttrip.com.br\/wp-content\/uploads\/2021\/12\/1006-Praia-do-Rosa-Centro-4-389x219.jpg 389w, https:\/\/wenttrip.com.br\/wp-content\/uploads\/2021\/12\/1006-Praia-do-Rosa-Centro-4.jpg 2048w\" sizes=\"(max-width: 877px) 100vw, 877px\" \/><\/figure>\n\n\n\n<p>With some bars, restaurants, cafes, clothing stores and local handicrafts, you can enjoy a little bit of each.<\/p>\n\n\n\n<p>Remembering that the stores have unique characteristics of the region and by shopping with them you will be helping the local community.<\/p>\n\n\n\n<h2 class=\"wp-block-heading\"><span class=\"ez-toc-section\" id=\"Trilha_do_Rosa_Norte_ate_a_Praia_Vermelha\"><\/span><strong>Trail from Rosa Norte to Praia Vermelha<\/strong><span class=\"ez-toc-section-end\"><\/span><\/h2>\n\n\n\n<figure class=\"wp-block-image size-full\"><img decoding=\"async\" width=\"800\" height=\"534\" src=\"https:\/\/wenttrip.com.br\/wp-content\/uploads\/2021\/12\/DSC3219-1.jpg\" alt=\"Praia do Rosa SC\" class=\"wp-image-3525\" srcset=\"https:\/\/wenttrip.com.br\/wp-content\/uploads\/2021\/12\/DSC3219-1.jpg 800w, https:\/\/wenttrip.com.br\/wp-content\/uploads\/2021\/12\/DSC3219-1-300x200.jpg 300w, https:\/\/wenttrip.com.br\/wp-content\/uploads\/2021\/12\/DSC3219-1-768x513.jpg 768w, https:\/\/wenttrip.com.br\/wp-content\/uploads\/2021\/12\/DSC3219-1-389x260.jpg 389w\" sizes=\"(max-width: 800px) 100vw, 800px\" \/><\/figure>\n\n\n\n<p>An easy access trail to the neighboring beach Praia Vermelha.<\/p>\n\n\n\n<p>Get ready with some water, good shoes on your feet and enjoy the ride.<\/p>\n\n\n\n<h2 class=\"wp-block-heading\"><span class=\"ez-toc-section\" id=\"Pousada_Praia_do_Rosa\"><\/span>Pousada Praia do Rosa<span class=\"ez-toc-section-end\"><\/span><\/h2>\n\n\n\n<p>Rosa has several inns and hostels.<\/p>\n\n\n\n<p>Many surfers or singles stay in Hostel (room with several beds) sharing bathroom and kitchen, this one with more affordable prices.<\/p>\n\n\n\n<p>Hostels, on the other hand, have higher prices (when compared to hostels) but they are worth it.<\/p>\n\n\n\n<p>Depending on what you are looking for, if you want a view of the sea, a balcony and a bathtub, it can reach values of R$800.00 a day (or even more), further away from the beach but close to the center you can find it for R$250.00, R$200.00 . <\/p>\n\n\n\n<p><strong>Tip:<\/strong> prefer close to the center, because at night it is very difficult to find parking in the center, if you are close to the center you can already do your night tour, walking.<\/p>\n\n\n\n<p>To access the beach you will usually need to walk, you will not be able to get very close to the sea, you will have to go by car to some place or walk along some long trail in addition to the normal ones for accessing the beach, so organize your convenience at least for the night on your tour \ud83d\ude42 and stay close to the center.<\/p>\n\n\n\n<p><\/p>\n\n\n\n<p><\/p>\n\n\n\n<h3 class=\"wp-block-heading\"><span class=\"ez-toc-section\" id=\"Praia_do_Rosa_SC\"><\/span>Praia do Rosa SC<span class=\"ez-toc-section-end\"><\/span><\/h3>\n\n\n\n<p>Finally, I hope you enjoyed the tips!<\/p>\n\n\n\n<p>Have fun on the coast of Santa Catarina!<\/p>\n\n\n\n<p>Enjoy and read more about:<\/p>\n\n\n\n<p> <a href=\"https:\/\/wenttrip.com.br\/en\/brasil\/brasil-sul\/santa-catarina\/praia-grande\/praia-grande-sc\/\">Praia Grande SC<\/a><\/p>\n\n\n\n<p> <a href=\"https:\/\/wenttrip.com.br\/en\/brasil\/brasil-sul\/santa-catarina\/praia-grande\/agencias-de-turismo-em-praia-grande-sc\/\">Tourism agencies in Praia Grande SC<\/a><\/p>\n\n\n\n<p> <a href=\"https:\/\/wenttrip.com.br\/en\/brazil\/brasil-sul\/santa-catarina\/best-beaches-of-santa-catarina\/\">Best beaches in Santa Catarina<\/a><\/p>\n\n\n\n<p> <a href=\"https:\/\/wenttrip.com.br\/en\/brasil\/brasil-sul\/santa-catarina\/florianopolis\/o-que-fazer-em-florianopolis\/\">Things to do in Florianopolis<\/a><\/p>","protected":false},"excerpt":{"rendered":"<p>If you love the beach, surfing, trails amidst nature, then DISCOVER everything about the famous Praia do Rosa SC, a sea of perfect waves and crystal clear waters, nice people and incredible views. The small Praia do Rosa is full of unique style, beautiful beach houses and other roots, many surfers on the streets and nights\u2026&nbsp;<a href=\"https:\/\/wenttrip.com.br\/en\/brazil\/brasil-sul\/santa-catarina\/imbituba\/praia-do-rosa-sc\/\" rel=\"bookmark\">Read More \u00bb<span class=\"screen-reader-text\">Praia do Rosa SC<\/span><\/a><\/p>","protected":false},"author":1,"featured_media":3523,"comment_status":"open","ping_status":"open","sticky":false,"template":"","format":"standard","meta":{"neve_meta_sidebar":"","neve_meta_container":"","neve_meta_enable_content_width":"","neve_meta_content_width":0,"neve_meta_title_alignment":"","neve_meta_author_avatar":"","neve_post_elements_order":"","neve_meta_disable_header":"","neve_meta_disable_footer":"","neve_meta_disable_title":"","footnotes":""},"categories":[1730],"tags":[1009,1012,1013,1008,1010,1011,1014],"class_list":["post-3520","post","type-post","status-publish","format-standard","has-post-thumbnail","hentry","category-imbituba","tag-em-qual-cidade-fica-a-praia-do-rosa","tag-o-que-fazer-na-praia-do-rosa","tag-passear-no-centrinho-do-rosa","tag-praia-do-rosa-sc","tag-rosa-norte-sc","tag-rosa-sul-sc","tag-trilha-do-rosa-norte-ate-a-praia-vermelha"],"yoast_head":"<!-- This site is optimized with the Yoast SEO plugin v27.4 - https:\/\/yoast.com\/product\/yoast-seo-wordpress\/ -->\n<title>Praia do Rosa SC - surf-turismo- WentTrip<\/title>\n<meta name=\"description\" content=\"Se voc\u00ea ama praia, surf, trilhas em meia a natureza, ent\u00e3o DESCUBRA tudo sobre a famosa Praia do Rosa SC, mar de ondas perfeitas e \u00e1guas...\" \/>\n<meta name=\"robots\" content=\"index, follow, max-snippet:-1, max-image-preview:large, max-video-preview:-1\" \/>\n<link rel=\"canonical\" href=\"https:\/\/wenttrip.com.br\/en\/brazil\/brasil-sul\/santa-catarina\/imbituba\/praia-do-rosa-sc\/\" \/>\n<meta property=\"og:locale\" content=\"en_US\" \/>\n<meta property=\"og:type\" content=\"article\" \/>\n<meta property=\"og:title\" content=\"Praia do Rosa SC - surf-turismo- WentTrip\" \/>\n<meta property=\"og:description\" content=\"Se voc\u00ea ama praia, surf, trilhas em meia a natureza, ent\u00e3o DESCUBRA tudo sobre a famosa Praia do Rosa SC, mar de ondas perfeitas e \u00e1guas...\" \/>\n<meta property=\"og:url\" content=\"https:\/\/wenttrip.com.br\/en\/brazil\/brasil-sul\/santa-catarina\/imbituba\/praia-do-rosa-sc\/\" \/>\n<meta property=\"og:site_name\" content=\"WentTrip\" \/>\n<meta property=\"article:publisher\" content=\"https:\/\/m.facebook.com\/profile.php\" \/>\n<meta property=\"article:author\" content=\"https:\/\/m.facebook.com\/profile.php\" \/>\n<meta property=\"article:published_time\" content=\"2021-12-16T13:32:24+00:00\" \/>\n<meta property=\"article:modified_time\" content=\"2022-09-06T12:02:11+00:00\" \/>\n<meta property=\"og:image\" content=\"https:\/\/wenttrip.com.br\/wp-content\/uploads\/2021\/12\/voce-sabe-a-origem-do-nome-praia-do-rosa.jpg\" \/>\n\t<meta property=\"og:image:width\" content=\"600\" \/>\n\t<meta property=\"og:image:height\" content=\"400\" \/>\n\t<meta property=\"og:image:type\" content=\"image\/jpeg\" \/>\n<meta name=\"author\" content=\"Fernanda Machado\" \/>\n<meta name=\"twitter:card\" content=\"summary_large_image\" \/>\n<meta name=\"twitter:creator\" content=\"@https:\/\/twitter.com\/wenttrip\" \/>\n<meta name=\"twitter:site\" content=\"@wenttrip\" \/>\n<meta name=\"twitter:label1\" content=\"Written by\" \/>\n\t<meta name=\"twitter:data1\" content=\"Fernanda Machado\" \/>\n\t<meta name=\"twitter:label2\" content=\"Est. reading time\" \/>\n\t<meta name=\"twitter:data2\" content=\"4 minutes\" \/>\n<script type=\"application\/ld+json\" class=\"yoast-schema-graph\">{\"@context\":\"https:\\\/\\\/schema.org\",\"@graph\":[{\"@type\":\"Article\",\"@id\":\"https:\\\/\\\/wenttrip.com.br\\\/en\\\/brazil\\\/brasil-sul\\\/santa-catarina\\\/imbituba\\\/praia-do-rosa-sc\\\/#article\",\"isPartOf\":{\"@id\":\"https:\\\/\\\/wenttrip.com.br\\\/en\\\/brazil\\\/brasil-sul\\\/santa-catarina\\\/imbituba\\\/praia-do-rosa-sc\\\/\"},\"author\":{\"name\":\"Fernanda Machado\",\"@id\":\"https:\\\/\\\/wenttrip.com.br\\\/en\\\/#\\\/schema\\\/person\\\/c0ff87b449a960037fdd1b024842fcf9\"},\"headline\":\"Praia do Rosa SC\",\"datePublished\":\"2021-12-16T13:32:24+00:00\",\"dateModified\":\"2022-09-06T12:02:11+00:00\",\"mainEntityOfPage\":{\"@id\":\"https:\\\/\\\/wenttrip.com.br\\\/en\\\/brazil\\\/brasil-sul\\\/santa-catarina\\\/imbituba\\\/praia-do-rosa-sc\\\/\"},\"wordCount\":603,\"commentCount\":3,\"publisher\":{\"@id\":\"https:\\\/\\\/wenttrip.com.br\\\/en\\\/#\\\/schema\\\/person\\\/c0ff87b449a960037fdd1b024842fcf9\"},\"image\":{\"@id\":\"https:\\\/\\\/wenttrip.com.br\\\/en\\\/brazil\\\/brasil-sul\\\/santa-catarina\\\/imbituba\\\/praia-do-rosa-sc\\\/#primaryimage\"},\"thumbnailUrl\":\"https:\\\/\\\/wenttrip.com.br\\\/wp-content\\\/uploads\\\/2021\\\/12\\\/voce-sabe-a-origem-do-nome-praia-do-rosa.jpg\",\"keywords\":[\"Em qual cidade fica a Praia do Rosa?\",\"O que fazer na Praia do Rosa?\",\"Passear no centrinho do Rosa\",\"Praia do Rosa SC\",\"Rosa Norte SC\",\"Rosa Sul SC\",\"Trilha do Rosa Norte at\u00e9 a Praia Vermelha\"],\"articleSection\":[\"Imbituba\"],\"inLanguage\":\"en-US\",\"potentialAction\":[{\"@type\":\"CommentAction\",\"name\":\"Comment\",\"target\":[\"https:\\\/\\\/wenttrip.com.br\\\/en\\\/brazil\\\/brasil-sul\\\/santa-catarina\\\/imbituba\\\/praia-do-rosa-sc\\\/#respond\"]}]},{\"@type\":\"WebPage\",\"@id\":\"https:\\\/\\\/wenttrip.com.br\\\/en\\\/brazil\\\/brasil-sul\\\/santa-catarina\\\/imbituba\\\/praia-do-rosa-sc\\\/\",\"url\":\"https:\\\/\\\/wenttrip.com.br\\\/en\\\/brazil\\\/brasil-sul\\\/santa-catarina\\\/imbituba\\\/praia-do-rosa-sc\\\/\",\"name\":\"Praia do Rosa SC - surf-turismo- WentTrip\",\"isPartOf\":{\"@id\":\"https:\\\/\\\/wenttrip.com.br\\\/en\\\/#website\"},\"primaryImageOfPage\":{\"@id\":\"https:\\\/\\\/wenttrip.com.br\\\/en\\\/brazil\\\/brasil-sul\\\/santa-catarina\\\/imbituba\\\/praia-do-rosa-sc\\\/#primaryimage\"},\"image\":{\"@id\":\"https:\\\/\\\/wenttrip.com.br\\\/en\\\/brazil\\\/brasil-sul\\\/santa-catarina\\\/imbituba\\\/praia-do-rosa-sc\\\/#primaryimage\"},\"thumbnailUrl\":\"https:\\\/\\\/wenttrip.com.br\\\/wp-content\\\/uploads\\\/2021\\\/12\\\/voce-sabe-a-origem-do-nome-praia-do-rosa.jpg\",\"datePublished\":\"2021-12-16T13:32:24+00:00\",\"dateModified\":\"2022-09-06T12:02:11+00:00\",\"description\":\"Se voc\u00ea ama praia, surf, trilhas em meia a natureza, ent\u00e3o DESCUBRA tudo sobre a famosa Praia do Rosa SC, mar de ondas perfeitas e \u00e1guas...\",\"breadcrumb\":{\"@id\":\"https:\\\/\\\/wenttrip.com.br\\\/en\\\/brazil\\\/brasil-sul\\\/santa-catarina\\\/imbituba\\\/praia-do-rosa-sc\\\/#breadcrumb\"},\"inLanguage\":\"en-US\",\"potentialAction\":[{\"@type\":\"ReadAction\",\"target\":[\"https:\\\/\\\/wenttrip.com.br\\\/en\\\/brazil\\\/brasil-sul\\\/santa-catarina\\\/imbituba\\\/praia-do-rosa-sc\\\/\"]}]},{\"@type\":\"ImageObject\",\"inLanguage\":\"en-US\",\"@id\":\"https:\\\/\\\/wenttrip.com.br\\\/en\\\/brazil\\\/brasil-sul\\\/santa-catarina\\\/imbituba\\\/praia-do-rosa-sc\\\/#primaryimage\",\"url\":\"https:\\\/\\\/wenttrip.com.br\\\/wp-content\\\/uploads\\\/2021\\\/12\\\/voce-sabe-a-origem-do-nome-praia-do-rosa.jpg\",\"contentUrl\":\"https:\\\/\\\/wenttrip.com.br\\\/wp-content\\\/uploads\\\/2021\\\/12\\\/voce-sabe-a-origem-do-nome-praia-do-rosa.jpg\",\"width\":600,\"height\":400},{\"@type\":\"BreadcrumbList\",\"@id\":\"https:\\\/\\\/wenttrip.com.br\\\/en\\\/brazil\\\/brasil-sul\\\/santa-catarina\\\/imbituba\\\/praia-do-rosa-sc\\\/#breadcrumb\",\"itemListElement\":[{\"@type\":\"ListItem\",\"position\":1,\"name\":\"In\u00edcio\",\"item\":\"https:\\\/\\\/wenttrip.com.br\\\/en\\\/\"},{\"@type\":\"ListItem\",\"position\":2,\"name\":\"Praia do Rosa SC\"}]},{\"@type\":\"WebSite\",\"@id\":\"https:\\\/\\\/wenttrip.com.br\\\/en\\\/#website\",\"url\":\"https:\\\/\\\/wenttrip.com.br\\\/en\\\/\",\"name\":\"WentTrip\",\"description\":\"O seu guia completo com muitas dicas de aventuras, lugares, alimenta\u00e7\u00e3o, hot\u00e9is.\",\"publisher\":{\"@id\":\"https:\\\/\\\/wenttrip.com.br\\\/en\\\/#\\\/schema\\\/person\\\/c0ff87b449a960037fdd1b024842fcf9\"},\"potentialAction\":[{\"@type\":\"SearchAction\",\"target\":{\"@type\":\"EntryPoint\",\"urlTemplate\":\"https:\\\/\\\/wenttrip.com.br\\\/en\\\/?s={search_term_string}\"},\"query-input\":{\"@type\":\"PropertyValueSpecification\",\"valueRequired\":true,\"valueName\":\"search_term_string\"}}],\"inLanguage\":\"en-US\"},{\"@type\":[\"Person\",\"Organization\"],\"@id\":\"https:\\\/\\\/wenttrip.com.br\\\/en\\\/#\\\/schema\\\/person\\\/c0ff87b449a960037fdd1b024842fcf9\",\"name\":\"Fernanda Machado\",\"image\":{\"@type\":\"ImageObject\",\"inLanguage\":\"en-US\",\"@id\":\"https:\\\/\\\/wenttrip.com.br\\\/wp-content\\\/uploads\\\/2022\\\/08\\\/WentTrip-2.png\",\"url\":\"https:\\\/\\\/wenttrip.com.br\\\/wp-content\\\/uploads\\\/2022\\\/08\\\/WentTrip-2.png\",\"contentUrl\":\"https:\\\/\\\/wenttrip.com.br\\\/wp-content\\\/uploads\\\/2022\\\/08\\\/WentTrip-2.png\",\"width\":1000,\"height\":1000,\"caption\":\"Fernanda Machado\"},\"logo\":{\"@id\":\"https:\\\/\\\/wenttrip.com.br\\\/wp-content\\\/uploads\\\/2022\\\/08\\\/WentTrip-2.png\"},\"description\":\"Aprendi que a vida \u00e9 mais leve quando colocamos uma mochila nas costas junto com sonhos. Amo viajar! Tenho 34 anos, mam\u00e3e de 3 cachorros: A Pantufa, O mutley e o Mixuruca. Compartilhamos nossas experi\u00eancias por aqui, esperamos que gostem!\",\"sameAs\":[\"https:\\\/\\\/wenttrip.com.br\",\"https:\\\/\\\/m.facebook.com\\\/profile.php\",\"https:\\\/\\\/www.instagram.com\\\/wenttrip\\\/\",\"https:\\\/\\\/x.com\\\/https:\\\/\\\/twitter.com\\\/wenttrip\",\"https:\\\/\\\/www.youtube.com\\\/c\\\/WentTrip\\\/videos\"],\"url\":\"https:\\\/\\\/wenttrip.com.br\\\/en\\\/author\\\/admin\\\/\"}]}<\/script>\n<!-- \/ Yoast SEO plugin. -->","yoast_head_json":{"title":"Praia do Rosa SC - surf-tourism- WentTrip","description":"If you love the beach, surfing, trails amid nature, then DISCOVER everything about the famous Praia do Rosa SC, sea of perfect waves and waters...","robots":{"index":"index","follow":"follow","max-snippet":"max-snippet:-1","max-image-preview":"max-image-preview:large","max-video-preview":"max-video-preview:-1"},"canonical":"https:\/\/wenttrip.com.br\/en\/brazil\/brasil-sul\/santa-catarina\/imbituba\/praia-do-rosa-sc\/","og_locale":"en_US","og_type":"article","og_title":"Praia do Rosa SC - surf-turismo- WentTrip","og_description":"Se voc\u00ea ama praia, surf, trilhas em meia a natureza, ent\u00e3o DESCUBRA tudo sobre a famosa Praia do Rosa SC, mar de ondas perfeitas e \u00e1guas...","og_url":"https:\/\/wenttrip.com.br\/en\/brazil\/brasil-sul\/santa-catarina\/imbituba\/praia-do-rosa-sc\/","og_site_name":"WentTrip","article_publisher":"https:\/\/m.facebook.com\/profile.php","article_author":"https:\/\/m.facebook.com\/profile.php","article_published_time":"2021-12-16T13:32:24+00:00","article_modified_time":"2022-09-06T12:02:11+00:00","og_image":[{"width":600,"height":400,"url":"https:\/\/wenttrip.com.br\/wp-content\/uploads\/2021\/12\/voce-sabe-a-origem-do-nome-praia-do-rosa.jpg","type":"image\/jpeg"}],"author":"Fernanda Machado","twitter_card":"summary_large_image","twitter_creator":"@https:\/\/twitter.com\/wenttrip","twitter_site":"@wenttrip","twitter_misc":{"Written by":"Fernanda Machado","Est. reading time":"4 minutes"},"schema":{"@context":"https:\/\/schema.org","@graph":[{"@type":"Article","@id":"https:\/\/wenttrip.com.br\/en\/brazil\/brasil-sul\/santa-catarina\/imbituba\/praia-do-rosa-sc\/#article","isPartOf":{"@id":"https:\/\/wenttrip.com.br\/en\/brazil\/brasil-sul\/santa-catarina\/imbituba\/praia-do-rosa-sc\/"},"author":{"name":"Fernanda Machado","@id":"https:\/\/wenttrip.com.br\/en\/#\/schema\/person\/c0ff87b449a960037fdd1b024842fcf9"},"headline":"Praia do Rosa SC","datePublished":"2021-12-16T13:32:24+00:00","dateModified":"2022-09-06T12:02:11+00:00","mainEntityOfPage":{"@id":"https:\/\/wenttrip.com.br\/en\/brazil\/brasil-sul\/santa-catarina\/imbituba\/praia-do-rosa-sc\/"},"wordCount":603,"commentCount":3,"publisher":{"@id":"https:\/\/wenttrip.com.br\/en\/#\/schema\/person\/c0ff87b449a960037fdd1b024842fcf9"},"image":{"@id":"https:\/\/wenttrip.com.br\/en\/brazil\/brasil-sul\/santa-catarina\/imbituba\/praia-do-rosa-sc\/#primaryimage"},"thumbnailUrl":"https:\/\/wenttrip.com.br\/wp-content\/uploads\/2021\/12\/voce-sabe-a-origem-do-nome-praia-do-rosa.jpg","keywords":["Em qual cidade fica a Praia do Rosa?","O que fazer na Praia do Rosa?","Passear no centrinho do Rosa","Praia do Rosa SC","Rosa Norte SC","Rosa Sul SC","Trilha do Rosa Norte at\u00e9 a Praia Vermelha"],"articleSection":["Imbituba"],"inLanguage":"en-US","potentialAction":[{"@type":"CommentAction","name":"Comment","target":["https:\/\/wenttrip.com.br\/en\/brazil\/brasil-sul\/santa-catarina\/imbituba\/praia-do-rosa-sc\/#respond"]}]},{"@type":"WebPage","@id":"https:\/\/wenttrip.com.br\/en\/brazil\/brasil-sul\/santa-catarina\/imbituba\/praia-do-rosa-sc\/","url":"https:\/\/wenttrip.com.br\/en\/brazil\/brasil-sul\/santa-catarina\/imbituba\/praia-do-rosa-sc\/","name":"Praia do Rosa SC - surf-tourism- WentTrip","isPartOf":{"@id":"https:\/\/wenttrip.com.br\/en\/#website"},"primaryImageOfPage":{"@id":"https:\/\/wenttrip.com.br\/en\/brazil\/brasil-sul\/santa-catarina\/imbituba\/praia-do-rosa-sc\/#primaryimage"},"image":{"@id":"https:\/\/wenttrip.com.br\/en\/brazil\/brasil-sul\/santa-catarina\/imbituba\/praia-do-rosa-sc\/#primaryimage"},"thumbnailUrl":"https:\/\/wenttrip.com.br\/wp-content\/uploads\/2021\/12\/voce-sabe-a-origem-do-nome-praia-do-rosa.jpg","datePublished":"2021-12-16T13:32:24+00:00","dateModified":"2022-09-06T12:02:11+00:00","description":"If you love the beach, surfing, trails amid nature, then DISCOVER everything about the famous Praia do Rosa SC, sea of perfect waves and waters...","breadcrumb":{"@id":"https:\/\/wenttrip.com.br\/en\/brazil\/brasil-sul\/santa-catarina\/imbituba\/praia-do-rosa-sc\/#breadcrumb"},"inLanguage":"en-US","potentialAction":[{"@type":"ReadAction","target":["https:\/\/wenttrip.com.br\/en\/brazil\/brasil-sul\/santa-catarina\/imbituba\/praia-do-rosa-sc\/"]}]},{"@type":"ImageObject","inLanguage":"en-US","@id":"https:\/\/wenttrip.com.br\/en\/brazil\/brasil-sul\/santa-catarina\/imbituba\/praia-do-rosa-sc\/#primaryimage","url":"https:\/\/wenttrip.com.br\/wp-content\/uploads\/2021\/12\/voce-sabe-a-origem-do-nome-praia-do-rosa.jpg","contentUrl":"https:\/\/wenttrip.com.br\/wp-content\/uploads\/2021\/12\/voce-sabe-a-origem-do-nome-praia-do-rosa.jpg","width":600,"height":400},{"@type":"BreadcrumbList","@id":"https:\/\/wenttrip.com.br\/en\/brazil\/brasil-sul\/santa-catarina\/imbituba\/praia-do-rosa-sc\/#breadcrumb","itemListElement":[{"@type":"ListItem","position":1,"name":"In\u00edcio","item":"https:\/\/wenttrip.com.br\/en\/"},{"@type":"ListItem","position":2,"name":"Praia do Rosa SC"}]},{"@type":"WebSite","@id":"https:\/\/wenttrip.com.br\/en\/#website","url":"https:\/\/wenttrip.com.br\/en\/","name":"WentTrip","description":"Your complete guide with lots of tips on adventures, places, food, hotels.","publisher":{"@id":"https:\/\/wenttrip.com.br\/en\/#\/schema\/person\/c0ff87b449a960037fdd1b024842fcf9"},"potentialAction":[{"@type":"SearchAction","target":{"@type":"EntryPoint","urlTemplate":"https:\/\/wenttrip.com.br\/en\/?s={search_term_string}"},"query-input":{"@type":"PropertyValueSpecification","valueRequired":true,"valueName":"search_term_string"}}],"inLanguage":"en-US"},{"@type":["Person","Organization"],"@id":"https:\/\/wenttrip.com.br\/en\/#\/schema\/person\/c0ff87b449a960037fdd1b024842fcf9","name":"Fernanda Machado","image":{"@type":"ImageObject","inLanguage":"en-US","@id":"https:\/\/wenttrip.com.br\/wp-content\/uploads\/2022\/08\/WentTrip-2.png","url":"https:\/\/wenttrip.com.br\/wp-content\/uploads\/2022\/08\/WentTrip-2.png","contentUrl":"https:\/\/wenttrip.com.br\/wp-content\/uploads\/2022\/08\/WentTrip-2.png","width":1000,"height":1000,"caption":"Fernanda Machado"},"logo":{"@id":"https:\/\/wenttrip.com.br\/wp-content\/uploads\/2022\/08\/WentTrip-2.png"},"description":"I learned that life is lighter when we put a backpack on our back along with dreams. I love to travel! I&#039;m 34 years old, mother of 3 dogs: Pantufa, Mutley and Mixuruca. We share our experiences here, we hope you like it!","sameAs":["https:\/\/wenttrip.com.br","https:\/\/m.facebook.com\/profile.php","https:\/\/www.instagram.com\/wenttrip\/","https:\/\/x.com\/https:\/\/twitter.com\/wenttrip","https:\/\/www.youtube.com\/c\/WentTrip\/videos"],"url":"https:\/\/wenttrip.com.br\/en\/author\/admin\/"}]}},"_links":{"self":[{"href":"https:\/\/wenttrip.com.br\/en\/wp-json\/wp\/v2\/posts\/3520","targetHints":{"allow":["GET"]}}],"collection":[{"href":"https:\/\/wenttrip.com.br\/en\/wp-json\/wp\/v2\/posts"}],"about":[{"href":"https:\/\/wenttrip.com.br\/en\/wp-json\/wp\/v2\/types\/post"}],"author":[{"embeddable":true,"href":"https:\/\/wenttrip.com.br\/en\/wp-json\/wp\/v2\/users\/1"}],"replies":[{"embeddable":true,"href":"https:\/\/wenttrip.com.br\/en\/wp-json\/wp\/v2\/comments?post=3520"}],"version-history":[{"count":0,"href":"https:\/\/wenttrip.com.br\/en\/wp-json\/wp\/v2\/posts\/3520\/revisions"}],"wp:featuredmedia":[{"embeddable":true,"href":"https:\/\/wenttrip.com.br\/en\/wp-json\/wp\/v2\/media\/3523"}],"wp:attachment":[{"href":"https:\/\/wenttrip.com.br\/en\/wp-json\/wp\/v2\/media?parent=3520"}],"wp:term":[{"taxonomy":"category","embeddable":true,"href":"https:\/\/wenttrip.com.br\/en\/wp-json\/wp\/v2\/categories?post=3520"},{"taxonomy":"post_tag","embeddable":true,"href":"https:\/\/wenttrip.com.br\/en\/wp-json\/wp\/v2\/tags?post=3520"}],"curies":[{"name":"wp","href":"https:\/\/api.w.org\/{rel}","templated":true}]}}