{"id":14708,"date":"2022-12-17T12:32:47","date_gmt":"2022-12-17T12:32:47","guid":{"rendered":"https:\/\/wenttrip.com.br\/?p=14708"},"modified":"2023-09-25T16:52:58","modified_gmt":"2023-09-25T19:52:58","slug":"aeroporto-de-torres-rs","status":"publish","type":"post","link":"https:\/\/wenttrip.com.br\/en\/brazil\/brasil-sul\/rio-grande-do-sul\/torres\/torres-airport\/","title":{"rendered":"RS Torres Airport"},"content":{"rendered":"<div id=\"ez-toc-container\" class=\"ez-toc-v2_0_82_2 counter-hierarchy ez-toc-counter ez-toc-grey ez-toc-container-direction\">\n<div class=\"ez-toc-title-container\">\n<p class=\"ez-toc-title\" style=\"cursor:inherit\">\u00cdndice<\/p>\n<span class=\"ez-toc-title-toggle\"><a href=\"#\" class=\"ez-toc-pull-right ez-toc-btn ez-toc-btn-xs ez-toc-btn-default ez-toc-toggle\" aria-label=\"Toggle Table of Content\"><span class=\"ez-toc-js-icon-con\"><span class=\"\"><span class=\"eztoc-hide\" style=\"display:none;\">Toggle<\/span><span class=\"ez-toc-icon-toggle-span\"><svg style=\"fill: #999;color:#999\" xmlns=\"http:\/\/www.w3.org\/2000\/svg\" class=\"list-377408\" width=\"20px\" height=\"20px\" viewBox=\"0 0 24 24\" fill=\"none\"><path d=\"M6 6H4v2h2V6zm14 0H8v2h12V6zM4 11h2v2H4v-2zm16 0H8v2h12v-2zM4 16h2v2H4v-2zm16 0H8v2h12v-2z\" fill=\"currentColor\"><\/path><\/svg><svg style=\"fill: #999;color:#999\" class=\"arrow-unsorted-368013\" xmlns=\"http:\/\/www.w3.org\/2000\/svg\" width=\"10px\" height=\"10px\" viewBox=\"0 0 24 24\" version=\"1.2\" baseProfile=\"tiny\"><path d=\"M18.2 9.3l-6.2-6.3-6.2 6.3c-.2.2-.3.4-.3.7s.1.5.3.7c.2.2.4.3.7.3h11c.3 0 .5-.1.7-.3.2-.2.3-.5.3-.7s-.1-.5-.3-.7zM5.8 14.7l6.2 6.3 6.2-6.3c.2-.2.3-.5.3-.7s-.1-.5-.3-.7c-.2-.2-.4-.3-.7-.3h-11c-.3 0-.5.1-.7.3-.2.2-.3.5-.3.7s.1.5.3.7z\"\/><\/svg><\/span><\/span><\/span><\/a><\/span><\/div>\n<nav><ul class='ez-toc-list ez-toc-list-level-1 ' ><li class='ez-toc-page-1 ez-toc-heading-level-2'><a class=\"ez-toc-link ez-toc-heading-1\" href=\"https:\/\/wenttrip.com.br\/en\/brazil\/brasil-sul\/rio-grande-do-sul\/torres\/torres-airport\/#Aeroporto_de_Torres_RS\" >Aeroporto de Torres RS<\/a><\/li><li class='ez-toc-page-1 ez-toc-heading-level-2'><a class=\"ez-toc-link ez-toc-heading-2\" href=\"https:\/\/wenttrip.com.br\/en\/brazil\/brasil-sul\/rio-grande-do-sul\/torres\/torres-airport\/#Voos_para_Torres_RS\" >Voos para Torres RS<\/a><\/li><li class='ez-toc-page-1 ez-toc-heading-level-2'><a class=\"ez-toc-link ez-toc-heading-3\" href=\"https:\/\/wenttrip.com.br\/en\/brazil\/brasil-sul\/rio-grande-do-sul\/torres\/torres-airport\/#Endereco_do_Aeroporto_de_Torres_RS\" >Endere\u00e7o do Aeroporto de Torres RS<\/a><\/li><li class='ez-toc-page-1 ez-toc-heading-level-2'><a class=\"ez-toc-link ez-toc-heading-4\" href=\"https:\/\/wenttrip.com.br\/en\/brazil\/brasil-sul\/rio-grande-do-sul\/torres\/torres-airport\/#Realizar_%E2%80%93_Escola_de_Aviao_Civil_de_Torres\" >Realizar &#8211; Escola de Avi\u00e3o Civil de Torres<\/a><ul class='ez-toc-list-level-3' ><li class='ez-toc-heading-level-3'><a class=\"ez-toc-link ez-toc-heading-5\" href=\"https:\/\/wenttrip.com.br\/en\/brazil\/brasil-sul\/rio-grande-do-sul\/torres\/torres-airport\/#Cursos_da_Escola_de_Aviao_Civil_%E2%80%93_Realizar_em_Torres_RS\" >Cursos da Escola de Avi\u00e3o Civil &#8211; Realizar em Torres RS<\/a><\/li><\/ul><\/li><li class='ez-toc-page-1 ez-toc-heading-level-2'><a class=\"ez-toc-link ez-toc-heading-6\" href=\"https:\/\/wenttrip.com.br\/en\/brazil\/brasil-sul\/rio-grande-do-sul\/torres\/torres-airport\/#Hoteis_proximos_ao_aeroporto_de_Torres\" >Hot\u00e9is pr\u00f3ximos ao aeroporto de Torres<\/a><\/li><\/ul><\/nav><\/div>\n\n<p>Voc\u00ea sabia que Torres tem um aeroporto?! No ano de 2020 ele realizou, pela primeira vez, voos comerciais com a empresa Azul Conecta, com destinos\/origem de Porto Alegre.<\/p>\n\n\n\n<h2 class=\"wp-block-heading\"><span class=\"ez-toc-section\" id=\"Aeroporto_de_Torres_RS\"><\/span>Aeroporto de Torres RS<span class=\"ez-toc-section-end\"><\/span><\/h2>\n\n\n\n<p>Monomotores trazem bandas, ou cantores em dias de eventos na cidade, no entanto voos comerciais ainda n\u00e3o havia acontecido.<\/p>\n\n\n\n<p>Al\u00e9m disso, no aeroporto s\u00e3o realizados durante a alta temporado voos de turismo a\u00e9reo, sobrevoando a cidade de Torres. <\/p>\n\n\n\n<p>O aeroporto fica a 13 quil\u00f4metros do centro da cidade, com f\u00e1cil acesso pela Estrada do Mar.<\/p>\n\n\n\n<p>A pista do aeroporto tem 1500m de comprimento por 30 m de largura e 8m de altitude.<\/p>\n\n\n\n<figure class=\"wp-block-image size-large is-resized\"><img decoding=\"async\" src=\"https:\/\/wenttrip.com.br\/wp-content\/uploads\/2022\/12\/img_621be7a098b03-1024x683.jpg\" alt=\"Aeroporto de Torres RS\" class=\"wp-image-14721\" style=\"width:862px;height:575px\" width=\"862\" height=\"575\" srcset=\"https:\/\/wenttrip.com.br\/wp-content\/uploads\/2022\/12\/img_621be7a098b03-1024x683.jpg 1024w, https:\/\/wenttrip.com.br\/wp-content\/uploads\/2022\/12\/img_621be7a098b03-300x200.jpg 300w, https:\/\/wenttrip.com.br\/wp-content\/uploads\/2022\/12\/img_621be7a098b03-768x512.jpg 768w, https:\/\/wenttrip.com.br\/wp-content\/uploads\/2022\/12\/img_621be7a098b03-1536x1024.jpg 1536w, https:\/\/wenttrip.com.br\/wp-content\/uploads\/2022\/12\/img_621be7a098b03-2048x1365.jpg 2048w, https:\/\/wenttrip.com.br\/wp-content\/uploads\/2022\/12\/img_621be7a098b03-18x12.jpg 18w\" sizes=\"(max-width: 862px) 100vw, 862px\" \/><figcaption class=\"wp-element-caption\">Aeroporto de Torres RS<\/figcaption><\/figure>\n\n\n\n<h2 class=\"wp-block-heading\"><span class=\"ez-toc-section\" id=\"Voos_para_Torres_RS\"><\/span>Voos para Torres RS<span class=\"ez-toc-section-end\"><\/span><\/h2>\n\n\n\n<p>Atualmente (2023) n\u00e3o existem voos comerciais para o aeroporto de Torres, somente voos particulares ou voos panor\u00e2micos.<\/p>\n\n\n\n<h2 class=\"wp-block-heading\"><span class=\"ez-toc-section\" id=\"Endereco_do_Aeroporto_de_Torres_RS\"><\/span>Endere\u00e7o do Aeroporto de Torres RS<span class=\"ez-toc-section-end\"><\/span><\/h2>\n\n\n\n<p>RS-389, km 77 &#8211; Torres, RS, 95585-000<\/p>\n\n\n\n<h2 class=\"wp-block-heading\"><span class=\"ez-toc-section\" id=\"Realizar_%E2%80%93_Escola_de_Aviao_Civil_de_Torres\"><\/span>Realizar &#8211; Escola de Avi\u00e3o Civil de Torres<span class=\"ez-toc-section-end\"><\/span><\/h2>\n\n\n\n<p>No aeroporto de Torres, tem a Escola de Avi\u00e3o Civil &#8211; Realizar, a mesma com estrutura completa, sendo poss\u00edvel fazer todos os cursos de Piloto.<\/p>\n\n\n\n<p>Al\u00e9m disso, possui alojamento para os alunos gratuito.<\/p>\n\n\n\n<figure class=\"wp-block-image size-large\"><img decoding=\"async\" width=\"1024\" height=\"683\" src=\"https:\/\/wenttrip.com.br\/wp-content\/uploads\/2022\/12\/img_621be76f03520-1024x683.jpg\" alt=\"Realizar - Escola de Avi\u00e3o Civil de Torres\" class=\"wp-image-14719\" srcset=\"https:\/\/wenttrip.com.br\/wp-content\/uploads\/2022\/12\/img_621be76f03520-1024x683.jpg 1024w, https:\/\/wenttrip.com.br\/wp-content\/uploads\/2022\/12\/img_621be76f03520-300x200.jpg 300w, https:\/\/wenttrip.com.br\/wp-content\/uploads\/2022\/12\/img_621be76f03520-768x512.jpg 768w, https:\/\/wenttrip.com.br\/wp-content\/uploads\/2022\/12\/img_621be76f03520-1536x1024.jpg 1536w, https:\/\/wenttrip.com.br\/wp-content\/uploads\/2022\/12\/img_621be76f03520-18x12.jpg 18w, https:\/\/wenttrip.com.br\/wp-content\/uploads\/2022\/12\/img_621be76f03520.jpg 2048w\" sizes=\"(max-width: 1024px) 100vw, 1024px\" \/><figcaption class=\"wp-element-caption\">Realizar &#8211; Escola de Avi\u00e3o Civil de Torres<\/figcaption><\/figure>\n\n\n\n<h3 class=\"wp-block-heading\"><span class=\"ez-toc-section\" id=\"Cursos_da_Escola_de_Aviao_Civil_%E2%80%93_Realizar_em_Torres_RS\"><\/span>Cursos da Escola de Avi\u00e3o Civil &#8211; Realizar em Torres RS<span class=\"ez-toc-section-end\"><\/span><\/h3>\n\n\n\n<ul class=\"wp-block-list\">\n<li>Piloto Privado de Avia\u00e7\u00e3o &#8211; PP<\/li>\n\n\n\n<li>Piloto Comercial de Avi\u00e3o &#8211; PC<\/li>\n\n\n\n<li>IFR &#8211; V\u00f4o por instrumentos<\/li>\n\n\n\n<li>Multi MOtor &#8211; MLTE<\/li>\n\n\n\n<li>Instrutor de Voo de Avi\u00e3o &#8211; INVA<\/li>\n<\/ul>\n\n\n\n<p>J\u00e1 conhece o aeroporto de Torres? <\/p>\n\n\n\n<h2 class=\"wp-block-heading\"><span class=\"ez-toc-section\" id=\"Hoteis_proximos_ao_aeroporto_de_Torres\"><\/span>Hot\u00e9is pr\u00f3ximos ao aeroporto de Torres<span class=\"ez-toc-section-end\"><\/span><\/h2>\n\n\n\n<p>Abaixo algumas op\u00e7\u00f5es de hot\u00e9is em Torres, fa\u00e7a a busca por proximidade caso queira ficar mais pr\u00f3ximo do aeroporto.<\/p>\n\n\n\n<ins class=\"bookingaff\" data-aid=\"2394194\" data-target_aid=\"2394194\" data-prod=\"dfl2\" data-width=\"100%\" data-height=\"auto\" data-lang=\"Padr\u00e3o (seu navegador ir\u00e1 decidir)\" data-dest_id=\"-676403\" data-dest_type=\"city\" data-df_num_properties=\"8\">\n    <!-- Anything inside will go away once widget is loaded. -->\n        <a href=\"\/\/www.booking.com?aid=2394194\">Booking.com<\/a>\n<\/ins>\n<script type=\"text\/javascript\">\n    (function(d, sc, u) {\n      var s = d.createElement(sc), p = d.getElementsByTagName(sc)[0];\n      s.type = 'text\/javascript';\n      s.async = true;\n      s.src = u + '?v=' + (+new Date());\n      p.parentNode.insertBefore(s,p);\n      })(document, 'script', '\/\/cf.bstatic.com\/static\/affiliate_base\/js\/flexiproduct.js');\n<\/script>\n\n\n\n<p>Leia tamb\u00e9m:<\/p>\n\n\n\n<p> <a href=\"https:\/\/wenttrip.com.br\/brasil\/brasil-sul\/rio-grande-do-sul\/torres\/praia-grande-torres-rs\/\">Praia Grande \u2013 Torres RS<\/a><\/p>\n\n\n\n<p> <a href=\"https:\/\/wenttrip.com.br\/brasil\/brasil-sul\/rio-grande-do-sul\/torres\/seu-guia-de-ferias-em-torres-rs\/\">Seu Guia de f\u00e9rias em Torres RS<\/a><\/p>\n","protected":false},"excerpt":{"rendered":"<p>Did you know that Torres has an airport?! In 2020, he carried out, for the first time, commercial flights with the company Azul Conecta, with destinations\/origins in Porto Alegre. Torres RS Airport Single engines bring bands or singers on event days in the city, however commercial flights have not yet taken place. Also, at the airport\u2026&nbsp;<a href=\"https:\/\/wenttrip.com.br\/en\/brazil\/brasil-sul\/rio-grande-do-sul\/torres\/torres-airport\/\" rel=\"bookmark\">Read More \u00bb<span class=\"screen-reader-text\">RS Torres Airport<\/span><\/a><\/p>","protected":false},"author":1,"featured_media":14723,"comment_status":"open","ping_status":"closed","sticky":false,"template":"","format":"standard","meta":{"neve_meta_sidebar":"","neve_meta_container":"","neve_meta_enable_content_width":"","neve_meta_content_width":0,"neve_meta_title_alignment":"","neve_meta_author_avatar":"","neve_post_elements_order":"","neve_meta_disable_header":"","neve_meta_disable_footer":"","neve_meta_disable_title":"","footnotes":""},"categories":[1720],"tags":[3738,3737,3819],"class_list":["post-14708","post","type-post","status-publish","format-standard","has-post-thumbnail","hentry","category-torres","tag-aeroporto-de-torres-rs","tag-realizar-escola-de-aviao-civil-de-torres","tag-voos-para-torres-rs"],"yoast_head":"<!-- This site is optimized with the Yoast SEO plugin v27.4 - https:\/\/yoast.com\/product\/yoast-seo-wordpress\/ -->\n<title>Aeroporto de Torres RS - WentTrip<\/title>\n<meta name=\"description\" content=\"Voc\u00ea sabia que Torres tem um aeroporto?! No ano de 2020 ele realizou, pela primeira vez, voos comerciais com a empresa Azul Conecta,...\" \/>\n<meta name=\"robots\" content=\"index, follow, max-snippet:-1, max-image-preview:large, max-video-preview:-1\" \/>\n<link rel=\"canonical\" href=\"https:\/\/wenttrip.com.br\/en\/brazil\/brasil-sul\/rio-grande-do-sul\/torres\/torres-airport\/\" \/>\n<meta property=\"og:locale\" content=\"en_US\" \/>\n<meta property=\"og:type\" content=\"article\" \/>\n<meta property=\"og:title\" content=\"Aeroporto de Torres RS - WentTrip\" \/>\n<meta property=\"og:description\" content=\"Voc\u00ea sabia que Torres tem um aeroporto?! No ano de 2020 ele realizou, pela primeira vez, voos comerciais com a empresa Azul Conecta,...\" \/>\n<meta property=\"og:url\" content=\"https:\/\/wenttrip.com.br\/en\/brazil\/brasil-sul\/rio-grande-do-sul\/torres\/torres-airport\/\" \/>\n<meta property=\"og:site_name\" content=\"WentTrip\" \/>\n<meta property=\"article:publisher\" content=\"https:\/\/m.facebook.com\/profile.php\" \/>\n<meta property=\"article:author\" content=\"https:\/\/m.facebook.com\/profile.php\" \/>\n<meta property=\"article:published_time\" content=\"2022-12-17T12:32:47+00:00\" \/>\n<meta property=\"article:modified_time\" content=\"2023-09-25T19:52:58+00:00\" \/>\n<meta property=\"og:image\" content=\"https:\/\/wenttrip.com.br\/wp-content\/uploads\/2022\/12\/c8a240fc-azul-conecta-cessna-grand-caravan-foto-luis-alberto-neves.webp\" \/>\n\t<meta property=\"og:image:width\" content=\"1200\" \/>\n\t<meta property=\"og:image:height\" content=\"800\" \/>\n\t<meta property=\"og:image:type\" content=\"image\/webp\" \/>\n<meta name=\"author\" content=\"Fernanda Machado\" \/>\n<meta name=\"twitter:card\" content=\"summary_large_image\" \/>\n<meta name=\"twitter:creator\" content=\"@https:\/\/twitter.com\/wenttrip\" \/>\n<meta name=\"twitter:site\" content=\"@wenttrip\" \/>\n<meta name=\"twitter:label1\" content=\"Written by\" \/>\n\t<meta name=\"twitter:data1\" content=\"Fernanda Machado\" \/>\n\t<meta name=\"twitter:label2\" content=\"Est. reading time\" \/>\n\t<meta name=\"twitter:data2\" content=\"2 minutes\" \/>\n<script type=\"application\/ld+json\" class=\"yoast-schema-graph\">{\"@context\":\"https:\\\/\\\/schema.org\",\"@graph\":[{\"@type\":\"Article\",\"@id\":\"https:\\\/\\\/wenttrip.com.br\\\/en\\\/brazil\\\/brasil-sul\\\/rio-grande-do-sul\\\/torres\\\/torres-airport\\\/#article\",\"isPartOf\":{\"@id\":\"https:\\\/\\\/wenttrip.com.br\\\/en\\\/brazil\\\/brasil-sul\\\/rio-grande-do-sul\\\/torres\\\/torres-airport\\\/\"},\"author\":{\"name\":\"Fernanda Machado\",\"@id\":\"https:\\\/\\\/wenttrip.com.br\\\/en\\\/#\\\/schema\\\/person\\\/c0ff87b449a960037fdd1b024842fcf9\"},\"headline\":\"Aeroporto de Torres RS\",\"datePublished\":\"2022-12-17T12:32:47+00:00\",\"dateModified\":\"2023-09-25T19:52:58+00:00\",\"mainEntityOfPage\":{\"@id\":\"https:\\\/\\\/wenttrip.com.br\\\/en\\\/brazil\\\/brasil-sul\\\/rio-grande-do-sul\\\/torres\\\/torres-airport\\\/\"},\"wordCount\":303,\"commentCount\":0,\"publisher\":{\"@id\":\"https:\\\/\\\/wenttrip.com.br\\\/en\\\/#\\\/schema\\\/person\\\/c0ff87b449a960037fdd1b024842fcf9\"},\"image\":{\"@id\":\"https:\\\/\\\/wenttrip.com.br\\\/en\\\/brazil\\\/brasil-sul\\\/rio-grande-do-sul\\\/torres\\\/torres-airport\\\/#primaryimage\"},\"thumbnailUrl\":\"https:\\\/\\\/wenttrip.com.br\\\/wp-content\\\/uploads\\\/2022\\\/12\\\/c8a240fc-azul-conecta-cessna-grand-caravan-foto-luis-alberto-neves.webp\",\"keywords\":[\"Aeroporto de Torres RS\",\"Realizar - Escola de Avi\u00e3o Civil de Torres\",\"Voos para Torres RS\"],\"articleSection\":[\"Torres\"],\"inLanguage\":\"en-US\",\"potentialAction\":[{\"@type\":\"CommentAction\",\"name\":\"Comment\",\"target\":[\"https:\\\/\\\/wenttrip.com.br\\\/en\\\/brazil\\\/brasil-sul\\\/rio-grande-do-sul\\\/torres\\\/torres-airport\\\/#respond\"]}]},{\"@type\":\"WebPage\",\"@id\":\"https:\\\/\\\/wenttrip.com.br\\\/en\\\/brazil\\\/brasil-sul\\\/rio-grande-do-sul\\\/torres\\\/torres-airport\\\/\",\"url\":\"https:\\\/\\\/wenttrip.com.br\\\/en\\\/brazil\\\/brasil-sul\\\/rio-grande-do-sul\\\/torres\\\/torres-airport\\\/\",\"name\":\"Aeroporto de Torres RS - WentTrip\",\"isPartOf\":{\"@id\":\"https:\\\/\\\/wenttrip.com.br\\\/en\\\/#website\"},\"primaryImageOfPage\":{\"@id\":\"https:\\\/\\\/wenttrip.com.br\\\/en\\\/brazil\\\/brasil-sul\\\/rio-grande-do-sul\\\/torres\\\/torres-airport\\\/#primaryimage\"},\"image\":{\"@id\":\"https:\\\/\\\/wenttrip.com.br\\\/en\\\/brazil\\\/brasil-sul\\\/rio-grande-do-sul\\\/torres\\\/torres-airport\\\/#primaryimage\"},\"thumbnailUrl\":\"https:\\\/\\\/wenttrip.com.br\\\/wp-content\\\/uploads\\\/2022\\\/12\\\/c8a240fc-azul-conecta-cessna-grand-caravan-foto-luis-alberto-neves.webp\",\"datePublished\":\"2022-12-17T12:32:47+00:00\",\"dateModified\":\"2023-09-25T19:52:58+00:00\",\"description\":\"Voc\u00ea sabia que Torres tem um aeroporto?! No ano de 2020 ele realizou, pela primeira vez, voos comerciais com a empresa Azul Conecta,...\",\"breadcrumb\":{\"@id\":\"https:\\\/\\\/wenttrip.com.br\\\/en\\\/brazil\\\/brasil-sul\\\/rio-grande-do-sul\\\/torres\\\/torres-airport\\\/#breadcrumb\"},\"inLanguage\":\"en-US\",\"potentialAction\":[{\"@type\":\"ReadAction\",\"target\":[\"https:\\\/\\\/wenttrip.com.br\\\/en\\\/brazil\\\/brasil-sul\\\/rio-grande-do-sul\\\/torres\\\/torres-airport\\\/\"]}]},{\"@type\":\"ImageObject\",\"inLanguage\":\"en-US\",\"@id\":\"https:\\\/\\\/wenttrip.com.br\\\/en\\\/brazil\\\/brasil-sul\\\/rio-grande-do-sul\\\/torres\\\/torres-airport\\\/#primaryimage\",\"url\":\"https:\\\/\\\/wenttrip.com.br\\\/wp-content\\\/uploads\\\/2022\\\/12\\\/c8a240fc-azul-conecta-cessna-grand-caravan-foto-luis-alberto-neves.webp\",\"contentUrl\":\"https:\\\/\\\/wenttrip.com.br\\\/wp-content\\\/uploads\\\/2022\\\/12\\\/c8a240fc-azul-conecta-cessna-grand-caravan-foto-luis-alberto-neves.webp\",\"width\":1200,\"height\":800},{\"@type\":\"BreadcrumbList\",\"@id\":\"https:\\\/\\\/wenttrip.com.br\\\/en\\\/brazil\\\/brasil-sul\\\/rio-grande-do-sul\\\/torres\\\/torres-airport\\\/#breadcrumb\",\"itemListElement\":[{\"@type\":\"ListItem\",\"position\":1,\"name\":\"In\u00edcio\",\"item\":\"https:\\\/\\\/wenttrip.com.br\\\/en\\\/\"},{\"@type\":\"ListItem\",\"position\":2,\"name\":\"Aeroporto de Torres RS\"}]},{\"@type\":\"WebSite\",\"@id\":\"https:\\\/\\\/wenttrip.com.br\\\/en\\\/#website\",\"url\":\"https:\\\/\\\/wenttrip.com.br\\\/en\\\/\",\"name\":\"WentTrip\",\"description\":\"O seu guia completo com muitas dicas de aventuras, lugares, alimenta\u00e7\u00e3o, hot\u00e9is.\",\"publisher\":{\"@id\":\"https:\\\/\\\/wenttrip.com.br\\\/en\\\/#\\\/schema\\\/person\\\/c0ff87b449a960037fdd1b024842fcf9\"},\"potentialAction\":[{\"@type\":\"SearchAction\",\"target\":{\"@type\":\"EntryPoint\",\"urlTemplate\":\"https:\\\/\\\/wenttrip.com.br\\\/en\\\/?s={search_term_string}\"},\"query-input\":{\"@type\":\"PropertyValueSpecification\",\"valueRequired\":true,\"valueName\":\"search_term_string\"}}],\"inLanguage\":\"en-US\"},{\"@type\":[\"Person\",\"Organization\"],\"@id\":\"https:\\\/\\\/wenttrip.com.br\\\/en\\\/#\\\/schema\\\/person\\\/c0ff87b449a960037fdd1b024842fcf9\",\"name\":\"Fernanda Machado\",\"image\":{\"@type\":\"ImageObject\",\"inLanguage\":\"en-US\",\"@id\":\"https:\\\/\\\/wenttrip.com.br\\\/wp-content\\\/uploads\\\/2022\\\/08\\\/WentTrip-2.png\",\"url\":\"https:\\\/\\\/wenttrip.com.br\\\/wp-content\\\/uploads\\\/2022\\\/08\\\/WentTrip-2.png\",\"contentUrl\":\"https:\\\/\\\/wenttrip.com.br\\\/wp-content\\\/uploads\\\/2022\\\/08\\\/WentTrip-2.png\",\"width\":1000,\"height\":1000,\"caption\":\"Fernanda Machado\"},\"logo\":{\"@id\":\"https:\\\/\\\/wenttrip.com.br\\\/wp-content\\\/uploads\\\/2022\\\/08\\\/WentTrip-2.png\"},\"description\":\"Aprendi que a vida \u00e9 mais leve quando colocamos uma mochila nas costas junto com sonhos. Amo viajar! Tenho 34 anos, mam\u00e3e de 3 cachorros: A Pantufa, O mutley e o Mixuruca. Compartilhamos nossas experi\u00eancias por aqui, esperamos que gostem!\",\"sameAs\":[\"https:\\\/\\\/wenttrip.com.br\",\"https:\\\/\\\/m.facebook.com\\\/profile.php\",\"https:\\\/\\\/www.instagram.com\\\/wenttrip\\\/\",\"https:\\\/\\\/x.com\\\/https:\\\/\\\/twitter.com\\\/wenttrip\",\"https:\\\/\\\/www.youtube.com\\\/c\\\/WentTrip\\\/videos\"],\"url\":\"https:\\\/\\\/wenttrip.com.br\\\/en\\\/author\\\/admin\\\/\"}]}<\/script>\n<!-- \/ Yoast SEO plugin. -->","yoast_head_json":{"title":"Torres RS Airport - WentTrip","description":"Did you know that Torres has an airport?! In 2020, for the first time, he operated commercial flights with the company Azul Conecta,...","robots":{"index":"index","follow":"follow","max-snippet":"max-snippet:-1","max-image-preview":"max-image-preview:large","max-video-preview":"max-video-preview:-1"},"canonical":"https:\/\/wenttrip.com.br\/en\/brazil\/brasil-sul\/rio-grande-do-sul\/torres\/torres-airport\/","og_locale":"en_US","og_type":"article","og_title":"Aeroporto de Torres RS - WentTrip","og_description":"Voc\u00ea sabia que Torres tem um aeroporto?! No ano de 2020 ele realizou, pela primeira vez, voos comerciais com a empresa Azul Conecta,...","og_url":"https:\/\/wenttrip.com.br\/en\/brazil\/brasil-sul\/rio-grande-do-sul\/torres\/torres-airport\/","og_site_name":"WentTrip","article_publisher":"https:\/\/m.facebook.com\/profile.php","article_author":"https:\/\/m.facebook.com\/profile.php","article_published_time":"2022-12-17T12:32:47+00:00","article_modified_time":"2023-09-25T19:52:58+00:00","og_image":[{"width":1200,"height":800,"url":"https:\/\/wenttrip.com.br\/wp-content\/uploads\/2022\/12\/c8a240fc-azul-conecta-cessna-grand-caravan-foto-luis-alberto-neves.webp","type":"image\/webp"}],"author":"Fernanda Machado","twitter_card":"summary_large_image","twitter_creator":"@https:\/\/twitter.com\/wenttrip","twitter_site":"@wenttrip","twitter_misc":{"Written by":"Fernanda Machado","Est. reading time":"2 minutes"},"schema":{"@context":"https:\/\/schema.org","@graph":[{"@type":"Article","@id":"https:\/\/wenttrip.com.br\/en\/brazil\/brasil-sul\/rio-grande-do-sul\/torres\/torres-airport\/#article","isPartOf":{"@id":"https:\/\/wenttrip.com.br\/en\/brazil\/brasil-sul\/rio-grande-do-sul\/torres\/torres-airport\/"},"author":{"name":"Fernanda Machado","@id":"https:\/\/wenttrip.com.br\/en\/#\/schema\/person\/c0ff87b449a960037fdd1b024842fcf9"},"headline":"Aeroporto de Torres RS","datePublished":"2022-12-17T12:32:47+00:00","dateModified":"2023-09-25T19:52:58+00:00","mainEntityOfPage":{"@id":"https:\/\/wenttrip.com.br\/en\/brazil\/brasil-sul\/rio-grande-do-sul\/torres\/torres-airport\/"},"wordCount":303,"commentCount":0,"publisher":{"@id":"https:\/\/wenttrip.com.br\/en\/#\/schema\/person\/c0ff87b449a960037fdd1b024842fcf9"},"image":{"@id":"https:\/\/wenttrip.com.br\/en\/brazil\/brasil-sul\/rio-grande-do-sul\/torres\/torres-airport\/#primaryimage"},"thumbnailUrl":"https:\/\/wenttrip.com.br\/wp-content\/uploads\/2022\/12\/c8a240fc-azul-conecta-cessna-grand-caravan-foto-luis-alberto-neves.webp","keywords":["Aeroporto de Torres RS","Realizar - Escola de Avi\u00e3o Civil de Torres","Voos para Torres RS"],"articleSection":["Torres"],"inLanguage":"en-US","potentialAction":[{"@type":"CommentAction","name":"Comment","target":["https:\/\/wenttrip.com.br\/en\/brazil\/brasil-sul\/rio-grande-do-sul\/torres\/torres-airport\/#respond"]}]},{"@type":"WebPage","@id":"https:\/\/wenttrip.com.br\/en\/brazil\/brasil-sul\/rio-grande-do-sul\/torres\/torres-airport\/","url":"https:\/\/wenttrip.com.br\/en\/brazil\/brasil-sul\/rio-grande-do-sul\/torres\/torres-airport\/","name":"Torres RS Airport - WentTrip","isPartOf":{"@id":"https:\/\/wenttrip.com.br\/en\/#website"},"primaryImageOfPage":{"@id":"https:\/\/wenttrip.com.br\/en\/brazil\/brasil-sul\/rio-grande-do-sul\/torres\/torres-airport\/#primaryimage"},"image":{"@id":"https:\/\/wenttrip.com.br\/en\/brazil\/brasil-sul\/rio-grande-do-sul\/torres\/torres-airport\/#primaryimage"},"thumbnailUrl":"https:\/\/wenttrip.com.br\/wp-content\/uploads\/2022\/12\/c8a240fc-azul-conecta-cessna-grand-caravan-foto-luis-alberto-neves.webp","datePublished":"2022-12-17T12:32:47+00:00","dateModified":"2023-09-25T19:52:58+00:00","description":"Did you know that Torres has an airport?! In 2020, for the first time, he operated commercial flights with the company Azul Conecta,...","breadcrumb":{"@id":"https:\/\/wenttrip.com.br\/en\/brazil\/brasil-sul\/rio-grande-do-sul\/torres\/torres-airport\/#breadcrumb"},"inLanguage":"en-US","potentialAction":[{"@type":"ReadAction","target":["https:\/\/wenttrip.com.br\/en\/brazil\/brasil-sul\/rio-grande-do-sul\/torres\/torres-airport\/"]}]},{"@type":"ImageObject","inLanguage":"en-US","@id":"https:\/\/wenttrip.com.br\/en\/brazil\/brasil-sul\/rio-grande-do-sul\/torres\/torres-airport\/#primaryimage","url":"https:\/\/wenttrip.com.br\/wp-content\/uploads\/2022\/12\/c8a240fc-azul-conecta-cessna-grand-caravan-foto-luis-alberto-neves.webp","contentUrl":"https:\/\/wenttrip.com.br\/wp-content\/uploads\/2022\/12\/c8a240fc-azul-conecta-cessna-grand-caravan-foto-luis-alberto-neves.webp","width":1200,"height":800},{"@type":"BreadcrumbList","@id":"https:\/\/wenttrip.com.br\/en\/brazil\/brasil-sul\/rio-grande-do-sul\/torres\/torres-airport\/#breadcrumb","itemListElement":[{"@type":"ListItem","position":1,"name":"In\u00edcio","item":"https:\/\/wenttrip.com.br\/en\/"},{"@type":"ListItem","position":2,"name":"Aeroporto de Torres RS"}]},{"@type":"WebSite","@id":"https:\/\/wenttrip.com.br\/en\/#website","url":"https:\/\/wenttrip.com.br\/en\/","name":"WentTrip","description":"Your complete guide with lots of tips on adventures, places, food, hotels.","publisher":{"@id":"https:\/\/wenttrip.com.br\/en\/#\/schema\/person\/c0ff87b449a960037fdd1b024842fcf9"},"potentialAction":[{"@type":"SearchAction","target":{"@type":"EntryPoint","urlTemplate":"https:\/\/wenttrip.com.br\/en\/?s={search_term_string}"},"query-input":{"@type":"PropertyValueSpecification","valueRequired":true,"valueName":"search_term_string"}}],"inLanguage":"en-US"},{"@type":["Person","Organization"],"@id":"https:\/\/wenttrip.com.br\/en\/#\/schema\/person\/c0ff87b449a960037fdd1b024842fcf9","name":"Fernanda Machado","image":{"@type":"ImageObject","inLanguage":"en-US","@id":"https:\/\/wenttrip.com.br\/wp-content\/uploads\/2022\/08\/WentTrip-2.png","url":"https:\/\/wenttrip.com.br\/wp-content\/uploads\/2022\/08\/WentTrip-2.png","contentUrl":"https:\/\/wenttrip.com.br\/wp-content\/uploads\/2022\/08\/WentTrip-2.png","width":1000,"height":1000,"caption":"Fernanda Machado"},"logo":{"@id":"https:\/\/wenttrip.com.br\/wp-content\/uploads\/2022\/08\/WentTrip-2.png"},"description":"I learned that life is lighter when we put a backpack on our back along with dreams. I love to travel! I&#039;m 34 years old, mother of 3 dogs: Pantufa, Mutley and Mixuruca. We share our experiences here, we hope you like it!","sameAs":["https:\/\/wenttrip.com.br","https:\/\/m.facebook.com\/profile.php","https:\/\/www.instagram.com\/wenttrip\/","https:\/\/x.com\/https:\/\/twitter.com\/wenttrip","https:\/\/www.youtube.com\/c\/WentTrip\/videos"],"url":"https:\/\/wenttrip.com.br\/en\/author\/admin\/"}]}},"_links":{"self":[{"href":"https:\/\/wenttrip.com.br\/en\/wp-json\/wp\/v2\/posts\/14708","targetHints":{"allow":["GET"]}}],"collection":[{"href":"https:\/\/wenttrip.com.br\/en\/wp-json\/wp\/v2\/posts"}],"about":[{"href":"https:\/\/wenttrip.com.br\/en\/wp-json\/wp\/v2\/types\/post"}],"author":[{"embeddable":true,"href":"https:\/\/wenttrip.com.br\/en\/wp-json\/wp\/v2\/users\/1"}],"replies":[{"embeddable":true,"href":"https:\/\/wenttrip.com.br\/en\/wp-json\/wp\/v2\/comments?post=14708"}],"version-history":[{"count":0,"href":"https:\/\/wenttrip.com.br\/en\/wp-json\/wp\/v2\/posts\/14708\/revisions"}],"wp:featuredmedia":[{"embeddable":true,"href":"https:\/\/wenttrip.com.br\/en\/wp-json\/wp\/v2\/media\/14723"}],"wp:attachment":[{"href":"https:\/\/wenttrip.com.br\/en\/wp-json\/wp\/v2\/media?parent=14708"}],"wp:term":[{"taxonomy":"category","embeddable":true,"href":"https:\/\/wenttrip.com.br\/en\/wp-json\/wp\/v2\/categories?post=14708"},{"taxonomy":"post_tag","embeddable":true,"href":"https:\/\/wenttrip.com.br\/en\/wp-json\/wp\/v2\/tags?post=14708"}],"curies":[{"name":"wp","href":"https:\/\/api.w.org\/{rel}","templated":true}]}}