{"id":3775,"date":"2022-03-28T11:25:26","date_gmt":"2022-03-28T11:25:26","guid":{"rendered":"https:\/\/wenttrip.com.br\/?p=3775"},"modified":"2022-07-11T17:47:00","modified_gmt":"2022-07-11T17:47:00","slug":"o-que-pode-levar-na-bagagem-de-mao","status":"publish","type":"post","link":"https:\/\/wenttrip.com.br\/de\/tipps\/viagem\/was-konnen-sie-in-das-handgepack-nehmen\/","title":{"rendered":"Was d\u00fcrfen Sie im Handgep\u00e4ck mitnehmen"},"content":{"rendered":"<div id=\"ez-toc-container\" class=\"ez-toc-v2_0_82_2 counter-hierarchy ez-toc-counter ez-toc-grey ez-toc-container-direction\">\n<div class=\"ez-toc-title-container\">\n<p class=\"ez-toc-title\" style=\"cursor:inherit\">Index<\/p>\n<span class=\"ez-toc-title-toggle\"><a href=\"#\" class=\"ez-toc-pull-right ez-toc-btn ez-toc-btn-xs ez-toc-btn-default ez-toc-toggle\" aria-label=\"Inhaltsverzeichnis umschalten\"><span class=\"ez-toc-js-icon-con\"><span class=\"\"><span class=\"eztoc-hide\" style=\"display:none;\">Umschalten<\/span><span class=\"ez-toc-icon-toggle-span\"><svg style=\"fill: #999;color:#999\" xmlns=\"http:\/\/www.w3.org\/2000\/svg\" class=\"list-377408\" width=\"20px\" height=\"20px\" viewbox=\"0 0 24 24\" fill=\"none\"><path d=\"M6 6H4v2h2V6zm14 0H8v2h12V6zM4 11h2v2H4v-2zm16 0H8v2h12v-2zM4 16h2v2H4v-2zm16 0H8v2h12v-2z\" fill=\"currentColor\"><\/path><\/svg><svg style=\"fill: #999;color:#999\" class=\"arrow-unsorted-368013\" xmlns=\"http:\/\/www.w3.org\/2000\/svg\" width=\"10px\" height=\"10px\" viewbox=\"0 0 24 24\" version=\"1.2\" baseprofile=\"tiny\"><path d=\"M18.2 9.3l-6.2-6.3-6.2 6.3c-.2.2-.3.4-.3.7s.1.5.3.7c.2.2.4.3.7.3h11c.3 0 .5-.1.7-.3.2-.2.3-.5.3-.7s-.1-.5-.3-.7zM5.8 14.7l6.2 6.3 6.2-6.3c.2-.2.3-.5.3-.7s-.1-.5-.3-.7c-.2-.2-.4-.3-.7-.3h-11c-.3 0-.5.1-.7.3-.2.2-.3.5-.3.7s.1.5.3.7z\"\/><\/svg><\/span><\/span><\/span><\/a><\/span><\/div>\n<nav><ul class='ez-toc-list ez-toc-list-level-1' ><li class='ez-toc-page-1 ez-toc-heading-level-2'><a class=\"ez-toc-link ez-toc-heading-1\" href=\"https:\/\/wenttrip.com.br\/de\/tipps\/viagem\/was-konnen-sie-in-das-handgepack-nehmen\/#Bagagem_de_mao_ou_de_bordo\" >Handgep\u00e4ck oder Bordgep\u00e4ck<\/a><\/li><li class='ez-toc-page-1 ez-toc-heading-level-2'><a class=\"ez-toc-link ez-toc-heading-2\" href=\"https:\/\/wenttrip.com.br\/de\/tipps\/viagem\/was-konnen-sie-in-das-handgepack-nehmen\/#Regras_bagagem_de_mao\" >handgep\u00e4ck regeln<\/a><ul class='ez-toc-list-level-3' ><li class='ez-toc-heading-level-3'><a class=\"ez-toc-link ez-toc-heading-3\" href=\"https:\/\/wenttrip.com.br\/de\/tipps\/viagem\/was-konnen-sie-in-das-handgepack-nehmen\/#Qual_volume_voce_pode_levar\" >Welche Lautst\u00e4rke kannst du nehmen?<\/a><\/li><li class='ez-toc-page-1 ez-toc-heading-level-3'><a class=\"ez-toc-link ez-toc-heading-4\" href=\"https:\/\/wenttrip.com.br\/de\/tipps\/viagem\/was-konnen-sie-in-das-handgepack-nehmen\/#Qual_o_peso_e_tamanho_da_bagagem_de_mao\" >Was ist das Gewicht und die Gr\u00f6\u00dfe des Handgep\u00e4cks?<\/a><\/li><li class='ez-toc-page-1 ez-toc-heading-level-3'><a class=\"ez-toc-link ez-toc-heading-5\" href=\"https:\/\/wenttrip.com.br\/de\/tipps\/viagem\/was-konnen-sie-in-das-handgepack-nehmen\/#Latam\" >kann<\/a><\/li><li class='ez-toc-page-1 ez-toc-heading-level-3'><a class=\"ez-toc-link ez-toc-heading-6\" href=\"https:\/\/wenttrip.com.br\/de\/tipps\/viagem\/was-konnen-sie-in-das-handgepack-nehmen\/#Azul\" >Blau<\/a><\/li><li class='ez-toc-page-1 ez-toc-heading-level-3'><a class=\"ez-toc-link ez-toc-heading-7\" href=\"https:\/\/wenttrip.com.br\/de\/tipps\/viagem\/was-konnen-sie-in-das-handgepack-nehmen\/#American_Airlines\" >American Airlines<\/a><\/li><\/ul><\/li><li class='ez-toc-page-1 ez-toc-heading-level-2'><a class=\"ez-toc-link ez-toc-heading-8\" href=\"https:\/\/wenttrip.com.br\/de\/tipps\/viagem\/was-konnen-sie-in-das-handgepack-nehmen\/#O_que_pode_levar_na_bagagem_de_mao\" >Was d\u00fcrfen Sie im Handgep\u00e4ck mitnehmen<\/a><\/li><li class='ez-toc-page-1 ez-toc-heading-level-2'><a class=\"ez-toc-link ez-toc-heading-9\" href=\"https:\/\/wenttrip.com.br\/de\/tipps\/viagem\/was-konnen-sie-in-das-handgepack-nehmen\/#Restricoes_de_transporte_na_cabine_do_aviao\" >Transportbeschr\u00e4nkungen in der Kabine des Flugzeugs<\/a><ul class='ez-toc-list-level-3' ><li class='ez-toc-heading-level-3'><a class=\"ez-toc-link ez-toc-heading-10\" href=\"https:\/\/wenttrip.com.br\/de\/tipps\/viagem\/was-konnen-sie-in-das-handgepack-nehmen\/#_Importante\" >&nbsp;Wichtig:<\/a><\/li><\/ul><\/li><li class='ez-toc-page-1 ez-toc-heading-level-2'><a class=\"ez-toc-link ez-toc-heading-11\" href=\"https:\/\/wenttrip.com.br\/de\/tipps\/viagem\/was-konnen-sie-in-das-handgepack-nehmen\/#O_que_pode_levar_na_bagagem_de_mao-2\" >Was d\u00fcrfen Sie im Handgep\u00e4ck mitnehmen<\/a><\/li><\/ul><\/nav><\/div>\n\n<p>finden Sie heraus, was Sie k\u00f6nnen <strong>im Handgep\u00e4ck mitnehmen<\/strong>, Gegenst\u00e4nde, die als riskant gelten, das Gewicht der Tasche und ihre Gr\u00f6\u00dfe.<\/p>\n\n\n\n<p>In diesem Beitrag werde ich die erlaubten Regeln erkl\u00e4ren<strong> von verschiedenen Fluggesellschaften<\/strong>.<\/p>\n\n\n\n<p>Genie\u00dfen Sie und beseitigen Sie alle Ihre Zweifel!<\/p>\n\n\n\n<p class=\"has-background\" style=\"background-color:#edfae4\"><strong>Wusstest du schon<\/strong> dass f\u00fcr Ihre Flugreise als wichtig erachtete Gegenst\u00e4nde oft zum Zeitpunkt des Einsteigens weggelassen werden, normalerweise als riskant oder wegen der Gr\u00f6\u00dfe der Flasche angesehen werden?!<\/p>\n\n\n\n<p><strong>Wichtiger Tipp:<\/strong> bevor Sie Ihre Reise antreten <strong>Suche<\/strong> auf der Website der Fluggesellschaft, was sind ihre Regeln. in der Lage <strong>Variationen haben<\/strong> zwischen Unternehmen.<\/p>\n\n\n\n<p><\/p>\n\n\n\n<h2 class=\"wp-block-heading\"><span class=\"ez-toc-section\" id=\"Bagagem_de_mao_ou_de_bordo\"><\/span><strong>Handgep\u00e4ck oder Bordgep\u00e4ck<\/strong><span class=\"ez-toc-section-end\"><\/span><\/h2>\n\n\n\n<figure class=\"wp-block-image size-full is-resized\"><img decoding=\"async\" src=\"https:\/\/wenttrip.com.br\/wp-content\/uploads\/2022\/03\/bagagem-de-mao-aviao-1024x682-1.jpg\" alt=\"Handgep\u00e4ck oder Bordgep\u00e4ck\" class=\"wp-image-3779\" width=\"608\" height=\"406\" srcset=\"https:\/\/wenttrip.com.br\/wp-content\/uploads\/2022\/03\/bagagem-de-mao-aviao-1024x682-1.jpg 1024w, https:\/\/wenttrip.com.br\/wp-content\/uploads\/2022\/03\/bagagem-de-mao-aviao-1024x682-1-300x200.jpg 300w, https:\/\/wenttrip.com.br\/wp-content\/uploads\/2022\/03\/bagagem-de-mao-aviao-1024x682-1-768x512.jpg 768w, https:\/\/wenttrip.com.br\/wp-content\/uploads\/2022\/03\/bagagem-de-mao-aviao-1024x682-1-389x259.jpg 389w\" sizes=\"(max-width: 608px) 100vw, 608px\" \/><\/figure>\n\n\n\n<p>Zun\u00e4chst m\u00fcssen Sie die Definition der Tasche kennen, die Sie mitnehmen werden. Diese Tasche k\u00f6nnen Sie w\u00e4hrend des Fluges zusammen in der Kabine mitnehmen. <strong>\u00fcber den Sitzen.<\/strong><\/p>\n\n\n\n<p>Es kann ein Rucksack, eine Handtasche oder ein Koffer sein, aber sie m\u00fcssen den Vorschriften der Nationalen Zivilluftfahrtbeh\u00f6rde (Ag\u00eancia Nacional de Avia\u00e7\u00e3o Civil) entsprechen (<strong>ANAC<\/strong>).<\/p>\n\n\n\n<p>Ein weiterer wichtiger Punkt ist, dass diese Handtasche ist <strong>allein Ihre Verantwortung<\/strong>, das hei\u00dft, wenn Sie es im Flugzeug vergessen, ist das Unternehmen nicht verpflichtet, den Benutzer zu entsch\u00e4digen.<\/p>\n\n\n\n<h2 class=\"wp-block-heading\"><span class=\"ez-toc-section\" id=\"Regras_bagagem_de_mao\"><\/span><strong>handgep\u00e4ck regeln<\/strong><span class=\"ez-toc-section-end\"><\/span><\/h2>\n\n\n\n<h3 class=\"wp-block-heading\"><span class=\"ez-toc-section\" id=\"Qual_volume_voce_pode_levar\"><\/span><strong>Welche Lautst\u00e4rke kannst du nehmen?<\/strong><span class=\"ez-toc-section-end\"><\/span><\/h3>\n\n\n\n<figure class=\"wp-block-image size-full\"><img decoding=\"async\" width=\"500\" height=\"500\" src=\"https:\/\/wenttrip.com.br\/wp-content\/uploads\/2022\/03\/1860937_kit-mala-de-viagem-de-bordo-londres-rose-mochila-executiva-boa-vista-swiss-move_m12_637811184806741574.jpg\" alt=\"Was d\u00fcrfen Sie im Handgep\u00e4ck mitnehmen\" class=\"wp-image-3782\" srcset=\"https:\/\/wenttrip.com.br\/wp-content\/uploads\/2022\/03\/1860937_kit-mala-de-viagem-de-bordo-londres-rose-mochila-executiva-boa-vista-swiss-move_m12_637811184806741574.jpg 500w, https:\/\/wenttrip.com.br\/wp-content\/uploads\/2022\/03\/1860937_kit-mala-de-viagem-de-bordo-londres-rose-mochila-executiva-boa-vista-swiss-move_m12_637811184806741574-300x300.jpg 300w, https:\/\/wenttrip.com.br\/wp-content\/uploads\/2022\/03\/1860937_kit-mala-de-viagem-de-bordo-londres-rose-mochila-executiva-boa-vista-swiss-move_m12_637811184806741574-150x150.jpg 150w\" sizes=\"(max-width: 500px) 100vw, 500px\" \/><\/figure>\n\n\n\n<p>In der Regel genehmigen die meisten Fluggesellschaften die Verwendung von <strong>Handgep\u00e4ck plus ein pers\u00f6nlicher Gegenstand<\/strong> wie z. B. eine Handtasche, eine Tasche oder ein Rucksack mit einem Notebook oder Kameras, Taschen mit Produkten, die in Duty-Free-Shops gekauft wurden, und andere.<\/p>\n\n\n\n<p>Ihr pers\u00f6nlicher Gegenstand muss unter dem Vordersitz (d. h. zu Ihren F\u00fc\u00dfen, <strong>unter der Bank<\/strong>)!<\/p>\n\n\n\n<figure class=\"wp-block-image size-full\"><img decoding=\"async\" width=\"737\" height=\"442\" src=\"https:\/\/wenttrip.com.br\/wp-content\/uploads\/2022\/03\/under-seat-luggage-image-wrichtext-737x442-1.jpg\" alt=\"Gep\u00e4ck unter dem Sitz im Flugzeug\" class=\"wp-image-3783\" srcset=\"https:\/\/wenttrip.com.br\/wp-content\/uploads\/2022\/03\/under-seat-luggage-image-wrichtext-737x442-1.jpg 737w, https:\/\/wenttrip.com.br\/wp-content\/uploads\/2022\/03\/under-seat-luggage-image-wrichtext-737x442-1-300x180.jpg 300w, https:\/\/wenttrip.com.br\/wp-content\/uploads\/2022\/03\/under-seat-luggage-image-wrichtext-737x442-1-389x233.jpg 389w\" sizes=\"(max-width: 737px) 100vw, 737px\" \/><\/figure>\n\n\n\n<h3 class=\"wp-block-heading\"><span class=\"ez-toc-section\" id=\"Qual_o_peso_e_tamanho_da_bagagem_de_mao\"><\/span><strong>Was ist das Gewicht und die Gr\u00f6\u00dfe des Handgep\u00e4cks?<\/strong><span class=\"ez-toc-section-end\"><\/span><\/h3>\n\n\n\n<figure class=\"wp-block-image size-full\"><img decoding=\"async\" width=\"696\" height=\"399\" src=\"https:\/\/wenttrip.com.br\/wp-content\/uploads\/2022\/03\/bagagem-de-mao-o-que-levar-checklist-para-ajudar-a-organizar-a-mala-bagagem-de-mao-o-que-levar-checklist-para-ajudar-a-organizar-a-mala-1.jpg\" alt=\"Kofferabmessungen \" class=\"wp-image-3781\" srcset=\"https:\/\/wenttrip.com.br\/wp-content\/uploads\/2022\/03\/bagagem-de-mao-o-que-levar-checklist-para-ajudar-a-organizar-a-mala-bagagem-de-mao-o-que-levar-checklist-para-ajudar-a-organizar-a-mala-1.jpg 696w, https:\/\/wenttrip.com.br\/wp-content\/uploads\/2022\/03\/bagagem-de-mao-o-que-levar-checklist-para-ajudar-a-organizar-a-mala-bagagem-de-mao-o-que-levar-checklist-para-ajudar-a-organizar-a-mala-1-300x172.jpg 300w, https:\/\/wenttrip.com.br\/wp-content\/uploads\/2022\/03\/bagagem-de-mao-o-que-levar-checklist-para-ajudar-a-organizar-a-mala-bagagem-de-mao-o-que-levar-checklist-para-ajudar-a-organizar-a-mala-1-389x223.jpg 389w\" sizes=\"(max-width: 696px) 100vw, 696px\" \/><\/figure>\n\n\n\n<p>Ich werde nach den wichtigsten Unternehmen beschreiben:<\/p>\n\n\n\n<h3 class=\"wp-block-heading\"><span class=\"ez-toc-section\" id=\"Latam\"><\/span><strong>kann<\/strong><span class=\"ez-toc-section-end\"><\/span><\/h3>\n\n\n\n<p>H\u00f6chstgewicht: 10 kg in der Economy Class<\/p>\n\n\n\n<p>H\u00f6chstgewicht: 16 kg in der Premium Economy oder Business Class<\/p>\n\n\n\n<p>Messen Sie maximal 55 cm x 35 cm x 25 cm<\/p>\n\n\n\n<h3 class=\"wp-block-heading\"><span class=\"ez-toc-section\" id=\"Azul\"><\/span><strong>Blau<\/strong><span class=\"ez-toc-section-end\"><\/span><\/h3>\n\n\n\n<p>H\u00f6chstgewicht: 10 kg<\/p>\n\n\n\n<p>Messen Sie maximal 55 cm x 35 cm x 25 cm<\/p>\n\n\n\n<h3 class=\"wp-block-heading\"><span class=\"ez-toc-section\" id=\"American_Airlines\"><\/span><strong>American Airlines<\/strong><span class=\"ez-toc-section-end\"><\/span><\/h3>\n\n\n\n<p>Messen Sie maximal 56 cm x 36 cm x 23 cm<\/p>\n\n\n\n<p>(Auf der Website des Unternehmens gibt es kein Gewicht, nur Abmessungen).<\/p>\n\n\n\n<h2 class=\"wp-block-heading\"><span class=\"ez-toc-section\" id=\"O_que_pode_levar_na_bagagem_de_mao\"><\/span><strong>Was d\u00fcrfen Sie im Handgep\u00e4ck mitnehmen<\/strong><span class=\"ez-toc-section-end\"><\/span><\/h2>\n\n\n\n<figure class=\"wp-block-image size-full is-resized\"><img decoding=\"async\" src=\"https:\/\/wenttrip.com.br\/wp-content\/uploads\/2022\/03\/15457710655c2298394c10a_1545771065_3x2_md.jpg\" alt=\"Handgep\u00e4ck\" class=\"wp-image-3792\" width=\"520\" height=\"347\" srcset=\"https:\/\/wenttrip.com.br\/wp-content\/uploads\/2022\/03\/15457710655c2298394c10a_1545771065_3x2_md.jpg 768w, https:\/\/wenttrip.com.br\/wp-content\/uploads\/2022\/03\/15457710655c2298394c10a_1545771065_3x2_md-300x200.jpg 300w, https:\/\/wenttrip.com.br\/wp-content\/uploads\/2022\/03\/15457710655c2298394c10a_1545771065_3x2_md-389x259.jpg 389w\" sizes=\"(max-width: 520px) 100vw, 520px\" \/><\/figure>\n\n\n\n<ul class=\"wp-block-list\"><li>Unterlagen<\/li><li>Kasse<\/li><li>Arzneimittel (Einschr\u00e4nkungen pr\u00fcfen)<\/li><li>Schl\u00fcssel<\/li><li>Elektronik<\/li><li>Kleider<\/li><li>Schuhe<\/li><li>Toilettenartikel (maximal 100 ml\/jedes Gesamtvolumen: 1 l)<\/li><\/ul>\n\n\n\n<p><strong>Vorsicht:<\/strong><\/p>\n\n\n\n<p>Alle Fl\u00fcssigkeiten und Gele m\u00fcssen in Kunststoffverpackungen verpackt sein, um die Inspektion durch den Schutzbeauftragten zu erleichtern.<\/p>\n\n\n\n<figure class=\"wp-block-image size-large is-resized\"><img decoding=\"async\" src=\"https:\/\/wenttrip.com.br\/wp-content\/uploads\/2022\/03\/20180524_213235-1024x576.jpg\" alt=\"Artikel in transparenter Verpackung \" class=\"wp-image-3784\" width=\"608\" height=\"342\" srcset=\"https:\/\/wenttrip.com.br\/wp-content\/uploads\/2022\/03\/20180524_213235-1024x576.jpg 1024w, https:\/\/wenttrip.com.br\/wp-content\/uploads\/2022\/03\/20180524_213235-300x169.jpg 300w, https:\/\/wenttrip.com.br\/wp-content\/uploads\/2022\/03\/20180524_213235-768x432.jpg 768w, https:\/\/wenttrip.com.br\/wp-content\/uploads\/2022\/03\/20180524_213235-1536x864.jpg 1536w, https:\/\/wenttrip.com.br\/wp-content\/uploads\/2022\/03\/20180524_213235-2048x1152.jpg 2048w, https:\/\/wenttrip.com.br\/wp-content\/uploads\/2022\/03\/20180524_213235-389x219.jpg 389w\" sizes=\"(max-width: 608px) 100vw, 608px\" \/><\/figure>\n\n\n\n<p>Wenn Sie keine durchsichtige Plastikverpackung haben, finden Sie sie an Flugh\u00e4fen normalerweise in einem Gesch\u00e4ft, um sie zu kaufen.<\/p>\n\n\n\n<h2 class=\"wp-block-heading\"><span class=\"ez-toc-section\" id=\"Restricoes_de_transporte_na_cabine_do_aviao\"><\/span><strong>Transportbeschr\u00e4nkungen in der Kabine des Flugzeugs<\/strong><span class=\"ez-toc-section-end\"><\/span><\/h2>\n\n\n\n<figure class=\"wp-block-image size-full\"><img decoding=\"async\" width=\"741\" height=\"486\" src=\"https:\/\/wenttrip.com.br\/wp-content\/uploads\/2022\/03\/shutterstock_234649834-741x486_c.jpg\" alt=\"verbotene Gegenst\u00e4nde im Schrank\" class=\"wp-image-3785\" srcset=\"https:\/\/wenttrip.com.br\/wp-content\/uploads\/2022\/03\/shutterstock_234649834-741x486_c.jpg 741w, https:\/\/wenttrip.com.br\/wp-content\/uploads\/2022\/03\/shutterstock_234649834-741x486_c-300x197.jpg 300w, https:\/\/wenttrip.com.br\/wp-content\/uploads\/2022\/03\/shutterstock_234649834-741x486_c-389x255.jpg 389w\" sizes=\"(max-width: 741px) 100vw, 741px\" \/><\/figure>\n\n\n\n<p>Im Allgemeinen haben Unternehmen \u00e4hnliche Beschr\u00e4nkungen, einige strenger, zum Beispiel gestatten einige das Mitf\u00fchren von Schusswaffen nicht einmal im Gep\u00e4ckraum.<\/p>\n\n\n\n<p>Nachfolgend finden Sie eine Liste von Artikeln, die <strong>allgemein<\/strong> sind<strong> verboten:<\/strong><\/p>\n\n\n\n<ul class=\"wp-block-list\"><li>Schusswaffen aller Art (einschlie\u00dflich Repliken und Spielzeugwaffen)<\/li><li>Fl\u00fcssigkeiten, Gele, Aerosole<\/li><li>Scharfe Gegenst\u00e4nde wie: Messer, Schleifpapier, Nagelknipser, Rasierklingen, Arbeitswerkzeuge oder Pinzetten, Nadeln und\/oder Strickst\u00e4bchen.<\/li><li>Baseballschl\u00e4ger oder Billardqueues.<\/li><\/ul>\n\n\n\n<h3 class=\"has-background wp-block-heading\" style=\"background-color:#fdb6b6\"><span class=\"ez-toc-section\" id=\"_Importante\"><\/span><strong>&nbsp;Wichtig:<\/strong><span class=\"ez-toc-section-end\"><\/span><\/h3>\n\n\n\n<p>Beim Transport des 15-Zoll-MacBook Pro (aufgrund von Problemen, die bei einigen Lithiumbatterien festgestellt wurden), das zwischen September 2015 und Februar 2017 von Apple hergestellt wurde, empfiehlt ANAC, dass Passagiere, die dieses Ger\u00e4t besitzen, \u00fcberpr\u00fcfen, ob das Ger\u00e4t eines der betroffenen Ger\u00e4te aufgrund eines Batterieausfalls ist .<\/p>\n\n\n\n<figure class=\"wp-block-image size-full\"><img decoding=\"async\" width=\"800\" height=\"445\" src=\"https:\/\/wenttrip.com.br\/wp-content\/uploads\/2022\/03\/Titelsw_o-800x445-1.jpg\" alt=\"15 zoll macbook pro\" class=\"wp-image-3788\" srcset=\"https:\/\/wenttrip.com.br\/wp-content\/uploads\/2022\/03\/Titelsw_o-800x445-1.jpg 800w, https:\/\/wenttrip.com.br\/wp-content\/uploads\/2022\/03\/Titelsw_o-800x445-1-300x167.jpg 300w, https:\/\/wenttrip.com.br\/wp-content\/uploads\/2022\/03\/Titelsw_o-800x445-1-768x427.jpg 768w, https:\/\/wenttrip.com.br\/wp-content\/uploads\/2022\/03\/Titelsw_o-800x445-1-389x216.jpg 389w\" sizes=\"(max-width: 800px) 100vw, 800px\" \/><\/figure>\n\n\n\n<p><strong>Anmeldung<\/strong> um Ihr Ger\u00e4t direkt auf der Herstellerseite zu \u00fcberpr\u00fcfen: https:\/\/support.apple.com\/15-inch-macbook-pro-battery-recall.<\/p>\n\n\n\n<h2 class=\"wp-block-heading\"><span class=\"ez-toc-section\" id=\"O_que_pode_levar_na_bagagem_de_mao-2\"><\/span>Was d\u00fcrfen Sie im Handgep\u00e4ck mitnehmen<span class=\"ez-toc-section-end\"><\/span><\/h2>\n\n\n\n<p>Schlie\u00dflich hoffe ich, dass ich in diesem ganz besonderen Moment geholfen habe, der sich auf den Koffer vorbereitet!<\/p>\n\n\n\n<p>Gute Fahrt und teilen Sie Ihre Erfahrungen mit uns!<\/p>\n\n\n\n<p>Genie\u00dfen Sie und erfahren Sie mehr Tipps:<\/p>\n\n\n\n<p> <a href=\"https:\/\/wenttrip.com.br\/de\/tipps\/viagem\/schau-um-mit-dem-flugzeug-zu-reisen\/\">Suchen Sie nach Reisen mit dem Flugzeug<\/a><\/p>\n\n\n\n<p> <a href=\"https:\/\/wenttrip.com.br\/de\/tipps\/reisen-in-die-usa-ohne-englisch-zu-wissen\/\">Reisen in die USA ohne Englischkenntnisse<\/a><\/p>\n\n\n\n<p> <a href=\"https:\/\/wenttrip.com.br\/de\/vereinigte-staaten\/wissenswertes-uber-die-usa\/\">Fakten \u00fcber die USA<\/a><\/p>","protected":false},"excerpt":{"rendered":"<p>Informieren Sie sich \u00fcber die erlaubten Handgep\u00e4ckst\u00fccke, die als Risikogegenst\u00e4nde geltenden Gegenst\u00e4nde, das Gewicht und die Gr\u00f6\u00dfe Ihres Koffers. In diesem Beitrag erkl\u00e4re ich die Regeln der verschiedenen Fluggesellschaften. Nutzen Sie diese Chance und kl\u00e4ren Sie Ihre Zweifel! Wussten Sie, dass wichtige Gegenst\u00e4nde f\u00fcr Ihre Flugreise oft\u2026&nbsp;<a href=\"https:\/\/wenttrip.com.br\/de\/tipps\/viagem\/was-konnen-sie-in-das-handgepack-nehmen\/\" rel=\"bookmark\">Weiterlesen \u00bb<span class=\"screen-reader-text\">Was d\u00fcrfen Sie im Handgep\u00e4ck mitnehmen<\/span><\/a><\/p>","protected":false},"author":1,"featured_media":3780,"comment_status":"open","ping_status":"open","sticky":false,"template":"","format":"standard","meta":{"neve_meta_sidebar":"","neve_meta_container":"","neve_meta_enable_content_width":"","neve_meta_content_width":0,"neve_meta_title_alignment":"","neve_meta_author_avatar":"","neve_post_elements_order":"","neve_meta_disable_header":"","neve_meta_disable_footer":"","neve_meta_disable_title":"","footnotes":""},"categories":[1127],"tags":[1135,1138,1134,1129,1133,1137,1128,1132,1131,1130,1136],"class_list":["post-3775","post","type-post","status-publish","format-standard","has-post-thumbnail","hentry","category-viagem","tag-american-airlines","tag-anac","tag-azul","tag-bagagem-de-mao-ou-de-bordo","tag-latam","tag-macbook-pro-de-15-polegadas","tag-o-que-pode-levar-na-bagagem-de-mao","tag-qual-o-peso-e-tamanho-da-bagagem-de-mao","tag-qual-volume-voce-pode-levar","tag-regras-bagagem-de-mao","tag-restricoes-de-transporte-na-cabine-do-aviao"],"yoast_head":"<!-- This site is optimized with the Yoast SEO plugin v27.5 - https:\/\/yoast.com\/product\/yoast-seo-wordpress\/ -->\n<title>O que pode levar na bagagem de m\u00e3o - WentTrip<\/title>\n<meta name=\"description\" content=\"Descubra o que pode levar na bagagem de m\u00e3o, itens que s\u00e3o considerados de risco, o peso da mala e o seu tamanho.\" \/>\n<meta name=\"robots\" content=\"index, follow, max-snippet:-1, max-image-preview:large, max-video-preview:-1\" \/>\n<link rel=\"canonical\" href=\"https:\/\/wenttrip.com.br\/de\/tipps\/viagem\/was-konnen-sie-in-das-handgepack-nehmen\/\" \/>\n<meta property=\"og:locale\" content=\"de_DE\" \/>\n<meta property=\"og:type\" content=\"article\" \/>\n<meta property=\"og:title\" content=\"O que pode levar na bagagem de m\u00e3o - WentTrip\" \/>\n<meta property=\"og:description\" content=\"Descubra o que pode levar na bagagem de m\u00e3o, itens que s\u00e3o considerados de risco, o peso da mala e o seu tamanho.\" \/>\n<meta property=\"og:url\" content=\"https:\/\/wenttrip.com.br\/de\/tipps\/viagem\/was-konnen-sie-in-das-handgepack-nehmen\/\" \/>\n<meta property=\"og:site_name\" content=\"WentTrip\" \/>\n<meta property=\"article:publisher\" content=\"https:\/\/m.facebook.com\/profile.php\" \/>\n<meta property=\"article:author\" content=\"https:\/\/m.facebook.com\/profile.php\" \/>\n<meta property=\"article:published_time\" content=\"2022-03-28T11:25:26+00:00\" \/>\n<meta property=\"article:modified_time\" content=\"2022-07-11T17:47:00+00:00\" \/>\n<meta property=\"og:image\" content=\"https:\/\/wenttrip.com.br\/wp-content\/uploads\/2022\/03\/bagagem-capa2019-01.jpg\" \/>\n\t<meta property=\"og:image:width\" content=\"1640\" \/>\n\t<meta property=\"og:image:height\" content=\"860\" \/>\n\t<meta property=\"og:image:type\" content=\"image\/jpeg\" \/>\n<meta name=\"author\" content=\"Fernanda Machado\" \/>\n<meta name=\"twitter:card\" content=\"summary_large_image\" \/>\n<meta name=\"twitter:creator\" content=\"@https:\/\/twitter.com\/wenttrip\" \/>\n<meta name=\"twitter:site\" content=\"@wenttrip\" \/>\n<meta name=\"twitter:label1\" content=\"Verfasst von\" \/>\n\t<meta name=\"twitter:data1\" content=\"Fernanda Machado\" \/>\n\t<meta name=\"twitter:label2\" content=\"Gesch\u00e4tzte Lesezeit\" \/>\n\t<meta name=\"twitter:data2\" content=\"5\u00a0Minuten\" \/>\n<script type=\"application\/ld+json\" class=\"yoast-schema-graph\">{\"@context\":\"https:\\\/\\\/schema.org\",\"@graph\":[{\"@type\":\"Article\",\"@id\":\"https:\\\/\\\/wenttrip.com.br\\\/de\\\/tipps\\\/viagem\\\/was-konnen-sie-in-das-handgepack-nehmen\\\/#article\",\"isPartOf\":{\"@id\":\"https:\\\/\\\/wenttrip.com.br\\\/de\\\/tipps\\\/viagem\\\/was-konnen-sie-in-das-handgepack-nehmen\\\/\"},\"author\":{\"name\":\"Fernanda Machado\",\"@id\":\"https:\\\/\\\/wenttrip.com.br\\\/de\\\/#\\\/schema\\\/person\\\/c0ff87b449a960037fdd1b024842fcf9\"},\"headline\":\"O que pode levar na bagagem de m\u00e3o\",\"datePublished\":\"2022-03-28T11:25:26+00:00\",\"dateModified\":\"2022-07-11T17:47:00+00:00\",\"mainEntityOfPage\":{\"@id\":\"https:\\\/\\\/wenttrip.com.br\\\/de\\\/tipps\\\/viagem\\\/was-konnen-sie-in-das-handgepack-nehmen\\\/\"},\"wordCount\":658,\"commentCount\":0,\"publisher\":{\"@id\":\"https:\\\/\\\/wenttrip.com.br\\\/de\\\/#\\\/schema\\\/person\\\/c0ff87b449a960037fdd1b024842fcf9\"},\"image\":{\"@id\":\"https:\\\/\\\/wenttrip.com.br\\\/de\\\/tipps\\\/viagem\\\/was-konnen-sie-in-das-handgepack-nehmen\\\/#primaryimage\"},\"thumbnailUrl\":\"https:\\\/\\\/wenttrip.com.br\\\/wp-content\\\/uploads\\\/2022\\\/03\\\/bagagem-capa2019-01.jpg\",\"keywords\":[\"American Airlines\",\"ANAC\",\"Azul\",\"Bagagem de m\u00e3o ou de bordo\",\"Latam\",\"MacBook Pro de 15 polegadas\",\"O que pode levar na bagagem de m\u00e3o\",\"Qual o peso e tamanho da bagagem de m\u00e3o?\",\"Qual volume voc\u00ea pode levar?\",\"Regras bagagem de m\u00e3o\",\"Restri\u00e7\u00f5es de transporte na cabine do avi\u00e3o\"],\"articleSection\":[\"Viagem\"],\"inLanguage\":\"de\",\"potentialAction\":[{\"@type\":\"CommentAction\",\"name\":\"Comment\",\"target\":[\"https:\\\/\\\/wenttrip.com.br\\\/de\\\/tipps\\\/viagem\\\/was-konnen-sie-in-das-handgepack-nehmen\\\/#respond\"]}]},{\"@type\":\"WebPage\",\"@id\":\"https:\\\/\\\/wenttrip.com.br\\\/de\\\/tipps\\\/viagem\\\/was-konnen-sie-in-das-handgepack-nehmen\\\/\",\"url\":\"https:\\\/\\\/wenttrip.com.br\\\/de\\\/tipps\\\/viagem\\\/was-konnen-sie-in-das-handgepack-nehmen\\\/\",\"name\":\"O que pode levar na bagagem de m\u00e3o - WentTrip\",\"isPartOf\":{\"@id\":\"https:\\\/\\\/wenttrip.com.br\\\/de\\\/#website\"},\"primaryImageOfPage\":{\"@id\":\"https:\\\/\\\/wenttrip.com.br\\\/de\\\/tipps\\\/viagem\\\/was-konnen-sie-in-das-handgepack-nehmen\\\/#primaryimage\"},\"image\":{\"@id\":\"https:\\\/\\\/wenttrip.com.br\\\/de\\\/tipps\\\/viagem\\\/was-konnen-sie-in-das-handgepack-nehmen\\\/#primaryimage\"},\"thumbnailUrl\":\"https:\\\/\\\/wenttrip.com.br\\\/wp-content\\\/uploads\\\/2022\\\/03\\\/bagagem-capa2019-01.jpg\",\"datePublished\":\"2022-03-28T11:25:26+00:00\",\"dateModified\":\"2022-07-11T17:47:00+00:00\",\"description\":\"Descubra o que pode levar na bagagem de m\u00e3o, itens que s\u00e3o considerados de risco, o peso da mala e o seu tamanho.\",\"breadcrumb\":{\"@id\":\"https:\\\/\\\/wenttrip.com.br\\\/de\\\/tipps\\\/viagem\\\/was-konnen-sie-in-das-handgepack-nehmen\\\/#breadcrumb\"},\"inLanguage\":\"de\",\"potentialAction\":[{\"@type\":\"ReadAction\",\"target\":[\"https:\\\/\\\/wenttrip.com.br\\\/de\\\/tipps\\\/viagem\\\/was-konnen-sie-in-das-handgepack-nehmen\\\/\"]}]},{\"@type\":\"ImageObject\",\"inLanguage\":\"de\",\"@id\":\"https:\\\/\\\/wenttrip.com.br\\\/de\\\/tipps\\\/viagem\\\/was-konnen-sie-in-das-handgepack-nehmen\\\/#primaryimage\",\"url\":\"https:\\\/\\\/wenttrip.com.br\\\/wp-content\\\/uploads\\\/2022\\\/03\\\/bagagem-capa2019-01.jpg\",\"contentUrl\":\"https:\\\/\\\/wenttrip.com.br\\\/wp-content\\\/uploads\\\/2022\\\/03\\\/bagagem-capa2019-01.jpg\",\"width\":1640,\"height\":860},{\"@type\":\"BreadcrumbList\",\"@id\":\"https:\\\/\\\/wenttrip.com.br\\\/de\\\/tipps\\\/viagem\\\/was-konnen-sie-in-das-handgepack-nehmen\\\/#breadcrumb\",\"itemListElement\":[{\"@type\":\"ListItem\",\"position\":1,\"name\":\"In\u00edcio\",\"item\":\"https:\\\/\\\/wenttrip.com.br\\\/de\\\/\"},{\"@type\":\"ListItem\",\"position\":2,\"name\":\"O que pode levar na bagagem de m\u00e3o\"}]},{\"@type\":\"WebSite\",\"@id\":\"https:\\\/\\\/wenttrip.com.br\\\/de\\\/#website\",\"url\":\"https:\\\/\\\/wenttrip.com.br\\\/de\\\/\",\"name\":\"WentTrip\",\"description\":\"O seu guia completo com muitas dicas de aventuras, lugares, alimenta\u00e7\u00e3o, hot\u00e9is.\",\"publisher\":{\"@id\":\"https:\\\/\\\/wenttrip.com.br\\\/de\\\/#\\\/schema\\\/person\\\/c0ff87b449a960037fdd1b024842fcf9\"},\"potentialAction\":[{\"@type\":\"SearchAction\",\"target\":{\"@type\":\"EntryPoint\",\"urlTemplate\":\"https:\\\/\\\/wenttrip.com.br\\\/de\\\/?s={search_term_string}\"},\"query-input\":{\"@type\":\"PropertyValueSpecification\",\"valueRequired\":true,\"valueName\":\"search_term_string\"}}],\"inLanguage\":\"de\"},{\"@type\":[\"Person\",\"Organization\"],\"@id\":\"https:\\\/\\\/wenttrip.com.br\\\/de\\\/#\\\/schema\\\/person\\\/c0ff87b449a960037fdd1b024842fcf9\",\"name\":\"Fernanda Machado\",\"image\":{\"@type\":\"ImageObject\",\"inLanguage\":\"de\",\"@id\":\"https:\\\/\\\/wenttrip.com.br\\\/wp-content\\\/uploads\\\/2022\\\/08\\\/WentTrip-2.png\",\"url\":\"https:\\\/\\\/wenttrip.com.br\\\/wp-content\\\/uploads\\\/2022\\\/08\\\/WentTrip-2.png\",\"contentUrl\":\"https:\\\/\\\/wenttrip.com.br\\\/wp-content\\\/uploads\\\/2022\\\/08\\\/WentTrip-2.png\",\"width\":1000,\"height\":1000,\"caption\":\"Fernanda Machado\"},\"logo\":{\"@id\":\"https:\\\/\\\/wenttrip.com.br\\\/wp-content\\\/uploads\\\/2022\\\/08\\\/WentTrip-2.png\"},\"description\":\"Aprendi que a vida \u00e9 mais leve quando colocamos uma mochila nas costas junto com sonhos. Amo viajar! Tenho 34 anos, mam\u00e3e de 3 cachorros: A Pantufa, O mutley e o Mixuruca. Compartilhamos nossas experi\u00eancias por aqui, esperamos que gostem!\",\"sameAs\":[\"https:\\\/\\\/wenttrip.com.br\",\"https:\\\/\\\/m.facebook.com\\\/profile.php\",\"https:\\\/\\\/www.instagram.com\\\/wenttrip\\\/\",\"https:\\\/\\\/x.com\\\/https:\\\/\\\/twitter.com\\\/wenttrip\",\"https:\\\/\\\/www.youtube.com\\\/c\\\/WentTrip\\\/videos\"],\"url\":\"https:\\\/\\\/wenttrip.com.br\\\/de\\\/author\\\/admin\\\/\"}]}<\/script>\n<!-- \/ Yoast SEO plugin. -->","yoast_head_json":{"title":"Was Sie im Handgep\u00e4ck mitnehmen d\u00fcrfen \u2013 WentTrip","description":"Informieren Sie sich, was Sie im Handgep\u00e4ck mitnehmen d\u00fcrfen, welche Gegenst\u00e4nde als riskant gelten, wie schwer die Tasche ist und wie gro\u00df sie ist.","robots":{"index":"index","follow":"follow","max-snippet":"max-snippet:-1","max-image-preview":"max-image-preview:large","max-video-preview":"max-video-preview:-1"},"canonical":"https:\/\/wenttrip.com.br\/de\/tipps\/viagem\/was-konnen-sie-in-das-handgepack-nehmen\/","og_locale":"de_DE","og_type":"article","og_title":"O que pode levar na bagagem de m\u00e3o - WentTrip","og_description":"Descubra o que pode levar na bagagem de m\u00e3o, itens que s\u00e3o considerados de risco, o peso da mala e o seu tamanho.","og_url":"https:\/\/wenttrip.com.br\/de\/tipps\/viagem\/was-konnen-sie-in-das-handgepack-nehmen\/","og_site_name":"WentTrip","article_publisher":"https:\/\/m.facebook.com\/profile.php","article_author":"https:\/\/m.facebook.com\/profile.php","article_published_time":"2022-03-28T11:25:26+00:00","article_modified_time":"2022-07-11T17:47:00+00:00","og_image":[{"width":1640,"height":860,"url":"https:\/\/wenttrip.com.br\/wp-content\/uploads\/2022\/03\/bagagem-capa2019-01.jpg","type":"image\/jpeg"}],"author":"Fernanda Machado","twitter_card":"summary_large_image","twitter_creator":"@https:\/\/twitter.com\/wenttrip","twitter_site":"@wenttrip","twitter_misc":{"Verfasst von":"Fernanda Machado","Gesch\u00e4tzte Lesezeit":"5\u00a0Minuten"},"schema":{"@context":"https:\/\/schema.org","@graph":[{"@type":"Article","@id":"https:\/\/wenttrip.com.br\/de\/tipps\/viagem\/was-konnen-sie-in-das-handgepack-nehmen\/#article","isPartOf":{"@id":"https:\/\/wenttrip.com.br\/de\/tipps\/viagem\/was-konnen-sie-in-das-handgepack-nehmen\/"},"author":{"name":"Fernanda Machado","@id":"https:\/\/wenttrip.com.br\/de\/#\/schema\/person\/c0ff87b449a960037fdd1b024842fcf9"},"headline":"O que pode levar na bagagem de m\u00e3o","datePublished":"2022-03-28T11:25:26+00:00","dateModified":"2022-07-11T17:47:00+00:00","mainEntityOfPage":{"@id":"https:\/\/wenttrip.com.br\/de\/tipps\/viagem\/was-konnen-sie-in-das-handgepack-nehmen\/"},"wordCount":658,"commentCount":0,"publisher":{"@id":"https:\/\/wenttrip.com.br\/de\/#\/schema\/person\/c0ff87b449a960037fdd1b024842fcf9"},"image":{"@id":"https:\/\/wenttrip.com.br\/de\/tipps\/viagem\/was-konnen-sie-in-das-handgepack-nehmen\/#primaryimage"},"thumbnailUrl":"https:\/\/wenttrip.com.br\/wp-content\/uploads\/2022\/03\/bagagem-capa2019-01.jpg","keywords":["American Airlines","ANAC","Azul","Bagagem de m\u00e3o ou de bordo","Latam","MacBook Pro de 15 polegadas","O que pode levar na bagagem de m\u00e3o","Qual o peso e tamanho da bagagem de m\u00e3o?","Qual volume voc\u00ea pode levar?","Regras bagagem de m\u00e3o","Restri\u00e7\u00f5es de transporte na cabine do avi\u00e3o"],"articleSection":["Viagem"],"inLanguage":"de","potentialAction":[{"@type":"CommentAction","name":"Comment","target":["https:\/\/wenttrip.com.br\/de\/tipps\/viagem\/was-konnen-sie-in-das-handgepack-nehmen\/#respond"]}]},{"@type":"WebPage","@id":"https:\/\/wenttrip.com.br\/de\/tipps\/viagem\/was-konnen-sie-in-das-handgepack-nehmen\/","url":"https:\/\/wenttrip.com.br\/de\/tipps\/viagem\/was-konnen-sie-in-das-handgepack-nehmen\/","name":"Was Sie im Handgep\u00e4ck mitnehmen d\u00fcrfen \u2013 WentTrip","isPartOf":{"@id":"https:\/\/wenttrip.com.br\/de\/#website"},"primaryImageOfPage":{"@id":"https:\/\/wenttrip.com.br\/de\/tipps\/viagem\/was-konnen-sie-in-das-handgepack-nehmen\/#primaryimage"},"image":{"@id":"https:\/\/wenttrip.com.br\/de\/tipps\/viagem\/was-konnen-sie-in-das-handgepack-nehmen\/#primaryimage"},"thumbnailUrl":"https:\/\/wenttrip.com.br\/wp-content\/uploads\/2022\/03\/bagagem-capa2019-01.jpg","datePublished":"2022-03-28T11:25:26+00:00","dateModified":"2022-07-11T17:47:00+00:00","description":"Informieren Sie sich, was Sie im Handgep\u00e4ck mitnehmen d\u00fcrfen, welche Gegenst\u00e4nde als riskant gelten, wie schwer die Tasche ist und wie gro\u00df sie ist.","breadcrumb":{"@id":"https:\/\/wenttrip.com.br\/de\/tipps\/viagem\/was-konnen-sie-in-das-handgepack-nehmen\/#breadcrumb"},"inLanguage":"de","potentialAction":[{"@type":"ReadAction","target":["https:\/\/wenttrip.com.br\/de\/tipps\/viagem\/was-konnen-sie-in-das-handgepack-nehmen\/"]}]},{"@type":"ImageObject","inLanguage":"de","@id":"https:\/\/wenttrip.com.br\/de\/tipps\/viagem\/was-konnen-sie-in-das-handgepack-nehmen\/#primaryimage","url":"https:\/\/wenttrip.com.br\/wp-content\/uploads\/2022\/03\/bagagem-capa2019-01.jpg","contentUrl":"https:\/\/wenttrip.com.br\/wp-content\/uploads\/2022\/03\/bagagem-capa2019-01.jpg","width":1640,"height":860},{"@type":"BreadcrumbList","@id":"https:\/\/wenttrip.com.br\/de\/tipps\/viagem\/was-konnen-sie-in-das-handgepack-nehmen\/#breadcrumb","itemListElement":[{"@type":"ListItem","position":1,"name":"In\u00edcio","item":"https:\/\/wenttrip.com.br\/de\/"},{"@type":"ListItem","position":2,"name":"O que pode levar na bagagem de m\u00e3o"}]},{"@type":"WebSite","@id":"https:\/\/wenttrip.com.br\/de\/#website","url":"https:\/\/wenttrip.com.br\/de\/","name":"WentTrip","description":"Ihr kompletter Reisef\u00fchrer mit vielen Tipps zu Abenteuern, Orten, Essen, Hotels.","publisher":{"@id":"https:\/\/wenttrip.com.br\/de\/#\/schema\/person\/c0ff87b449a960037fdd1b024842fcf9"},"potentialAction":[{"@type":"SearchAction","target":{"@type":"EntryPoint","urlTemplate":"https:\/\/wenttrip.com.br\/de\/?s={search_term_string}"},"query-input":{"@type":"PropertyValueSpecification","valueRequired":true,"valueName":"search_term_string"}}],"inLanguage":"de"},{"@type":["Person","Organization"],"@id":"https:\/\/wenttrip.com.br\/de\/#\/schema\/person\/c0ff87b449a960037fdd1b024842fcf9","name":"Fernanda Machado","image":{"@type":"ImageObject","inLanguage":"de","@id":"https:\/\/wenttrip.com.br\/wp-content\/uploads\/2022\/08\/WentTrip-2.png","url":"https:\/\/wenttrip.com.br\/wp-content\/uploads\/2022\/08\/WentTrip-2.png","contentUrl":"https:\/\/wenttrip.com.br\/wp-content\/uploads\/2022\/08\/WentTrip-2.png","width":1000,"height":1000,"caption":"Fernanda Machado"},"logo":{"@id":"https:\/\/wenttrip.com.br\/wp-content\/uploads\/2022\/08\/WentTrip-2.png"},"description":"Ich habe gelernt, dass das Leben leichter ist, wenn wir neben Tr\u00e4umen auch einen Rucksack auf den R\u00fccken packen. Ich liebe es zu reisen! Ich bin 34 Jahre alt, Mutter von 3 Hunden: Pantufa, Mutley und Mixuruca. Wir teilen hier unsere Erfahrungen, wir hoffen, dass es euch gef\u00e4llt!","sameAs":["https:\/\/wenttrip.com.br","https:\/\/m.facebook.com\/profile.php","https:\/\/www.instagram.com\/wenttrip\/","https:\/\/x.com\/https:\/\/twitter.com\/wenttrip","https:\/\/www.youtube.com\/c\/WentTrip\/videos"],"url":"https:\/\/wenttrip.com.br\/de\/author\/admin\/"}]}},"_links":{"self":[{"href":"https:\/\/wenttrip.com.br\/de\/wp-json\/wp\/v2\/posts\/3775","targetHints":{"allow":["GET"]}}],"collection":[{"href":"https:\/\/wenttrip.com.br\/de\/wp-json\/wp\/v2\/posts"}],"about":[{"href":"https:\/\/wenttrip.com.br\/de\/wp-json\/wp\/v2\/types\/post"}],"author":[{"embeddable":true,"href":"https:\/\/wenttrip.com.br\/de\/wp-json\/wp\/v2\/users\/1"}],"replies":[{"embeddable":true,"href":"https:\/\/wenttrip.com.br\/de\/wp-json\/wp\/v2\/comments?post=3775"}],"version-history":[{"count":0,"href":"https:\/\/wenttrip.com.br\/de\/wp-json\/wp\/v2\/posts\/3775\/revisions"}],"wp:featuredmedia":[{"embeddable":true,"href":"https:\/\/wenttrip.com.br\/de\/wp-json\/wp\/v2\/media\/3780"}],"wp:attachment":[{"href":"https:\/\/wenttrip.com.br\/de\/wp-json\/wp\/v2\/media?parent=3775"}],"wp:term":[{"taxonomy":"category","embeddable":true,"href":"https:\/\/wenttrip.com.br\/de\/wp-json\/wp\/v2\/categories?post=3775"},{"taxonomy":"post_tag","embeddable":true,"href":"https:\/\/wenttrip.com.br\/de\/wp-json\/wp\/v2\/tags?post=3775"}],"curies":[{"name":"wp","href":"https:\/\/api.w.org\/{rel}","templated":true}]}}