{"id":3400,"date":"2021-12-06T11:32:07","date_gmt":"2021-12-06T11:32:07","guid":{"rendered":"https:\/\/wenttrip.com.br\/?p=3400"},"modified":"2022-07-12T13:29:59","modified_gmt":"2022-07-12T13:29:59","slug":"praia-do-fort-sc","status":"publish","type":"post","link":"https:\/\/wenttrip.com.br\/de\/brasilien\/brasil-sul\/santa-catarina\/praia-do-fort-sc\/","title":{"rendered":"Praia do Fort SC"},"content":{"rendered":"<p>alles wissen <strong>was am Praia do Fort SC zu tun ist<\/strong>, im Norden der Insel gelegen und gilt als einer der sch\u00f6nsten und geschichtstr\u00e4chtigsten!<\/p>\n\n\n\n<p>Es ist ein kleiner Strand mit sehr wei\u00dfem Sand, ruhigem Meer und einfachem Zugang, Sie k\u00f6nnen Ihr Auto ganz in der N\u00e4he des Sandes parken.<\/p>\n\n\n\n<p>Es ist weit von der Hauptstadt entfernt <strong>durchschnittlich 25 Kilometer.<\/strong> Es ist eine friedliche und sehr sch\u00f6ne Route! Sie sollten an allen anderen Str\u00e4nden anhalten, bevor Sie dort ankommen.<\/p>\n\n\n\n<p>Um darauf zuzugreifen, m\u00fcssen Sie durch den Strand von gehen <strong>Jurer\u00ea Internacional.<\/strong><\/p>\n\n\n\n<h2 class=\"wp-block-heading\">Praia do Fort<\/h2>\n\n\n\n<figure class=\"wp-block-image size-full is-resized\"><img decoding=\"async\" src=\"https:\/\/wenttrip.com.br\/wp-content\/uploads\/2021\/12\/3459485880_6c6620dabc_b-1.jpg\" alt=\"Strand von Fort Sc\" class=\"wp-image-3405\" width=\"779\" height=\"516\" srcset=\"https:\/\/wenttrip.com.br\/wp-content\/uploads\/2021\/12\/3459485880_6c6620dabc_b-1.jpg 1024w, https:\/\/wenttrip.com.br\/wp-content\/uploads\/2021\/12\/3459485880_6c6620dabc_b-1-300x199.jpg 300w, https:\/\/wenttrip.com.br\/wp-content\/uploads\/2021\/12\/3459485880_6c6620dabc_b-1-768x509.jpg 768w, https:\/\/wenttrip.com.br\/wp-content\/uploads\/2021\/12\/3459485880_6c6620dabc_b-1-389x258.jpg 389w\" sizes=\"(max-width: 779px) 100vw, 779px\" \/><\/figure>\n\n\n\n<p>Der Strand hat seinen Namen von der <strong>Festung von Sao Jose da Ponta Grossa<\/strong>, das sehr nah am Strand liegt. Es war eine alte Festung, die im 18. Jahrhundert zur Bewachung der Bucht im Norden der Insel diente (zusammen mit zwei anderen Festungen, eine auf der Insel Anhaotmirim und die andere auf Ratones), die ein Feuer- und Verteidigungsdreieck bildeten.<\/p>\n\n\n\n<figure class=\"wp-block-image size-large is-resized\"><img decoding=\"async\" src=\"https:\/\/wenttrip.com.br\/wp-content\/uploads\/2021\/12\/IMG_1177-1024x576.jpg\" alt=\"Praia do Fort SC\" class=\"wp-image-3407\" width=\"789\" height=\"444\" srcset=\"https:\/\/wenttrip.com.br\/wp-content\/uploads\/2021\/12\/IMG_1177-1024x576.jpg 1024w, https:\/\/wenttrip.com.br\/wp-content\/uploads\/2021\/12\/IMG_1177-300x169.jpg 300w, https:\/\/wenttrip.com.br\/wp-content\/uploads\/2021\/12\/IMG_1177-768x432.jpg 768w, https:\/\/wenttrip.com.br\/wp-content\/uploads\/2021\/12\/IMG_1177-1536x864.jpg 1536w, https:\/\/wenttrip.com.br\/wp-content\/uploads\/2021\/12\/IMG_1177-389x219.jpg 389w, https:\/\/wenttrip.com.br\/wp-content\/uploads\/2021\/12\/IMG_1177.jpg 1920w\" sizes=\"(max-width: 789px) 100vw, 789px\" \/><\/figure>\n\n\n\n<p>Nach den spanischen Invasionen wurde es aufgegeben. 1938 wurde es als nationales historisches und k\u00fcnstlerisches Erbe aufgef\u00fchrt.<\/p>\n\n\n\n<figure class=\"wp-block-image size-large is-resized\"><img decoding=\"async\" src=\"https:\/\/wenttrip.com.br\/wp-content\/uploads\/2021\/12\/ponta_grossa_vista-geral-dois-1024x688.jpg\" alt=\"Fort SC\" class=\"wp-image-3402\" width=\"681\" height=\"458\" srcset=\"https:\/\/wenttrip.com.br\/wp-content\/uploads\/2021\/12\/ponta_grossa_vista-geral-dois-1024x688.jpg 1024w, https:\/\/wenttrip.com.br\/wp-content\/uploads\/2021\/12\/ponta_grossa_vista-geral-dois-300x202.jpg 300w, https:\/\/wenttrip.com.br\/wp-content\/uploads\/2021\/12\/ponta_grossa_vista-geral-dois-768x516.jpg 768w, https:\/\/wenttrip.com.br\/wp-content\/uploads\/2021\/12\/ponta_grossa_vista-geral-dois-1536x1032.jpg 1536w, https:\/\/wenttrip.com.br\/wp-content\/uploads\/2021\/12\/ponta_grossa_vista-geral-dois-389x261.jpg 389w, https:\/\/wenttrip.com.br\/wp-content\/uploads\/2021\/12\/ponta_grossa_vista-geral-dois.jpg 1760w\" sizes=\"(max-width: 681px) 100vw, 681px\" \/><\/figure>\n\n\n\n<p>Um zum Fort zu gelangen, m\u00fcssen Sie einem Pfad folgen, der sich auf der rechten Seite des Strandes befindet, und den Anweisungen auf den Wegweisern folgen.<\/p>\n\n\n\n<p>Sie k\u00f6nnen nicht nur ein wenig \u00fcber die Geschichte des Ortes wissen, sondern auch die Bars und anderen Einrichtungen rund um den Strand genie\u00dfen. Mit k\u00f6stlichen Meeresfr\u00fcchten.<\/p>\n\n\n\n<p>Auf dem Sand lieben es die Menschen, Sportarten wie Fu\u00dfball, Volleyball, Stand-up zu spielen oder einfach nur den Sand und die Ruhe des Ortes zu genie\u00dfen.<\/p>\n\n\n\n<p>In der Hochsaison gibt es oft Luais im Sand, mit guter Musik und viel Spa\u00df.<\/p>\n\n\n\n<h2 class=\"wp-block-heading\"><strong>\u00dcbernachtung in Praia do Fort SC<\/strong><\/h2>\n\n\n\n<p>Die Leute ziehen es normalerweise vor, in Jurer\u00ea Internacional oder Praia de Daniela zu bleiben, die in der N\u00e4he sind.<\/p>\n\n\n\n<p><strong>Endlich<\/strong>, ich hoffe, dir haben die Tipps gefallen und du genie\u00dft die Str\u00e4nde von Santa Catarina! Sie werden viele Wanderwege, ruhiges Meer und bezaubernde Orte haben.<\/p>\n\n\n\n<p>Lesen Sie auch:<\/p>\n\n\n\n<p> <a href=\"https:\/\/wenttrip.com.br\/de\/brasil\/brasil-sul\/santa-catarina\/praia-grande\/praia-grande-sc\/\">Praia Grande SC<\/a><\/p>\n\n\n\n<p> <a href=\"https:\/\/wenttrip.com.br\/de\/brasilien\/brasil-sul\/santa-catarina\/praia-grande\/was-zu-tun-in-praia-grande-sc\/\">Was kann man in Praia Grande SC unternehmen?<\/a><\/p>\n\n\n\n<p> <a href=\"https:\/\/wenttrip.com.br\/de\/brasilien\/brasil-sul\/santa-catarina\/beste-strande-von-santa-catarina\/\">Die besten Str\u00e4nde in Santa Catarina<\/a><\/p>\n\n\n\n<p> <a href=\"https:\/\/wenttrip.com.br\/de\/brasilien\/gute-orte-in-brasilien-um-den-winter-zu-geniesen-2\/\">Orte, um den Winter in Brasilien zu genie\u00dfen<\/a><\/p>\n\n\n\n<p> <\/p>","protected":false},"excerpt":{"rendered":"<p>Entdecken Sie alles, was Sie am Praia do Fort SC unternehmen k\u00f6nnen. Er liegt im Norden der Insel und gilt als einer der sch\u00f6nsten und historischsten Str\u00e4nde! Es ist ein kleiner Strand mit sehr wei\u00dfem Sand, ruhigem Meer und einfachem Zugang. Sie k\u00f6nnen Ihr Auto ganz in der N\u00e4he des Strandes parken. Er ist etwa 25 km von der Hauptstadt entfernt.&nbsp;<a href=\"https:\/\/wenttrip.com.br\/de\/brasilien\/brasil-sul\/santa-catarina\/praia-do-fort-sc\/\" rel=\"bookmark\">Weiterlesen \u00bb<span class=\"screen-reader-text\">Praia do Fort SC<\/span><\/a><\/p>","protected":false},"author":1,"featured_media":3404,"comment_status":"open","ping_status":"open","sticky":false,"template":"","format":"standard","meta":{"neve_meta_sidebar":"","neve_meta_container":"","neve_meta_enable_content_width":"","neve_meta_content_width":0,"neve_meta_title_alignment":"","neve_meta_author_avatar":"","neve_post_elements_order":"","neve_meta_disable_header":"","neve_meta_disable_footer":"","neve_meta_disable_title":"","footnotes":""},"categories":[1705],"tags":[963,964,962],"class_list":["post-3400","post","type-post","status-publish","format-standard","has-post-thumbnail","hentry","category-santa-catarina","tag-ao-jose-da-ponta-grossa","tag-patrimonio-historico-e-artistico-nacional","tag-praia-do-fort-sc"],"yoast_head":"<!-- This site is optimized with the Yoast SEO plugin v27.5 - https:\/\/yoast.com\/product\/yoast-seo-wordpress\/ -->\n<title>Praia do Fort SC - WentTrip<\/title>\n<meta name=\"description\" content=\"Saiba tudo o que fazer na Praia do Fort SC, localizada no norte da Ilha e considerada uma das mais lindas e com muita hist\u00f3ria!\" \/>\n<meta name=\"robots\" content=\"index, follow, max-snippet:-1, max-image-preview:large, max-video-preview:-1\" \/>\n<link rel=\"canonical\" href=\"https:\/\/wenttrip.com.br\/de\/brasilien\/brasil-sul\/santa-catarina\/praia-do-fort-sc\/\" \/>\n<meta property=\"og:locale\" content=\"de_DE\" \/>\n<meta property=\"og:type\" content=\"article\" \/>\n<meta property=\"og:title\" content=\"Praia do Fort SC - WentTrip\" \/>\n<meta property=\"og:description\" content=\"Saiba tudo o que fazer na Praia do Fort SC, localizada no norte da Ilha e considerada uma das mais lindas e com muita hist\u00f3ria!\" \/>\n<meta property=\"og:url\" content=\"https:\/\/wenttrip.com.br\/de\/brasilien\/brasil-sul\/santa-catarina\/praia-do-fort-sc\/\" \/>\n<meta property=\"og:site_name\" content=\"WentTrip\" \/>\n<meta property=\"article:publisher\" content=\"https:\/\/m.facebook.com\/profile.php\" \/>\n<meta property=\"article:author\" content=\"https:\/\/m.facebook.com\/profile.php\" \/>\n<meta property=\"article:published_time\" content=\"2021-12-06T11:32:07+00:00\" \/>\n<meta property=\"article:modified_time\" content=\"2022-07-12T13:29:59+00:00\" \/>\n<meta property=\"og:image\" content=\"https:\/\/wenttrip.com.br\/wp-content\/uploads\/2021\/12\/Vista-do-forte-S-Francisco-do-Sul-SC.jpg\" \/>\n\t<meta property=\"og:image:width\" content=\"1600\" \/>\n\t<meta property=\"og:image:height\" content=\"1066\" \/>\n\t<meta property=\"og:image:type\" content=\"image\/jpeg\" \/>\n<meta name=\"author\" content=\"Fernanda Machado\" \/>\n<meta name=\"twitter:card\" content=\"summary_large_image\" \/>\n<meta name=\"twitter:creator\" content=\"@https:\/\/twitter.com\/wenttrip\" \/>\n<meta name=\"twitter:site\" content=\"@wenttrip\" \/>\n<meta name=\"twitter:label1\" content=\"Verfasst von\" \/>\n\t<meta name=\"twitter:data1\" content=\"Fernanda Machado\" \/>\n\t<meta name=\"twitter:label2\" content=\"Gesch\u00e4tzte Lesezeit\" \/>\n\t<meta name=\"twitter:data2\" content=\"3\u00a0Minuten\" \/>\n<script type=\"application\/ld+json\" class=\"yoast-schema-graph\">{\"@context\":\"https:\\\/\\\/schema.org\",\"@graph\":[{\"@type\":\"Article\",\"@id\":\"https:\\\/\\\/wenttrip.com.br\\\/de\\\/brasilien\\\/brasil-sul\\\/santa-catarina\\\/praia-do-fort-sc\\\/#article\",\"isPartOf\":{\"@id\":\"https:\\\/\\\/wenttrip.com.br\\\/de\\\/brasilien\\\/brasil-sul\\\/santa-catarina\\\/praia-do-fort-sc\\\/\"},\"author\":{\"name\":\"Fernanda Machado\",\"@id\":\"https:\\\/\\\/wenttrip.com.br\\\/de\\\/#\\\/schema\\\/person\\\/c0ff87b449a960037fdd1b024842fcf9\"},\"headline\":\"Praia do Fort SC\",\"datePublished\":\"2021-12-06T11:32:07+00:00\",\"dateModified\":\"2022-07-12T13:29:59+00:00\",\"mainEntityOfPage\":{\"@id\":\"https:\\\/\\\/wenttrip.com.br\\\/de\\\/brasilien\\\/brasil-sul\\\/santa-catarina\\\/praia-do-fort-sc\\\/\"},\"wordCount\":353,\"commentCount\":3,\"publisher\":{\"@id\":\"https:\\\/\\\/wenttrip.com.br\\\/de\\\/#\\\/schema\\\/person\\\/c0ff87b449a960037fdd1b024842fcf9\"},\"image\":{\"@id\":\"https:\\\/\\\/wenttrip.com.br\\\/de\\\/brasilien\\\/brasil-sul\\\/santa-catarina\\\/praia-do-fort-sc\\\/#primaryimage\"},\"thumbnailUrl\":\"https:\\\/\\\/wenttrip.com.br\\\/wp-content\\\/uploads\\\/2021\\\/12\\\/Vista-do-forte-S-Francisco-do-Sul-SC.jpg\",\"keywords\":[\"\u00e3o Jos\u00e9 da Ponta Grossa\",\"Patrim\u00f4nio Hist\u00f3rico e Art\u00edstico Nacional\",\"Praia do Fort SC\"],\"articleSection\":[\"Santa Catarina\"],\"inLanguage\":\"de\",\"potentialAction\":[{\"@type\":\"CommentAction\",\"name\":\"Comment\",\"target\":[\"https:\\\/\\\/wenttrip.com.br\\\/de\\\/brasilien\\\/brasil-sul\\\/santa-catarina\\\/praia-do-fort-sc\\\/#respond\"]}]},{\"@type\":\"WebPage\",\"@id\":\"https:\\\/\\\/wenttrip.com.br\\\/de\\\/brasilien\\\/brasil-sul\\\/santa-catarina\\\/praia-do-fort-sc\\\/\",\"url\":\"https:\\\/\\\/wenttrip.com.br\\\/de\\\/brasilien\\\/brasil-sul\\\/santa-catarina\\\/praia-do-fort-sc\\\/\",\"name\":\"Praia do Fort SC - WentTrip\",\"isPartOf\":{\"@id\":\"https:\\\/\\\/wenttrip.com.br\\\/de\\\/#website\"},\"primaryImageOfPage\":{\"@id\":\"https:\\\/\\\/wenttrip.com.br\\\/de\\\/brasilien\\\/brasil-sul\\\/santa-catarina\\\/praia-do-fort-sc\\\/#primaryimage\"},\"image\":{\"@id\":\"https:\\\/\\\/wenttrip.com.br\\\/de\\\/brasilien\\\/brasil-sul\\\/santa-catarina\\\/praia-do-fort-sc\\\/#primaryimage\"},\"thumbnailUrl\":\"https:\\\/\\\/wenttrip.com.br\\\/wp-content\\\/uploads\\\/2021\\\/12\\\/Vista-do-forte-S-Francisco-do-Sul-SC.jpg\",\"datePublished\":\"2021-12-06T11:32:07+00:00\",\"dateModified\":\"2022-07-12T13:29:59+00:00\",\"description\":\"Saiba tudo o que fazer na Praia do Fort SC, localizada no norte da Ilha e considerada uma das mais lindas e com muita hist\u00f3ria!\",\"breadcrumb\":{\"@id\":\"https:\\\/\\\/wenttrip.com.br\\\/de\\\/brasilien\\\/brasil-sul\\\/santa-catarina\\\/praia-do-fort-sc\\\/#breadcrumb\"},\"inLanguage\":\"de\",\"potentialAction\":[{\"@type\":\"ReadAction\",\"target\":[\"https:\\\/\\\/wenttrip.com.br\\\/de\\\/brasilien\\\/brasil-sul\\\/santa-catarina\\\/praia-do-fort-sc\\\/\"]}]},{\"@type\":\"ImageObject\",\"inLanguage\":\"de\",\"@id\":\"https:\\\/\\\/wenttrip.com.br\\\/de\\\/brasilien\\\/brasil-sul\\\/santa-catarina\\\/praia-do-fort-sc\\\/#primaryimage\",\"url\":\"https:\\\/\\\/wenttrip.com.br\\\/wp-content\\\/uploads\\\/2021\\\/12\\\/Vista-do-forte-S-Francisco-do-Sul-SC.jpg\",\"contentUrl\":\"https:\\\/\\\/wenttrip.com.br\\\/wp-content\\\/uploads\\\/2021\\\/12\\\/Vista-do-forte-S-Francisco-do-Sul-SC.jpg\",\"width\":1600,\"height\":1066},{\"@type\":\"BreadcrumbList\",\"@id\":\"https:\\\/\\\/wenttrip.com.br\\\/de\\\/brasilien\\\/brasil-sul\\\/santa-catarina\\\/praia-do-fort-sc\\\/#breadcrumb\",\"itemListElement\":[{\"@type\":\"ListItem\",\"position\":1,\"name\":\"In\u00edcio\",\"item\":\"https:\\\/\\\/wenttrip.com.br\\\/de\\\/\"},{\"@type\":\"ListItem\",\"position\":2,\"name\":\"Praia do Fort SC\"}]},{\"@type\":\"WebSite\",\"@id\":\"https:\\\/\\\/wenttrip.com.br\\\/de\\\/#website\",\"url\":\"https:\\\/\\\/wenttrip.com.br\\\/de\\\/\",\"name\":\"WentTrip\",\"description\":\"O seu guia completo com muitas dicas de aventuras, lugares, alimenta\u00e7\u00e3o, hot\u00e9is.\",\"publisher\":{\"@id\":\"https:\\\/\\\/wenttrip.com.br\\\/de\\\/#\\\/schema\\\/person\\\/c0ff87b449a960037fdd1b024842fcf9\"},\"potentialAction\":[{\"@type\":\"SearchAction\",\"target\":{\"@type\":\"EntryPoint\",\"urlTemplate\":\"https:\\\/\\\/wenttrip.com.br\\\/de\\\/?s={search_term_string}\"},\"query-input\":{\"@type\":\"PropertyValueSpecification\",\"valueRequired\":true,\"valueName\":\"search_term_string\"}}],\"inLanguage\":\"de\"},{\"@type\":[\"Person\",\"Organization\"],\"@id\":\"https:\\\/\\\/wenttrip.com.br\\\/de\\\/#\\\/schema\\\/person\\\/c0ff87b449a960037fdd1b024842fcf9\",\"name\":\"Fernanda Machado\",\"image\":{\"@type\":\"ImageObject\",\"inLanguage\":\"de\",\"@id\":\"https:\\\/\\\/wenttrip.com.br\\\/wp-content\\\/uploads\\\/2022\\\/08\\\/WentTrip-2.png\",\"url\":\"https:\\\/\\\/wenttrip.com.br\\\/wp-content\\\/uploads\\\/2022\\\/08\\\/WentTrip-2.png\",\"contentUrl\":\"https:\\\/\\\/wenttrip.com.br\\\/wp-content\\\/uploads\\\/2022\\\/08\\\/WentTrip-2.png\",\"width\":1000,\"height\":1000,\"caption\":\"Fernanda Machado\"},\"logo\":{\"@id\":\"https:\\\/\\\/wenttrip.com.br\\\/wp-content\\\/uploads\\\/2022\\\/08\\\/WentTrip-2.png\"},\"description\":\"Aprendi que a vida \u00e9 mais leve quando colocamos uma mochila nas costas junto com sonhos. Amo viajar! Tenho 34 anos, mam\u00e3e de 3 cachorros: A Pantufa, O mutley e o Mixuruca. Compartilhamos nossas experi\u00eancias por aqui, esperamos que gostem!\",\"sameAs\":[\"https:\\\/\\\/wenttrip.com.br\",\"https:\\\/\\\/m.facebook.com\\\/profile.php\",\"https:\\\/\\\/www.instagram.com\\\/wenttrip\\\/\",\"https:\\\/\\\/x.com\\\/https:\\\/\\\/twitter.com\\\/wenttrip\",\"https:\\\/\\\/www.youtube.com\\\/c\\\/WentTrip\\\/videos\"],\"url\":\"https:\\\/\\\/wenttrip.com.br\\\/de\\\/author\\\/admin\\\/\"}]}<\/script>\n<!-- \/ Yoast SEO plugin. -->","yoast_head_json":{"title":"Praia do Fort SC - WentTrip","description":"Finden Sie alles heraus, was Sie am Praia do Fort SC unternehmen k\u00f6nnen, der sich im Norden der Insel befindet und als einer der sch\u00f6nsten und geschichtstr\u00e4chtigsten gilt!","robots":{"index":"index","follow":"follow","max-snippet":"max-snippet:-1","max-image-preview":"max-image-preview:large","max-video-preview":"max-video-preview:-1"},"canonical":"https:\/\/wenttrip.com.br\/de\/brasilien\/brasil-sul\/santa-catarina\/praia-do-fort-sc\/","og_locale":"de_DE","og_type":"article","og_title":"Praia do Fort SC - WentTrip","og_description":"Saiba tudo o que fazer na Praia do Fort SC, localizada no norte da Ilha e considerada uma das mais lindas e com muita hist\u00f3ria!","og_url":"https:\/\/wenttrip.com.br\/de\/brasilien\/brasil-sul\/santa-catarina\/praia-do-fort-sc\/","og_site_name":"WentTrip","article_publisher":"https:\/\/m.facebook.com\/profile.php","article_author":"https:\/\/m.facebook.com\/profile.php","article_published_time":"2021-12-06T11:32:07+00:00","article_modified_time":"2022-07-12T13:29:59+00:00","og_image":[{"width":1600,"height":1066,"url":"https:\/\/wenttrip.com.br\/wp-content\/uploads\/2021\/12\/Vista-do-forte-S-Francisco-do-Sul-SC.jpg","type":"image\/jpeg"}],"author":"Fernanda Machado","twitter_card":"summary_large_image","twitter_creator":"@https:\/\/twitter.com\/wenttrip","twitter_site":"@wenttrip","twitter_misc":{"Verfasst von":"Fernanda Machado","Gesch\u00e4tzte Lesezeit":"3\u00a0Minuten"},"schema":{"@context":"https:\/\/schema.org","@graph":[{"@type":"Article","@id":"https:\/\/wenttrip.com.br\/de\/brasilien\/brasil-sul\/santa-catarina\/praia-do-fort-sc\/#article","isPartOf":{"@id":"https:\/\/wenttrip.com.br\/de\/brasilien\/brasil-sul\/santa-catarina\/praia-do-fort-sc\/"},"author":{"name":"Fernanda Machado","@id":"https:\/\/wenttrip.com.br\/de\/#\/schema\/person\/c0ff87b449a960037fdd1b024842fcf9"},"headline":"Praia do Fort SC","datePublished":"2021-12-06T11:32:07+00:00","dateModified":"2022-07-12T13:29:59+00:00","mainEntityOfPage":{"@id":"https:\/\/wenttrip.com.br\/de\/brasilien\/brasil-sul\/santa-catarina\/praia-do-fort-sc\/"},"wordCount":353,"commentCount":3,"publisher":{"@id":"https:\/\/wenttrip.com.br\/de\/#\/schema\/person\/c0ff87b449a960037fdd1b024842fcf9"},"image":{"@id":"https:\/\/wenttrip.com.br\/de\/brasilien\/brasil-sul\/santa-catarina\/praia-do-fort-sc\/#primaryimage"},"thumbnailUrl":"https:\/\/wenttrip.com.br\/wp-content\/uploads\/2021\/12\/Vista-do-forte-S-Francisco-do-Sul-SC.jpg","keywords":["\u00e3o Jos\u00e9 da Ponta Grossa","Patrim\u00f4nio Hist\u00f3rico e Art\u00edstico Nacional","Praia do Fort SC"],"articleSection":["Santa Catarina"],"inLanguage":"de","potentialAction":[{"@type":"CommentAction","name":"Comment","target":["https:\/\/wenttrip.com.br\/de\/brasilien\/brasil-sul\/santa-catarina\/praia-do-fort-sc\/#respond"]}]},{"@type":"WebPage","@id":"https:\/\/wenttrip.com.br\/de\/brasilien\/brasil-sul\/santa-catarina\/praia-do-fort-sc\/","url":"https:\/\/wenttrip.com.br\/de\/brasilien\/brasil-sul\/santa-catarina\/praia-do-fort-sc\/","name":"Praia do Fort SC - WentTrip","isPartOf":{"@id":"https:\/\/wenttrip.com.br\/de\/#website"},"primaryImageOfPage":{"@id":"https:\/\/wenttrip.com.br\/de\/brasilien\/brasil-sul\/santa-catarina\/praia-do-fort-sc\/#primaryimage"},"image":{"@id":"https:\/\/wenttrip.com.br\/de\/brasilien\/brasil-sul\/santa-catarina\/praia-do-fort-sc\/#primaryimage"},"thumbnailUrl":"https:\/\/wenttrip.com.br\/wp-content\/uploads\/2021\/12\/Vista-do-forte-S-Francisco-do-Sul-SC.jpg","datePublished":"2021-12-06T11:32:07+00:00","dateModified":"2022-07-12T13:29:59+00:00","description":"Finden Sie alles heraus, was Sie am Praia do Fort SC unternehmen k\u00f6nnen, der sich im Norden der Insel befindet und als einer der sch\u00f6nsten und geschichtstr\u00e4chtigsten gilt!","breadcrumb":{"@id":"https:\/\/wenttrip.com.br\/de\/brasilien\/brasil-sul\/santa-catarina\/praia-do-fort-sc\/#breadcrumb"},"inLanguage":"de","potentialAction":[{"@type":"ReadAction","target":["https:\/\/wenttrip.com.br\/de\/brasilien\/brasil-sul\/santa-catarina\/praia-do-fort-sc\/"]}]},{"@type":"ImageObject","inLanguage":"de","@id":"https:\/\/wenttrip.com.br\/de\/brasilien\/brasil-sul\/santa-catarina\/praia-do-fort-sc\/#primaryimage","url":"https:\/\/wenttrip.com.br\/wp-content\/uploads\/2021\/12\/Vista-do-forte-S-Francisco-do-Sul-SC.jpg","contentUrl":"https:\/\/wenttrip.com.br\/wp-content\/uploads\/2021\/12\/Vista-do-forte-S-Francisco-do-Sul-SC.jpg","width":1600,"height":1066},{"@type":"BreadcrumbList","@id":"https:\/\/wenttrip.com.br\/de\/brasilien\/brasil-sul\/santa-catarina\/praia-do-fort-sc\/#breadcrumb","itemListElement":[{"@type":"ListItem","position":1,"name":"In\u00edcio","item":"https:\/\/wenttrip.com.br\/de\/"},{"@type":"ListItem","position":2,"name":"Praia do Fort SC"}]},{"@type":"WebSite","@id":"https:\/\/wenttrip.com.br\/de\/#website","url":"https:\/\/wenttrip.com.br\/de\/","name":"WentTrip","description":"Ihr kompletter Reisef\u00fchrer mit vielen Tipps zu Abenteuern, Orten, Essen, Hotels.","publisher":{"@id":"https:\/\/wenttrip.com.br\/de\/#\/schema\/person\/c0ff87b449a960037fdd1b024842fcf9"},"potentialAction":[{"@type":"SearchAction","target":{"@type":"EntryPoint","urlTemplate":"https:\/\/wenttrip.com.br\/de\/?s={search_term_string}"},"query-input":{"@type":"PropertyValueSpecification","valueRequired":true,"valueName":"search_term_string"}}],"inLanguage":"de"},{"@type":["Person","Organization"],"@id":"https:\/\/wenttrip.com.br\/de\/#\/schema\/person\/c0ff87b449a960037fdd1b024842fcf9","name":"Fernanda Machado","image":{"@type":"ImageObject","inLanguage":"de","@id":"https:\/\/wenttrip.com.br\/wp-content\/uploads\/2022\/08\/WentTrip-2.png","url":"https:\/\/wenttrip.com.br\/wp-content\/uploads\/2022\/08\/WentTrip-2.png","contentUrl":"https:\/\/wenttrip.com.br\/wp-content\/uploads\/2022\/08\/WentTrip-2.png","width":1000,"height":1000,"caption":"Fernanda Machado"},"logo":{"@id":"https:\/\/wenttrip.com.br\/wp-content\/uploads\/2022\/08\/WentTrip-2.png"},"description":"Ich habe gelernt, dass das Leben leichter ist, wenn wir neben Tr\u00e4umen auch einen Rucksack auf den R\u00fccken packen. Ich liebe es zu reisen! Ich bin 34 Jahre alt, Mutter von 3 Hunden: Pantufa, Mutley und Mixuruca. Wir teilen hier unsere Erfahrungen, wir hoffen, dass es euch gef\u00e4llt!","sameAs":["https:\/\/wenttrip.com.br","https:\/\/m.facebook.com\/profile.php","https:\/\/www.instagram.com\/wenttrip\/","https:\/\/x.com\/https:\/\/twitter.com\/wenttrip","https:\/\/www.youtube.com\/c\/WentTrip\/videos"],"url":"https:\/\/wenttrip.com.br\/de\/author\/admin\/"}]}},"_links":{"self":[{"href":"https:\/\/wenttrip.com.br\/de\/wp-json\/wp\/v2\/posts\/3400","targetHints":{"allow":["GET"]}}],"collection":[{"href":"https:\/\/wenttrip.com.br\/de\/wp-json\/wp\/v2\/posts"}],"about":[{"href":"https:\/\/wenttrip.com.br\/de\/wp-json\/wp\/v2\/types\/post"}],"author":[{"embeddable":true,"href":"https:\/\/wenttrip.com.br\/de\/wp-json\/wp\/v2\/users\/1"}],"replies":[{"embeddable":true,"href":"https:\/\/wenttrip.com.br\/de\/wp-json\/wp\/v2\/comments?post=3400"}],"version-history":[{"count":0,"href":"https:\/\/wenttrip.com.br\/de\/wp-json\/wp\/v2\/posts\/3400\/revisions"}],"wp:featuredmedia":[{"embeddable":true,"href":"https:\/\/wenttrip.com.br\/de\/wp-json\/wp\/v2\/media\/3404"}],"wp:attachment":[{"href":"https:\/\/wenttrip.com.br\/de\/wp-json\/wp\/v2\/media?parent=3400"}],"wp:term":[{"taxonomy":"category","embeddable":true,"href":"https:\/\/wenttrip.com.br\/de\/wp-json\/wp\/v2\/categories?post=3400"},{"taxonomy":"post_tag","embeddable":true,"href":"https:\/\/wenttrip.com.br\/de\/wp-json\/wp\/v2\/tags?post=3400"}],"curies":[{"name":"wp","href":"https:\/\/api.w.org\/{rel}","templated":true}]}}