{"id":3190,"date":"2021-11-17T20:09:36","date_gmt":"2021-11-17T20:09:36","guid":{"rendered":"https:\/\/wenttrip.com.br\/?p=3190"},"modified":"2023-12-20T06:57:50","modified_gmt":"2023-12-20T09:57:50","slug":"natal-em-torres-rs","status":"publish","type":"post","link":"https:\/\/wenttrip.com.br\/de\/brasilien\/brasil-sul\/rio-grande-do-sul\/torres\/weihnachten-in-turmen-rs\/","title":{"rendered":"Weihnachten in Torres RS \u2013 PROGRAMMIERUNG"},"content":{"rendered":"<div id=\"ez-toc-container\" class=\"ez-toc-v2_0_82_2 counter-hierarchy ez-toc-counter ez-toc-grey ez-toc-container-direction\">\n<div class=\"ez-toc-title-container\">\n<p class=\"ez-toc-title\" style=\"cursor:inherit\">Index<\/p>\n<span class=\"ez-toc-title-toggle\"><a href=\"#\" class=\"ez-toc-pull-right ez-toc-btn ez-toc-btn-xs ez-toc-btn-default ez-toc-toggle\" aria-label=\"Inhaltsverzeichnis umschalten\"><span class=\"ez-toc-js-icon-con\"><span class=\"\"><span class=\"eztoc-hide\" style=\"display:none;\">Umschalten<\/span><span class=\"ez-toc-icon-toggle-span\"><svg style=\"fill: #999;color:#999\" xmlns=\"http:\/\/www.w3.org\/2000\/svg\" class=\"list-377408\" width=\"20px\" height=\"20px\" viewbox=\"0 0 24 24\" fill=\"none\"><path d=\"M6 6H4v2h2V6zm14 0H8v2h12V6zM4 11h2v2H4v-2zm16 0H8v2h12v-2zM4 16h2v2H4v-2zm16 0H8v2h12v-2z\" fill=\"currentColor\"><\/path><\/svg><svg style=\"fill: #999;color:#999\" class=\"arrow-unsorted-368013\" xmlns=\"http:\/\/www.w3.org\/2000\/svg\" width=\"10px\" height=\"10px\" viewbox=\"0 0 24 24\" version=\"1.2\" baseprofile=\"tiny\"><path d=\"M18.2 9.3l-6.2-6.3-6.2 6.3c-.2.2-.3.4-.3.7s.1.5.3.7c.2.2.4.3.7.3h11c.3 0 .5-.1.7-.3.2-.2.3-.5.3-.7s-.1-.5-.3-.7zM5.8 14.7l6.2 6.3 6.2-6.3c.2-.2.3-.5.3-.7s-.1-.5-.3-.7c-.2-.2-.4-.3-.7-.3h-11c-.3 0-.5.1-.7.3-.2.2-.3.5-.3.7s.1.5.3.7z\"\/><\/svg><\/span><\/span><\/span><\/a><\/span><\/div>\n<nav><ul class='ez-toc-list ez-toc-list-level-1' ><li class='ez-toc-page-1 ez-toc-heading-level-2'><a class=\"ez-toc-link ez-toc-heading-1\" href=\"https:\/\/wenttrip.com.br\/de\/brasilien\/brasil-sul\/rio-grande-do-sul\/torres\/weihnachten-in-turmen-rs\/#Fim_de_Semana_16_e_17_de_Dezembro\" >Wochenende 16. und 17. Dezember<\/a><\/li><li class='ez-toc-page-1 ez-toc-heading-level-2'><a class=\"ez-toc-link ez-toc-heading-2\" href=\"https:\/\/wenttrip.com.br\/de\/brasilien\/brasil-sul\/rio-grande-do-sul\/torres\/weihnachten-in-turmen-rs\/#Dias_22_e_23_de_Dezembro\" >22. und 23. Dezember<\/a><\/li><li class='ez-toc-page-1 ez-toc-heading-level-2'><a class=\"ez-toc-link ez-toc-heading-3\" href=\"https:\/\/wenttrip.com.br\/de\/brasilien\/brasil-sul\/rio-grande-do-sul\/torres\/weihnachten-in-turmen-rs\/#Letreiro_de_Torres_esta_iluminado_e_com_um_Papai_Noel_surfista\" >Das Torres-Schild ist mit einem surfenden Weihnachtsmann beleuchtet<\/a><\/li><\/ul><\/nav><\/div>\n\n<p>Finden Sie alle Weihnachtsprogramme in Torres RS heraus. Es gibt mehrere Attraktionen f\u00fcr alle Altersgruppen! Gehen Sie mit Ihrer ganzen Familie und haben Sie Spa\u00df!<\/p>\n\n\n\n<blockquote class=\"wp-block-quote is-layout-flow wp-block-quote-is-layout-flow\">\n<p><strong>Denken Sie daran, dass wir einen Artikel erstellt haben, in dem Sie alles \u00fcber \ud83d\udc49 finden&nbsp;<a href=\"https:\/\/wenttrip.com.br\/de\/brasilien\/brasil-sul\/rio-grande-do-sul\/torres\/was-tun-in-den-stranden-und-touristischen-sehenswurdigkeiten-von-torres-rs\/\">\u00d6&nbsp;<\/a><a href=\"https:\/\/wenttrip.com.br\/de\/brasilien\/brasil-sul\/rio-grande-do-sul\/torres\/was-tun-in-den-stranden-und-touristischen-sehenswurdigkeiten-von-torres-rs\/\" target=\"_blank\" rel=\"noreferrer noopener\">Was man in Torres unternehmen kann \u2013 RS \u2013 Str\u00e4nde und Touristenattraktionen<\/a>&nbsp;und&nbsp;<a href=\"https:\/\/wenttrip.com.br\/de\/brasilien\/brasil-sul\/rio-grande-do-sul\/torres\/top-10-der-besten-hotel-in-towers\/\" target=\"_blank\" rel=\"noreferrer noopener\">Hotel in Torres: die Top 10 der Besten<\/a><\/strong><\/p>\n\n\n\n<p>Aber entdecken Sie zun\u00e4chst das Paradies der M\u00f6glichkeiten&nbsp;<strong><a href=\"https:\/\/www.booking.com\/index.html?aid=8010377\" target=\"_blank\" rel=\"noreferrer noopener\">Booking.com<\/a><\/strong>&nbsp;zu bieten hat und lassen Sie Ihre Reisetr\u00e4ume wahr werden! Machen Sie Ihre Reservierungen \u00fcber&nbsp;<a href=\"https:\/\/www.booking.com\/index.html?aid=8010377\" target=\"_blank\" rel=\"noreferrer noopener\"><strong>Unser Link<\/strong><\/a>&nbsp;Du hilfst uns und zahlst daf\u00fcr nichts extra \ud83d\ude42<\/p>\n\n\n\n<p>\u00d6&nbsp;<strong><a href=\"https:\/\/www.booking.com\/index.html?aid=8010377\" target=\"_blank\" rel=\"noreferrer noopener\">booking.com<\/a><\/strong>&nbsp;ist unsere vertrauensw\u00fcrdige Website, wir haben alle unsere Reservierungen \u00fcber sie get\u00e4tigt und jetzt k\u00f6nnen Sie dort auch Eink\u00e4ufe t\u00e4tigen&nbsp;<strong><a href=\"https:\/\/www.booking.com\/index.html?aid=8010377\" target=\"_blank\" rel=\"noreferrer noopener\">Flugtickets<\/a><\/strong>!<\/p>\n<\/blockquote>\n\n\n\n<h2 class=\"wp-block-heading\"><span class=\"ez-toc-section\" id=\"Fim_de_Semana_16_e_17_de_Dezembro\"><\/span><strong>Wochenende 16. und 17. Dezember<\/strong><span class=\"ez-toc-section-end\"><\/span><\/h2>\n\n\n\n<ul class=\"wp-block-list\">\n<li><strong>Samstag, 16. Dezember:<\/strong>\n<ul class=\"wp-block-list\">\n<li>Ort: Vila S\u00e3o Jo\u00e3o B\u00fchne\n<ul class=\"wp-block-list\">\n<li>19 Uhr: \u201eNacht des Segens\u201c mit Pater Oz\u00e9ias<\/li>\n\n\n\n<li>19:20 Uhr: Vortrag der Church Ministry Band<\/li>\n\n\n\n<li>20 Uhr: Show mit Daniela und Thiago \u2013 Gesang und Gitarre<\/li>\n\n\n\n<li>21:10 Uhr: Musikalische Show mit der Formel-1-Band<\/li>\n\n\n\n<li>19:00 bis 22:00 Uhr: Unterhaltung mit den Duendes da Alegria<\/li>\n<\/ul>\n<\/li>\n<\/ul>\n<\/li>\n\n\n\n<li><strong>Sonntag, 17. Dezember:<\/strong>\n<ul class=\"wp-block-list\">\n<li>Ort: B\u00fchne Rua C\u00e9u de Led\n<ul class=\"wp-block-list\">\n<li>19 Uhr: Vorf\u00fchrung des Tanzfestivals<\/li>\n\n\n\n<li>20 Uhr: Pr\u00e4sentation der RDR Eislaufschule<\/li>\n\n\n\n<li>21 Uhr: Blue Sea Project Dance<\/li>\n\n\n\n<li>21:30 Uhr: Musikalische Show mit Qu\u00e9rtina Elz<\/li>\n<\/ul>\n<\/li>\n<\/ul>\n<\/li>\n<\/ul>\n\n\n\n<h2 class=\"wp-block-heading\"><span class=\"ez-toc-section\" id=\"Dias_22_e_23_de_Dezembro\"><\/span><strong>22. und 23. Dezember<\/strong><span class=\"ez-toc-section-end\"><\/span><\/h2>\n\n\n\n<ul class=\"wp-block-list\">\n<li><strong>Freitag, 22. Dezember:<\/strong>\n<ul class=\"wp-block-list\">\n<li>19 Uhr: Weihnachtszugshow<\/li>\n\n\n\n<li>19:40 Uhr: Weihnachtsshow mit JB Trio-Brothers<\/li>\n\n\n\n<li>19:00 bis 22:00 Uhr: Unterhaltung mit den Duendes da Alegria<\/li>\n<\/ul>\n<\/li>\n\n\n\n<li><strong>Samstag, 23. Dezember:<\/strong>\n<ul class=\"wp-block-list\">\n<li>19 Uhr: Musikshow mit Misael Monteiro<\/li>\n\n\n\n<li>Anschlie\u00dfend Show mit der Banda Formula 1<\/li>\n\n\n\n<li>Ausstellung von Terno de Reis und CA C&amp;A Show<\/li>\n\n\n\n<li>19:00 bis 22:00 Uhr: Duendes da Alegria in der N\u00e4he unterh\u00e4lt das Publikum<\/li>\n<\/ul>\n<\/li>\n<\/ul>\n\n\n\n<h2 class=\"wp-block-heading\"><span class=\"ez-toc-section\" id=\"Letreiro_de_Torres_esta_iluminado_e_com_um_Papai_Noel_surfista\"><\/span>Das Torres-Schild ist mit einem surfenden Weihnachtsmann beleuchtet<span class=\"ez-toc-section-end\"><\/span><\/h2>\n\n\n\n<figure class=\"wp-block-gallery has-nested-images columns-default is-cropped wp-block-gallery-1 is-layout-flex wp-block-gallery-is-layout-flex\">\n<figure class=\"wp-block-image size-large\"><img decoding=\"async\" width=\"800\" height=\"600\" data-id=\"24392\" src=\"https:\/\/wenttrip.com.br\/wp-content\/uploads\/2023\/12\/WhatsApp-Image-2023-12-20-at-06.54.47-7-800x600.jpeg\" alt=\"Ntal in Torres\" class=\"wp-image-24392\" srcset=\"https:\/\/wenttrip.com.br\/wp-content\/uploads\/2023\/12\/WhatsApp-Image-2023-12-20-at-06.54.47-7-800x600.jpeg 800w, https:\/\/wenttrip.com.br\/wp-content\/uploads\/2023\/12\/WhatsApp-Image-2023-12-20-at-06.54.47-7-300x225.jpeg 300w, https:\/\/wenttrip.com.br\/wp-content\/uploads\/2023\/12\/WhatsApp-Image-2023-12-20-at-06.54.47-7-768x576.jpeg 768w, https:\/\/wenttrip.com.br\/wp-content\/uploads\/2023\/12\/WhatsApp-Image-2023-12-20-at-06.54.47-7-16x12.jpeg 16w, https:\/\/wenttrip.com.br\/wp-content\/uploads\/2023\/12\/WhatsApp-Image-2023-12-20-at-06.54.47-7.jpeg 1024w\" sizes=\"(max-width: 800px) 100vw, 800px\" \/><\/figure>\n\n\n\n<figure class=\"wp-block-image size-large\"><img decoding=\"async\" width=\"600\" height=\"800\" data-id=\"24391\" src=\"https:\/\/wenttrip.com.br\/wp-content\/uploads\/2023\/12\/WhatsApp-Image-2023-12-20-at-06.54.47-6-600x800.jpeg\" alt=\"Weihnachten in Torres\" class=\"wp-image-24391\" srcset=\"https:\/\/wenttrip.com.br\/wp-content\/uploads\/2023\/12\/WhatsApp-Image-2023-12-20-at-06.54.47-6-600x800.jpeg 600w, https:\/\/wenttrip.com.br\/wp-content\/uploads\/2023\/12\/WhatsApp-Image-2023-12-20-at-06.54.47-6-225x300.jpeg 225w, https:\/\/wenttrip.com.br\/wp-content\/uploads\/2023\/12\/WhatsApp-Image-2023-12-20-at-06.54.47-6-9x12.jpeg 9w, https:\/\/wenttrip.com.br\/wp-content\/uploads\/2023\/12\/WhatsApp-Image-2023-12-20-at-06.54.47-6.jpeg 768w\" sizes=\"(max-width: 600px) 100vw, 600px\" \/><\/figure>\n<\/figure>\n\n\n\n<p>unter dem <strong>Zeitplan <\/strong>ver\u00f6ffentlicht \u00fcber die offizielle Website der Gemeinde Torres:<\/p>\n\n\n\n<figure class=\"wp-block-image size-large\"><img decoding=\"async\" width=\"450\" height=\"800\" src=\"https:\/\/wenttrip.com.br\/wp-content\/uploads\/2023\/12\/programacao-de-natal-450x800.jpg\" alt=\"\" class=\"wp-image-24299\" srcset=\"https:\/\/wenttrip.com.br\/wp-content\/uploads\/2023\/12\/programacao-de-natal-450x800.jpg 450w, https:\/\/wenttrip.com.br\/wp-content\/uploads\/2023\/12\/programacao-de-natal-169x300.jpg 169w, https:\/\/wenttrip.com.br\/wp-content\/uploads\/2023\/12\/programacao-de-natal-768x1365.jpg 768w, https:\/\/wenttrip.com.br\/wp-content\/uploads\/2023\/12\/programacao-de-natal-864x1536.jpg 864w, https:\/\/wenttrip.com.br\/wp-content\/uploads\/2023\/12\/programacao-de-natal-1152x2048.jpg 1152w, https:\/\/wenttrip.com.br\/wp-content\/uploads\/2023\/12\/programacao-de-natal-7x12.jpg 7w, https:\/\/wenttrip.com.br\/wp-content\/uploads\/2023\/12\/programacao-de-natal.jpg 1440w\" sizes=\"(max-width: 450px) 100vw, 450px\" \/><\/figure>\n\n\n\n<p>genie\u00dfen und <strong>lesen <\/strong>unsere anderen Artikel:<\/p>\n\n\n\n<p> <a href=\"https:\/\/wenttrip.com.br\/de\/brasilien\/brasil-sul\/rio-grande-do-sul\/torres\/reveillon-de-torres-rs-2021-2022-aktualisiert\/\">Torres RS Silvester 2021-2022 - AKTUALISIERT<\/a><\/p>\n\n\n\n<p> <a href=\"https:\/\/wenttrip.com.br\/de\/2021\/10\/11\/festival-internacional-de-balonismo-de-torres-rs\/\">Torres RS Internationales Ballonfestival<\/a><\/p>\n\n\n\n<p> <a href=\"https:\/\/wenttrip.com.br\/de\/brasilien\/brasil-sul\/rio-grande-do-sul\/torres\/was-in-towers-rs-nachts-zu-tun-ist\/\">Was kann man nachts in Torres RS machen?<\/a><\/p>\n\n\n\n<p> <a href=\"https:\/\/wenttrip.com.br\/de\/brasilien\/brasil-sul\/rio-grande-do-sul\/torres\/kuriositaten-uber-turme-rs\/\">Kurioses \u00fcber Torres RS<\/a><\/p>\n\n\n\n<p> <a href=\"https:\/\/wenttrip.com.br\/de\/2021\/09\/22\/melhores-restaurantes-em-torres-rs\/\">Die besten Restaurants in Torres RS<\/a><\/p>\n\n\n\n<div class=\"wp-block-cover\"><span aria-hidden=\"true\" class=\"wp-block-cover__background has-background-dim\"><\/span><img decoding=\"async\" width=\"700\" height=\"476\" class=\"wp-block-cover__image-background wp-image-3203\" alt=\"\" src=\"https:\/\/wenttrip.com.br\/wp-content\/uploads\/2021\/11\/ec8be1ecce7054a0e7cbffa4c5cdbb73-1.jpg\" data-object-fit=\"cover\" srcset=\"https:\/\/wenttrip.com.br\/wp-content\/uploads\/2021\/11\/ec8be1ecce7054a0e7cbffa4c5cdbb73-1.jpg 700w, https:\/\/wenttrip.com.br\/wp-content\/uploads\/2021\/11\/ec8be1ecce7054a0e7cbffa4c5cdbb73-1-300x204.jpg 300w, https:\/\/wenttrip.com.br\/wp-content\/uploads\/2021\/11\/ec8be1ecce7054a0e7cbffa4c5cdbb73-1-389x265.jpg 389w\" sizes=\"(max-width: 700px) 100vw, 700px\" \/><div class=\"wp-block-cover__inner-container is-layout-flow wp-block-cover-is-layout-flow\">\n<p class=\"has-large-font-size\"><strong>Lassen Sie sich vom Zauber der Weihnacht inspirieren und verbreiten Sie Liebe, wohin Sie auch gehen! Frohe Weihnachten, Freund.<\/strong><\/p>\n<\/div><\/div>\n\n\n\n<p>Lesen Sie auch:<\/p>\n\n\n\n<p> <a href=\"https:\/\/wenttrip.com.br\/de\/nachrichten\/turme-unter-den-besten-stadten-brasiliens\/\">Torres zu den besten St\u00e4dten Brasiliens<\/a><\/p>\n\n\n\n<p> <a href=\"https:\/\/wenttrip.com.br\/de\/brasilien\/brasil-sul\/rio-grande-do-sul\/torres\/praia-da-guarita-torres-rs\/\">Guarita-Strand \u2013 Torres RS<\/a><\/p>\n\n\n\n<p> <a href=\"https:\/\/wenttrip.com.br\/de\/tipps\/die-besten-anwendungen-um-die-welt-zu-reisen\/\">Die besten Apps f\u00fcr die Weltreise<\/a><\/p>","protected":false},"excerpt":{"rendered":"<p>Entdecken Sie das gesamte Weihnachtsprogramm in Torres RS. Es gibt zahlreiche Attraktionen f\u00fcr jedes Alter! Kommen Sie mit der ganzen Familie und haben Sie Spa\u00df! Wir haben einen Artikel geschrieben, in dem Sie alles \u00fcber \ud83d\udc49 Aktivit\u00e4ten in Torres \u2013 RS \u2013 Str\u00e4nde und Sehensw\u00fcrdigkeiten sowie Hotels in Torres: die Top 10 der besten Hotels finden. Aber zuerst entdecken Sie das Paradies\u2026&nbsp;<a href=\"https:\/\/wenttrip.com.br\/de\/brasilien\/brasil-sul\/rio-grande-do-sul\/torres\/weihnachten-in-turmen-rs\/\" rel=\"bookmark\">Weiterlesen \u00bb<span class=\"screen-reader-text\">Weihnachten in Torres RS \u2013 PROGRAMMIERUNG<\/span><\/a><\/p>","protected":false},"author":1,"featured_media":3194,"comment_status":"open","ping_status":"open","sticky":false,"template":"","format":"standard","meta":{"neve_meta_sidebar":"","neve_meta_container":"","neve_meta_enable_content_width":"","neve_meta_content_width":0,"neve_meta_title_alignment":"","neve_meta_author_avatar":"","neve_post_elements_order":"","neve_meta_disable_header":"","neve_meta_disable_footer":"","neve_meta_disable_title":"","footnotes":""},"categories":[1720],"tags":[4574,883,884],"class_list":["post-3190","post","type-post","status-publish","format-standard","has-post-thumbnail","hentry","category-torres","tag-natal-2023","tag-natal-em-torres-rs","tag-programacao-do-natal-de-torres"],"yoast_head":"<!-- This site is optimized with the Yoast SEO plugin v27.5 - https:\/\/yoast.com\/product\/yoast-seo-wordpress\/ -->\n<title>Natal em Torres RS - PROGRAMA\u00c7\u00c3O - WentTrip<\/title>\n<meta name=\"description\" content=\"Saiba toda a programa\u00e7\u00e3o do Natal em Torres RS. S\u00e3o v\u00e1rias atra\u00e7\u00f5es para todas as idades! V\u00e1 com toda sua fam\u00edlia e divirta-se!\" \/>\n<meta name=\"robots\" content=\"index, follow, max-snippet:-1, max-image-preview:large, max-video-preview:-1\" \/>\n<link rel=\"canonical\" href=\"https:\/\/wenttrip.com.br\/de\/brasilien\/brasil-sul\/rio-grande-do-sul\/torres\/weihnachten-in-turmen-rs\/\" \/>\n<meta property=\"og:locale\" content=\"de_DE\" \/>\n<meta property=\"og:type\" content=\"article\" \/>\n<meta property=\"og:title\" content=\"Natal em Torres RS - PROGRAMA\u00c7\u00c3O - WentTrip\" \/>\n<meta property=\"og:description\" content=\"Saiba toda a programa\u00e7\u00e3o do Natal em Torres RS. S\u00e3o v\u00e1rias atra\u00e7\u00f5es para todas as idades! V\u00e1 com toda sua fam\u00edlia e divirta-se!\" \/>\n<meta property=\"og:url\" content=\"https:\/\/wenttrip.com.br\/de\/brasilien\/brasil-sul\/rio-grande-do-sul\/torres\/weihnachten-in-turmen-rs\/\" \/>\n<meta property=\"og:site_name\" content=\"WentTrip\" \/>\n<meta property=\"article:publisher\" content=\"https:\/\/m.facebook.com\/profile.php\" \/>\n<meta property=\"article:author\" content=\"https:\/\/m.facebook.com\/profile.php\" \/>\n<meta property=\"article:published_time\" content=\"2021-11-17T20:09:36+00:00\" \/>\n<meta property=\"article:modified_time\" content=\"2023-12-20T09:57:50+00:00\" \/>\n<meta property=\"og:image\" content=\"https:\/\/wenttrip.com.br\/wp-content\/uploads\/2021\/11\/dia-de-natal.jpg\" \/>\n\t<meta property=\"og:image:width\" content=\"600\" \/>\n\t<meta property=\"og:image:height\" content=\"400\" \/>\n\t<meta property=\"og:image:type\" content=\"image\/jpeg\" \/>\n<meta name=\"author\" content=\"Fernanda Machado\" \/>\n<meta name=\"twitter:card\" content=\"summary_large_image\" \/>\n<meta name=\"twitter:creator\" content=\"@https:\/\/twitter.com\/wenttrip\" \/>\n<meta name=\"twitter:site\" content=\"@wenttrip\" \/>\n<meta name=\"twitter:label1\" content=\"Verfasst von\" \/>\n\t<meta name=\"twitter:data1\" content=\"Fernanda Machado\" \/>\n\t<meta name=\"twitter:label2\" content=\"Gesch\u00e4tzte Lesezeit\" \/>\n\t<meta name=\"twitter:data2\" content=\"3\u00a0Minuten\" \/>\n<script type=\"application\/ld+json\" class=\"yoast-schema-graph\">{\"@context\":\"https:\\\/\\\/schema.org\",\"@graph\":[{\"@type\":\"Article\",\"@id\":\"https:\\\/\\\/wenttrip.com.br\\\/de\\\/brasilien\\\/brasil-sul\\\/rio-grande-do-sul\\\/torres\\\/weihnachten-in-turmen-rs\\\/#article\",\"isPartOf\":{\"@id\":\"https:\\\/\\\/wenttrip.com.br\\\/de\\\/brasilien\\\/brasil-sul\\\/rio-grande-do-sul\\\/torres\\\/weihnachten-in-turmen-rs\\\/\"},\"author\":{\"name\":\"Fernanda Machado\",\"@id\":\"https:\\\/\\\/wenttrip.com.br\\\/de\\\/#\\\/schema\\\/person\\\/c0ff87b449a960037fdd1b024842fcf9\"},\"headline\":\"Natal em Torres RS &#8211; PROGRAMA\u00c7\u00c3O\",\"datePublished\":\"2021-11-17T20:09:36+00:00\",\"dateModified\":\"2023-12-20T09:57:50+00:00\",\"mainEntityOfPage\":{\"@id\":\"https:\\\/\\\/wenttrip.com.br\\\/de\\\/brasilien\\\/brasil-sul\\\/rio-grande-do-sul\\\/torres\\\/weihnachten-in-turmen-rs\\\/\"},\"wordCount\":425,\"commentCount\":3,\"publisher\":{\"@id\":\"https:\\\/\\\/wenttrip.com.br\\\/de\\\/#\\\/schema\\\/person\\\/c0ff87b449a960037fdd1b024842fcf9\"},\"image\":{\"@id\":\"https:\\\/\\\/wenttrip.com.br\\\/de\\\/brasilien\\\/brasil-sul\\\/rio-grande-do-sul\\\/torres\\\/weihnachten-in-turmen-rs\\\/#primaryimage\"},\"thumbnailUrl\":\"https:\\\/\\\/wenttrip.com.br\\\/wp-content\\\/uploads\\\/2021\\\/11\\\/dia-de-natal.jpg\",\"keywords\":[\"natal 2023\",\"Natal em Torres RS\",\"Programa\u00e7\u00e3o do Natal de Torres\"],\"articleSection\":[\"Torres\"],\"inLanguage\":\"de\",\"potentialAction\":[{\"@type\":\"CommentAction\",\"name\":\"Comment\",\"target\":[\"https:\\\/\\\/wenttrip.com.br\\\/de\\\/brasilien\\\/brasil-sul\\\/rio-grande-do-sul\\\/torres\\\/weihnachten-in-turmen-rs\\\/#respond\"]}]},{\"@type\":\"WebPage\",\"@id\":\"https:\\\/\\\/wenttrip.com.br\\\/de\\\/brasilien\\\/brasil-sul\\\/rio-grande-do-sul\\\/torres\\\/weihnachten-in-turmen-rs\\\/\",\"url\":\"https:\\\/\\\/wenttrip.com.br\\\/de\\\/brasilien\\\/brasil-sul\\\/rio-grande-do-sul\\\/torres\\\/weihnachten-in-turmen-rs\\\/\",\"name\":\"Natal em Torres RS - PROGRAMA\u00c7\u00c3O - WentTrip\",\"isPartOf\":{\"@id\":\"https:\\\/\\\/wenttrip.com.br\\\/de\\\/#website\"},\"primaryImageOfPage\":{\"@id\":\"https:\\\/\\\/wenttrip.com.br\\\/de\\\/brasilien\\\/brasil-sul\\\/rio-grande-do-sul\\\/torres\\\/weihnachten-in-turmen-rs\\\/#primaryimage\"},\"image\":{\"@id\":\"https:\\\/\\\/wenttrip.com.br\\\/de\\\/brasilien\\\/brasil-sul\\\/rio-grande-do-sul\\\/torres\\\/weihnachten-in-turmen-rs\\\/#primaryimage\"},\"thumbnailUrl\":\"https:\\\/\\\/wenttrip.com.br\\\/wp-content\\\/uploads\\\/2021\\\/11\\\/dia-de-natal.jpg\",\"datePublished\":\"2021-11-17T20:09:36+00:00\",\"dateModified\":\"2023-12-20T09:57:50+00:00\",\"description\":\"Saiba toda a programa\u00e7\u00e3o do Natal em Torres RS. S\u00e3o v\u00e1rias atra\u00e7\u00f5es para todas as idades! V\u00e1 com toda sua fam\u00edlia e divirta-se!\",\"breadcrumb\":{\"@id\":\"https:\\\/\\\/wenttrip.com.br\\\/de\\\/brasilien\\\/brasil-sul\\\/rio-grande-do-sul\\\/torres\\\/weihnachten-in-turmen-rs\\\/#breadcrumb\"},\"inLanguage\":\"de\",\"potentialAction\":[{\"@type\":\"ReadAction\",\"target\":[\"https:\\\/\\\/wenttrip.com.br\\\/de\\\/brasilien\\\/brasil-sul\\\/rio-grande-do-sul\\\/torres\\\/weihnachten-in-turmen-rs\\\/\"]}]},{\"@type\":\"ImageObject\",\"inLanguage\":\"de\",\"@id\":\"https:\\\/\\\/wenttrip.com.br\\\/de\\\/brasilien\\\/brasil-sul\\\/rio-grande-do-sul\\\/torres\\\/weihnachten-in-turmen-rs\\\/#primaryimage\",\"url\":\"https:\\\/\\\/wenttrip.com.br\\\/wp-content\\\/uploads\\\/2021\\\/11\\\/dia-de-natal.jpg\",\"contentUrl\":\"https:\\\/\\\/wenttrip.com.br\\\/wp-content\\\/uploads\\\/2021\\\/11\\\/dia-de-natal.jpg\",\"width\":600,\"height\":400},{\"@type\":\"BreadcrumbList\",\"@id\":\"https:\\\/\\\/wenttrip.com.br\\\/de\\\/brasilien\\\/brasil-sul\\\/rio-grande-do-sul\\\/torres\\\/weihnachten-in-turmen-rs\\\/#breadcrumb\",\"itemListElement\":[{\"@type\":\"ListItem\",\"position\":1,\"name\":\"In\u00edcio\",\"item\":\"https:\\\/\\\/wenttrip.com.br\\\/de\\\/\"},{\"@type\":\"ListItem\",\"position\":2,\"name\":\"Natal em Torres RS &#8211; PROGRAMA\u00c7\u00c3O\"}]},{\"@type\":\"WebSite\",\"@id\":\"https:\\\/\\\/wenttrip.com.br\\\/de\\\/#website\",\"url\":\"https:\\\/\\\/wenttrip.com.br\\\/de\\\/\",\"name\":\"WentTrip\",\"description\":\"O seu guia completo com muitas dicas de aventuras, lugares, alimenta\u00e7\u00e3o, hot\u00e9is.\",\"publisher\":{\"@id\":\"https:\\\/\\\/wenttrip.com.br\\\/de\\\/#\\\/schema\\\/person\\\/c0ff87b449a960037fdd1b024842fcf9\"},\"potentialAction\":[{\"@type\":\"SearchAction\",\"target\":{\"@type\":\"EntryPoint\",\"urlTemplate\":\"https:\\\/\\\/wenttrip.com.br\\\/de\\\/?s={search_term_string}\"},\"query-input\":{\"@type\":\"PropertyValueSpecification\",\"valueRequired\":true,\"valueName\":\"search_term_string\"}}],\"inLanguage\":\"de\"},{\"@type\":[\"Person\",\"Organization\"],\"@id\":\"https:\\\/\\\/wenttrip.com.br\\\/de\\\/#\\\/schema\\\/person\\\/c0ff87b449a960037fdd1b024842fcf9\",\"name\":\"Fernanda Machado\",\"image\":{\"@type\":\"ImageObject\",\"inLanguage\":\"de\",\"@id\":\"https:\\\/\\\/wenttrip.com.br\\\/wp-content\\\/uploads\\\/2022\\\/08\\\/WentTrip-2.png\",\"url\":\"https:\\\/\\\/wenttrip.com.br\\\/wp-content\\\/uploads\\\/2022\\\/08\\\/WentTrip-2.png\",\"contentUrl\":\"https:\\\/\\\/wenttrip.com.br\\\/wp-content\\\/uploads\\\/2022\\\/08\\\/WentTrip-2.png\",\"width\":1000,\"height\":1000,\"caption\":\"Fernanda Machado\"},\"logo\":{\"@id\":\"https:\\\/\\\/wenttrip.com.br\\\/wp-content\\\/uploads\\\/2022\\\/08\\\/WentTrip-2.png\"},\"description\":\"Aprendi que a vida \u00e9 mais leve quando colocamos uma mochila nas costas junto com sonhos. Amo viajar! Tenho 34 anos, mam\u00e3e de 3 cachorros: A Pantufa, O mutley e o Mixuruca. Compartilhamos nossas experi\u00eancias por aqui, esperamos que gostem!\",\"sameAs\":[\"https:\\\/\\\/wenttrip.com.br\",\"https:\\\/\\\/m.facebook.com\\\/profile.php\",\"https:\\\/\\\/www.instagram.com\\\/wenttrip\\\/\",\"https:\\\/\\\/x.com\\\/https:\\\/\\\/twitter.com\\\/wenttrip\",\"https:\\\/\\\/www.youtube.com\\\/c\\\/WentTrip\\\/videos\"],\"url\":\"https:\\\/\\\/wenttrip.com.br\\\/de\\\/author\\\/admin\\\/\"}]}<\/script>\n<!-- \/ Yoast SEO plugin. -->","yoast_head_json":{"title":"Weihnachten in Torres RS - PROGRAMMIERUNG - WentTrip","description":"Finden Sie alle Weihnachtsprogramme in Torres RS heraus. Es gibt mehrere Attraktionen f\u00fcr alle Altersgruppen! Gehen Sie mit Ihrer ganzen Familie und haben Sie Spa\u00df!","robots":{"index":"index","follow":"follow","max-snippet":"max-snippet:-1","max-image-preview":"max-image-preview:large","max-video-preview":"max-video-preview:-1"},"canonical":"https:\/\/wenttrip.com.br\/de\/brasilien\/brasil-sul\/rio-grande-do-sul\/torres\/weihnachten-in-turmen-rs\/","og_locale":"de_DE","og_type":"article","og_title":"Natal em Torres RS - PROGRAMA\u00c7\u00c3O - WentTrip","og_description":"Saiba toda a programa\u00e7\u00e3o do Natal em Torres RS. S\u00e3o v\u00e1rias atra\u00e7\u00f5es para todas as idades! V\u00e1 com toda sua fam\u00edlia e divirta-se!","og_url":"https:\/\/wenttrip.com.br\/de\/brasilien\/brasil-sul\/rio-grande-do-sul\/torres\/weihnachten-in-turmen-rs\/","og_site_name":"WentTrip","article_publisher":"https:\/\/m.facebook.com\/profile.php","article_author":"https:\/\/m.facebook.com\/profile.php","article_published_time":"2021-11-17T20:09:36+00:00","article_modified_time":"2023-12-20T09:57:50+00:00","og_image":[{"width":600,"height":400,"url":"https:\/\/wenttrip.com.br\/wp-content\/uploads\/2021\/11\/dia-de-natal.jpg","type":"image\/jpeg"}],"author":"Fernanda Machado","twitter_card":"summary_large_image","twitter_creator":"@https:\/\/twitter.com\/wenttrip","twitter_site":"@wenttrip","twitter_misc":{"Verfasst von":"Fernanda Machado","Gesch\u00e4tzte Lesezeit":"3\u00a0Minuten"},"schema":{"@context":"https:\/\/schema.org","@graph":[{"@type":"Article","@id":"https:\/\/wenttrip.com.br\/de\/brasilien\/brasil-sul\/rio-grande-do-sul\/torres\/weihnachten-in-turmen-rs\/#article","isPartOf":{"@id":"https:\/\/wenttrip.com.br\/de\/brasilien\/brasil-sul\/rio-grande-do-sul\/torres\/weihnachten-in-turmen-rs\/"},"author":{"name":"Fernanda Machado","@id":"https:\/\/wenttrip.com.br\/de\/#\/schema\/person\/c0ff87b449a960037fdd1b024842fcf9"},"headline":"Natal em Torres RS &#8211; PROGRAMA\u00c7\u00c3O","datePublished":"2021-11-17T20:09:36+00:00","dateModified":"2023-12-20T09:57:50+00:00","mainEntityOfPage":{"@id":"https:\/\/wenttrip.com.br\/de\/brasilien\/brasil-sul\/rio-grande-do-sul\/torres\/weihnachten-in-turmen-rs\/"},"wordCount":425,"commentCount":3,"publisher":{"@id":"https:\/\/wenttrip.com.br\/de\/#\/schema\/person\/c0ff87b449a960037fdd1b024842fcf9"},"image":{"@id":"https:\/\/wenttrip.com.br\/de\/brasilien\/brasil-sul\/rio-grande-do-sul\/torres\/weihnachten-in-turmen-rs\/#primaryimage"},"thumbnailUrl":"https:\/\/wenttrip.com.br\/wp-content\/uploads\/2021\/11\/dia-de-natal.jpg","keywords":["natal 2023","Natal em Torres RS","Programa\u00e7\u00e3o do Natal de Torres"],"articleSection":["Torres"],"inLanguage":"de","potentialAction":[{"@type":"CommentAction","name":"Comment","target":["https:\/\/wenttrip.com.br\/de\/brasilien\/brasil-sul\/rio-grande-do-sul\/torres\/weihnachten-in-turmen-rs\/#respond"]}]},{"@type":"WebPage","@id":"https:\/\/wenttrip.com.br\/de\/brasilien\/brasil-sul\/rio-grande-do-sul\/torres\/weihnachten-in-turmen-rs\/","url":"https:\/\/wenttrip.com.br\/de\/brasilien\/brasil-sul\/rio-grande-do-sul\/torres\/weihnachten-in-turmen-rs\/","name":"Weihnachten in Torres RS - PROGRAMMIERUNG - WentTrip","isPartOf":{"@id":"https:\/\/wenttrip.com.br\/de\/#website"},"primaryImageOfPage":{"@id":"https:\/\/wenttrip.com.br\/de\/brasilien\/brasil-sul\/rio-grande-do-sul\/torres\/weihnachten-in-turmen-rs\/#primaryimage"},"image":{"@id":"https:\/\/wenttrip.com.br\/de\/brasilien\/brasil-sul\/rio-grande-do-sul\/torres\/weihnachten-in-turmen-rs\/#primaryimage"},"thumbnailUrl":"https:\/\/wenttrip.com.br\/wp-content\/uploads\/2021\/11\/dia-de-natal.jpg","datePublished":"2021-11-17T20:09:36+00:00","dateModified":"2023-12-20T09:57:50+00:00","description":"Finden Sie alle Weihnachtsprogramme in Torres RS heraus. Es gibt mehrere Attraktionen f\u00fcr alle Altersgruppen! Gehen Sie mit Ihrer ganzen Familie und haben Sie Spa\u00df!","breadcrumb":{"@id":"https:\/\/wenttrip.com.br\/de\/brasilien\/brasil-sul\/rio-grande-do-sul\/torres\/weihnachten-in-turmen-rs\/#breadcrumb"},"inLanguage":"de","potentialAction":[{"@type":"ReadAction","target":["https:\/\/wenttrip.com.br\/de\/brasilien\/brasil-sul\/rio-grande-do-sul\/torres\/weihnachten-in-turmen-rs\/"]}]},{"@type":"ImageObject","inLanguage":"de","@id":"https:\/\/wenttrip.com.br\/de\/brasilien\/brasil-sul\/rio-grande-do-sul\/torres\/weihnachten-in-turmen-rs\/#primaryimage","url":"https:\/\/wenttrip.com.br\/wp-content\/uploads\/2021\/11\/dia-de-natal.jpg","contentUrl":"https:\/\/wenttrip.com.br\/wp-content\/uploads\/2021\/11\/dia-de-natal.jpg","width":600,"height":400},{"@type":"BreadcrumbList","@id":"https:\/\/wenttrip.com.br\/de\/brasilien\/brasil-sul\/rio-grande-do-sul\/torres\/weihnachten-in-turmen-rs\/#breadcrumb","itemListElement":[{"@type":"ListItem","position":1,"name":"In\u00edcio","item":"https:\/\/wenttrip.com.br\/de\/"},{"@type":"ListItem","position":2,"name":"Natal em Torres RS &#8211; PROGRAMA\u00c7\u00c3O"}]},{"@type":"WebSite","@id":"https:\/\/wenttrip.com.br\/de\/#website","url":"https:\/\/wenttrip.com.br\/de\/","name":"WentTrip","description":"Ihr kompletter Reisef\u00fchrer mit vielen Tipps zu Abenteuern, Orten, Essen, Hotels.","publisher":{"@id":"https:\/\/wenttrip.com.br\/de\/#\/schema\/person\/c0ff87b449a960037fdd1b024842fcf9"},"potentialAction":[{"@type":"SearchAction","target":{"@type":"EntryPoint","urlTemplate":"https:\/\/wenttrip.com.br\/de\/?s={search_term_string}"},"query-input":{"@type":"PropertyValueSpecification","valueRequired":true,"valueName":"search_term_string"}}],"inLanguage":"de"},{"@type":["Person","Organization"],"@id":"https:\/\/wenttrip.com.br\/de\/#\/schema\/person\/c0ff87b449a960037fdd1b024842fcf9","name":"Fernanda Machado","image":{"@type":"ImageObject","inLanguage":"de","@id":"https:\/\/wenttrip.com.br\/wp-content\/uploads\/2022\/08\/WentTrip-2.png","url":"https:\/\/wenttrip.com.br\/wp-content\/uploads\/2022\/08\/WentTrip-2.png","contentUrl":"https:\/\/wenttrip.com.br\/wp-content\/uploads\/2022\/08\/WentTrip-2.png","width":1000,"height":1000,"caption":"Fernanda Machado"},"logo":{"@id":"https:\/\/wenttrip.com.br\/wp-content\/uploads\/2022\/08\/WentTrip-2.png"},"description":"Ich habe gelernt, dass das Leben leichter ist, wenn wir neben Tr\u00e4umen auch einen Rucksack auf den R\u00fccken packen. Ich liebe es zu reisen! Ich bin 34 Jahre alt, Mutter von 3 Hunden: Pantufa, Mutley und Mixuruca. Wir teilen hier unsere Erfahrungen, wir hoffen, dass es euch gef\u00e4llt!","sameAs":["https:\/\/wenttrip.com.br","https:\/\/m.facebook.com\/profile.php","https:\/\/www.instagram.com\/wenttrip\/","https:\/\/x.com\/https:\/\/twitter.com\/wenttrip","https:\/\/www.youtube.com\/c\/WentTrip\/videos"],"url":"https:\/\/wenttrip.com.br\/de\/author\/admin\/"}]}},"_links":{"self":[{"href":"https:\/\/wenttrip.com.br\/de\/wp-json\/wp\/v2\/posts\/3190","targetHints":{"allow":["GET"]}}],"collection":[{"href":"https:\/\/wenttrip.com.br\/de\/wp-json\/wp\/v2\/posts"}],"about":[{"href":"https:\/\/wenttrip.com.br\/de\/wp-json\/wp\/v2\/types\/post"}],"author":[{"embeddable":true,"href":"https:\/\/wenttrip.com.br\/de\/wp-json\/wp\/v2\/users\/1"}],"replies":[{"embeddable":true,"href":"https:\/\/wenttrip.com.br\/de\/wp-json\/wp\/v2\/comments?post=3190"}],"version-history":[{"count":0,"href":"https:\/\/wenttrip.com.br\/de\/wp-json\/wp\/v2\/posts\/3190\/revisions"}],"wp:featuredmedia":[{"embeddable":true,"href":"https:\/\/wenttrip.com.br\/de\/wp-json\/wp\/v2\/media\/3194"}],"wp:attachment":[{"href":"https:\/\/wenttrip.com.br\/de\/wp-json\/wp\/v2\/media?parent=3190"}],"wp:term":[{"taxonomy":"category","embeddable":true,"href":"https:\/\/wenttrip.com.br\/de\/wp-json\/wp\/v2\/categories?post=3190"},{"taxonomy":"post_tag","embeddable":true,"href":"https:\/\/wenttrip.com.br\/de\/wp-json\/wp\/v2\/tags?post=3190"}],"curies":[{"name":"wp","href":"https:\/\/api.w.org\/{rel}","templated":true}]}}