{"id":27279,"date":"2025-03-18T08:07:15","date_gmt":"2025-03-18T11:07:15","guid":{"rendered":"https:\/\/wenttrip.com.br\/?p=27279"},"modified":"2025-03-18T08:28:20","modified_gmt":"2025-03-18T11:28:20","slug":"festival-internacional-de-balonismo-de-2025","status":"publish","type":"post","link":"https:\/\/wenttrip.com.br\/de\/brasilien\/brasil-sul\/rio-grande-do-sul\/torres\/internationales-ballonfestival-2025\/","title":{"rendered":"Torres RS Internationales Ballonfestival 2025"},"content":{"rendered":"<div id=\"ez-toc-container\" class=\"ez-toc-v2_0_82_2 counter-hierarchy ez-toc-counter ez-toc-grey ez-toc-container-direction\">\n<div class=\"ez-toc-title-container\">\n<p class=\"ez-toc-title\" style=\"cursor:inherit\">Index<\/p>\n<span class=\"ez-toc-title-toggle\"><a href=\"#\" class=\"ez-toc-pull-right ez-toc-btn ez-toc-btn-xs ez-toc-btn-default ez-toc-toggle\" aria-label=\"Inhaltsverzeichnis umschalten\"><span class=\"ez-toc-js-icon-con\"><span class=\"\"><span class=\"eztoc-hide\" style=\"display:none;\">Umschalten<\/span><span class=\"ez-toc-icon-toggle-span\"><svg style=\"fill: #999;color:#999\" xmlns=\"http:\/\/www.w3.org\/2000\/svg\" class=\"list-377408\" width=\"20px\" height=\"20px\" viewbox=\"0 0 24 24\" fill=\"none\"><path d=\"M6 6H4v2h2V6zm14 0H8v2h12V6zM4 11h2v2H4v-2zm16 0H8v2h12v-2zM4 16h2v2H4v-2zm16 0H8v2h12v-2z\" fill=\"currentColor\"><\/path><\/svg><svg style=\"fill: #999;color:#999\" class=\"arrow-unsorted-368013\" xmlns=\"http:\/\/www.w3.org\/2000\/svg\" width=\"10px\" height=\"10px\" viewbox=\"0 0 24 24\" version=\"1.2\" baseprofile=\"tiny\"><path d=\"M18.2 9.3l-6.2-6.3-6.2 6.3c-.2.2-.3.4-.3.7s.1.5.3.7c.2.2.4.3.7.3h11c.3 0 .5-.1.7-.3.2-.2.3-.5.3-.7s-.1-.5-.3-.7zM5.8 14.7l6.2 6.3 6.2-6.3c.2-.2.3-.5.3-.7s-.1-.5-.3-.7c-.2-.2-.4-.3-.7-.3h-11c-.3 0-.5.1-.7.3-.2.2-.3.5-.3.7s.1.5.3.7z\"\/><\/svg><\/span><\/span><\/span><\/a><\/span><\/div>\n<nav><ul class='ez-toc-list ez-toc-list-level-1' ><li class='ez-toc-page-1 ez-toc-heading-level-2'><a class=\"ez-toc-link ez-toc-heading-1\" href=\"https:\/\/wenttrip.com.br\/de\/brasilien\/brasil-sul\/rio-grande-do-sul\/torres\/internationales-ballonfestival-2025\/#Quando_sera_o_Festival_Internacional_de_Balonismo_de_2025\" >Wann findet das Internationale Ballonfestival 2025 statt?<\/a><\/li><li class='ez-toc-page-1 ez-toc-heading-level-2'><a class=\"ez-toc-link ez-toc-heading-2\" href=\"https:\/\/wenttrip.com.br\/de\/brasilien\/brasil-sul\/rio-grande-do-sul\/torres\/internationales-ballonfestival-2025\/#Onde_e_o_festival_de_Balonismo\" >Wo findet das Hei\u00dfluftballonfestival statt?<\/a><\/li><li class='ez-toc-page-1 ez-toc-heading-level-2'><a class=\"ez-toc-link ez-toc-heading-3\" href=\"https:\/\/wenttrip.com.br\/de\/brasilien\/brasil-sul\/rio-grande-do-sul\/torres\/internationales-ballonfestival-2025\/#Como_funciona_o_festival_de_Balonismo_em_Torres\" >Wie funktioniert das Hei\u00dfluftballonfestival in Torres?<\/a><ul class='ez-toc-list-level-3' ><li class='ez-toc-heading-level-3'><a class=\"ez-toc-link ez-toc-heading-4\" href=\"https:\/\/wenttrip.com.br\/de\/brasilien\/brasil-sul\/rio-grande-do-sul\/torres\/internationales-ballonfestival-2025\/#O_que_esperar_do_Festival\" >Was erwartet Sie beim Festival?<\/a><\/li><li class='ez-toc-page-1 ez-toc-heading-level-3'><a class=\"ez-toc-link ez-toc-heading-5\" href=\"https:\/\/wenttrip.com.br\/de\/brasilien\/brasil-sul\/rio-grande-do-sul\/torres\/internationales-ballonfestival-2025\/#Um_cenario_perfeito\" >Ein perfektes Szenario<\/a><\/li><li class='ez-toc-page-1 ez-toc-heading-level-3'><a class=\"ez-toc-link ez-toc-heading-6\" href=\"https:\/\/wenttrip.com.br\/de\/brasilien\/brasil-sul\/rio-grande-do-sul\/torres\/internationales-ballonfestival-2025\/#Impacto_turistico_e_cultural\" >Touristische und kulturelle Auswirkungen<\/a><\/li><\/ul><\/li><li class='ez-toc-page-1 ez-toc-heading-level-2'><a class=\"ez-toc-link ez-toc-heading-7\" href=\"https:\/\/wenttrip.com.br\/de\/brasilien\/brasil-sul\/rio-grande-do-sul\/torres\/internationales-ballonfestival-2025\/#Quanto_custa_andar_de_balao_em_Torres\" >Wie viel kostet eine Ballonfahrt in Torres?<\/a><\/li><li class='ez-toc-page-1 ez-toc-heading-level-2'><a class=\"ez-toc-link ez-toc-heading-8\" href=\"https:\/\/wenttrip.com.br\/de\/brasilien\/brasil-sul\/rio-grande-do-sul\/torres\/internationales-ballonfestival-2025\/#Quais_sao_as_atracoes_confirmadas_para_o_Festival_Internacional_de_Balonismo_de_Torres_em_2025\" >Welche Attraktionen sind f\u00fcr das Torres International Balloon Festival 2025 best\u00e4tigt?<\/a><\/li><li class='ez-toc-page-1 ez-toc-heading-level-2'><a class=\"ez-toc-link ez-toc-heading-9\" href=\"https:\/\/wenttrip.com.br\/de\/brasilien\/brasil-sul\/rio-grande-do-sul\/torres\/internationales-ballonfestival-2025\/#Qual_a_data_do_Festival_de_Balonismo_de_Torres_em_2025\" >Wann findet das Torres-Hei\u00dfluftballonfestival im Jahr 2025 statt?<\/a><\/li><li class='ez-toc-page-1 ez-toc-heading-level-2'><a class=\"ez-toc-link ez-toc-heading-10\" href=\"https:\/\/wenttrip.com.br\/de\/brasilien\/brasil-sul\/rio-grande-do-sul\/torres\/internationales-ballonfestival-2025\/#Quando_sera_o_Festival_Internacional_de_Balonismo_em_Torres\" >Wann findet das Internationale Ballonfestival in Torres statt?<\/a><\/li><li class='ez-toc-page-1 ez-toc-heading-level-2'><a class=\"ez-toc-link ez-toc-heading-11\" href=\"https:\/\/wenttrip.com.br\/de\/brasilien\/brasil-sul\/rio-grande-do-sul\/torres\/internationales-ballonfestival-2025\/#Balonismo_2025_tera_equipe_do_Japao\" >Ballooning 2025 wird ein Team aus Japan haben<\/a><\/li><li class='ez-toc-page-1 ez-toc-heading-level-2'><a class=\"ez-toc-link ez-toc-heading-12\" href=\"https:\/\/wenttrip.com.br\/de\/brasilien\/brasil-sul\/rio-grande-do-sul\/torres\/internationales-ballonfestival-2025\/#Onde_se_hospedar_durante_o_Festival_Internacional_de_Balonismo_em_Torres\" >Wo Sie w\u00e4hrend des Torres International Balloon Festival \u00fcbernachten k\u00f6nnen<\/a><\/li><li class='ez-toc-page-1 ez-toc-heading-level-2'><a class=\"ez-toc-link ez-toc-heading-13\" href=\"https:\/\/wenttrip.com.br\/de\/brasilien\/brasil-sul\/rio-grande-do-sul\/torres\/internationales-ballonfestival-2025\/#Conheca_as_Provas_do_Balonismo\" >Entdecken Sie die Ballonveranstaltungen<\/a><ul class='ez-toc-list-level-3' ><li class='ez-toc-heading-level-3'><a class=\"ez-toc-link ez-toc-heading-14\" href=\"https:\/\/wenttrip.com.br\/de\/brasilien\/brasil-sul\/rio-grande-do-sul\/torres\/internationales-ballonfestival-2025\/#%F0%9F%A6%8A_Caca_a_Raposa_HH\" >\ud83e\udd8a Fuchsjagd (HH)<\/a><\/li><li class='ez-toc-page-1 ez-toc-heading-level-3'><a class=\"ez-toc-link ez-toc-heading-15\" href=\"https:\/\/wenttrip.com.br\/de\/brasilien\/brasil-sul\/rio-grande-do-sul\/torres\/internationales-ballonfestival-2025\/#%F0%9F%94%91_Prova_da_Chave\" >\ud83d\udd11 Schl\u00fcsseltest<\/a><\/li><li class='ez-toc-page-1 ez-toc-heading-level-3'><a class=\"ez-toc-link ez-toc-heading-16\" href=\"https:\/\/wenttrip.com.br\/de\/brasilien\/brasil-sul\/rio-grande-do-sul\/torres\/internationales-ballonfestival-2025\/#%F0%9F%8E%AF_FlyIn_FIN\" >\ud83c\udfaf FlyIn (FIN)<\/a><\/li><li class='ez-toc-page-1 ez-toc-heading-level-3'><a class=\"ez-toc-link ez-toc-heading-17\" href=\"https:\/\/wenttrip.com.br\/de\/brasilien\/brasil-sul\/rio-grande-do-sul\/torres\/internationales-ballonfestival-2025\/#%F0%9F%8F%86_Gordon_Bennet_Memorial_GBM\" >\ud83c\udfc6 Gordon-Bennet-Denkmal (GBM)<\/a><\/li><li class='ez-toc-page-1 ez-toc-heading-level-3'><a class=\"ez-toc-link ez-toc-heading-18\" href=\"https:\/\/wenttrip.com.br\/de\/brasilien\/brasil-sul\/rio-grande-do-sul\/torres\/internationales-ballonfestival-2025\/#%F0%9F%93%8F_Minima_Distancia_MIN\" >\ud83d\udccf Mindestabstand (MIN)<\/a><\/li><li class='ez-toc-page-1 ez-toc-heading-level-3'><a class=\"ez-toc-link ez-toc-heading-19\" href=\"https:\/\/wenttrip.com.br\/de\/brasilien\/brasil-sul\/rio-grande-do-sul\/torres\/internationales-ballonfestival-2025\/#%E2%8F%B3_Ao_Alvo_com_Janela_de_Tempo_CRAT\" >\u23f3 Zum Ziel mit Zeitfenster (CRAT)<\/a><\/li><li class='ez-toc-page-1 ez-toc-heading-level-3'><a class=\"ez-toc-link ez-toc-heading-20\" href=\"https:\/\/wenttrip.com.br\/de\/brasilien\/brasil-sul\/rio-grande-do-sul\/torres\/internationales-ballonfestival-2025\/#%F0%9F%8E%AF_Alvo_Declarado_pelo_Juiz_JDG\" >\ud83c\udfaf Vom Richter erkl\u00e4rtes Ziel (JDG)<\/a><\/li><li class='ez-toc-page-1 ez-toc-heading-level-3'><a class=\"ez-toc-link ez-toc-heading-21\" href=\"https:\/\/wenttrip.com.br\/de\/brasilien\/brasil-sul\/rio-grande-do-sul\/torres\/internationales-ballonfestival-2025\/#%E2%9C%88%EF%B8%8F_FlyOn_FON\" >\u2708\ufe0f FlyOn (FON)<\/a><\/li><li class='ez-toc-page-1 ez-toc-heading-level-3'><a class=\"ez-toc-link ez-toc-heading-22\" href=\"https:\/\/wenttrip.com.br\/de\/brasilien\/brasil-sul\/rio-grande-do-sul\/torres\/internationales-ballonfestival-2025\/#%F0%9F%8E%B5_Valsa_da_Hesitacao_HWZ\" >\ud83c\udfb5 Walzer des Z\u00f6gerns (HWZ)<\/a><\/li><\/ul><\/li><li class='ez-toc-page-1 ez-toc-heading-level-2'><a class=\"ez-toc-link ez-toc-heading-23\" href=\"https:\/\/wenttrip.com.br\/de\/brasilien\/brasil-sul\/rio-grande-do-sul\/torres\/internationales-ballonfestival-2025\/#Duvidas_Sobre_o_Passeio\" >Fragen zur Tour<\/a><ul class='ez-toc-list-level-3' ><li class='ez-toc-heading-level-3'><a class=\"ez-toc-link ez-toc-heading-24\" href=\"https:\/\/wenttrip.com.br\/de\/brasilien\/brasil-sul\/rio-grande-do-sul\/torres\/internationales-ballonfestival-2025\/#Quanto_tempo_dura_o_voo_de_balao\" >Wie lange dauert eine Ballonfahrt?<\/a><\/li><li class='ez-toc-page-1 ez-toc-heading-level-3'><a class=\"ez-toc-link ez-toc-heading-25\" href=\"https:\/\/wenttrip.com.br\/de\/brasilien\/brasil-sul\/rio-grande-do-sul\/torres\/internationales-ballonfestival-2025\/#A_que_altura_o_balao_pode_chegar\" >Wie hoch kann der Ballon fliegen?<\/a><\/li><li class='ez-toc-page-1 ez-toc-heading-level-3'><a class=\"ez-toc-link ez-toc-heading-26\" href=\"https:\/\/wenttrip.com.br\/de\/brasilien\/brasil-sul\/rio-grande-do-sul\/torres\/internationales-ballonfestival-2025\/#Quantas_pessoas_cabem_em_um_balao\" >Wie viele Personen passen in einen Ballon?<\/a><\/li><li class='ez-toc-page-1 ez-toc-heading-level-3'><a class=\"ez-toc-link ez-toc-heading-27\" href=\"https:\/\/wenttrip.com.br\/de\/brasilien\/brasil-sul\/rio-grande-do-sul\/torres\/internationales-ballonfestival-2025\/#O_passeio_de_balao_e_seguro\" >Ist Ballonfahren sicher?<\/a><\/li><li class='ez-toc-page-1 ez-toc-heading-level-3'><a class=\"ez-toc-link ez-toc-heading-28\" href=\"https:\/\/wenttrip.com.br\/de\/brasilien\/brasil-sul\/rio-grande-do-sul\/torres\/internationales-ballonfestival-2025\/#O_que_acontece_se_o_tempo_estiver_ruim_no_dia_do_voo\" >Was passiert, wenn am Flugtag schlechtes Wetter ist?<\/a><\/li><li class='ez-toc-page-1 ez-toc-heading-level-3'><a class=\"ez-toc-link ez-toc-heading-29\" href=\"https:\/\/wenttrip.com.br\/de\/brasilien\/brasil-sul\/rio-grande-do-sul\/torres\/internationales-ballonfestival-2025\/#Qual_e_a_melhor_epoca_do_ano_para_voar_de_balao_em_Torres\" >Wann ist die beste Jahreszeit f\u00fcr eine Ballonfahrt in Torres?<\/a><\/li><li class='ez-toc-page-1 ez-toc-heading-level-3'><a class=\"ez-toc-link ez-toc-heading-30\" href=\"https:\/\/wenttrip.com.br\/de\/brasilien\/brasil-sul\/rio-grande-do-sul\/torres\/internationales-ballonfestival-2025\/#O_voo_de_balao_faz_parte_de_algum_evento_especial_como_o_Festival_de_Balonismo_de_Torres\" >Ist der Ballonflug Teil einer besonderen Veranstaltung, wie beispielsweise des Torres Balloon Festival?<\/a><\/li><\/ul><\/li><li class='ez-toc-page-1 ez-toc-heading-level-2'><a class=\"ez-toc-link ez-toc-heading-31\" href=\"https:\/\/wenttrip.com.br\/de\/brasilien\/brasil-sul\/rio-grande-do-sul\/torres\/internationales-ballonfestival-2025\/#Duvidas_Sobre_os_Custos_e_Reservas\" >Fragen zu Kosten und Reservierungen<\/a><ul class='ez-toc-list-level-3' ><li class='ez-toc-heading-level-3'><a class=\"ez-toc-link ez-toc-heading-32\" href=\"https:\/\/wenttrip.com.br\/de\/brasilien\/brasil-sul\/rio-grande-do-sul\/torres\/internationales-ballonfestival-2025\/#Qual_e_o_valor_medio_de_um_voo_de_balao_em_Torres\" >Was kostet eine Ballonfahrt in Torres durchschnittlich?<\/a><\/li><li class='ez-toc-page-1 ez-toc-heading-level-3'><a class=\"ez-toc-link ez-toc-heading-33\" href=\"https:\/\/wenttrip.com.br\/de\/brasilien\/brasil-sul\/rio-grande-do-sul\/torres\/internationales-ballonfestival-2025\/#O_passeio_pode_ser_parcelado_no_cartao_de_credito\" >Kann die Tour in Raten per Kreditkarte bezahlt werden?<\/a><\/li><li class='ez-toc-page-1 ez-toc-heading-level-3'><a class=\"ez-toc-link ez-toc-heading-34\" href=\"https:\/\/wenttrip.com.br\/de\/brasilien\/brasil-sul\/rio-grande-do-sul\/torres\/internationales-ballonfestival-2025\/#E_possivel_cancelar_ou_remarcar_um_voo\" >Ist es m\u00f6glich, einen Flug zu stornieren oder umzubuchen?<\/a><\/li><li class='ez-toc-page-1 ez-toc-heading-level-3'><a class=\"ez-toc-link ez-toc-heading-35\" href=\"https:\/\/wenttrip.com.br\/de\/brasilien\/brasil-sul\/rio-grande-do-sul\/torres\/internationales-ballonfestival-2025\/#Ha_descontos_para_grupos_ou_casais\" >Gibt es Erm\u00e4\u00dfigungen f\u00fcr Gruppen oder Paare?<\/a><\/li><li class='ez-toc-page-1 ez-toc-heading-level-3'><a class=\"ez-toc-link ez-toc-heading-36\" href=\"https:\/\/wenttrip.com.br\/de\/brasilien\/brasil-sul\/rio-grande-do-sul\/torres\/internationales-ballonfestival-2025\/#O_que_esta_incluso_no_valor_do_passeio\" >Was ist im Tourpreis enthalten?<\/a><\/li><\/ul><\/li><li class='ez-toc-page-1 ez-toc-heading-level-2'><a class=\"ez-toc-link ez-toc-heading-37\" href=\"https:\/\/wenttrip.com.br\/de\/brasilien\/brasil-sul\/rio-grande-do-sul\/torres\/internationales-ballonfestival-2025\/#Perguntas_Sobre_a_Experiencia\" >Fragen zum Erlebnis<\/a><ul class='ez-toc-list-level-3' ><li class='ez-toc-heading-level-3'><a class=\"ez-toc-link ez-toc-heading-38\" href=\"https:\/\/wenttrip.com.br\/de\/brasilien\/brasil-sul\/rio-grande-do-sul\/torres\/internationales-ballonfestival-2025\/#Que_roupas_devo_usar_para_um_voo_de_balao\" >Welche Kleidung sollte ich f\u00fcr eine Ballonfahrt tragen?<\/a><\/li><li class='ez-toc-page-1 ez-toc-heading-level-3'><a class=\"ez-toc-link ez-toc-heading-39\" href=\"https:\/\/wenttrip.com.br\/de\/brasilien\/brasil-sul\/rio-grande-do-sul\/torres\/internationales-ballonfestival-2025\/#O_que_levar_para_o_passeio_de_Balao\" >Was sollte man zu einer Fahrt mit dem Hei\u00dfluftballon mitnehmen?<\/a><\/li><li class='ez-toc-page-1 ez-toc-heading-level-3'><a class=\"ez-toc-link ez-toc-heading-40\" href=\"https:\/\/wenttrip.com.br\/de\/brasilien\/brasil-sul\/rio-grande-do-sul\/torres\/internationales-ballonfestival-2025\/#O_passeio_de_balao_tem_restricao_de_idade_ou_peso\" >Gibt es f\u00fcr die Ballonfahrt eine Alters- oder Gewichtsbeschr\u00e4nkung?<\/a><\/li><li class='ez-toc-page-1 ez-toc-heading-level-3'><a class=\"ez-toc-link ez-toc-heading-41\" href=\"https:\/\/wenttrip.com.br\/de\/brasilien\/brasil-sul\/rio-grande-do-sul\/torres\/internationales-ballonfestival-2025\/#Pessoas_com_medo_de_altura_podem_aproveitar_o_passeio\" >K\u00f6nnen Menschen mit H\u00f6henangst an der Tour teilnehmen?<\/a><\/li><li class='ez-toc-page-1 ez-toc-heading-level-3'><a class=\"ez-toc-link ez-toc-heading-42\" href=\"https:\/\/wenttrip.com.br\/de\/brasilien\/brasil-sul\/rio-grande-do-sul\/torres\/internationales-ballonfestival-2025\/#O_pouso_do_balao_e_brusco\" >Ist die Landung des Ballons abrupt?<\/a><\/li><li class='ez-toc-page-1 ez-toc-heading-level-3'><a class=\"ez-toc-link ez-toc-heading-43\" href=\"https:\/\/wenttrip.com.br\/de\/brasilien\/brasil-sul\/rio-grande-do-sul\/torres\/internationales-ballonfestival-2025\/#O_voo_de_balao_causa_enjoo\" >Wird bei einer Ballonfahrt Reisekrankheit verursacht?<\/a><\/li><\/ul><\/li><li class='ez-toc-page-1 ez-toc-heading-level-2'><a class=\"ez-toc-link ez-toc-heading-44\" href=\"https:\/\/wenttrip.com.br\/de\/brasilien\/brasil-sul\/rio-grande-do-sul\/torres\/internationales-ballonfestival-2025\/#Sobre_Registros_e_Lembrancas\" >\u00dcber Aufzeichnungen und Erinnerungen<\/a><ul class='ez-toc-list-level-3' ><li class='ez-toc-heading-level-3'><a class=\"ez-toc-link ez-toc-heading-45\" href=\"https:\/\/wenttrip.com.br\/de\/brasilien\/brasil-sul\/rio-grande-do-sul\/torres\/internationales-ballonfestival-2025\/#Posso_levar_minha_camera_ou_drone_para_filmar_o_passeio\" >Kann ich meine Kamera oder Drohne mitbringen, um die Tour zu filmen?<\/a><\/li><li class='ez-toc-page-1 ez-toc-heading-level-3'><a class=\"ez-toc-link ez-toc-heading-46\" href=\"https:\/\/wenttrip.com.br\/de\/brasilien\/brasil-sul\/rio-grande-do-sul\/torres\/internationales-ballonfestival-2025\/#As_empresas_oferecem_fotos_ou_videos_do_voo\" >Bieten Unternehmen Fotos oder Videos vom Flug an?<\/a><\/li><\/ul><\/li><\/ul><\/nav><\/div>\n\n<p>Sind Sie genauso \u00e4ngstlich wie wir? Machen Sie sich also bereit, denn das Internationale Ballonfestival hat bereits ein Datum! Schauen Sie sich alles hier an!<\/p>\n\n\n\n<p>Aber bevor wir fortfahren:&nbsp;<strong>Sie haben Ihre Unterkunft in Torres noch nicht gebucht? Schauen Sie sich alle Hotels in&nbsp;<a href=\"https:\/\/www.booking.com\/searchresults.en.html?city=-676403&amp;aid=2427169&amp;no_rooms=1&amp;group_adults=2\" target=\"_blank\" rel=\"noreferrer noopener\">Buchung<\/a>! \ud83c\udf10\ud83d\udd10 Sichere Zahlungen, echte Bewertungen und kostenlose Stornierung.\ud83d\udc49\ud83d\udce2&nbsp;<a href=\"https:\/\/www.booking.com\/searchresults.en.html?city=-676403&amp;aid=8010377&amp;no_rooms=1&amp;group_adults=2\" target=\"_blank\" rel=\"noreferrer noopener\">Reservieren Sie jetzt!<\/a><\/strong><\/p>\n\n\n\n<h2 class=\"wp-block-heading\"><span class=\"ez-toc-section\" id=\"Quando_sera_o_Festival_Internacional_de_Balonismo_de_2025\"><\/span>Wann findet das Internationale Ballonfestival 2025 statt?<span class=\"ez-toc-section-end\"><\/span><\/h2>\n\n\n\n<p>Das von der Stadt Torres mitgeteilte Datum liegt zwischen den folgenden Tagen: <strong>1. bis 4. Mai 2025<\/strong>.<\/p>\n\n\n\n<h2 class=\"wp-block-heading\"><span class=\"ez-toc-section\" id=\"Onde_e_o_festival_de_Balonismo\"><\/span>Wo findet das Hei\u00dfluftballonfestival statt?<span class=\"ez-toc-section-end\"><\/span><\/h2>\n\n\n\n<p>Das Ballonfestival findet im Park statt&nbsp;<strong>Odilo Webber Rodrigues<\/strong> oder Ballonpark.<\/p>\n\n\n\n<p>Parkadresse:<\/p>\n\n\n\n<iframe src=\"https:\/\/www.google.com\/maps\/embed?pb=!1m14!1m8!1m3!1d16504.18880552239!2d-49.7433116!3d-29.329855!3m2!1i1024!2i768!4f13.1!3m3!1m2!1s0x9522696fa28e44a5%3A0x696f955dfb2ce07d!2sParque%20do%20Balonismo!5e1!3m2!1spt-BR!2sbr!4v1732728576575!5m2!1spt-BR!2sbr\" width=\"400\" height=\"300\" style=\"border:0;\" allowfullscreen=\"\" loading=\"lazy\" referrerpolicy=\"no-referrer-when-downgrade\"><\/iframe>\n\n\n\n<h2 class=\"wp-block-heading\"><span class=\"ez-toc-section\" id=\"Como_funciona_o_festival_de_Balonismo_em_Torres\"><\/span>Wie funktioniert das Hei\u00dfluftballonfestival in Torres?<span class=\"ez-toc-section-end\"><\/span><\/h2>\n\n\n\n<p>Es ist eines der legend\u00e4rsten und am meisten erwarteten Ereignisse in Brasilien. Es findet j\u00e4hrlich in der Stadt Torres in Rio Grande do Sul statt, zieht Tausende von Besuchern aus der ganzen Welt an und etabliert sich als gr\u00f6\u00dftes Ballonereignis in Lateinamerika. Torres, bekannt als der <strong>Brasilianische Hauptstadt des Ballonfahrens<\/strong>, verwandelt seinen Himmel mit Dutzenden von Hei\u00dfluftballons in ein wahres Spektakel aus Farben und Formen.<\/p>\n\n\n\n<h3 class=\"wp-block-heading\"><span class=\"ez-toc-section\" id=\"O_que_esperar_do_Festival\"><\/span>Was erwartet Sie beim Festival?<span class=\"ez-toc-section-end\"><\/span><\/h3>\n\n\n\n<p>Das Festival ist viel mehr als nur Ballons am Himmel. Es bietet ein abwechslungsreiches Programm, das Folgendes umfasst:<\/p>\n\n\n\n<ul class=\"wp-block-list\">\n<li><strong>Ballonwettbewerbe<\/strong>, wo erfahrene Piloten der Schwerkraft trotzen und beeindruckende Man\u00f6ver durchf\u00fchren.<\/li>\n\n\n\n<li><strong>Freifl\u00fcge und Wettbewerbsfl\u00fcge<\/strong>, mit traditionellen und thematischen Ballons, die das Publikum begeistern.<\/li>\n\n\n\n<li><strong>Live-Shows<\/strong>, mit Musik und Unterhaltung f\u00fcr alle Altersgruppen.<\/li>\n\n\n\n<li><strong>Lebensmittel- und Handwerksmessen<\/strong>, mit Optionen f\u00fcr jeden Geschmack.<\/li>\n\n\n\n<li>Aktivit\u00e4ten f\u00fcr Kinder und die ganze Familie, die eine einladende und unterhaltsame Umgebung gew\u00e4hrleisten.<\/li>\n<\/ul>\n\n\n\n<h3 class=\"wp-block-heading\"><span class=\"ez-toc-section\" id=\"Um_cenario_perfeito\"><\/span>Ein perfektes Szenario<span class=\"ez-toc-section-end\"><\/span><\/h3>\n\n\n\n<p>Die Veranstaltung findet in Torres statt, einer Stadt, die f\u00fcr ihre <strong>nat\u00fcrliche Sch\u00f6nheit<\/strong>, mit Klippen, paradiesischen Str\u00e4nden und einer Infrastruktur, die auf den Empfang von Touristen vorbereitet ist. DER <strong>Gro\u00dfer Strand<\/strong> dient als Haupttreffpunkt, wo Ballons starten und landen und einen magischen Kontrast zwischen dem farbenfrohen Himmel und der einzigartigen Landschaft der Region schaffen.<\/p>\n\n\n\n<h3 class=\"wp-block-heading\"><span class=\"ez-toc-section\" id=\"Impacto_turistico_e_cultural\"><\/span>Touristische und kulturelle Auswirkungen<span class=\"ez-toc-section-end\"><\/span><\/h3>\n\n\n\n<p>Das Festival ist nicht nur eine gro\u00dfe Touristenattraktion, sondern st\u00e4rkt auch die lokale Kultur, kurbelt die Wirtschaft an und f\u00f6rdert die Interaktion zwischen Piloten aus verschiedenen Teilen der Welt. Es ist ein Event, das Adrenalin, Emotionen und die Feier der Kunst des Fliegens vereint.<\/p>\n\n\n\n<p>Wenn Sie Abenteuer, Natur und gro\u00dfartige Spektakel lieben, dann ist die <strong>Internationales Ballonfestival Torres<\/strong> Dieses Erlebnis d\u00fcrfen Sie sich nicht entgehen lassen!<\/p>\n\n\n\n<h2 class=\"wp-block-heading\"><span class=\"ez-toc-section\" id=\"Quanto_custa_andar_de_balao_em_Torres\"><\/span>Wie viel kostet eine Ballonfahrt in Torres?<span class=\"ez-toc-section-end\"><\/span><\/h2>\n\n\n\n<p>Die Kosten f\u00fcr diese Tour variieren je nach Unternehmen und gew\u00e4hlter Dienstleistungsart. Im Durchschnitt liegen die Preise zwischen <strong>R$ 580,00 und R$ 649,00 pro Person<\/strong> f\u00fcr Sammelfl\u00fcge und rund <strong>R$1.400 bis R$5.000 f\u00fcr ein Paar <\/strong>auf exklusiven Fl\u00fcgen.<\/p>\n\n\n\n<p>Die Touren beinhalten in der Regel eine kurze Einweisung, garantierte Sicherheit durch erfahrene Piloten und in manchen F\u00e4llen <strong>Zusatzleistungen<\/strong>, als Geschenke oder Fotos, um den besonderen Moment festzuhalten. Bitte beachten Sie, dass sich die Preise je nach Jahreszeit, Nachfrage und Sonderangeboten \u00e4ndern k\u00f6nnen.<\/p>\n\n\n\n<h2 class=\"wp-block-heading\"><span class=\"ez-toc-section\" id=\"Quais_sao_as_atracoes_confirmadas_para_o_Festival_Internacional_de_Balonismo_de_Torres_em_2025\"><\/span>Welche Attraktionen sind f\u00fcr das Torres International Balloon Festival 2025 best\u00e4tigt?<span class=\"ez-toc-section-end\"><\/span><\/h2>\n\n\n\n<p>&nbsp;Das Rathaus macht die Attraktionen des Festivals schrittweise bekannt. Zun\u00e4chst sind die beiden gr\u00f6\u00dften best\u00e4tigten musikalischen Attraktionen: <\/p>\n\n\n\n<ul class=\"wp-block-list\">\n<li>Ein Idol des nationalen Pop-Rock: <strong>Nando Reis<\/strong> \u2013 1. Mai<\/li>\n\n\n\n<li>Gospels\u00e4ngerin: <strong>Isadora Pompeo<\/strong> -2. Mai<\/li>\n\n\n\n<li>Der Countrys\u00e4nger: <strong>Michel Tel\u00f3<\/strong> -3. Mai<\/li>\n<\/ul>\n\n\n\n<figure class=\"wp-block-image size-large\"><img decoding=\"async\" width=\"800\" height=\"369\" src=\"https:\/\/wenttrip.com.br\/wp-content\/uploads\/2025\/03\/shows-balonismo-2025-em-torres-rs-800x369.png\" alt=\"gro\u00dfe musikalische Attraktionen\" class=\"wp-image-27293\" srcset=\"https:\/\/wenttrip.com.br\/wp-content\/uploads\/2025\/03\/shows-balonismo-2025-em-torres-rs-800x369.png 800w, https:\/\/wenttrip.com.br\/wp-content\/uploads\/2025\/03\/shows-balonismo-2025-em-torres-rs-300x138.png 300w, https:\/\/wenttrip.com.br\/wp-content\/uploads\/2025\/03\/shows-balonismo-2025-em-torres-rs-768x354.png 768w, https:\/\/wenttrip.com.br\/wp-content\/uploads\/2025\/03\/shows-balonismo-2025-em-torres-rs-18x8.png 18w, https:\/\/wenttrip.com.br\/wp-content\/uploads\/2025\/03\/shows-balonismo-2025-em-torres-rs.png 844w\" sizes=\"(max-width: 800px) 100vw, 800px\" \/><\/figure>\n\n\n\n<p><strong>Nando Reis (Vortrag am 1. Mai)<\/strong><br>Nando Reis ist ein renommierter brasilianischer S\u00e4nger und Komponist, der sowohl f\u00fcr seine Solokarriere als auch f\u00fcr seine bemerkenswerte Zeit in der Band Tit\u00e3s bekannt ist. Mit poetischen Texten und einpr\u00e4gsamen Melodien hat er sich im Laufe der Jahre ein treues Publikum erobert.<\/p>\n\n\n\n<ul class=\"wp-block-list\">\n<li><strong>Die bekanntesten Lieder:<\/strong><br>\u2022 <em>Wo ich gewesen bin<\/em><br>\u2022 <em>All Star<\/em><br>\u2022 <em>Reliquiar<\/em><\/li>\n<\/ul>\n\n\n\n<p><strong>Isadora Pompeo (Vortrag am 2. Mai)<\/strong><br>Isadora Pompeo ist eine Gospels\u00e4ngerin, die sich durch ihre inspirierende Stimme und die Vermittlung von Botschaften des Glaubens und der Hoffnung durch ihre Musik auszeichnet. Sein emotionaler und fesselnder Stil hat in der Gospel-Welt immer mehr Bewunderer gewonnen.<\/p>\n\n\n\n<ul class=\"wp-block-list\">\n<li><strong>Die bekanntesten Lieder:<\/strong><br>\u2022 <em>Gott ist treu<\/em><br>\u2022 <em>Lobe den Herrn<\/em><br>\u2022 <em>N\u00e4her bei Ihnen<\/em><\/li>\n<\/ul>\n\n\n\n<p><strong>Michel Tel\u00f3 (Vortrag am 3. Mai)<\/strong><br>Michel Tel\u00f3 ist einer der gr\u00f6\u00dften Namen der Country-Musik in Brasilien und weltweit ber\u00fchmt f\u00fcr den Hit \u201eAi Se Eu Te Pego!\u201c. Seine ansteckende Energie und sein tanzbarer Rhythmus waren auf zahlreichen Partys und Festivals pr\u00e4sent und festigten seine Karriere mit Hits, die Generationen \u00fcberdauern.<\/p>\n\n\n\n<ul class=\"wp-block-list\">\n<li><strong>Die bekanntesten Lieder:<\/strong><br>\u2022 <em>Oh, wenn ich dich erwische!<\/em><br>\u2022 <em>Kleiner Ausflug<\/em><br>\u2022 <em>\u00dcberall um mich herum<\/em><\/li>\n<\/ul>\n\n\n\n<h2 class=\"wp-block-heading\"><span class=\"ez-toc-section\" id=\"Qual_a_data_do_Festival_de_Balonismo_de_Torres_em_2025\"><\/span>Wann findet das Torres-Hei\u00dfluftballonfestival im Jahr 2025 statt?<span class=\"ez-toc-section-end\"><\/span><\/h2>\n\n\n\n<p>Das von der Stadt Torres mitgeteilte Datum liegt zwischen den folgenden Tagen: <strong>1. bis 4. Mai 2025<\/strong>.<\/p>\n\n\n\n<h2 class=\"wp-block-heading\"><span class=\"ez-toc-section\" id=\"Quando_sera_o_Festival_Internacional_de_Balonismo_em_Torres\"><\/span>Wann findet das Internationale Ballonfestival in Torres statt?<span class=\"ez-toc-section-end\"><\/span><\/h2>\n\n\n\n<p>Das von der Stadt Torres mitgeteilte Datum liegt zwischen den folgenden Tagen: <strong>1. bis 4. Mai 2025<\/strong>.<\/p>\n\n\n\n<h2 class=\"wp-block-heading\"><span class=\"ez-toc-section\" id=\"Balonismo_2025_tera_equipe_do_Japao\"><\/span>Ballooning 2025 wird ein Team aus Japan haben<span class=\"ez-toc-section-end\"><\/span><\/h2>\n\n\n\n<p><strong>Yasutaka Sakka und Koji Masuda <\/strong>sind Hei\u00dfluftballonpiloten aus Japan. Sie waren die ersten, die als Attraktionen f\u00fcr das 35. Torres International Balloon Festival vom 1. bis 4. Mai best\u00e4tigt wurden und ihre Erfahrung und die Tradition des japanischen Ballonfahrens in die Veranstaltung einbringen.<\/p>\n\n\n\n<h2 class=\"wp-block-heading\"><span class=\"ez-toc-section\" id=\"Onde_se_hospedar_durante_o_Festival_Internacional_de_Balonismo_em_Torres\"><\/span>Wo Sie w\u00e4hrend des Torres International Balloon Festival \u00fcbernachten k\u00f6nnen<span class=\"ez-toc-section-end\"><\/span><\/h2>\n\n\n\n<p>\u00dcberpr\u00fcfen Sie die Liste der verf\u00fcgbaren Immobilien, Hotels und Pensionen <strong>f\u00fcr den 1. bis 4. Mai<\/strong>, damit Sie jeden Tag des Ballonfestivals genie\u00dfen k\u00f6nnen:<\/p>\n\n\n\n<figure class=\"wp-block-image size-full\"><a href=\"https:\/\/www.booking.com\/hotel\/br\/pousada-molhes-da-barra.en.html?aid=8010377&amp;no_rooms=1&amp;group_adults=2\" target=\"_blank\" rel=\" noreferrer noopener\"><img decoding=\"async\" width=\"548\" height=\"123\" src=\"https:\/\/wenttrip.com.br\/wp-content\/uploads\/2025\/03\/pousada-da-barra.png\" alt=\"\" class=\"wp-image-27284\" srcset=\"https:\/\/wenttrip.com.br\/wp-content\/uploads\/2025\/03\/pousada-da-barra.png 548w, https:\/\/wenttrip.com.br\/wp-content\/uploads\/2025\/03\/pousada-da-barra-300x67.png 300w, https:\/\/wenttrip.com.br\/wp-content\/uploads\/2025\/03\/pousada-da-barra-18x4.png 18w\" sizes=\"(max-width: 548px) 100vw, 548px\" \/><\/a><\/figure>\n\n\n\n<figure class=\"wp-block-image size-large\"><a href=\"https:\/\/www.booking.com\/hotel\/br\/costa-dalpiaz.en.html?aid=8010377&amp;no_rooms=1&amp;group_adults=2\" target=\"_blank\" rel=\" noreferrer noopener\"><img decoding=\"async\" width=\"800\" height=\"263\" src=\"https:\/\/wenttrip.com.br\/wp-content\/uploads\/2025\/03\/dalpiaz-costa-800x263.png\" alt=\"\" class=\"wp-image-27286\" srcset=\"https:\/\/wenttrip.com.br\/wp-content\/uploads\/2025\/03\/dalpiaz-costa-800x263.png 800w, https:\/\/wenttrip.com.br\/wp-content\/uploads\/2025\/03\/dalpiaz-costa-300x99.png 300w, https:\/\/wenttrip.com.br\/wp-content\/uploads\/2025\/03\/dalpiaz-costa-768x252.png 768w, https:\/\/wenttrip.com.br\/wp-content\/uploads\/2025\/03\/dalpiaz-costa-18x6.png 18w, https:\/\/wenttrip.com.br\/wp-content\/uploads\/2025\/03\/dalpiaz-costa.png 804w\" sizes=\"(max-width: 800px) 100vw, 800px\" \/><\/a><\/figure>\n\n\n\n<figure class=\"wp-block-image size-large\"><a href=\"https:\/\/www.booking.com\/hotel\/br\/casa-da-praia-pousada.en.html?aid=8010377&amp;no_rooms=1&amp;group_adults=2\" target=\"_blank\" rel=\" noreferrer noopener\"><img decoding=\"async\" width=\"800\" height=\"244\" src=\"https:\/\/wenttrip.com.br\/wp-content\/uploads\/2025\/03\/casa-da-praia-em-torres-800x244.png\" alt=\"\" class=\"wp-image-27288\" srcset=\"https:\/\/wenttrip.com.br\/wp-content\/uploads\/2025\/03\/casa-da-praia-em-torres-800x244.png 800w, https:\/\/wenttrip.com.br\/wp-content\/uploads\/2025\/03\/casa-da-praia-em-torres-300x92.png 300w, https:\/\/wenttrip.com.br\/wp-content\/uploads\/2025\/03\/casa-da-praia-em-torres-768x235.png 768w, https:\/\/wenttrip.com.br\/wp-content\/uploads\/2025\/03\/casa-da-praia-em-torres-18x5.png 18w, https:\/\/wenttrip.com.br\/wp-content\/uploads\/2025\/03\/casa-da-praia-em-torres.png 802w\" sizes=\"(max-width: 800px) 100vw, 800px\" \/><\/a><\/figure>\n\n\n\n<figure class=\"wp-block-image size-full\"><a href=\"https:\/\/www.booking.com\/hotel\/br\/pousada-cafe.en.html?aid=8010377&amp;no_rooms=1&amp;group_adults=2\" target=\"_blank\" rel=\" noreferrer noopener\"><img decoding=\"async\" width=\"795\" height=\"257\" src=\"https:\/\/wenttrip.com.br\/wp-content\/uploads\/2025\/03\/pousada-cafe.png\" alt=\"\" class=\"wp-image-27290\" srcset=\"https:\/\/wenttrip.com.br\/wp-content\/uploads\/2025\/03\/pousada-cafe.png 795w, https:\/\/wenttrip.com.br\/wp-content\/uploads\/2025\/03\/pousada-cafe-300x97.png 300w, https:\/\/wenttrip.com.br\/wp-content\/uploads\/2025\/03\/pousada-cafe-768x248.png 768w, https:\/\/wenttrip.com.br\/wp-content\/uploads\/2025\/03\/pousada-cafe-18x6.png 18w\" sizes=\"(max-width: 795px) 100vw, 795px\" \/><\/a><\/figure>\n\n\n\n<figure class=\"wp-block-image size-full\"><a href=\"https:\/\/www.booking.com\/hotel\/br\/loft-las-piedras.en.html?aid=8010377&amp;no_rooms=1&amp;group_adults=2\" target=\"_blank\" rel=\" noreferrer noopener\"><img decoding=\"async\" width=\"801\" height=\"257\" src=\"https:\/\/wenttrip.com.br\/wp-content\/uploads\/2025\/03\/las-piedras-loft.png\" alt=\"\" class=\"wp-image-27292\" srcset=\"https:\/\/wenttrip.com.br\/wp-content\/uploads\/2025\/03\/las-piedras-loft.png 801w, https:\/\/wenttrip.com.br\/wp-content\/uploads\/2025\/03\/las-piedras-loft-300x96.png 300w, https:\/\/wenttrip.com.br\/wp-content\/uploads\/2025\/03\/las-piedras-loft-768x246.png 768w, https:\/\/wenttrip.com.br\/wp-content\/uploads\/2025\/03\/las-piedras-loft-18x6.png 18w\" sizes=\"(max-width: 801px) 100vw, 801px\" \/><\/a><\/figure>\n\n\n\n<h2 class=\"wp-block-heading\"><span class=\"ez-toc-section\" id=\"Conheca_as_Provas_do_Balonismo\"><\/span>Entdecken Sie die Ballonveranstaltungen<span class=\"ez-toc-section-end\"><\/span><\/h2>\n\n\n\n<p>Hei\u00dfluftballonfahren ist ein faszinierender Sport, der Geschicklichkeit, Strategie und den Einfluss der Wetterbedingungen erfordert. W\u00e4hrend der Meisterschaften werden von den Richtern und Piloten verschiedene Veranstaltungen ausgew\u00e4hlt, wobei immer das Wetter zum Zeitpunkt des Wettbewerbs ber\u00fccksichtigt wird. Entdecken Sie einige der wichtigsten Modalit\u00e4ten:<\/p>\n\n\n\n<h3 class=\"wp-block-heading\"><span class=\"ez-toc-section\" id=\"%F0%9F%A6%8A_Caca_a_Raposa_HH\"><\/span>\ud83e\udd8a <strong>Fuchsjagd (HH)<\/strong><span class=\"ez-toc-section-end\"><\/span><\/h3>\n\n\n\n<p>Bei dieser Veranstaltung startet zuerst ein \u201eFuchs\u201c-Ballon und gibt die Route vor, der die Teilnehmer folgen m\u00fcssen. Ziel ist es, einen Punkt m\u00f6glichst nahe an das vom \u201eFuchs\u201c nach der Landung platzierte Ziel \u201eX\u201c in einer Entfernung von bis zu zwei Metern in Windrichtung zu werfen. Der k\u00fcrzeste Abstand zwischen Markierung und Ziel bestimmt den Gewinner.<\/p>\n\n\n\n<h3 class=\"wp-block-heading\"><span class=\"ez-toc-section\" id=\"%F0%9F%94%91_Prova_da_Chave\"><\/span>\ud83d\udd11 <strong>Schl\u00fcsselbeweis<\/strong><span class=\"ez-toc-section-end\"><\/span><\/h3>\n\n\n\n<p>Einer der spannendsten Wettbewerbe! An der Spitze eines 6 bis 10 Meter hohen Mastes ist der Schl\u00fcssel zu einem fabrikneuen Auto befestigt. Die Piloten m\u00fcssen aus einer Entfernung von mindestens 3 km starten und versuchen, den Schl\u00fcssel mit den H\u00e4nden zu erreichen, ohne den Boden zu ber\u00fchren. Da die Piloten sehr nah am Boden fliegen m\u00fcssen, werden ihre F\u00e4higkeiten auf die Probe gestellt.<\/p>\n\n\n\n<h3 class=\"wp-block-heading\"><span class=\"ez-toc-section\" id=\"%F0%9F%8E%AF_FlyIn_FIN\"><\/span>\ud83c\udfaf <strong>FlyIn (FIN)<\/strong><span class=\"ez-toc-section-end\"><\/span><\/h3>\n\n\n\n<p>Die Teilnehmer w\u00e4hlen ihren eigenen Startplatz und m\u00fcssen eine Markierung so nah wie m\u00f6glich an einem zuvor festgelegten Ziel starten. Wenn ein \u201eX\u201c vorhanden ist, sollte die Markierung n\u00e4her dorthin r\u00fccken. Die Genauigkeit der Zielentfernung bestimmt das Ergebnis.<\/p>\n\n\n\n<h3 class=\"wp-block-heading\"><span class=\"ez-toc-section\" id=\"%F0%9F%8F%86_Gordon_Bennet_Memorial_GBM\"><\/span>\ud83c\udfc6 <strong>Gordon-Bennett-Denkmal (GBM)<\/strong><span class=\"ez-toc-section-end\"><\/span><\/h3>\n\n\n\n<p>Bei diesem Test m\u00fcssen die Piloten ihre Markierung innerhalb eines Wertungsbereichs abfeuern und dabei versuchen, so nah wie m\u00f6glich an das festgelegte Ziel heranzukommen. Wie bei anderen Tests bestimmt der k\u00fcrzeste Abstand zwischen Markierung und Ziel die beste Platzierung.<\/p>\n\n\n\n<h3 class=\"wp-block-heading\"><span class=\"ez-toc-section\" id=\"%F0%9F%93%8F_Minima_Distancia_MIN\"><\/span>\ud83d\udccf <strong>Mindestabstand (MIN)<\/strong><span class=\"ez-toc-section-end\"><\/span><\/h3>\n\n\n\n<p>Nach einer Mindestflugzeit m\u00fcssen die Teilnehmer ihre Markierung so nah wie m\u00f6glich am urspr\u00fcnglichen Absprungpunkt platzieren. Das Ziel besteht darin, Kontrolle und Planung zu demonstrieren, um pr\u00e4zise zum Startort zur\u00fcckzukehren.<\/p>\n\n\n\n<h3 class=\"wp-block-heading\"><span class=\"ez-toc-section\" id=\"%E2%8F%B3_Ao_Alvo_com_Janela_de_Tempo_CRAT\"><\/span>\u23f3 <strong>Zum Ziel mit Zeitfenster (CRAT)<\/strong><span class=\"ez-toc-section-end\"><\/span><\/h3>\n\n\n\n<p>Dabei m\u00fcssen die Piloten die Markierung innerhalb eines g\u00fcltigen Bereichs und so nah wie m\u00f6glich an einem festgelegten Ziel absetzen. Im Gegensatz zu anderen Tests gibt es bei diesem Test bestimmte Zeitfenster f\u00fcr die Auswertung. Entscheidend sind das richtige Timing und die richtige Positionierungsstrategie.<\/p>\n\n\n\n<h3 class=\"wp-block-heading\"><span class=\"ez-toc-section\" id=\"%F0%9F%8E%AF_Alvo_Declarado_pelo_Juiz_JDG\"><\/span>\ud83c\udfaf <strong>Vom Richter erkl\u00e4rtes Ziel (JDG)<\/strong><span class=\"ez-toc-section-end\"><\/span><\/h3>\n\n\n\n<p>Bei diesem Test w\u00e4hlt der Richter ein zuvor markiertes Ziel aus und die Teilnehmer m\u00fcssen ihre Markierung so nah wie m\u00f6glich an diesen Punkt werfen. Wie immer garantiert die k\u00fcrzere Distanz zum Ziel ein besseres Ergebnis.<\/p>\n\n\n\n<h3 class=\"wp-block-heading\"><span class=\"ez-toc-section\" id=\"%E2%9C%88%EF%B8%8F_FlyOn_FON\"><\/span>\u2708\ufe0f <strong>FlyOn (FON)<\/strong><span class=\"ez-toc-section-end\"><\/span><\/h3>\n\n\n\n<p>Im Gegensatz zu anderen Tests w\u00e4hlt und gibt der Pilot hier w\u00e4hrend des Fluges selbst ein Ziel aus. Die Wertung basiert auf der Genauigkeit des Wurfs der Markierung im Verh\u00e4ltnis zum gew\u00e4hlten Ziel. Um den Versuch zu validieren, muss der Teilnehmer sein Ziel an der vorherigen Markierung registrieren.<\/p>\n\n\n\n<h3 class=\"wp-block-heading\"><span class=\"ez-toc-section\" id=\"%F0%9F%8E%B5_Valsa_da_Hesitacao_HWZ\"><\/span>\ud83c\udfb5 <strong>Walzer des Z\u00f6gerns (HWZ)<\/strong><span class=\"ez-toc-section-end\"><\/span><\/h3>\n\n\n\n<p>Dieser Modus bietet mehrere Optionen f\u00fcr zuvor markierte Ziele. Die Piloten m\u00fcssen w\u00e4hrend des Fluges eines davon ausw\u00e4hlen und ihr Ziel so nah wie m\u00f6glich an den Boden bringen. Die k\u00fcrzeste Distanz zum ausgew\u00e4hlten Ziel bestimmt die beste Leistung.<\/p>\n\n\n\n<hr class=\"wp-block-separator has-alpha-channel-opacity\"\/>\n\n\n\n<p>Jedes Ballonereignis erfordert Technik, Kenntnisse \u00fcber den Wind und viel Pr\u00e4zision. Wenn Sie diesen Sport noch nicht hautnah erlebt haben, lohnt es sich, die Wettk\u00e4mpfe zu verfolgen und sich von den unglaublichen Fl\u00fcgen \u00fcber Torres, RS verzaubern zu lassen! \ud83d\ude80\ud83c\udf88<\/p>\n\n\n\n<h2 class=\"wp-block-heading\"><span class=\"ez-toc-section\" id=\"Duvidas_Sobre_o_Passeio\"><\/span>Zweifel <strong>\u00dcber die Tour<\/strong><span class=\"ez-toc-section-end\"><\/span><\/h2>\n\n\n\n<h3 class=\"wp-block-heading\"><span class=\"ez-toc-section\" id=\"Quanto_tempo_dura_o_voo_de_balao\"><\/span><strong>Wie lange dauert eine Ballonfahrt?<\/strong><span class=\"ez-toc-section-end\"><\/span><\/h3>\n\n\n\n<p>Der Flug dauert in der Regel zwischen <strong>40 und 60 Minuten<\/strong>, abh\u00e4ngig von den Windverh\u00e4ltnissen und der geplanten Route. Allerdings kann das ganze Erlebnis eine Weile dauern <strong>2 bis 3 Stunden<\/strong>, inklusive Vorbereitung, Sicherheitseinweisung, Flug und R\u00fcckfahrt zum Treffpunkt.<\/p>\n\n\n\n<h3 class=\"wp-block-heading\"><span class=\"ez-toc-section\" id=\"A_que_altura_o_balao_pode_chegar\"><\/span><strong>Wie hoch kann der Ballon fliegen?<\/strong><span class=\"ez-toc-section-end\"><\/span><\/h3>\n\n\n\n<p>Im Durchschnitt erreichen Freizeitfl\u00fcge H\u00f6hen zwischen <strong>300 und 500 Meter<\/strong>. Je nach Wetterbedingungen und Genehmigung durch die Aufsichtsbeh\u00f6rden k\u00f6nnte der Ballon jedoch noch h\u00f6her steigen.<\/p>\n\n\n\n<h3 class=\"wp-block-heading\"><span class=\"ez-toc-section\" id=\"Quantas_pessoas_cabem_em_um_balao\"><\/span><strong>Wie viele Personen passen in einen Ballon?<\/strong><span class=\"ez-toc-section-end\"><\/span><\/h3>\n\n\n\n<p>Ballons, die bei Touristentouren verwendet werden, tragen im Allgemeinen <strong>von 4 bis 16 Personen<\/strong>, abh\u00e4ngig von der Gr\u00f6\u00dfe des Warenkorbs und dem Unternehmen, das den Service anbietet. Auch f\u00fcr Paare gibt es exklusive Flugangebote.<\/p>\n\n\n\n<h3 class=\"wp-block-heading\"><span class=\"ez-toc-section\" id=\"O_passeio_de_balao_e_seguro\"><\/span><strong>Ist Ballonfahren sicher?<\/strong><span class=\"ez-toc-section-end\"><\/span><\/h3>\n\n\n\n<p>Ja, Ballonfahren gilt als sicherer Sport, wenn es von qualifizierten Fachleuten durchgef\u00fchrt wird. Die Fl\u00fcge werden immer durchgef\u00fchrt von <strong>zertifizierte Piloten<\/strong>und alle Starts erfolgen nur <strong>nach detaillierter Analyse der Wetterbedingungen<\/strong>.<\/p>\n\n\n\n<h3 class=\"wp-block-heading\"><span class=\"ez-toc-section\" id=\"O_que_acontece_se_o_tempo_estiver_ruim_no_dia_do_voo\"><\/span><strong>Was passiert, wenn am Flugtag schlechtes Wetter ist?<\/strong><span class=\"ez-toc-section-end\"><\/span><\/h3>\n\n\n\n<p>Bei starkem Wind, Regen oder anderen ung\u00fcnstigen Wetterbedingungen kann der Flug <strong>verschoben oder abgesagt<\/strong> zur Sicherheit. In diesen F\u00e4llen verschieben die Unternehmen die Tour normalerweise oder bieten eine R\u00fcckerstattung an.<\/p>\n\n\n\n<h3 class=\"wp-block-heading\"><span class=\"ez-toc-section\" id=\"Qual_e_a_melhor_epoca_do_ano_para_voar_de_balao_em_Torres\"><\/span><strong>Wann ist die beste Jahreszeit f\u00fcr eine Ballonfahrt in Torres?<\/strong><span class=\"ez-toc-section-end\"><\/span><\/h3>\n\n\n\n<p>Die beste Zeit ist w\u00e4hrend der <strong>Herbst- und Wintermonate<\/strong>, wenn es weniger regnet und die Winde stabiler sind. Ballonfahren ist stark von den Wetterbedingungen abh\u00e4ngig, daher sind Tage mit klarem Himmel und wenig Wind ideal.<\/p>\n\n\n\n<h3 class=\"wp-block-heading\"><span class=\"ez-toc-section\" id=\"O_voo_de_balao_faz_parte_de_algum_evento_especial_como_o_Festival_de_Balonismo_de_Torres\"><\/span><strong>Ist der Ballonflug Teil einer besonderen Veranstaltung, wie beispielsweise des Torres Balloon Festival?<\/strong><span class=\"ez-toc-section-end\"><\/span><\/h3>\n\n\n\n<p>Ja! Torres beherbergt einen der <strong>gr\u00f6\u00dften Ballonfestivals in Lateinamerika<\/strong>, was normalerweise zwischen <strong>April und Mai<\/strong>. W\u00e4hrend des Festivals finden neben den Touristentouren auch Wettbewerbe zwischen erfahrenen Piloten und Sondervorf\u00fchrungen statt.<\/p>\n\n\n\n<p>Allerdings gibt es das ganze Jahr \u00fcber Ballonfahrten! <\/p>\n\n\n\n<hr class=\"wp-block-separator has-alpha-channel-opacity\"\/>\n\n\n\n<h2 class=\"wp-block-heading\"><span class=\"ez-toc-section\" id=\"Duvidas_Sobre_os_Custos_e_Reservas\"><\/span>Zweifel <strong>\u00dcber Kosten und Reservierungen<\/strong><span class=\"ez-toc-section-end\"><\/span><\/h2>\n\n\n\n<h3 class=\"wp-block-heading\"><span class=\"ez-toc-section\" id=\"Qual_e_o_valor_medio_de_um_voo_de_balao_em_Torres\"><\/span><strong>Was kostet eine Ballonfahrt in Torres durchschnittlich?<\/strong><span class=\"ez-toc-section-end\"><\/span><\/h3>\n\n\n\n<p>Die Preise variieren je nach Flugart. Gruppenf\u00fchrungen kosten in der Regel <strong>zwischen R$ 499 und R$ 800 pro Person<\/strong>, w\u00e4hrend ein exklusiver Flug f\u00fcr Paare zwischen <strong>R$ 1.500 bis R$ 3.600<\/strong>.<\/p>\n\n\n\n<h3 class=\"wp-block-heading\"><span class=\"ez-toc-section\" id=\"O_passeio_pode_ser_parcelado_no_cartao_de_credito\"><\/span><strong>Kann die Tour in Raten per Kreditkarte bezahlt werden?<\/strong><span class=\"ez-toc-section-end\"><\/span><\/h3>\n\n\n\n<p>Die meisten Unternehmen bieten <strong>Rate<\/strong> auf der Karte, normalerweise innerhalb <strong>10 zinslose Raten<\/strong>. Manche geben jedoch <strong>Rabatte bei Barzahlung<\/strong>.<\/p>\n\n\n\n<h3 class=\"wp-block-heading\"><span class=\"ez-toc-section\" id=\"E_possivel_cancelar_ou_remarcar_um_voo\"><\/span><strong>Ist es m\u00f6glich, einen Flug zu stornieren oder umzubuchen?<\/strong><span class=\"ez-toc-section-end\"><\/span><\/h3>\n\n\n\n<p>Ja, aber die <strong>Stornierungsbedingungen variieren<\/strong> zwischen Unternehmen. Viele erlauben <strong>kostenlose Umbuchung<\/strong> bei unvorhergesehenen Wetterbedingungen oder Stornierungen mit Vorank\u00fcndigung innerhalb einer bestimmten Frist.<\/p>\n\n\n\n<h3 class=\"wp-block-heading\"><span class=\"ez-toc-section\" id=\"Ha_descontos_para_grupos_ou_casais\"><\/span><strong>Gibt es Erm\u00e4\u00dfigungen f\u00fcr Gruppen oder Paare?<\/strong><span class=\"ez-toc-section-end\"><\/span><\/h3>\n\n\n\n<p>Einige Unternehmen bieten spezielle Rabatte f\u00fcr <strong>gro\u00dfe Gruppen oder Paare<\/strong> die sich f\u00fcr einen Privatflug entscheiden. Es lohnt sich, einen Blick auf die aktuellen Aktionen zu werfen.<\/p>\n\n\n\n<h3 class=\"wp-block-heading\"><span class=\"ez-toc-section\" id=\"O_que_esta_incluso_no_valor_do_passeio\"><\/span><strong>Was ist im Tourpreis enthalten?<\/strong><span class=\"ez-toc-section-end\"><\/span><\/h3>\n\n\n\n<p>Normalerweise beinhaltet das Paket:<\/p>\n\n\n\n<ul class=\"wp-block-list\">\n<li><strong>Flug mit zertifiziertem Piloten<\/strong><\/li>\n\n\n\n<li><strong>Passagierversicherung<\/strong><\/li>\n\n\n\n<li><strong>Toast nach dem Flug<\/strong> (manche Betriebe bieten Fr\u00fchst\u00fcck oder Sekt an)<\/li>\n\n\n\n<li><strong>R\u00fccktransport zum Ausgangspunkt<\/strong><\/li>\n<\/ul>\n\n\n\n<hr class=\"wp-block-separator has-alpha-channel-opacity\"\/>\n\n\n\n<h2 class=\"wp-block-heading\"><span class=\"ez-toc-section\" id=\"Perguntas_Sobre_a_Experiencia\"><\/span>Fragen <strong>\u00dcber das Erlebnis<\/strong><span class=\"ez-toc-section-end\"><\/span><\/h2>\n\n\n\n<h3 class=\"wp-block-heading\"><span class=\"ez-toc-section\" id=\"Que_roupas_devo_usar_para_um_voo_de_balao\"><\/span><strong>Welche Kleidung sollte ich f\u00fcr eine Ballonfahrt tragen?<\/strong><span class=\"ez-toc-section-end\"><\/span><\/h3>\n\n\n\n<p>Das Ideal ist, sich zu kleiden <strong>bequeme Kleidung<\/strong>, vorzugsweise aus <strong>lange \u00c4rmel und geschlossene Schuhe<\/strong>. Da der Flug fr\u00fch am Morgen stattfindet, kann es zun\u00e4chst kalt sein, daher <strong>leichte Jacke<\/strong> ist ebenfalls zu empfehlen.<\/p>\n\n\n\n<h3 class=\"wp-block-heading\"><span class=\"ez-toc-section\" id=\"O_que_levar_para_o_passeio_de_Balao\"><\/span><strong>Was sollte man zu einer Fahrt mit dem Hei\u00dfluftballon mitnehmen?<\/strong><span class=\"ez-toc-section-end\"><\/span><\/h3>\n\n\n\n<p>Zu den wesentlichen Gegenst\u00e4nden geh\u00f6ren:<\/p>\n\n\n\n<ul class=\"wp-block-list\">\n<li>Sonnenbrille und Sonnencreme<\/li>\n\n\n\n<li>Kamera oder Handy<\/li>\n\n\n\n<li>Eine Kappe oder ein Hut zum Schutz vor der Hitze des Brenners<\/li>\n\n\n\n<li>Ausweisdokument<\/li>\n<\/ul>\n\n\n\n<h3 class=\"wp-block-heading\"><span class=\"ez-toc-section\" id=\"O_passeio_de_balao_tem_restricao_de_idade_ou_peso\"><\/span><strong>Gibt es f\u00fcr die Ballonfahrt eine Alters- oder Gewichtsbeschr\u00e4nkung?<\/strong><span class=\"ez-toc-section-end\"><\/span><\/h3>\n\n\n\n<p>Kinder brauchen im Allgemeinen <strong>mindestens 6 Jahre alt<\/strong> teilnehmen. In Bezug auf das Gewicht legen einige Unternehmen <strong>individuelle Beschr\u00e4nkungen oder die Erhebung zus\u00e4tzlicher Geb\u00fchren f\u00fcr Passagiere \u00fcber einem bestimmten Gewicht<\/strong>.<\/p>\n\n\n\n<h3 class=\"wp-block-heading\"><span class=\"ez-toc-section\" id=\"Pessoas_com_medo_de_altura_podem_aproveitar_o_passeio\"><\/span><strong>K\u00f6nnen Menschen mit H\u00f6henangst an der Tour teilnehmen?<\/strong><span class=\"ez-toc-section-end\"><\/span><\/h3>\n\n\n\n<p>Viele Menschen mit H\u00f6henangst k\u00f6nnen das Fliegen genie\u00dfen, weil <strong>der Aufstieg ist allm\u00e4hlich und sanft<\/strong>. Da kein Fallgef\u00fchl besteht, ist es f\u00fcr unsichere Passagiere \u00fcblich, dass sie sich nach ein paar Minuten in der Luft wohler f\u00fchlen.<\/p>\n\n\n\n<h3 class=\"wp-block-heading\"><span class=\"ez-toc-section\" id=\"O_pouso_do_balao_e_brusco\"><\/span><strong>Ist die Landung des Ballons abrupt?<\/strong><span class=\"ez-toc-section-end\"><\/span><\/h3>\n\n\n\n<p>Dies h\u00e4ngt vom Wind zum Zeitpunkt der Landung ab. Unter idealen Bedingungen ist die Landung <strong>weich<\/strong>, bei st\u00e4rkerem Wind kann es allerdings dazu kommen, dass der Ballon etwas st\u00e4rker auf dem Boden aufsetzt und den Korb leicht mitschleift.<\/p>\n\n\n\n<h3 class=\"wp-block-heading\"><span class=\"ez-toc-section\" id=\"O_voo_de_balao_causa_enjoo\"><\/span><strong>Wird bei einer Ballonfahrt Reisekrankheit verursacht?<\/strong><span class=\"ez-toc-section-end\"><\/span><\/h3>\n\n\n\n<p>Anders als Flugzeuge oder Boote schaukelt der Ballon nicht und macht auch keine pl\u00f6tzlichen Bewegungen. Wie ist der Flug <strong>stabil und leise<\/strong>, kommt es selten vor, dass jemandem \u00fcbel wird.<\/p>\n\n\n\n<hr class=\"wp-block-separator has-alpha-channel-opacity\"\/>\n\n\n\n<h2 class=\"wp-block-heading\"><span class=\"ez-toc-section\" id=\"Sobre_Registros_e_Lembrancas\"><\/span><strong>\u00dcber Aufzeichnungen und Erinnerungen<\/strong><span class=\"ez-toc-section-end\"><\/span><\/h2>\n\n\n\n<h3 class=\"wp-block-heading\"><span class=\"ez-toc-section\" id=\"Posso_levar_minha_camera_ou_drone_para_filmar_o_passeio\"><\/span><strong>Kann ich meine Kamera oder Drohne mitbringen, um die Tour zu filmen?<\/strong><span class=\"ez-toc-section-end\"><\/span><\/h3>\n\n\n\n<p>Ja, es ist erlaubt, <strong>Kameras und Handys<\/strong>, solange sie gut gesichert sind. Die Verwendung von <strong>Drohnen m\u00fcssen autorisiert werden<\/strong> vom Unternehmen und befolgen Sie die ANAC-Regeln.<\/p>\n\n\n\n<h3 class=\"wp-block-heading\"><span class=\"ez-toc-section\" id=\"As_empresas_oferecem_fotos_ou_videos_do_voo\"><\/span><strong>Bieten Unternehmen Fotos oder Videos vom Flug an?<\/strong><span class=\"ez-toc-section-end\"><\/span><\/h3>\n\n\n\n<p>Ja, viele Unternehmen bieten <strong>Pakete mit Fotos und Videos<\/strong> Flugprofis, in der Regel gegen Aufpreis.<\/p>\n\n\n\n<p><\/p>","protected":false},"excerpt":{"rendered":"<p>Freust du dich auch schon so aufs Internationale Ballonfestival? Dann mach dich bereit, denn das Internationale Ballonfestival hat bereits ein Datum! Schau es dir hier an! Aber bevor es weitergeht: Hast du deine Unterkunft in Torres noch nicht gebucht? Schau dir alle Hotels auf Booking an! \ud83c\udf10\ud83d\udd10 Sichere Zahlungen, echte Bewertungen und kostenlose Stornierung. \ud83d\udc49\ud83d\udce2 Jetzt buchen! Wann findet das Internationale Ballonfestival 2025 statt?\u2026&nbsp;<a href=\"https:\/\/wenttrip.com.br\/de\/brasilien\/brasil-sul\/rio-grande-do-sul\/torres\/internationales-ballonfestival-2025\/\" rel=\"bookmark\">Weiterlesen \u00bb<span class=\"screen-reader-text\">Torres RS Internationales Ballonfestival 2025<\/span><\/a><\/p>","protected":false},"author":1,"featured_media":27295,"comment_status":"open","ping_status":"closed","sticky":false,"template":"","format":"standard","meta":{"neve_meta_sidebar":"","neve_meta_container":"","neve_meta_enable_content_width":"","neve_meta_content_width":0,"neve_meta_title_alignment":"","neve_meta_author_avatar":"","neve_post_elements_order":"","neve_meta_disable_header":"","neve_meta_disable_footer":"","neve_meta_disable_title":"","footnotes":""},"categories":[4060,1720],"tags":[],"class_list":["post-27279","post","type-post","status-publish","format-standard","has-post-thumbnail","hentry","category-balonismo","category-torres"],"yoast_head":"<!-- This site is optimized with the Yoast SEO plugin v27.5 - https:\/\/yoast.com\/product\/yoast-seo-wordpress\/ -->\n<title>Festival Internacional de Balonismo de Torres RS 2025 - WentTrip<\/title>\n<meta name=\"description\" content=\"Festival Internacional de Balonismo de Torres RS 2025 -\" \/>\n<meta name=\"robots\" content=\"index, follow, max-snippet:-1, max-image-preview:large, max-video-preview:-1\" \/>\n<link rel=\"canonical\" href=\"https:\/\/wenttrip.com.br\/de\/brasilien\/brasil-sul\/rio-grande-do-sul\/torres\/internationales-ballonfestival-2025\/\" \/>\n<meta property=\"og:locale\" content=\"de_DE\" \/>\n<meta property=\"og:type\" content=\"article\" \/>\n<meta property=\"og:title\" content=\"Festival Internacional de Balonismo de Torres RS 2025 - WentTrip\" \/>\n<meta property=\"og:description\" content=\"Festival Internacional de Balonismo de Torres RS 2025 -\" \/>\n<meta property=\"og:url\" content=\"https:\/\/wenttrip.com.br\/de\/brasilien\/brasil-sul\/rio-grande-do-sul\/torres\/internationales-ballonfestival-2025\/\" \/>\n<meta property=\"og:site_name\" content=\"WentTrip\" \/>\n<meta property=\"article:publisher\" content=\"https:\/\/m.facebook.com\/profile.php\" \/>\n<meta property=\"article:author\" content=\"https:\/\/m.facebook.com\/profile.php\" \/>\n<meta property=\"article:published_time\" content=\"2025-03-18T11:07:15+00:00\" \/>\n<meta property=\"article:modified_time\" content=\"2025-03-18T11:28:20+00:00\" \/>\n<meta property=\"og:image\" content=\"https:\/\/wenttrip.com.br\/wp-content\/uploads\/2025\/03\/Captura-de-tela-2025-03-18-080550.png\" \/>\n\t<meta property=\"og:image:width\" content=\"1054\" \/>\n\t<meta property=\"og:image:height\" content=\"627\" \/>\n\t<meta property=\"og:image:type\" content=\"image\/png\" \/>\n<meta name=\"author\" content=\"Fernanda Machado\" \/>\n<meta name=\"twitter:card\" content=\"summary_large_image\" \/>\n<meta name=\"twitter:creator\" content=\"@https:\/\/twitter.com\/wenttrip\" \/>\n<meta name=\"twitter:site\" content=\"@wenttrip\" \/>\n<meta name=\"twitter:label1\" content=\"Verfasst von\" \/>\n\t<meta name=\"twitter:data1\" content=\"Fernanda Machado\" \/>\n\t<meta name=\"twitter:label2\" content=\"Gesch\u00e4tzte Lesezeit\" \/>\n\t<meta name=\"twitter:data2\" content=\"14\u00a0Minuten\" \/>\n<script type=\"application\/ld+json\" class=\"yoast-schema-graph\">{\"@context\":\"https:\\\/\\\/schema.org\",\"@graph\":[{\"@type\":\"Article\",\"@id\":\"https:\\\/\\\/wenttrip.com.br\\\/de\\\/brasilien\\\/brasil-sul\\\/rio-grande-do-sul\\\/torres\\\/internationales-ballonfestival-2025\\\/#article\",\"isPartOf\":{\"@id\":\"https:\\\/\\\/wenttrip.com.br\\\/de\\\/brasilien\\\/brasil-sul\\\/rio-grande-do-sul\\\/torres\\\/internationales-ballonfestival-2025\\\/\"},\"author\":{\"name\":\"Fernanda Machado\",\"@id\":\"https:\\\/\\\/wenttrip.com.br\\\/de\\\/#\\\/schema\\\/person\\\/c0ff87b449a960037fdd1b024842fcf9\"},\"headline\":\"Festival Internacional de Balonismo de Torres RS 2025\",\"datePublished\":\"2025-03-18T11:07:15+00:00\",\"dateModified\":\"2025-03-18T11:28:20+00:00\",\"mainEntityOfPage\":{\"@id\":\"https:\\\/\\\/wenttrip.com.br\\\/de\\\/brasilien\\\/brasil-sul\\\/rio-grande-do-sul\\\/torres\\\/internationales-ballonfestival-2025\\\/\"},\"wordCount\":2394,\"commentCount\":0,\"publisher\":{\"@id\":\"https:\\\/\\\/wenttrip.com.br\\\/de\\\/#\\\/schema\\\/person\\\/c0ff87b449a960037fdd1b024842fcf9\"},\"image\":{\"@id\":\"https:\\\/\\\/wenttrip.com.br\\\/de\\\/brasilien\\\/brasil-sul\\\/rio-grande-do-sul\\\/torres\\\/internationales-ballonfestival-2025\\\/#primaryimage\"},\"thumbnailUrl\":\"https:\\\/\\\/wenttrip.com.br\\\/wp-content\\\/uploads\\\/2025\\\/03\\\/Captura-de-tela-2025-03-18-080550.png\",\"articleSection\":[\"Balonismo\",\"Torres\"],\"inLanguage\":\"de\",\"potentialAction\":[{\"@type\":\"CommentAction\",\"name\":\"Comment\",\"target\":[\"https:\\\/\\\/wenttrip.com.br\\\/de\\\/brasilien\\\/brasil-sul\\\/rio-grande-do-sul\\\/torres\\\/internationales-ballonfestival-2025\\\/#respond\"]}]},{\"@type\":\"WebPage\",\"@id\":\"https:\\\/\\\/wenttrip.com.br\\\/de\\\/brasilien\\\/brasil-sul\\\/rio-grande-do-sul\\\/torres\\\/internationales-ballonfestival-2025\\\/\",\"url\":\"https:\\\/\\\/wenttrip.com.br\\\/de\\\/brasilien\\\/brasil-sul\\\/rio-grande-do-sul\\\/torres\\\/internationales-ballonfestival-2025\\\/\",\"name\":\"Festival Internacional de Balonismo de Torres RS 2025 - WentTrip\",\"isPartOf\":{\"@id\":\"https:\\\/\\\/wenttrip.com.br\\\/de\\\/#website\"},\"primaryImageOfPage\":{\"@id\":\"https:\\\/\\\/wenttrip.com.br\\\/de\\\/brasilien\\\/brasil-sul\\\/rio-grande-do-sul\\\/torres\\\/internationales-ballonfestival-2025\\\/#primaryimage\"},\"image\":{\"@id\":\"https:\\\/\\\/wenttrip.com.br\\\/de\\\/brasilien\\\/brasil-sul\\\/rio-grande-do-sul\\\/torres\\\/internationales-ballonfestival-2025\\\/#primaryimage\"},\"thumbnailUrl\":\"https:\\\/\\\/wenttrip.com.br\\\/wp-content\\\/uploads\\\/2025\\\/03\\\/Captura-de-tela-2025-03-18-080550.png\",\"datePublished\":\"2025-03-18T11:07:15+00:00\",\"dateModified\":\"2025-03-18T11:28:20+00:00\",\"description\":\"Festival Internacional de Balonismo de Torres RS 2025 -\",\"breadcrumb\":{\"@id\":\"https:\\\/\\\/wenttrip.com.br\\\/de\\\/brasilien\\\/brasil-sul\\\/rio-grande-do-sul\\\/torres\\\/internationales-ballonfestival-2025\\\/#breadcrumb\"},\"inLanguage\":\"de\",\"potentialAction\":[{\"@type\":\"ReadAction\",\"target\":[\"https:\\\/\\\/wenttrip.com.br\\\/de\\\/brasilien\\\/brasil-sul\\\/rio-grande-do-sul\\\/torres\\\/internationales-ballonfestival-2025\\\/\"]}]},{\"@type\":\"ImageObject\",\"inLanguage\":\"de\",\"@id\":\"https:\\\/\\\/wenttrip.com.br\\\/de\\\/brasilien\\\/brasil-sul\\\/rio-grande-do-sul\\\/torres\\\/internationales-ballonfestival-2025\\\/#primaryimage\",\"url\":\"https:\\\/\\\/wenttrip.com.br\\\/wp-content\\\/uploads\\\/2025\\\/03\\\/Captura-de-tela-2025-03-18-080550.png\",\"contentUrl\":\"https:\\\/\\\/wenttrip.com.br\\\/wp-content\\\/uploads\\\/2025\\\/03\\\/Captura-de-tela-2025-03-18-080550.png\",\"width\":1054,\"height\":627,\"caption\":\"balonismo 2025 em torres rs\"},{\"@type\":\"BreadcrumbList\",\"@id\":\"https:\\\/\\\/wenttrip.com.br\\\/de\\\/brasilien\\\/brasil-sul\\\/rio-grande-do-sul\\\/torres\\\/internationales-ballonfestival-2025\\\/#breadcrumb\",\"itemListElement\":[{\"@type\":\"ListItem\",\"position\":1,\"name\":\"In\u00edcio\",\"item\":\"https:\\\/\\\/wenttrip.com.br\\\/de\\\/\"},{\"@type\":\"ListItem\",\"position\":2,\"name\":\"Festival Internacional de Balonismo de Torres RS 2025\"}]},{\"@type\":\"WebSite\",\"@id\":\"https:\\\/\\\/wenttrip.com.br\\\/de\\\/#website\",\"url\":\"https:\\\/\\\/wenttrip.com.br\\\/de\\\/\",\"name\":\"WentTrip\",\"description\":\"O seu guia completo com muitas dicas de aventuras, lugares, alimenta\u00e7\u00e3o, hot\u00e9is.\",\"publisher\":{\"@id\":\"https:\\\/\\\/wenttrip.com.br\\\/de\\\/#\\\/schema\\\/person\\\/c0ff87b449a960037fdd1b024842fcf9\"},\"potentialAction\":[{\"@type\":\"SearchAction\",\"target\":{\"@type\":\"EntryPoint\",\"urlTemplate\":\"https:\\\/\\\/wenttrip.com.br\\\/de\\\/?s={search_term_string}\"},\"query-input\":{\"@type\":\"PropertyValueSpecification\",\"valueRequired\":true,\"valueName\":\"search_term_string\"}}],\"inLanguage\":\"de\"},{\"@type\":[\"Person\",\"Organization\"],\"@id\":\"https:\\\/\\\/wenttrip.com.br\\\/de\\\/#\\\/schema\\\/person\\\/c0ff87b449a960037fdd1b024842fcf9\",\"name\":\"Fernanda Machado\",\"image\":{\"@type\":\"ImageObject\",\"inLanguage\":\"de\",\"@id\":\"https:\\\/\\\/wenttrip.com.br\\\/wp-content\\\/uploads\\\/2022\\\/08\\\/WentTrip-2.png\",\"url\":\"https:\\\/\\\/wenttrip.com.br\\\/wp-content\\\/uploads\\\/2022\\\/08\\\/WentTrip-2.png\",\"contentUrl\":\"https:\\\/\\\/wenttrip.com.br\\\/wp-content\\\/uploads\\\/2022\\\/08\\\/WentTrip-2.png\",\"width\":1000,\"height\":1000,\"caption\":\"Fernanda Machado\"},\"logo\":{\"@id\":\"https:\\\/\\\/wenttrip.com.br\\\/wp-content\\\/uploads\\\/2022\\\/08\\\/WentTrip-2.png\"},\"description\":\"Aprendi que a vida \u00e9 mais leve quando colocamos uma mochila nas costas junto com sonhos. Amo viajar! Tenho 34 anos, mam\u00e3e de 3 cachorros: A Pantufa, O mutley e o Mixuruca. Compartilhamos nossas experi\u00eancias por aqui, esperamos que gostem!\",\"sameAs\":[\"https:\\\/\\\/wenttrip.com.br\",\"https:\\\/\\\/m.facebook.com\\\/profile.php\",\"https:\\\/\\\/www.instagram.com\\\/wenttrip\\\/\",\"https:\\\/\\\/x.com\\\/https:\\\/\\\/twitter.com\\\/wenttrip\",\"https:\\\/\\\/www.youtube.com\\\/c\\\/WentTrip\\\/videos\"],\"url\":\"https:\\\/\\\/wenttrip.com.br\\\/de\\\/author\\\/admin\\\/\"}]}<\/script>\n<!-- \/ Yoast SEO plugin. -->","yoast_head_json":{"title":"Torres RS Internationales Ballonfestival 2025 - WentTrip","description":"Torres RS Internationales Ballonfestival 2025 -","robots":{"index":"index","follow":"follow","max-snippet":"max-snippet:-1","max-image-preview":"max-image-preview:large","max-video-preview":"max-video-preview:-1"},"canonical":"https:\/\/wenttrip.com.br\/de\/brasilien\/brasil-sul\/rio-grande-do-sul\/torres\/internationales-ballonfestival-2025\/","og_locale":"de_DE","og_type":"article","og_title":"Festival Internacional de Balonismo de Torres RS 2025 - WentTrip","og_description":"Festival Internacional de Balonismo de Torres RS 2025 -","og_url":"https:\/\/wenttrip.com.br\/de\/brasilien\/brasil-sul\/rio-grande-do-sul\/torres\/internationales-ballonfestival-2025\/","og_site_name":"WentTrip","article_publisher":"https:\/\/m.facebook.com\/profile.php","article_author":"https:\/\/m.facebook.com\/profile.php","article_published_time":"2025-03-18T11:07:15+00:00","article_modified_time":"2025-03-18T11:28:20+00:00","og_image":[{"width":1054,"height":627,"url":"https:\/\/wenttrip.com.br\/wp-content\/uploads\/2025\/03\/Captura-de-tela-2025-03-18-080550.png","type":"image\/png"}],"author":"Fernanda Machado","twitter_card":"summary_large_image","twitter_creator":"@https:\/\/twitter.com\/wenttrip","twitter_site":"@wenttrip","twitter_misc":{"Verfasst von":"Fernanda Machado","Gesch\u00e4tzte Lesezeit":"14\u00a0Minuten"},"schema":{"@context":"https:\/\/schema.org","@graph":[{"@type":"Article","@id":"https:\/\/wenttrip.com.br\/de\/brasilien\/brasil-sul\/rio-grande-do-sul\/torres\/internationales-ballonfestival-2025\/#article","isPartOf":{"@id":"https:\/\/wenttrip.com.br\/de\/brasilien\/brasil-sul\/rio-grande-do-sul\/torres\/internationales-ballonfestival-2025\/"},"author":{"name":"Fernanda Machado","@id":"https:\/\/wenttrip.com.br\/de\/#\/schema\/person\/c0ff87b449a960037fdd1b024842fcf9"},"headline":"Festival Internacional de Balonismo de Torres RS 2025","datePublished":"2025-03-18T11:07:15+00:00","dateModified":"2025-03-18T11:28:20+00:00","mainEntityOfPage":{"@id":"https:\/\/wenttrip.com.br\/de\/brasilien\/brasil-sul\/rio-grande-do-sul\/torres\/internationales-ballonfestival-2025\/"},"wordCount":2394,"commentCount":0,"publisher":{"@id":"https:\/\/wenttrip.com.br\/de\/#\/schema\/person\/c0ff87b449a960037fdd1b024842fcf9"},"image":{"@id":"https:\/\/wenttrip.com.br\/de\/brasilien\/brasil-sul\/rio-grande-do-sul\/torres\/internationales-ballonfestival-2025\/#primaryimage"},"thumbnailUrl":"https:\/\/wenttrip.com.br\/wp-content\/uploads\/2025\/03\/Captura-de-tela-2025-03-18-080550.png","articleSection":["Balonismo","Torres"],"inLanguage":"de","potentialAction":[{"@type":"CommentAction","name":"Comment","target":["https:\/\/wenttrip.com.br\/de\/brasilien\/brasil-sul\/rio-grande-do-sul\/torres\/internationales-ballonfestival-2025\/#respond"]}]},{"@type":"WebPage","@id":"https:\/\/wenttrip.com.br\/de\/brasilien\/brasil-sul\/rio-grande-do-sul\/torres\/internationales-ballonfestival-2025\/","url":"https:\/\/wenttrip.com.br\/de\/brasilien\/brasil-sul\/rio-grande-do-sul\/torres\/internationales-ballonfestival-2025\/","name":"Torres RS Internationales Ballonfestival 2025 - WentTrip","isPartOf":{"@id":"https:\/\/wenttrip.com.br\/de\/#website"},"primaryImageOfPage":{"@id":"https:\/\/wenttrip.com.br\/de\/brasilien\/brasil-sul\/rio-grande-do-sul\/torres\/internationales-ballonfestival-2025\/#primaryimage"},"image":{"@id":"https:\/\/wenttrip.com.br\/de\/brasilien\/brasil-sul\/rio-grande-do-sul\/torres\/internationales-ballonfestival-2025\/#primaryimage"},"thumbnailUrl":"https:\/\/wenttrip.com.br\/wp-content\/uploads\/2025\/03\/Captura-de-tela-2025-03-18-080550.png","datePublished":"2025-03-18T11:07:15+00:00","dateModified":"2025-03-18T11:28:20+00:00","description":"Torres RS Internationales Ballonfestival 2025 -","breadcrumb":{"@id":"https:\/\/wenttrip.com.br\/de\/brasilien\/brasil-sul\/rio-grande-do-sul\/torres\/internationales-ballonfestival-2025\/#breadcrumb"},"inLanguage":"de","potentialAction":[{"@type":"ReadAction","target":["https:\/\/wenttrip.com.br\/de\/brasilien\/brasil-sul\/rio-grande-do-sul\/torres\/internationales-ballonfestival-2025\/"]}]},{"@type":"ImageObject","inLanguage":"de","@id":"https:\/\/wenttrip.com.br\/de\/brasilien\/brasil-sul\/rio-grande-do-sul\/torres\/internationales-ballonfestival-2025\/#primaryimage","url":"https:\/\/wenttrip.com.br\/wp-content\/uploads\/2025\/03\/Captura-de-tela-2025-03-18-080550.png","contentUrl":"https:\/\/wenttrip.com.br\/wp-content\/uploads\/2025\/03\/Captura-de-tela-2025-03-18-080550.png","width":1054,"height":627,"caption":"balonismo 2025 em torres rs"},{"@type":"BreadcrumbList","@id":"https:\/\/wenttrip.com.br\/de\/brasilien\/brasil-sul\/rio-grande-do-sul\/torres\/internationales-ballonfestival-2025\/#breadcrumb","itemListElement":[{"@type":"ListItem","position":1,"name":"In\u00edcio","item":"https:\/\/wenttrip.com.br\/de\/"},{"@type":"ListItem","position":2,"name":"Festival Internacional de Balonismo de Torres RS 2025"}]},{"@type":"WebSite","@id":"https:\/\/wenttrip.com.br\/de\/#website","url":"https:\/\/wenttrip.com.br\/de\/","name":"WentTrip","description":"Ihr kompletter Reisef\u00fchrer mit vielen Tipps zu Abenteuern, Orten, Essen, Hotels.","publisher":{"@id":"https:\/\/wenttrip.com.br\/de\/#\/schema\/person\/c0ff87b449a960037fdd1b024842fcf9"},"potentialAction":[{"@type":"SearchAction","target":{"@type":"EntryPoint","urlTemplate":"https:\/\/wenttrip.com.br\/de\/?s={search_term_string}"},"query-input":{"@type":"PropertyValueSpecification","valueRequired":true,"valueName":"search_term_string"}}],"inLanguage":"de"},{"@type":["Person","Organization"],"@id":"https:\/\/wenttrip.com.br\/de\/#\/schema\/person\/c0ff87b449a960037fdd1b024842fcf9","name":"Fernanda Machado","image":{"@type":"ImageObject","inLanguage":"de","@id":"https:\/\/wenttrip.com.br\/wp-content\/uploads\/2022\/08\/WentTrip-2.png","url":"https:\/\/wenttrip.com.br\/wp-content\/uploads\/2022\/08\/WentTrip-2.png","contentUrl":"https:\/\/wenttrip.com.br\/wp-content\/uploads\/2022\/08\/WentTrip-2.png","width":1000,"height":1000,"caption":"Fernanda Machado"},"logo":{"@id":"https:\/\/wenttrip.com.br\/wp-content\/uploads\/2022\/08\/WentTrip-2.png"},"description":"Ich habe gelernt, dass das Leben leichter ist, wenn wir neben Tr\u00e4umen auch einen Rucksack auf den R\u00fccken packen. Ich liebe es zu reisen! Ich bin 34 Jahre alt, Mutter von 3 Hunden: Pantufa, Mutley und Mixuruca. Wir teilen hier unsere Erfahrungen, wir hoffen, dass es euch gef\u00e4llt!","sameAs":["https:\/\/wenttrip.com.br","https:\/\/m.facebook.com\/profile.php","https:\/\/www.instagram.com\/wenttrip\/","https:\/\/x.com\/https:\/\/twitter.com\/wenttrip","https:\/\/www.youtube.com\/c\/WentTrip\/videos"],"url":"https:\/\/wenttrip.com.br\/de\/author\/admin\/"}]}},"_links":{"self":[{"href":"https:\/\/wenttrip.com.br\/de\/wp-json\/wp\/v2\/posts\/27279","targetHints":{"allow":["GET"]}}],"collection":[{"href":"https:\/\/wenttrip.com.br\/de\/wp-json\/wp\/v2\/posts"}],"about":[{"href":"https:\/\/wenttrip.com.br\/de\/wp-json\/wp\/v2\/types\/post"}],"author":[{"embeddable":true,"href":"https:\/\/wenttrip.com.br\/de\/wp-json\/wp\/v2\/users\/1"}],"replies":[{"embeddable":true,"href":"https:\/\/wenttrip.com.br\/de\/wp-json\/wp\/v2\/comments?post=27279"}],"version-history":[{"count":0,"href":"https:\/\/wenttrip.com.br\/de\/wp-json\/wp\/v2\/posts\/27279\/revisions"}],"wp:featuredmedia":[{"embeddable":true,"href":"https:\/\/wenttrip.com.br\/de\/wp-json\/wp\/v2\/media\/27295"}],"wp:attachment":[{"href":"https:\/\/wenttrip.com.br\/de\/wp-json\/wp\/v2\/media?parent=27279"}],"wp:term":[{"taxonomy":"category","embeddable":true,"href":"https:\/\/wenttrip.com.br\/de\/wp-json\/wp\/v2\/categories?post=27279"},{"taxonomy":"post_tag","embeddable":true,"href":"https:\/\/wenttrip.com.br\/de\/wp-json\/wp\/v2\/tags?post=27279"}],"curies":[{"name":"wp","href":"https:\/\/api.w.org\/{rel}","templated":true}]}}