{"id":25318,"date":"2024-04-03T16:39:54","date_gmt":"2024-04-03T19:39:54","guid":{"rendered":"https:\/\/wenttrip.com.br\/?p=25318"},"modified":"2024-04-03T16:39:55","modified_gmt":"2024-04-03T19:39:55","slug":"conheca-a-quiero-cafe-em-torres-rs","status":"publish","type":"post","link":"https:\/\/wenttrip.com.br\/de\/brasilien\/brasil-sul\/rio-grande-do-sul\/torres\/treffen-sie-das-quiero-cafe-in-torres-rs\/","title":{"rendered":"Entdecken Sie das Quiero Caf\u00e9 in Torres RS"},"content":{"rendered":"<div id=\"ez-toc-container\" class=\"ez-toc-v2_0_82_2 counter-hierarchy ez-toc-counter ez-toc-grey ez-toc-container-direction\">\n<div class=\"ez-toc-title-container\">\n<p class=\"ez-toc-title\" style=\"cursor:inherit\">Index<\/p>\n<span class=\"ez-toc-title-toggle\"><a href=\"#\" class=\"ez-toc-pull-right ez-toc-btn ez-toc-btn-xs ez-toc-btn-default ez-toc-toggle\" aria-label=\"Inhaltsverzeichnis umschalten\"><span class=\"ez-toc-js-icon-con\"><span class=\"\"><span class=\"eztoc-hide\" style=\"display:none;\">Umschalten<\/span><span class=\"ez-toc-icon-toggle-span\"><svg style=\"fill: #999;color:#999\" xmlns=\"http:\/\/www.w3.org\/2000\/svg\" class=\"list-377408\" width=\"20px\" height=\"20px\" viewbox=\"0 0 24 24\" fill=\"none\"><path d=\"M6 6H4v2h2V6zm14 0H8v2h12V6zM4 11h2v2H4v-2zm16 0H8v2h12v-2zM4 16h2v2H4v-2zm16 0H8v2h12v-2z\" fill=\"currentColor\"><\/path><\/svg><svg style=\"fill: #999;color:#999\" class=\"arrow-unsorted-368013\" xmlns=\"http:\/\/www.w3.org\/2000\/svg\" width=\"10px\" height=\"10px\" viewbox=\"0 0 24 24\" version=\"1.2\" baseprofile=\"tiny\"><path d=\"M18.2 9.3l-6.2-6.3-6.2 6.3c-.2.2-.3.4-.3.7s.1.5.3.7c.2.2.4.3.7.3h11c.3 0 .5-.1.7-.3.2-.2.3-.5.3-.7s-.1-.5-.3-.7zM5.8 14.7l6.2 6.3 6.2-6.3c.2-.2.3-.5.3-.7s-.1-.5-.3-.7c-.2-.2-.4-.3-.7-.3h-11c-.3 0-.5.1-.7.3-.2.2-.3.5-.3.7s.1.5.3.7z\"\/><\/svg><\/span><\/span><\/span><\/a><\/span><\/div>\n<nav><ul class='ez-toc-list ez-toc-list-level-1' ><li class='ez-toc-page-1 ez-toc-heading-level-2'><a class=\"ez-toc-link ez-toc-heading-1\" href=\"https:\/\/wenttrip.com.br\/de\/brasilien\/brasil-sul\/rio-grande-do-sul\/torres\/treffen-sie-das-quiero-cafe-in-torres-rs\/#Endereco_Quiero_Cafe_em_Torres\" >Quiero Caf\u00e9-Adresse in Torres<\/a><\/li><li class='ez-toc-page-1 ez-toc-heading-level-2'><a class=\"ez-toc-link ez-toc-heading-2\" href=\"https:\/\/wenttrip.com.br\/de\/brasilien\/brasil-sul\/rio-grande-do-sul\/torres\/treffen-sie-das-quiero-cafe-in-torres-rs\/#Horario_de_Funcionamento\" >\u00d6ffnungszeiten<\/a><\/li><li class='ez-toc-page-1 ez-toc-heading-level-2'><a class=\"ez-toc-link ez-toc-heading-3\" href=\"https:\/\/wenttrip.com.br\/de\/brasilien\/brasil-sul\/rio-grande-do-sul\/torres\/treffen-sie-das-quiero-cafe-in-torres-rs\/#O_que_tem_no_cardapio_da_Quiero_Cafe\" >Was steht auf der Speisekarte im Quiero Caf\u00e9?<\/a><\/li><\/ul><\/nav><\/div>\n\n<p>Ob Sie den Tag voller Energie beginnen oder eine Pause oder sogar ein Gesch\u00e4ft genie\u00dfen m\u00f6chten: Kaffee hat die Kraft, die Sinne zu erfreuen und f\u00fcr unvergessliche Erlebnisse zu sorgen. Und wenn Sie in Torres, Rio Grande do Sul, sind, ist der Besuch ein Muss <strong>ich will Kaffee<\/strong>. <\/p>\n\n\n\n<p>In diesem Artikel teilen wir Ihnen alles mit, was dieser einladende und charmante Ort zu bieten hat! <\/p>\n\n\n\n<blockquote class=\"wp-block-quote is-layout-flow wp-block-quote-is-layout-flow\">\n<p><strong>Denken Sie daran, dass wir einen Artikel erstellt haben, in dem Sie alles \u00fcber \ud83d\udc49 finden&nbsp;<a href=\"https:\/\/wenttrip.com.br\/de\/brasilien\/brasil-sul\/rio-grande-do-sul\/torres\/was-tun-in-den-stranden-und-touristischen-sehenswurdigkeiten-von-torres-rs\/\">\u00d6&nbsp;<\/a><a href=\"https:\/\/wenttrip.com.br\/de\/brasilien\/brasil-sul\/rio-grande-do-sul\/torres\/was-tun-in-den-stranden-und-touristischen-sehenswurdigkeiten-von-torres-rs\/\" target=\"_blank\" rel=\"noreferrer noopener\">Was man in Torres unternehmen kann \u2013 RS \u2013 Str\u00e4nde und Touristenattraktionen<\/a>&nbsp;und&nbsp;<a href=\"https:\/\/wenttrip.com.br\/de\/brasilien\/brasil-sul\/rio-grande-do-sul\/torres\/top-10-der-besten-hotel-in-towers\/\" target=\"_blank\" rel=\"noreferrer noopener\">Hotel in Torres: die Top 10 der Besten<\/a><\/strong><\/p>\n\n\n\n<p>Aber entdecken Sie zun\u00e4chst das Paradies der M\u00f6glichkeiten&nbsp;<strong><a href=\"https:\/\/www.booking.com\/index.html?aid=8010377\" target=\"_blank\" rel=\"noreferrer noopener\">Booking.com<\/a><\/strong>&nbsp;zu bieten hat und lassen Sie Ihre Reisetr\u00e4ume wahr werden! Machen Sie Ihre Reservierungen \u00fcber&nbsp;<a href=\"https:\/\/www.booking.com\/index.html?aid=8010377\" target=\"_blank\" rel=\"noreferrer noopener\"><strong>Unser Link<\/strong><\/a>&nbsp;Du hilfst uns und zahlst daf\u00fcr nichts extra \ud83d\ude42<\/p>\n\n\n\n<p>\u00d6&nbsp;<strong><a href=\"https:\/\/www.booking.com\/index.html?aid=8010377\" target=\"_blank\" rel=\"noreferrer noopener\">booking.com<\/a><\/strong>&nbsp;ist unsere vertrauensw\u00fcrdige Website, wir haben alle unsere Reservierungen \u00fcber sie get\u00e4tigt und jetzt k\u00f6nnen Sie dort auch Eink\u00e4ufe t\u00e4tigen&nbsp;<strong><a href=\"https:\/\/www.booking.com\/index.html?aid=8010377\" target=\"_blank\" rel=\"noreferrer noopener\">Flugtickets<\/a><\/strong>!<\/p>\n<\/blockquote>\n\n\n\n<h2 class=\"wp-block-heading\"><span class=\"ez-toc-section\" id=\"Endereco_Quiero_Cafe_em_Torres\"><\/span>Quiero Caf\u00e9-Adresse in Torres<span class=\"ez-toc-section-end\"><\/span><\/h2>\n\n\n\n<p><strong>Adresse:<\/strong>\u00a0R. J\u00falio de Castilhos, 284 \u2013 Centro, Torres. Vor der Ipiranga-Tankstelle.<\/p>\n\n\n\n<h2 class=\"wp-block-heading\"><span class=\"ez-toc-section\" id=\"Horario_de_Funcionamento\"><\/span>\u00d6ffnungszeiten<span class=\"ez-toc-section-end\"><\/span><\/h2>\n\n\n\n<p>T\u00e4glich von 9.00 bis 23.00 Uhr ge\u00f6ffnet und nur sonntags sind die \u00d6ffnungszeiten unterschiedlich: von 12.00 bis 21.00 Uhr.<\/p>\n\n\n\n<p><\/p>\n\n\n\n<h2 class=\"wp-block-heading\"><span class=\"ez-toc-section\" id=\"O_que_tem_no_cardapio_da_Quiero_Cafe\"><\/span>Was steht auf der Speisekarte im Quiero Caf\u00e9?<span class=\"ez-toc-section-end\"><\/span><\/h2>\n\n\n\n<p>Viele Leute denken, dass der Raum nur zum Kaffeetrinken oder f\u00fcr schnelle Mahlzeiten wie Sandwiches da ist. Ich gehe jedoch davon aus, dass Raum viel mehr ist. Bei Quiero gibt es das beste Fassbier der Region, leckere Snacks, Mittagsgerichte, Salate, Desserts und Burger. <\/p>\n\n\n\n<p>Mit einem sorgf\u00e4ltig zusammengestellten Men\u00fc voller unwiderstehlicher Optionen wird jeder Besuch zu einem unvergesslichen Erlebnis f\u00fcr alle Sinne.<\/p>\n\n\n\n<p><strong>Brunch und Omelette:<\/strong> Beginnen Sie Ihren Tag mit frisch zubereiteten Brunchs und Omelettes. Vom klassischen Omelett mit K\u00e4se und frischen Kr\u00e4utern bis hin zu extravaganten Brunchs mit k\u00f6stlichen Optionen wird jedes Gericht mit frischen, saisonalen Zutaten zubereitet und sorgt bei jedem Bissen f\u00fcr eine Geschmacksexplosion.<\/p>\n\n\n\n<p><strong>Besondere und traditionelle Kaffeesorten:<\/strong> F\u00fcr Kaffeeliebhaber bieten sie eine exklusive Auswahl an besonderen und traditionellen Kaffeesorten, die sorgf\u00e4ltig zubereitet werden, um ein wirklich erhabenes Erlebnis zu bieten. Vom vollmundigen Espresso bis zum cremigen Cappuccino.<\/p>\n\n\n\n<p><strong>S\u00fc\u00dfigkeiten und Eis:<\/strong> F\u00fcr die Genussmenschen ist die Auswahl an S\u00fc\u00dfigkeiten und Eis einfach unwiderstehlich. Von Kuchen bis hin zu cremigem Eis ist jedes Dessert eine Versuchung f\u00fcr die Sinne und sorgt f\u00fcr einen s\u00fc\u00dfen und s\u00e4ttigenden Abschluss jeder Mahlzeit. <\/p>\n\n\n\n<figure class=\"wp-block-image size-full\"><img decoding=\"async\" width=\"360\" height=\"400\" src=\"https:\/\/wenttrip.com.br\/wp-content\/uploads\/2024\/02\/quiero-cafe-.png\" alt=\"Quiero Caf\u00e9 Torres\" class=\"wp-image-24513\" srcset=\"https:\/\/wenttrip.com.br\/wp-content\/uploads\/2024\/02\/quiero-cafe-.png 360w, https:\/\/wenttrip.com.br\/wp-content\/uploads\/2024\/02\/quiero-cafe--270x300.png 270w, https:\/\/wenttrip.com.br\/wp-content\/uploads\/2024\/02\/quiero-cafe--11x12.png 11w\" sizes=\"(max-width: 360px) 100vw, 360px\" \/><\/figure>\n\n\n\n<p><strong><mark style=\"background-color:#edf300\" class=\"has-inline-color\">Tipp<\/mark><\/strong>: beweisen Sie die<strong> Alfajor oberstes Gebot<\/strong>, hat einen halbs\u00fc\u00dfen oder wei\u00dfen \u00dcberzug und eine Dulce de Leche-F\u00fcllung, warm serviert mit Dulce de Leche oder Nutella, Schokoladensirup und Ovomaltine.<\/p>\n\n\n\n<p><strong>Fr\u00fcchte und A\u00e7a\u00ed:<\/strong> Genie\u00dfen Sie die Frische der Natur mit frischen Fr\u00fcchten und A\u00e7a\u00ed-Optionen. Perfekt f\u00fcr einen leichten Snack oder ein gesundes Dessert.<\/p>\n\n\n\n<p><strong>Toast und Herzhaftes:<\/strong> Genie\u00dfen Sie eine Auswahl an perfekt zubereiteten Toasts und herzhaften Snacks, um Ihren Hunger zu stillen. Von vegetarischen Gerichten bis hin zu deftigeren Gerichten mit Fleisch und Fisch.<\/p>\n\n\n\n<p><strong>Snacks und Baguettes:<\/strong> Zum Teilen oder alleine genie\u00dfen sind die Snacks und Baguettes eine echte Versuchung. Von vegetarischen Optionen bis hin zu reichhaltigeren Fleisch- und K\u00e4segerichten ist jede Portion ein einzigartiges gastronomisches Erlebnis.<\/p>\n\n\n\n<p><mark style=\"background-color:#e5fc00\" class=\"has-inline-color\"><strong>Tipp<\/strong>: <\/mark>Unser Lieblingssnack ist <strong>Knuspriges H\u00e4hnchen<\/strong>, wird aus mit Pankomehl panierten H\u00e4hnchenfilets hergestellt.<\/p>\n\n\n\n<p><strong>Pasta und Fleisch:<\/strong> Genie\u00dfen Sie frische Pasta und saftiges Fleisch, perfekt zubereitet. Von klassischen Gerichten bis hin zu exklusiven Hauskreationen.<\/p>\n\n\n\n<p><strong>Beats und Bowls:<\/strong> Tanken Sie neue Energie mit Energieshakes und n\u00e4hrstoffreichen Bowls. Jede Option wird aus frischen und gesunden Zutaten hergestellt und ist eine Explosion an Geschmack und Vitalit\u00e4t, perfekt f\u00fcr eine leichte und nahrhafte Mahlzeit.<\/p>\n\n\n\n<p><strong>Salate und Weine:<\/strong> Genie\u00dfen Sie die Frische frischer und gesunder Salate, perfekt begleitet von einer sorgf\u00e4ltig ausgew\u00e4hlten Auswahl erstklassiger Weine. <\/p>\n\n\n\n<p><strong>Biere, Getr\u00e4nke und alkoholfreie Getr\u00e4nke:<\/strong> Erfrischen Sie sich mit einer Auswahl an k\u00fchlen Bieren, genie\u00dfen Sie k\u00f6stliche Getr\u00e4nke oder entscheiden Sie sich f\u00fcr eine alkoholfreie Variante. <\/p>\n\n\n\n<figure class=\"wp-block-image size-full\"><img decoding=\"async\" width=\"314\" height=\"473\" src=\"https:\/\/wenttrip.com.br\/wp-content\/uploads\/2024\/02\/quiero-cafe.png\" alt=\"Quiero Caf\u00e9 Torres\" class=\"wp-image-24515\" srcset=\"https:\/\/wenttrip.com.br\/wp-content\/uploads\/2024\/02\/quiero-cafe.png 314w, https:\/\/wenttrip.com.br\/wp-content\/uploads\/2024\/02\/quiero-cafe-199x300.png 199w, https:\/\/wenttrip.com.br\/wp-content\/uploads\/2024\/02\/quiero-cafe-8x12.png 8w\" sizes=\"(max-width: 314px) 100vw, 314px\" \/><\/figure>\n\n\n\n<p><strong>Besondere Optionen f\u00fcr di\u00e4tetische Einschr\u00e4nkungen:<\/strong> Im Quiero Caf\u00e9 legen wir Wert auf Vielfalt und Inklusion. Deshalb bieten wir eine Vielzahl von Optionen an, um den Ern\u00e4hrungsbed\u00fcrfnissen aller Kunden gerecht zu werden. Von vegetarischen Gerichten bis hin zu glutenfreien und laktosefreien Optionen.<\/p>\n\n\n\n<p>Wir hoffen, dass Ihnen die Tipps gefallen haben!! Wenn Sie das n\u00e4chste Mal in Torres sind, sollten Sie unbedingt im Quiero Caf\u00e9 Halt machen.<\/p>","protected":false},"excerpt":{"rendered":"<p>Ob Sie den Tag voller Energie beginnen oder eine Pause oder sogar ein Gesch\u00e4ft genie\u00dfen m\u00f6chten: Kaffee hat die Kraft, die Sinne zu erfreuen und f\u00fcr unvergessliche Erlebnisse zu sorgen. Und wenn Sie in Torres, Rio Grande do Sul sind, ist ein Besuch im Quiero Caf\u00e9 ein Muss. In diesem Artikel werden wir mit Ihnen teilen.&nbsp;<a href=\"https:\/\/wenttrip.com.br\/de\/brasilien\/brasil-sul\/rio-grande-do-sul\/torres\/treffen-sie-das-quiero-cafe-in-torres-rs\/\" rel=\"bookmark\">Weiterlesen \u00bb<span class=\"screen-reader-text\">Entdecken Sie das Quiero Caf\u00e9 in Torres RS<\/span><\/a><\/p>","protected":false},"author":1,"featured_media":3132,"comment_status":"open","ping_status":"closed","sticky":false,"template":"","format":"standard","meta":{"neve_meta_sidebar":"","neve_meta_container":"","neve_meta_enable_content_width":"","neve_meta_content_width":0,"neve_meta_title_alignment":"","neve_meta_author_avatar":"","neve_post_elements_order":"","neve_meta_disable_header":"","neve_meta_disable_footer":"","neve_meta_disable_title":"","footnotes":""},"categories":[1720],"tags":[4576],"class_list":["post-25318","post","type-post","status-publish","format-standard","has-post-thumbnail","hentry","category-torres","tag-quiero-cafe"],"yoast_head":"<!-- This site is optimized with the Yoast SEO plugin v27.5 - https:\/\/yoast.com\/product\/yoast-seo-wordpress\/ -->\n<title>Conhe\u00e7a a Quiero Caf\u00e9 em Torres RS - WentTrip<\/title>\n<meta name=\"description\" content=\"Conhe\u00e7a a Quiero Caf\u00e9 em Torres RS - Seja para come\u00e7ar o dia com energia ou para desfrutar de um momento de pausa ou at\u00e9 de neg\u00f3cio, o caf\u00e9 tem o poder de encantar os sentidos e proporcionar experi\u00eancias memor\u00e1veis. E se voc\u00ea est\u00e1 em Torres, no Rio Grande do Sul, uma visita obrigat\u00f3ria \u00e9 \u00e0 Quiero Caf\u00e9.\" \/>\n<meta name=\"robots\" content=\"index, follow, max-snippet:-1, max-image-preview:large, max-video-preview:-1\" \/>\n<link rel=\"canonical\" href=\"https:\/\/wenttrip.com.br\/de\/brasilien\/brasil-sul\/rio-grande-do-sul\/torres\/treffen-sie-das-quiero-cafe-in-torres-rs\/\" \/>\n<meta property=\"og:locale\" content=\"de_DE\" \/>\n<meta property=\"og:type\" content=\"article\" \/>\n<meta property=\"og:title\" content=\"Conhe\u00e7a a Quiero Caf\u00e9 em Torres RS - WentTrip\" \/>\n<meta property=\"og:description\" content=\"Conhe\u00e7a a Quiero Caf\u00e9 em Torres RS - Seja para come\u00e7ar o dia com energia ou para desfrutar de um momento de pausa ou at\u00e9 de neg\u00f3cio, o caf\u00e9 tem o poder de encantar os sentidos e proporcionar experi\u00eancias memor\u00e1veis. E se voc\u00ea est\u00e1 em Torres, no Rio Grande do Sul, uma visita obrigat\u00f3ria \u00e9 \u00e0 Quiero Caf\u00e9.\" \/>\n<meta property=\"og:url\" content=\"https:\/\/wenttrip.com.br\/de\/brasilien\/brasil-sul\/rio-grande-do-sul\/torres\/treffen-sie-das-quiero-cafe-in-torres-rs\/\" \/>\n<meta property=\"og:site_name\" content=\"WentTrip\" \/>\n<meta property=\"article:publisher\" content=\"https:\/\/m.facebook.com\/profile.php\" \/>\n<meta property=\"article:author\" content=\"https:\/\/m.facebook.com\/profile.php\" \/>\n<meta property=\"article:published_time\" content=\"2024-04-03T19:39:54+00:00\" \/>\n<meta property=\"article:modified_time\" content=\"2024-04-03T19:39:55+00:00\" \/>\n<meta property=\"og:image\" content=\"https:\/\/wenttrip.com.br\/wp-content\/uploads\/2021\/11\/QuieroCafeTorres_0048_web-1024x683-1.jpg\" \/>\n\t<meta property=\"og:image:width\" content=\"1024\" \/>\n\t<meta property=\"og:image:height\" content=\"683\" \/>\n\t<meta property=\"og:image:type\" content=\"image\/jpeg\" \/>\n<meta name=\"author\" content=\"Fernanda Machado\" \/>\n<meta name=\"twitter:card\" content=\"summary_large_image\" \/>\n<meta name=\"twitter:creator\" content=\"@https:\/\/twitter.com\/wenttrip\" \/>\n<meta name=\"twitter:site\" content=\"@wenttrip\" \/>\n<meta name=\"twitter:label1\" content=\"Verfasst von\" \/>\n\t<meta name=\"twitter:data1\" content=\"Fernanda Machado\" \/>\n\t<meta name=\"twitter:label2\" content=\"Gesch\u00e4tzte Lesezeit\" \/>\n\t<meta name=\"twitter:data2\" content=\"4\u00a0Minuten\" \/>\n<script type=\"application\/ld+json\" class=\"yoast-schema-graph\">{\"@context\":\"https:\\\/\\\/schema.org\",\"@graph\":[{\"@type\":\"Article\",\"@id\":\"https:\\\/\\\/wenttrip.com.br\\\/de\\\/brasilien\\\/brasil-sul\\\/rio-grande-do-sul\\\/torres\\\/treffen-sie-das-quiero-cafe-in-torres-rs\\\/#article\",\"isPartOf\":{\"@id\":\"https:\\\/\\\/wenttrip.com.br\\\/de\\\/brasilien\\\/brasil-sul\\\/rio-grande-do-sul\\\/torres\\\/treffen-sie-das-quiero-cafe-in-torres-rs\\\/\"},\"author\":{\"name\":\"Fernanda Machado\",\"@id\":\"https:\\\/\\\/wenttrip.com.br\\\/de\\\/#\\\/schema\\\/person\\\/c0ff87b449a960037fdd1b024842fcf9\"},\"headline\":\"Conhe\u00e7a a Quiero Caf\u00e9 em Torres RS\",\"datePublished\":\"2024-04-03T19:39:54+00:00\",\"dateModified\":\"2024-04-03T19:39:55+00:00\",\"mainEntityOfPage\":{\"@id\":\"https:\\\/\\\/wenttrip.com.br\\\/de\\\/brasilien\\\/brasil-sul\\\/rio-grande-do-sul\\\/torres\\\/treffen-sie-das-quiero-cafe-in-torres-rs\\\/\"},\"wordCount\":790,\"commentCount\":0,\"publisher\":{\"@id\":\"https:\\\/\\\/wenttrip.com.br\\\/de\\\/#\\\/schema\\\/person\\\/c0ff87b449a960037fdd1b024842fcf9\"},\"image\":{\"@id\":\"https:\\\/\\\/wenttrip.com.br\\\/de\\\/brasilien\\\/brasil-sul\\\/rio-grande-do-sul\\\/torres\\\/treffen-sie-das-quiero-cafe-in-torres-rs\\\/#primaryimage\"},\"thumbnailUrl\":\"https:\\\/\\\/wenttrip.com.br\\\/wp-content\\\/uploads\\\/2021\\\/11\\\/QuieroCafeTorres_0048_web-1024x683-1.jpg\",\"keywords\":[\"quiero caf\u00e9\"],\"articleSection\":[\"Torres\"],\"inLanguage\":\"de\",\"potentialAction\":[{\"@type\":\"CommentAction\",\"name\":\"Comment\",\"target\":[\"https:\\\/\\\/wenttrip.com.br\\\/de\\\/brasilien\\\/brasil-sul\\\/rio-grande-do-sul\\\/torres\\\/treffen-sie-das-quiero-cafe-in-torres-rs\\\/#respond\"]}]},{\"@type\":\"WebPage\",\"@id\":\"https:\\\/\\\/wenttrip.com.br\\\/de\\\/brasilien\\\/brasil-sul\\\/rio-grande-do-sul\\\/torres\\\/treffen-sie-das-quiero-cafe-in-torres-rs\\\/\",\"url\":\"https:\\\/\\\/wenttrip.com.br\\\/de\\\/brasilien\\\/brasil-sul\\\/rio-grande-do-sul\\\/torres\\\/treffen-sie-das-quiero-cafe-in-torres-rs\\\/\",\"name\":\"Conhe\u00e7a a Quiero Caf\u00e9 em Torres RS - WentTrip\",\"isPartOf\":{\"@id\":\"https:\\\/\\\/wenttrip.com.br\\\/de\\\/#website\"},\"primaryImageOfPage\":{\"@id\":\"https:\\\/\\\/wenttrip.com.br\\\/de\\\/brasilien\\\/brasil-sul\\\/rio-grande-do-sul\\\/torres\\\/treffen-sie-das-quiero-cafe-in-torres-rs\\\/#primaryimage\"},\"image\":{\"@id\":\"https:\\\/\\\/wenttrip.com.br\\\/de\\\/brasilien\\\/brasil-sul\\\/rio-grande-do-sul\\\/torres\\\/treffen-sie-das-quiero-cafe-in-torres-rs\\\/#primaryimage\"},\"thumbnailUrl\":\"https:\\\/\\\/wenttrip.com.br\\\/wp-content\\\/uploads\\\/2021\\\/11\\\/QuieroCafeTorres_0048_web-1024x683-1.jpg\",\"datePublished\":\"2024-04-03T19:39:54+00:00\",\"dateModified\":\"2024-04-03T19:39:55+00:00\",\"description\":\"Conhe\u00e7a a Quiero Caf\u00e9 em Torres RS - Seja para come\u00e7ar o dia com energia ou para desfrutar de um momento de pausa ou at\u00e9 de neg\u00f3cio, o caf\u00e9 tem o poder de encantar os sentidos e proporcionar experi\u00eancias memor\u00e1veis. E se voc\u00ea est\u00e1 em Torres, no Rio Grande do Sul, uma visita obrigat\u00f3ria \u00e9 \u00e0 Quiero Caf\u00e9.\",\"breadcrumb\":{\"@id\":\"https:\\\/\\\/wenttrip.com.br\\\/de\\\/brasilien\\\/brasil-sul\\\/rio-grande-do-sul\\\/torres\\\/treffen-sie-das-quiero-cafe-in-torres-rs\\\/#breadcrumb\"},\"inLanguage\":\"de\",\"potentialAction\":[{\"@type\":\"ReadAction\",\"target\":[\"https:\\\/\\\/wenttrip.com.br\\\/de\\\/brasilien\\\/brasil-sul\\\/rio-grande-do-sul\\\/torres\\\/treffen-sie-das-quiero-cafe-in-torres-rs\\\/\"]}]},{\"@type\":\"ImageObject\",\"inLanguage\":\"de\",\"@id\":\"https:\\\/\\\/wenttrip.com.br\\\/de\\\/brasilien\\\/brasil-sul\\\/rio-grande-do-sul\\\/torres\\\/treffen-sie-das-quiero-cafe-in-torres-rs\\\/#primaryimage\",\"url\":\"https:\\\/\\\/wenttrip.com.br\\\/wp-content\\\/uploads\\\/2021\\\/11\\\/QuieroCafeTorres_0048_web-1024x683-1.jpg\",\"contentUrl\":\"https:\\\/\\\/wenttrip.com.br\\\/wp-content\\\/uploads\\\/2021\\\/11\\\/QuieroCafeTorres_0048_web-1024x683-1.jpg\",\"width\":1024,\"height\":683,\"caption\":\"Quiero Cafe Torres\"},{\"@type\":\"BreadcrumbList\",\"@id\":\"https:\\\/\\\/wenttrip.com.br\\\/de\\\/brasilien\\\/brasil-sul\\\/rio-grande-do-sul\\\/torres\\\/treffen-sie-das-quiero-cafe-in-torres-rs\\\/#breadcrumb\",\"itemListElement\":[{\"@type\":\"ListItem\",\"position\":1,\"name\":\"In\u00edcio\",\"item\":\"https:\\\/\\\/wenttrip.com.br\\\/de\\\/\"},{\"@type\":\"ListItem\",\"position\":2,\"name\":\"Conhe\u00e7a a Quiero Caf\u00e9 em Torres RS\"}]},{\"@type\":\"WebSite\",\"@id\":\"https:\\\/\\\/wenttrip.com.br\\\/de\\\/#website\",\"url\":\"https:\\\/\\\/wenttrip.com.br\\\/de\\\/\",\"name\":\"WentTrip\",\"description\":\"O seu guia completo com muitas dicas de aventuras, lugares, alimenta\u00e7\u00e3o, hot\u00e9is.\",\"publisher\":{\"@id\":\"https:\\\/\\\/wenttrip.com.br\\\/de\\\/#\\\/schema\\\/person\\\/c0ff87b449a960037fdd1b024842fcf9\"},\"potentialAction\":[{\"@type\":\"SearchAction\",\"target\":{\"@type\":\"EntryPoint\",\"urlTemplate\":\"https:\\\/\\\/wenttrip.com.br\\\/de\\\/?s={search_term_string}\"},\"query-input\":{\"@type\":\"PropertyValueSpecification\",\"valueRequired\":true,\"valueName\":\"search_term_string\"}}],\"inLanguage\":\"de\"},{\"@type\":[\"Person\",\"Organization\"],\"@id\":\"https:\\\/\\\/wenttrip.com.br\\\/de\\\/#\\\/schema\\\/person\\\/c0ff87b449a960037fdd1b024842fcf9\",\"name\":\"Fernanda Machado\",\"image\":{\"@type\":\"ImageObject\",\"inLanguage\":\"de\",\"@id\":\"https:\\\/\\\/wenttrip.com.br\\\/wp-content\\\/uploads\\\/2022\\\/08\\\/WentTrip-2.png\",\"url\":\"https:\\\/\\\/wenttrip.com.br\\\/wp-content\\\/uploads\\\/2022\\\/08\\\/WentTrip-2.png\",\"contentUrl\":\"https:\\\/\\\/wenttrip.com.br\\\/wp-content\\\/uploads\\\/2022\\\/08\\\/WentTrip-2.png\",\"width\":1000,\"height\":1000,\"caption\":\"Fernanda Machado\"},\"logo\":{\"@id\":\"https:\\\/\\\/wenttrip.com.br\\\/wp-content\\\/uploads\\\/2022\\\/08\\\/WentTrip-2.png\"},\"description\":\"Aprendi que a vida \u00e9 mais leve quando colocamos uma mochila nas costas junto com sonhos. Amo viajar! Tenho 34 anos, mam\u00e3e de 3 cachorros: A Pantufa, O mutley e o Mixuruca. Compartilhamos nossas experi\u00eancias por aqui, esperamos que gostem!\",\"sameAs\":[\"https:\\\/\\\/wenttrip.com.br\",\"https:\\\/\\\/m.facebook.com\\\/profile.php\",\"https:\\\/\\\/www.instagram.com\\\/wenttrip\\\/\",\"https:\\\/\\\/x.com\\\/https:\\\/\\\/twitter.com\\\/wenttrip\",\"https:\\\/\\\/www.youtube.com\\\/c\\\/WentTrip\\\/videos\"],\"url\":\"https:\\\/\\\/wenttrip.com.br\\\/de\\\/author\\\/admin\\\/\"}]}<\/script>\n<!-- \/ Yoast SEO plugin. -->","yoast_head_json":{"title":"Entdecken Sie das Quiero Caf\u00e9 in Torres RS - WentTrip","description":"Entdecken Sie das Quiero Caf\u00e9 in Torres RS \u2013 ob Sie den Tag mit Energie beginnen oder einen Moment der Pause oder sogar eines Gesch\u00e4fts genie\u00dfen m\u00f6chten, Kaffee hat die Kraft, die Sinne zu erfreuen und unvergessliche Erlebnisse zu bieten. Und wenn Sie in Torres, Rio Grande do Sul sind, sollten Sie unbedingt das Quiero Caf\u00e9 besuchen.","robots":{"index":"index","follow":"follow","max-snippet":"max-snippet:-1","max-image-preview":"max-image-preview:large","max-video-preview":"max-video-preview:-1"},"canonical":"https:\/\/wenttrip.com.br\/de\/brasilien\/brasil-sul\/rio-grande-do-sul\/torres\/treffen-sie-das-quiero-cafe-in-torres-rs\/","og_locale":"de_DE","og_type":"article","og_title":"Conhe\u00e7a a Quiero Caf\u00e9 em Torres RS - WentTrip","og_description":"Conhe\u00e7a a Quiero Caf\u00e9 em Torres RS - Seja para come\u00e7ar o dia com energia ou para desfrutar de um momento de pausa ou at\u00e9 de neg\u00f3cio, o caf\u00e9 tem o poder de encantar os sentidos e proporcionar experi\u00eancias memor\u00e1veis. E se voc\u00ea est\u00e1 em Torres, no Rio Grande do Sul, uma visita obrigat\u00f3ria \u00e9 \u00e0 Quiero Caf\u00e9.","og_url":"https:\/\/wenttrip.com.br\/de\/brasilien\/brasil-sul\/rio-grande-do-sul\/torres\/treffen-sie-das-quiero-cafe-in-torres-rs\/","og_site_name":"WentTrip","article_publisher":"https:\/\/m.facebook.com\/profile.php","article_author":"https:\/\/m.facebook.com\/profile.php","article_published_time":"2024-04-03T19:39:54+00:00","article_modified_time":"2024-04-03T19:39:55+00:00","og_image":[{"width":1024,"height":683,"url":"https:\/\/wenttrip.com.br\/wp-content\/uploads\/2021\/11\/QuieroCafeTorres_0048_web-1024x683-1.jpg","type":"image\/jpeg"}],"author":"Fernanda Machado","twitter_card":"summary_large_image","twitter_creator":"@https:\/\/twitter.com\/wenttrip","twitter_site":"@wenttrip","twitter_misc":{"Verfasst von":"Fernanda Machado","Gesch\u00e4tzte Lesezeit":"4\u00a0Minuten"},"schema":{"@context":"https:\/\/schema.org","@graph":[{"@type":"Article","@id":"https:\/\/wenttrip.com.br\/de\/brasilien\/brasil-sul\/rio-grande-do-sul\/torres\/treffen-sie-das-quiero-cafe-in-torres-rs\/#article","isPartOf":{"@id":"https:\/\/wenttrip.com.br\/de\/brasilien\/brasil-sul\/rio-grande-do-sul\/torres\/treffen-sie-das-quiero-cafe-in-torres-rs\/"},"author":{"name":"Fernanda Machado","@id":"https:\/\/wenttrip.com.br\/de\/#\/schema\/person\/c0ff87b449a960037fdd1b024842fcf9"},"headline":"Conhe\u00e7a a Quiero Caf\u00e9 em Torres RS","datePublished":"2024-04-03T19:39:54+00:00","dateModified":"2024-04-03T19:39:55+00:00","mainEntityOfPage":{"@id":"https:\/\/wenttrip.com.br\/de\/brasilien\/brasil-sul\/rio-grande-do-sul\/torres\/treffen-sie-das-quiero-cafe-in-torres-rs\/"},"wordCount":790,"commentCount":0,"publisher":{"@id":"https:\/\/wenttrip.com.br\/de\/#\/schema\/person\/c0ff87b449a960037fdd1b024842fcf9"},"image":{"@id":"https:\/\/wenttrip.com.br\/de\/brasilien\/brasil-sul\/rio-grande-do-sul\/torres\/treffen-sie-das-quiero-cafe-in-torres-rs\/#primaryimage"},"thumbnailUrl":"https:\/\/wenttrip.com.br\/wp-content\/uploads\/2021\/11\/QuieroCafeTorres_0048_web-1024x683-1.jpg","keywords":["quiero caf\u00e9"],"articleSection":["Torres"],"inLanguage":"de","potentialAction":[{"@type":"CommentAction","name":"Comment","target":["https:\/\/wenttrip.com.br\/de\/brasilien\/brasil-sul\/rio-grande-do-sul\/torres\/treffen-sie-das-quiero-cafe-in-torres-rs\/#respond"]}]},{"@type":"WebPage","@id":"https:\/\/wenttrip.com.br\/de\/brasilien\/brasil-sul\/rio-grande-do-sul\/torres\/treffen-sie-das-quiero-cafe-in-torres-rs\/","url":"https:\/\/wenttrip.com.br\/de\/brasilien\/brasil-sul\/rio-grande-do-sul\/torres\/treffen-sie-das-quiero-cafe-in-torres-rs\/","name":"Entdecken Sie das Quiero Caf\u00e9 in Torres RS - WentTrip","isPartOf":{"@id":"https:\/\/wenttrip.com.br\/de\/#website"},"primaryImageOfPage":{"@id":"https:\/\/wenttrip.com.br\/de\/brasilien\/brasil-sul\/rio-grande-do-sul\/torres\/treffen-sie-das-quiero-cafe-in-torres-rs\/#primaryimage"},"image":{"@id":"https:\/\/wenttrip.com.br\/de\/brasilien\/brasil-sul\/rio-grande-do-sul\/torres\/treffen-sie-das-quiero-cafe-in-torres-rs\/#primaryimage"},"thumbnailUrl":"https:\/\/wenttrip.com.br\/wp-content\/uploads\/2021\/11\/QuieroCafeTorres_0048_web-1024x683-1.jpg","datePublished":"2024-04-03T19:39:54+00:00","dateModified":"2024-04-03T19:39:55+00:00","description":"Entdecken Sie das Quiero Caf\u00e9 in Torres RS \u2013 ob Sie den Tag mit Energie beginnen oder einen Moment der Pause oder sogar eines Gesch\u00e4fts genie\u00dfen m\u00f6chten, Kaffee hat die Kraft, die Sinne zu erfreuen und unvergessliche Erlebnisse zu bieten. Und wenn Sie in Torres, Rio Grande do Sul sind, sollten Sie unbedingt das Quiero Caf\u00e9 besuchen.","breadcrumb":{"@id":"https:\/\/wenttrip.com.br\/de\/brasilien\/brasil-sul\/rio-grande-do-sul\/torres\/treffen-sie-das-quiero-cafe-in-torres-rs\/#breadcrumb"},"inLanguage":"de","potentialAction":[{"@type":"ReadAction","target":["https:\/\/wenttrip.com.br\/de\/brasilien\/brasil-sul\/rio-grande-do-sul\/torres\/treffen-sie-das-quiero-cafe-in-torres-rs\/"]}]},{"@type":"ImageObject","inLanguage":"de","@id":"https:\/\/wenttrip.com.br\/de\/brasilien\/brasil-sul\/rio-grande-do-sul\/torres\/treffen-sie-das-quiero-cafe-in-torres-rs\/#primaryimage","url":"https:\/\/wenttrip.com.br\/wp-content\/uploads\/2021\/11\/QuieroCafeTorres_0048_web-1024x683-1.jpg","contentUrl":"https:\/\/wenttrip.com.br\/wp-content\/uploads\/2021\/11\/QuieroCafeTorres_0048_web-1024x683-1.jpg","width":1024,"height":683,"caption":"Quiero Cafe Torres"},{"@type":"BreadcrumbList","@id":"https:\/\/wenttrip.com.br\/de\/brasilien\/brasil-sul\/rio-grande-do-sul\/torres\/treffen-sie-das-quiero-cafe-in-torres-rs\/#breadcrumb","itemListElement":[{"@type":"ListItem","position":1,"name":"In\u00edcio","item":"https:\/\/wenttrip.com.br\/de\/"},{"@type":"ListItem","position":2,"name":"Conhe\u00e7a a Quiero Caf\u00e9 em Torres RS"}]},{"@type":"WebSite","@id":"https:\/\/wenttrip.com.br\/de\/#website","url":"https:\/\/wenttrip.com.br\/de\/","name":"WentTrip","description":"Ihr kompletter Reisef\u00fchrer mit vielen Tipps zu Abenteuern, Orten, Essen, Hotels.","publisher":{"@id":"https:\/\/wenttrip.com.br\/de\/#\/schema\/person\/c0ff87b449a960037fdd1b024842fcf9"},"potentialAction":[{"@type":"SearchAction","target":{"@type":"EntryPoint","urlTemplate":"https:\/\/wenttrip.com.br\/de\/?s={search_term_string}"},"query-input":{"@type":"PropertyValueSpecification","valueRequired":true,"valueName":"search_term_string"}}],"inLanguage":"de"},{"@type":["Person","Organization"],"@id":"https:\/\/wenttrip.com.br\/de\/#\/schema\/person\/c0ff87b449a960037fdd1b024842fcf9","name":"Fernanda Machado","image":{"@type":"ImageObject","inLanguage":"de","@id":"https:\/\/wenttrip.com.br\/wp-content\/uploads\/2022\/08\/WentTrip-2.png","url":"https:\/\/wenttrip.com.br\/wp-content\/uploads\/2022\/08\/WentTrip-2.png","contentUrl":"https:\/\/wenttrip.com.br\/wp-content\/uploads\/2022\/08\/WentTrip-2.png","width":1000,"height":1000,"caption":"Fernanda Machado"},"logo":{"@id":"https:\/\/wenttrip.com.br\/wp-content\/uploads\/2022\/08\/WentTrip-2.png"},"description":"Ich habe gelernt, dass das Leben leichter ist, wenn wir neben Tr\u00e4umen auch einen Rucksack auf den R\u00fccken packen. Ich liebe es zu reisen! Ich bin 34 Jahre alt, Mutter von 3 Hunden: Pantufa, Mutley und Mixuruca. Wir teilen hier unsere Erfahrungen, wir hoffen, dass es euch gef\u00e4llt!","sameAs":["https:\/\/wenttrip.com.br","https:\/\/m.facebook.com\/profile.php","https:\/\/www.instagram.com\/wenttrip\/","https:\/\/x.com\/https:\/\/twitter.com\/wenttrip","https:\/\/www.youtube.com\/c\/WentTrip\/videos"],"url":"https:\/\/wenttrip.com.br\/de\/author\/admin\/"}]}},"_links":{"self":[{"href":"https:\/\/wenttrip.com.br\/de\/wp-json\/wp\/v2\/posts\/25318","targetHints":{"allow":["GET"]}}],"collection":[{"href":"https:\/\/wenttrip.com.br\/de\/wp-json\/wp\/v2\/posts"}],"about":[{"href":"https:\/\/wenttrip.com.br\/de\/wp-json\/wp\/v2\/types\/post"}],"author":[{"embeddable":true,"href":"https:\/\/wenttrip.com.br\/de\/wp-json\/wp\/v2\/users\/1"}],"replies":[{"embeddable":true,"href":"https:\/\/wenttrip.com.br\/de\/wp-json\/wp\/v2\/comments?post=25318"}],"version-history":[{"count":0,"href":"https:\/\/wenttrip.com.br\/de\/wp-json\/wp\/v2\/posts\/25318\/revisions"}],"wp:featuredmedia":[{"embeddable":true,"href":"https:\/\/wenttrip.com.br\/de\/wp-json\/wp\/v2\/media\/3132"}],"wp:attachment":[{"href":"https:\/\/wenttrip.com.br\/de\/wp-json\/wp\/v2\/media?parent=25318"}],"wp:term":[{"taxonomy":"category","embeddable":true,"href":"https:\/\/wenttrip.com.br\/de\/wp-json\/wp\/v2\/categories?post=25318"},{"taxonomy":"post_tag","embeddable":true,"href":"https:\/\/wenttrip.com.br\/de\/wp-json\/wp\/v2\/tags?post=25318"}],"curies":[{"name":"wp","href":"https:\/\/api.w.org\/{rel}","templated":true}]}}