{"id":23876,"date":"2023-11-27T17:19:38","date_gmt":"2023-11-27T20:19:38","guid":{"rendered":"https:\/\/wenttrip.com.br\/?p=23876"},"modified":"2023-11-27T17:59:51","modified_gmt":"2023-11-27T20:59:51","slug":"reveillon-em-buzios-atualizado","status":"publish","type":"post","link":"https:\/\/wenttrip.com.br\/de\/brasilien\/brasil-sudeste\/rio-de-janeiro\/neues-jahr-in-buzios-aktualisiert\/","title":{"rendered":"Silvester in B\u00fazios \u2013 Aktualisiert"},"content":{"rendered":"<div id=\"ez-toc-container\" class=\"ez-toc-v2_0_82_2 counter-hierarchy ez-toc-counter ez-toc-grey ez-toc-container-direction\">\n<div class=\"ez-toc-title-container\">\n<p class=\"ez-toc-title\" style=\"cursor:inherit\">Index<\/p>\n<span class=\"ez-toc-title-toggle\"><a href=\"#\" class=\"ez-toc-pull-right ez-toc-btn ez-toc-btn-xs ez-toc-btn-default ez-toc-toggle\" aria-label=\"Inhaltsverzeichnis umschalten\"><span class=\"ez-toc-js-icon-con\"><span class=\"\"><span class=\"eztoc-hide\" style=\"display:none;\">Umschalten<\/span><span class=\"ez-toc-icon-toggle-span\"><svg style=\"fill: #999;color:#999\" xmlns=\"http:\/\/www.w3.org\/2000\/svg\" class=\"list-377408\" width=\"20px\" height=\"20px\" viewbox=\"0 0 24 24\" fill=\"none\"><path d=\"M6 6H4v2h2V6zm14 0H8v2h12V6zM4 11h2v2H4v-2zm16 0H8v2h12v-2zM4 16h2v2H4v-2zm16 0H8v2h12v-2z\" fill=\"currentColor\"><\/path><\/svg><svg style=\"fill: #999;color:#999\" class=\"arrow-unsorted-368013\" xmlns=\"http:\/\/www.w3.org\/2000\/svg\" width=\"10px\" height=\"10px\" viewbox=\"0 0 24 24\" version=\"1.2\" baseprofile=\"tiny\"><path d=\"M18.2 9.3l-6.2-6.3-6.2 6.3c-.2.2-.3.4-.3.7s.1.5.3.7c.2.2.4.3.7.3h11c.3 0 .5-.1.7-.3.2-.2.3-.5.3-.7s-.1-.5-.3-.7zM5.8 14.7l6.2 6.3 6.2-6.3c.2-.2.3-.5.3-.7s-.1-.5-.3-.7c-.2-.2-.4-.3-.7-.3h-11c-.3 0-.5.1-.7.3-.2.2-.3.5-.3.7s.1.5.3.7z\"\/><\/svg><\/span><\/span><\/span><\/a><\/span><\/div>\n<nav><ul class='ez-toc-list ez-toc-list-level-1' ><li class='ez-toc-page-1 ez-toc-heading-level-2'><a class=\"ez-toc-link ez-toc-heading-1\" href=\"https:\/\/wenttrip.com.br\/de\/brasilien\/brasil-sudeste\/rio-de-janeiro\/neues-jahr-in-buzios-aktualisiert\/#Reveillon_Viva_Mais_Buzios_2024\" >Silvester Viva Mais B\u00fazios 2024<\/a><\/li><li class='ez-toc-page-1 ez-toc-heading-level-2'><a class=\"ez-toc-link ez-toc-heading-2\" href=\"https:\/\/wenttrip.com.br\/de\/brasilien\/brasil-sudeste\/rio-de-janeiro\/neues-jahr-in-buzios-aktualisiert\/#Reveillon_Buzios_RJ_5_dias_de_festas_OPEN_BAR_e_Hospedagem_Casa_do_Embaixador\" >Silvester B\u00fazios RJ (5 Tage OPEN BAR-Partys und Unterkunft) Casa do Embaixador<\/a><\/li><li class='ez-toc-page-1 ez-toc-heading-level-2'><a class=\"ez-toc-link ez-toc-heading-3\" href=\"https:\/\/wenttrip.com.br\/de\/brasilien\/brasil-sudeste\/rio-de-janeiro\/neues-jahr-in-buzios-aktualisiert\/#Reveillon_A_Villa_Buzios_2024\" >Silvester Villa B\u00fazios 2024<\/a><\/li><li class='ez-toc-page-1 ez-toc-heading-level-2'><a class=\"ez-toc-link ez-toc-heading-4\" href=\"https:\/\/wenttrip.com.br\/de\/brasilien\/brasil-sudeste\/rio-de-janeiro\/neues-jahr-in-buzios-aktualisiert\/#Reveillon_2024_A_Concept\" >Silvester 2024 Ein Konzept<\/a><\/li><li class='ez-toc-page-1 ez-toc-heading-level-2'><a class=\"ez-toc-link ez-toc-heading-5\" href=\"https:\/\/wenttrip.com.br\/de\/brasilien\/brasil-sudeste\/rio-de-janeiro\/neues-jahr-in-buzios-aktualisiert\/#REVEILLON_NA_PRAIA_de_Buzios\" >Silvester am Strand von B\u00fazios<\/a><\/li><li class='ez-toc-page-1 ez-toc-heading-level-2'><a class=\"ez-toc-link ez-toc-heading-6\" href=\"https:\/\/wenttrip.com.br\/de\/brasilien\/brasil-sudeste\/rio-de-janeiro\/neues-jahr-in-buzios-aktualisiert\/#Festa_de_reveillon_em_Buzios\" >Silvesterparty in B\u00fazios<\/a><\/li><li class='ez-toc-page-1 ez-toc-heading-level-2'><a class=\"ez-toc-link ez-toc-heading-7\" href=\"https:\/\/wenttrip.com.br\/de\/brasilien\/brasil-sudeste\/rio-de-janeiro\/neues-jahr-in-buzios-aktualisiert\/#Privilege_Buzios\" >Privileg B\u00fazios<\/a><\/li><li class='ez-toc-page-1 ez-toc-heading-level-2'><a class=\"ez-toc-link ez-toc-heading-8\" href=\"https:\/\/wenttrip.com.br\/de\/brasilien\/brasil-sudeste\/rio-de-janeiro\/neues-jahr-in-buzios-aktualisiert\/#Reveillon_organizado_pela_Prefeitura_de_Buzios\" >Silvester, organisiert vom Rathaus von B\u00fazios<\/a><\/li><li class='ez-toc-page-1 ez-toc-heading-level-2'><a class=\"ez-toc-link ez-toc-heading-9\" href=\"https:\/\/wenttrip.com.br\/de\/brasilien\/brasil-sudeste\/rio-de-janeiro\/neues-jahr-in-buzios-aktualisiert\/#Dicas_de_hoteis_em_Buzios\" >Hoteltipps in B\u00fazios<\/a><ul class='ez-toc-list-level-3' ><li class='ez-toc-heading-level-3'><a class=\"ez-toc-link ez-toc-heading-10\" href=\"https:\/\/wenttrip.com.br\/de\/brasilien\/brasil-sudeste\/rio-de-janeiro\/neues-jahr-in-buzios-aktualisiert\/#Hotel_Don_Quijote_Buzios\" >Hotel Don Quijote B\u00fazios<\/a><\/li><\/ul><\/li><li class='ez-toc-page-1 ez-toc-heading-level-2'><a class=\"ez-toc-link ez-toc-heading-11\" href=\"https:\/\/wenttrip.com.br\/de\/brasilien\/brasil-sudeste\/rio-de-janeiro\/neues-jahr-in-buzios-aktualisiert\/#Hotel_Atlantico_Buzios_Convention\" >Hotel Atlantico B\u00fazios Convention<\/a><ul class='ez-toc-list-level-3' ><li class='ez-toc-heading-level-3'><a class=\"ez-toc-link ez-toc-heading-12\" href=\"https:\/\/wenttrip.com.br\/de\/brasilien\/brasil-sudeste\/rio-de-janeiro\/neues-jahr-in-buzios-aktualisiert\/#Colonna_Park_Hotel\" >Colonna Park Hotel<\/a><\/li><li class='ez-toc-page-1 ez-toc-heading-level-3'><a class=\"ez-toc-link ez-toc-heading-13\" href=\"https:\/\/wenttrip.com.br\/de\/brasilien\/brasil-sudeste\/rio-de-janeiro\/neues-jahr-in-buzios-aktualisiert\/#HOTEL_VILLE_LA_PLAGE_BEACH_CLUB\" >HOTEL VILLE LA PLAGE &amp; BEACH CLUB<\/a><\/li><\/ul><\/li><li class='ez-toc-page-1 ez-toc-heading-level-2'><a class=\"ez-toc-link ez-toc-heading-14\" href=\"https:\/\/wenttrip.com.br\/de\/brasilien\/brasil-sudeste\/rio-de-janeiro\/neues-jahr-in-buzios-aktualisiert\/#Qual_Praia_de_Buzios_tem_queima_de_fogos\" >An welchem Strand in B\u00fazios gibt es Feuerwerk?<\/a><\/li><li class='ez-toc-page-1 ez-toc-heading-level-2'><a class=\"ez-toc-link ez-toc-heading-15\" href=\"https:\/\/wenttrip.com.br\/de\/brasilien\/brasil-sudeste\/rio-de-janeiro\/neues-jahr-in-buzios-aktualisiert\/#Vai_ter_queima_de_fogos_em_Buzios_2023\" >Wird es in B\u00fazios 2023 ein Feuerwerk geben?<\/a><\/li><li class='ez-toc-page-1 ez-toc-heading-level-2'><a class=\"ez-toc-link ez-toc-heading-16\" href=\"https:\/\/wenttrip.com.br\/de\/brasilien\/brasil-sudeste\/rio-de-janeiro\/neues-jahr-in-buzios-aktualisiert\/#Onde_passar_reveillon_em_Buzios\" >Wo kann man Silvester in B\u00fazios verbringen?<\/a><\/li><\/ul><\/nav><\/div>\n\n<p>Begr\u00fc\u00dfen Sie das neue Jahr im Charme von B\u00fazios! Mit seinen atemberaubenden Str\u00e4nden, Restaurants am Meer und der lebhaften Atmosph\u00e4re verspricht Silvester in B\u00fazios ein unvergessliches Fest. Schauen Sie sich in diesem Beitrag alle Informationen an, die Sie f\u00fcr einen unvergesslichen Silvesterabend wissen m\u00fcssen! <\/p>\n\n\n\n<p>W\u00e4hrend der Silvesterzeit empf\u00e4ngt die Stadt Tausende von Touristen aus verschiedenen Teilen Brasiliens und der ganzen Welt und der H\u00f6hepunkt der Silvesterfeier findet an vier Orten in der Stadt statt: <strong>Centro (Orla Bardot), Gerib\u00e1, Rasa (INEFI) und Manguinhos.<\/strong><\/p>\n\n\n\n<blockquote class=\"wp-block-quote is-layout-flow wp-block-quote-is-layout-flow\">\n<p><br>Wir glauben so sehr an die Exzellenz von <strong><a href=\"https:\/\/www.booking.com\/index.html?aid=8010377\" target=\"_blank\" rel=\"noreferrer noopener\">Buchung <\/a><\/strong>Wir haben uns auch entschieden, dort zu reservieren! Sicherheit steht an erster Stelle und die <strong><a href=\"https:\/\/www.booking.com\/index.html?aid=8010377\" target=\"_blank\" rel=\"noreferrer noopener\">Buchung<\/a><\/strong> bietet eine zuverl\u00e4ssige Plattform mit sicheren Zahlungssystemen und <strong>echte Bewertungen von anderen Reisenden. <\/strong><\/p>\n\n\n\n<p>Buchen Sie mit <strong><a href=\"https:\/\/www.booking.com\/index.html?aid=8010377\" target=\"_blank\" rel=\"noreferrer noopener\">Buchung<\/a><\/strong>und genie\u00dfen Sie die Sicherheit eines garantierten und zuverl\u00e4ssigen Mieterlebnisses. Ihre Reise beginnt mit Selbstvertrauen und Komfort! \ud83c\udf10\ud83d\udd10 Ich erinnere mich daran, dass die <strong>Die Stornierung ist kostenlos<\/strong>, was es noch vorteilhafter macht, Ihre Reservierungen so schnell wie m\u00f6glich vorzunehmen!<\/p>\n<\/blockquote>\n\n\n\n<p><strong>Lesen Sie auch: <\/strong><\/p>\n\n\n\n<ul class=\"wp-block-list\">\n<li> <a href=\"https:\/\/wenttrip.com.br\/de\/brasilien\/brasil-sudeste\/rio-de-janeiro\/buzios-rio-de-janeiro\/\">B\u00fazios \u2013 Rio de Janeiro<\/a><\/li>\n\n\n\n<li><a href=\"https:\/\/wenttrip.com.br\/de\/brasilien\/brasil-sudeste\/rio-de-janeiro\/rio-de-janeiro-was-sollte-ich-wissen\/\">Rio de Janeiro \u2013 was muss ich wissen?<\/a><\/li>\n\n\n\n<li><a href=\"https:\/\/wenttrip.com.br\/de\/brasilien\/brasil-sudeste\/rio-de-janeiro\/reveillon-rio-de-janeiro-2023-aktualisiert\/\">Silvester Rio de Janeiro 2024 \u2013 AKTUALISIERT<\/a><\/li>\n<\/ul>\n\n\n\n<p><\/p>\n\n\n\n<h2 class=\"wp-block-heading\"><span class=\"ez-toc-section\" id=\"Reveillon_Viva_Mais_Buzios_2024\"><\/span>Silvester Viva Mais B\u00fazios 2024<span class=\"ez-toc-section-end\"><\/span><\/h2>\n\n\n\n<p>Schauen Sie sich den Zeitplan f\u00fcr diese aufregende Party an:<\/p>\n\n\n\n<ul class=\"wp-block-list\">\n<li>29. Dezember: Filipe Ret + T\u00edlia + Dapaz<\/li>\n\n\n\n<li>30. Dezember: Poze do Rodo + Rust<\/li>\n\n\n\n<li>31. Dezember: Cabelinho (alles inklusive)<\/li>\n\n\n\n<li>1. Januar: Wundersch\u00f6n<\/li>\n<\/ul>\n\n\n\n<figure class=\"wp-block-image size-full\"><img decoding=\"async\" width=\"290\" height=\"152\" src=\"https:\/\/wenttrip.com.br\/wp-content\/uploads\/2023\/11\/Reveillon-Viva-Mais-Buzios-2024.jpg\" alt=\"\" class=\"wp-image-23884\" srcset=\"https:\/\/wenttrip.com.br\/wp-content\/uploads\/2023\/11\/Reveillon-Viva-Mais-Buzios-2024.jpg 290w, https:\/\/wenttrip.com.br\/wp-content\/uploads\/2023\/11\/Reveillon-Viva-Mais-Buzios-2024-18x9.jpg 18w\" sizes=\"(max-width: 290px) 100vw, 290px\" \/><\/figure>\n\n\n\n<p><\/p>\n\n\n\n<h2 class=\"wp-block-heading\"><span class=\"ez-toc-section\" id=\"Reveillon_Buzios_RJ_5_dias_de_festas_OPEN_BAR_e_Hospedagem_Casa_do_Embaixador\"><\/span>Silvester B\u00fazios RJ (5 Tage OPEN BAR-Partys und Unterkunft) Casa do Embaixador<span class=\"ez-toc-section-end\"><\/span><\/h2>\n\n\n\n<p>Es gibt 5 Tage lang jede Menge Open-Bar-Partys, Unterk\u00fcnfte und Touren. Auf der Party werden jeden Abend Gast-DJs auftreten. Die Party ist ausschlie\u00dflich f\u00fcr Erwachsene. <\/p>\n\n\n\n<p>Ticket f\u00fcr 5 Veranstaltungstage mit viel Live-Musik, Gast-DJs, OPEN BAR, 4 an einem Ort in Gerib\u00e1 und 1 auf hoher See.&nbsp;<\/p>\n\n\n\n<p>Happy Hour am 31. mit vielen Snacks und allen Events <strong>OPEN BAR<\/strong>.<\/p>\n\n\n\n<h2 class=\"wp-block-heading\"><span class=\"ez-toc-section\" id=\"Reveillon_A_Villa_Buzios_2024\"><\/span>Silvester Villa B\u00fazios 2024<span class=\"ez-toc-section-end\"><\/span><\/h2>\n\n\n\n<p>Die letzte Woche des Jahres konnte nur an einem wirklich unglaublichen Ort gefeiert werden, mit einer der begehrtesten Aussichten der Rio-Bewohner. \ud83e\udd29<\/p>\n\n\n\n<p><strong>Zeitplan anzeigen<br><\/strong>28.12. \u2013 Weniger ist mehr<br>29.12. \u2013 Luan Santana<br>30.12. \u2013 Anitta und Kiaz<br>31.12. \u2013 Silvester mit Dilsinho und L7nnon (Open Bar &amp; Open Food)<\/p>\n\n\n\n<p>\u00d6ffentliche Eintrittszeiten:<br>Tage 28, 29 und 30: Von 14:00 bis 22:00 Uhr.<br>31.12. (Silvester): Von 20:00 bis 6:00 Uhr.<\/p>\n\n\n\n<h2 class=\"wp-block-heading\"><span class=\"ez-toc-section\" id=\"Reveillon_2024_A_Concept\"><\/span>Silvester 2024 Ein Konzept<span class=\"ez-toc-section-end\"><\/span><\/h2>\n\n\n\n<p>Eine unvergessliche Party mit Luxus, Raffinesse und Eleganz am Meer im A Concept Hotel &amp; Spa. Ein Silvester, der in Ihrer Geschichte unvergesslich bleiben wird. Ein neues Jahr, das in Ihre Geschichte eingehen wird. Feiern Sie mit neuer Energie einen neuen Zyklus und begr\u00fc\u00dfen Sie das Jahr 2024 im A Concept Hotel-Stil.<\/p>\n\n\n\n<ul class=\"wp-block-list\">\n<li>Datum: 31. Dezember 2023.<\/li>\n\n\n\n<li>Zeit: ab 20 Uhr.&nbsp;<\/li>\n\n\n\n<li>Offene Bar und offenes Essen<\/li>\n<\/ul>\n\n\n\n<p>Das Coole an dieser Party ist, dass es eine Kinderstation mit Monitoren gibt, sodass w\u00e4hrend Sie Spa\u00df haben, auch Ihre Kinder eine Party feiern!<\/p>\n\n\n\n<p>Sehensw\u00fcrdigkeiten:<\/p>\n\n\n\n<ul class=\"wp-block-list\">\n<li><strong>SERIENFUNKER<\/strong><\/li>\n\n\n\n<li><strong>SERIENFUNKER<\/strong><\/li>\n\n\n\n<li><strong>DJ CAMILA PEIXOTO:<\/strong><\/li>\n\n\n\n<li><strong>S\u00dc\u00dfIGKEITEN-TANZ:<\/strong> Lassen Sie sich von k\u00fcnstlerischen Shows \u00fcberraschen, die von schlicht \u00fcber elegant bis luxuri\u00f6s reichen. Mit einer unvergesslichen Auff\u00fchrung mit T\u00e4nzern, S\u00e4ngern, Zirkusartisten und vielem mehr.<\/li>\n<\/ul>\n\n\n\n<h2 class=\"wp-block-heading\"><span class=\"ez-toc-section\" id=\"REVEILLON_NA_PRAIA_de_Buzios\"><\/span>Silvester am Strand von B\u00fazios<span class=\"ez-toc-section-end\"><\/span><\/h2>\n\n\n\n<p>Ein k\u00fcrzlich erbautes Haus mit Blick auf den hei\u00dfesten Strand von Rio das Ostras, mit offenen und geschlossenen R\u00e4umen und einer zweiten Etage mit einem exklusiven Balkon mit Blick auf das Meer und den Costa Azul Pier, dem Hauptpunkt des Silvester-Feuerwerksfestivals. Oysters River! Von diesem exklusiven Bereich aus k\u00f6nnen Sie auch das Feuerwerk von B\u00fazios sehen.<\/p>\n\n\n\n<p>Machen Sie sich bereit, dieses unglaubliche Erlebnis in vollen Z\u00fcgen zu genie\u00dfen&nbsp;<strong>ALLES INKLUSIVE<\/strong>!<\/p>\n\n\n\n<ul class=\"wp-block-list\">\n<li><strong>Mit Live-Shows<br>+ All Inclusive Premium oder VIP<\/strong><\/li>\n\n\n\n<li><strong>+ Feuerwerk mit Blick auf den Strand<\/strong><\/li>\n\n\n\n<li><strong>+ Orakulisten mit personalisierten Vorhersagen f\u00fcr 2024<\/strong><\/li>\n\n\n\n<li><strong>+Nachher<\/strong><\/li>\n\n\n\n<li><strong>SEHENSW\u00dcRDIGKEITEN:<\/strong><\/li>\n\n\n\n<li>Marah Singer<\/li>\n\n\n\n<li>DJ Alex Ferreira<\/li>\n\n\n\n<li>Beta<\/li>\n<\/ul>\n\n\n\n<h2 class=\"wp-block-heading\"><span class=\"ez-toc-section\" id=\"Festa_de_reveillon_em_Buzios\"><\/span>Silvesterparty in B\u00fazios<span class=\"ez-toc-section-end\"><\/span><\/h2>\n\n\n\n<p>Feiern Sie Silvester in entspannter und einladender Atmosph\u00e4re in Tucuns, B\u00fazios! Genie\u00dfen Sie eine ausgelassene Party mit einem k\u00f6stlichen und abwechslungsreichen Abendessen, bei dem ein DJ die ganze Nacht \u00fcber f\u00fcr Stimmung sorgt. <\/p>\n\n\n\n<p>Feiern Sie mit uns den Start ins neue Jahr in bester Gesellschaft!<\/p>\n\n\n\n<p><strong>Adresse:<\/strong> R. Tr\u00eas Amores, 14 \u2013 Tucuns, B\u00fazios \u2013 RJ<\/p>\n\n\n\n<h2 class=\"wp-block-heading\"><span class=\"ez-toc-section\" id=\"Privilege_Buzios\"><\/span>Privileg B\u00fazios<span class=\"ez-toc-section-end\"><\/span><\/h2>\n\n\n\n<p>Die Party f\u00fcr Paare, die eine gute Zeit lieben! Dies ist die Zeit f\u00fcr Sie, eine unvergessliche Nacht zu erleben<br>zum Klang von\u00a0<strong>MOCHAKK und THAIS BARJA<\/strong>\u00a0im Fishbone in B\u00fazios.<\/p>\n\n\n\n<p>Lassen Sie uns eine Welt voller Sensationen und Magie erkunden. Feiern Sie HEUTE. LEBEN SIE JETZT DIE ERINNERUNGEN AN EINE SCH\u00d6NE ZUKUNFT!<\/p>\n\n\n\n<p><strong>Lokal:<\/strong> Fischgr\u00e4te \u2013 Gerib\u00e1 \u2013 B\u00fazios.<br>All-Inclusive-Essens- und Getr\u00e4nkeservice.<\/p>\n\n\n\n<h2 class=\"wp-block-heading\"><span class=\"ez-toc-section\" id=\"Reveillon_organizado_pela_Prefeitura_de_Buzios\"><\/span>Silvester, organisiert vom Rathaus von B\u00fazios<span class=\"ez-toc-section-end\"><\/span><\/h2>\n\n\n\n<p>W\u00e4hrend der Silvesterzeit empf\u00e4ngt die Stadt Tausende von Touristen aus verschiedenen Teilen Brasiliens und der Welt und der H\u00f6hepunkt der Silvesterparty findet an vier Orten in der Stadt statt: Centro (Orla Bardot), Gerib\u00e1, Rasa (INEFI). ) und Manguinhos .<\/p>\n\n\n\n<p>F\u00fcr dieses Jahr wurden noch keine Informationen ver\u00f6ffentlicht, sobald diese ver\u00f6ffentlicht werden, werden wir sie aus erster Hand f\u00fcr Sie aktualisieren!<\/p>\n\n\n\n<h2 class=\"wp-block-heading\"><span class=\"ez-toc-section\" id=\"Dicas_de_hoteis_em_Buzios\"><\/span>Hoteltipps in B\u00fazios<span class=\"ez-toc-section-end\"><\/span><\/h2>\n\n\n\n<blockquote class=\"wp-block-quote is-layout-flow wp-block-quote-is-layout-flow\">\n<p>Wenn Sie Ihre Reservierung noch nicht vorgenommen haben, sind Sie meiner Meinung nach schon sehr sp\u00e4t dran, also tun Sie es noch heute! Der Hauptgrund f\u00fcr Sie, die Buchung Ihres Hotels nicht um einen weiteren Tag zu verschieben, ist der <strong>t\u00e4glicher Wert!<\/strong> <\/p>\n\n\n\n<p>Je weniger Optionen zum Jahresende zur Verf\u00fcgung stehen, desto mehr Hotels, die noch freie Pl\u00e4tze haben, werden ihre Zimmerpreise erh\u00f6hen. Ein weiterer wichtiger Punkt ist der <strong>Qualit\u00e4t des Hotels und Entfernung zu den wichtigsten Touristenattraktionen. <\/strong>Am Ende mietet man Hotels in guter Lage und dieser Tipp ist f\u00fcr Sie: W\u00e4hlen Sie Hotels in der N\u00e4he des Ortes, an dem Sie Silvester verbringen m\u00f6chten, am besten, wenn Sie alles zu Fu\u00df erledigen k\u00f6nnen. <\/p>\n\n\n\n<p>Auf diese Weise ersparen Sie sich den Stress, zu Silvester mit dem Auto anreisen zu m\u00fcssen.<\/p>\n\n\n\n<p>Also nichts wie los, f\u00fcr unsere Tipps!<\/p>\n<\/blockquote>\n\n\n\n<h3 class=\"wp-block-heading\"><span class=\"ez-toc-section\" id=\"Hotel_Don_Quijote_Buzios\"><\/span>Hotel Don Quijote B\u00fazios<span class=\"ez-toc-section-end\"><\/span><\/h3>\n\n\n\n<p>Das Hotel Don Quijote B\u00fazios liegt weniger als 300 m von Praia do Canto und der Rua das Pedras entfernt und bietet komfortable Zimmer mit Klimaanlage und kostenfreiem WLAN. Die Unterkunft verf\u00fcgt \u00fcber einen Au\u00dfenpool.<\/p>\n\n\n\n<style>\n    \n    .booking-button {\n      display: inline-block;\n      padding: 15px 30px;\n      font-size: 18px;\n      text-align: center;\n      text-decoration: none;\n      background-color: #003580;\n      color: #fff;\n      border-radius: 5px;\n      transition: background-color 0.3s;\n    }\n\n    .booking-button:hover {\n      background-color: #001f4d;\n    }\n  <\/style>\n\n<div class=\"container\">\n  <a href=\"https:\/\/www.booking.com\/hotel\/br\/don-quijote-buzios.en.html?aid=8010377&#038;no_rooms=1&#038;group_adults=2\" class=\"booking-button\" id=\"booking-link\" target=\"_blank\" rel=\"noopener\">\u00dcberpr\u00fcfen Sie den Tageswert<\/a>\n<\/div>\n\n\n\n\n<p><\/p>\n\n\n\n<figure class=\"wp-block-gallery has-nested-images columns-default is-cropped wp-block-gallery-1 is-layout-flex wp-block-gallery-is-layout-flex\">\n<figure class=\"wp-block-image size-large\"><a href=\"https:\/\/www.booking.com\/hotel\/br\/don-quijote-buzios.en.html?aid=8010377&amp;no_rooms=1&amp;group_adults=2\" target=\"_blank\" rel=\"noreferrer noopener\"><img decoding=\"async\" width=\"800\" height=\"534\" data-id=\"23901\" src=\"https:\/\/wenttrip.com.br\/wp-content\/uploads\/2023\/11\/Hotel-Don-Quijote-Buzios-800x534.jpg\" alt=\"Hotel Don Quijote B\u00fazios\" class=\"wp-image-23901\" srcset=\"https:\/\/wenttrip.com.br\/wp-content\/uploads\/2023\/11\/Hotel-Don-Quijote-Buzios-800x534.jpg 800w, https:\/\/wenttrip.com.br\/wp-content\/uploads\/2023\/11\/Hotel-Don-Quijote-Buzios-300x200.jpg 300w, https:\/\/wenttrip.com.br\/wp-content\/uploads\/2023\/11\/Hotel-Don-Quijote-Buzios-768x512.jpg 768w, https:\/\/wenttrip.com.br\/wp-content\/uploads\/2023\/11\/Hotel-Don-Quijote-Buzios-18x12.jpg 18w, https:\/\/wenttrip.com.br\/wp-content\/uploads\/2023\/11\/Hotel-Don-Quijote-Buzios-930x620.jpg 930w, https:\/\/wenttrip.com.br\/wp-content\/uploads\/2023\/11\/Hotel-Don-Quijote-Buzios.jpg 1024w\" sizes=\"(max-width: 800px) 100vw, 800px\" \/><\/a><\/figure>\n\n\n\n<figure class=\"wp-block-image size-large\"><a href=\"https:\/\/www.booking.com\/hotel\/br\/don-quijote-buzios.en.html?aid=8010377&amp;no_rooms=1&amp;group_adults=2\" target=\"_blank\" rel=\"noreferrer noopener\"><img decoding=\"async\" width=\"800\" height=\"534\" data-id=\"23902\" src=\"https:\/\/wenttrip.com.br\/wp-content\/uploads\/2023\/11\/Hotel-Don-Quijote-Buzios1-800x534.jpg\" alt=\"Hotel Don Quijote B\u00fazios\" class=\"wp-image-23902\" srcset=\"https:\/\/wenttrip.com.br\/wp-content\/uploads\/2023\/11\/Hotel-Don-Quijote-Buzios1-800x534.jpg 800w, https:\/\/wenttrip.com.br\/wp-content\/uploads\/2023\/11\/Hotel-Don-Quijote-Buzios1-300x200.jpg 300w, https:\/\/wenttrip.com.br\/wp-content\/uploads\/2023\/11\/Hotel-Don-Quijote-Buzios1-768x512.jpg 768w, https:\/\/wenttrip.com.br\/wp-content\/uploads\/2023\/11\/Hotel-Don-Quijote-Buzios1-18x12.jpg 18w, https:\/\/wenttrip.com.br\/wp-content\/uploads\/2023\/11\/Hotel-Don-Quijote-Buzios1-930x620.jpg 930w, https:\/\/wenttrip.com.br\/wp-content\/uploads\/2023\/11\/Hotel-Don-Quijote-Buzios1.jpg 1024w\" sizes=\"(max-width: 800px) 100vw, 800px\" \/><\/a><\/figure>\n\n\n\n<figure class=\"wp-block-image size-large\"><a href=\"https:\/\/www.booking.com\/hotel\/br\/don-quijote-buzios.en.html?aid=8010377&amp;no_rooms=1&amp;group_adults=2\" target=\"_blank\" rel=\"noreferrer noopener\"><img decoding=\"async\" width=\"800\" height=\"569\" data-id=\"23903\" src=\"https:\/\/wenttrip.com.br\/wp-content\/uploads\/2023\/11\/Hotel-Don-Quijote-Buzios2-800x569.jpg\" alt=\"Hotel Don Quijote B\u00fazios\" class=\"wp-image-23903\" srcset=\"https:\/\/wenttrip.com.br\/wp-content\/uploads\/2023\/11\/Hotel-Don-Quijote-Buzios2-800x569.jpg 800w, https:\/\/wenttrip.com.br\/wp-content\/uploads\/2023\/11\/Hotel-Don-Quijote-Buzios2-300x213.jpg 300w, https:\/\/wenttrip.com.br\/wp-content\/uploads\/2023\/11\/Hotel-Don-Quijote-Buzios2-768x546.jpg 768w, https:\/\/wenttrip.com.br\/wp-content\/uploads\/2023\/11\/Hotel-Don-Quijote-Buzios2-18x12.jpg 18w, https:\/\/wenttrip.com.br\/wp-content\/uploads\/2023\/11\/Hotel-Don-Quijote-Buzios2.jpg 1024w\" sizes=\"(max-width: 800px) 100vw, 800px\" \/><\/a><\/figure>\n<\/figure>\n\n\n\n<p><\/p>\n\n\n\n<h2 class=\"wp-block-heading\"><span class=\"ez-toc-section\" id=\"Hotel_Atlantico_Buzios_Convention\"><\/span>Hotel Atlantico B\u00fazios Convention<span class=\"ez-toc-section-end\"><\/span><\/h2>\n\n\n\n<p>Das Hotel liegt gegen\u00fcber von Praia da Arma\u00e7\u00e3o, in der N\u00e4he von Orla Bardot und nur wenige Gehminuten von der ber\u00fchmten Rua das Pedras entfernt <a href=\"https:\/\/www.booking.com\/hotel\/br\/atlantico-buzios-convention-resort.en.html?aid=8010377&amp;no_rooms=1&amp;group_adults=2\" target=\"_blank\" rel=\"noreferrer noopener\">Hotel Atlantico B\u00fazios<\/a> bietet helle und komfortable Zimmer, die mit Eleganz in Holz eingerichtet sind.<\/p>\n\n\n\n<p>Sowohl Kinder als auch Erwachsene k\u00f6nnen sich in den Schwimmb\u00e4dern und im Spielzimmer vergn\u00fcgen und an Fu\u00dfball- und Volleyballspielen auf den Strandfeldern teilnehmen. Dar\u00fcber hinaus bietet Atl\u00e2ntico B\u00fazios Filme, verschiedene sportliche Aktivit\u00e4ten, ein gut ausgestattetes Fitnessstudio, eine Sauna und Massager\u00e4ume, um einen rundum erholsamen Aufenthalt zu gew\u00e4hrleisten.<\/p>\n\n\n\n<style>\n    \n    .booking-button {\n      display: inline-block;\n      padding: 15px 30px;\n      font-size: 18px;\n      text-align: center;\n      text-decoration: none;\n      background-color: #003580;\n      color: #fff;\n      border-radius: 5px;\n      transition: background-color 0.3s;\n    }\n\n    .booking-button:hover {\n      background-color: #001f4d;\n    }\n  <\/style>\n\n<div class=\"container\">\n  <a href=\"https:\/\/www.booking.com\/hotel\/br\/atlantico-buzios-convention-resort.en.html?aid=8010377&#038;no_rooms=1&#038;group_adults=2\" class=\"booking-button\" id=\"booking-link\" target=\"_blank\" rel=\"noopener\">\u00dcberpr\u00fcfen Sie den Tageswert<\/a>\n<\/div>\n\n\n\n<p id=\"showMap2\"><a href=\"https:\/\/www.booking.com\/hotel\/br\/atlantico-buzios-convention-resort.pt-br.html?aid=304142&amp;label=gen173nr-1DCAEoggI46AdIM1gEaCCIAQGYAS24ARjIAQzYAQPoAQGIAgGoAgS4AqL0k6sGwAIB0gIkYjA2YTMyNjAtOTVlZC00ODI5LTg2ZTUtMTFiY2Q5Mzk1ZjFh2AIE4AIB&amp;sid=c6690122715422188553a596a6fdda86&amp;age=0;all_sr_blocks=2497307_351654874_2_1_0;checkin=2023-12-29;checkout=2024-01-02;dest_id=-626254;dest_type=city;dist=0;group_adults=2;group_children=1;hapos=7;highlighted_blocks=2497307_351654874_2_1_0;hpos=7;matching_block_id=2497307_351654874_2_1_0;no_rooms=1;req_adults=2;req_age=0;req_children=1;room1=A%2CA%2C0;sb_price_type=total;sr_order=popularity;sr_pri_blocks=2497307_351654874_2_1_0__695520;srepoch=1701117113;srpvid=4e638f1728e500ba;type=total;ucfs=1&amp;#map_opened-hotel_address\"><\/a><\/p>\n\n\n\n<figure class=\"wp-block-gallery has-nested-images columns-default is-cropped wp-block-gallery-2 is-layout-flex wp-block-gallery-is-layout-flex\">\n<figure class=\"wp-block-image size-large\"><a href=\"https:\/\/www.booking.com\/hotel\/br\/atlantico-buzios-convention-resort.en.html?aid=8010377&amp;no_rooms=1&amp;group_adults=2\" target=\"_blank\" rel=\"noreferrer noopener\"><img decoding=\"async\" width=\"800\" height=\"534\" data-id=\"23916\" src=\"https:\/\/wenttrip.com.br\/wp-content\/uploads\/2023\/11\/Hotel-Atlantico-Buzios-Convention-2-800x534.jpg\" alt=\"Hotel Atlantico B\u00fazios Convention\" class=\"wp-image-23916\" srcset=\"https:\/\/wenttrip.com.br\/wp-content\/uploads\/2023\/11\/Hotel-Atlantico-Buzios-Convention-2-800x534.jpg 800w, https:\/\/wenttrip.com.br\/wp-content\/uploads\/2023\/11\/Hotel-Atlantico-Buzios-Convention-2-300x200.jpg 300w, https:\/\/wenttrip.com.br\/wp-content\/uploads\/2023\/11\/Hotel-Atlantico-Buzios-Convention-2-768x512.jpg 768w, https:\/\/wenttrip.com.br\/wp-content\/uploads\/2023\/11\/Hotel-Atlantico-Buzios-Convention-2-18x12.jpg 18w, https:\/\/wenttrip.com.br\/wp-content\/uploads\/2023\/11\/Hotel-Atlantico-Buzios-Convention-2-930x620.jpg 930w, https:\/\/wenttrip.com.br\/wp-content\/uploads\/2023\/11\/Hotel-Atlantico-Buzios-Convention-2.jpg 1024w\" sizes=\"(max-width: 800px) 100vw, 800px\" \/><\/a><\/figure>\n\n\n\n<figure class=\"wp-block-image size-large\"><a href=\"https:\/\/www.booking.com\/hotel\/br\/atlantico-buzios-convention-resort.en.html?aid=8010377&amp;no_rooms=1&amp;group_adults=2\" target=\"_blank\" rel=\"noreferrer noopener\"><img decoding=\"async\" width=\"800\" height=\"534\" data-id=\"23918\" src=\"https:\/\/wenttrip.com.br\/wp-content\/uploads\/2023\/11\/Hotel-Atlantico-Buzios-Convention-800x534.jpg\" alt=\"Hotel Atlantico B\u00fazios Convention\" class=\"wp-image-23918\" srcset=\"https:\/\/wenttrip.com.br\/wp-content\/uploads\/2023\/11\/Hotel-Atlantico-Buzios-Convention-800x534.jpg 800w, https:\/\/wenttrip.com.br\/wp-content\/uploads\/2023\/11\/Hotel-Atlantico-Buzios-Convention-300x200.jpg 300w, https:\/\/wenttrip.com.br\/wp-content\/uploads\/2023\/11\/Hotel-Atlantico-Buzios-Convention-768x512.jpg 768w, https:\/\/wenttrip.com.br\/wp-content\/uploads\/2023\/11\/Hotel-Atlantico-Buzios-Convention-18x12.jpg 18w, https:\/\/wenttrip.com.br\/wp-content\/uploads\/2023\/11\/Hotel-Atlantico-Buzios-Convention-930x620.jpg 930w, https:\/\/wenttrip.com.br\/wp-content\/uploads\/2023\/11\/Hotel-Atlantico-Buzios-Convention.jpg 1024w\" sizes=\"(max-width: 800px) 100vw, 800px\" \/><\/a><\/figure>\n\n\n\n<figure class=\"wp-block-image size-large\"><a href=\"https:\/\/www.booking.com\/hotel\/br\/atlantico-buzios-convention-resort.en.html?aid=8010377&amp;no_rooms=1&amp;group_adults=2\" target=\"_blank\" rel=\"noreferrer noopener\"><img decoding=\"async\" width=\"800\" height=\"534\" data-id=\"23917\" src=\"https:\/\/wenttrip.com.br\/wp-content\/uploads\/2023\/11\/Hotel-Atlantico-Buzios-Convention1-800x534.jpg\" alt=\"Hotel Atlantico B\u00fazios Convention\" class=\"wp-image-23917\" srcset=\"https:\/\/wenttrip.com.br\/wp-content\/uploads\/2023\/11\/Hotel-Atlantico-Buzios-Convention1-800x534.jpg 800w, https:\/\/wenttrip.com.br\/wp-content\/uploads\/2023\/11\/Hotel-Atlantico-Buzios-Convention1-300x200.jpg 300w, https:\/\/wenttrip.com.br\/wp-content\/uploads\/2023\/11\/Hotel-Atlantico-Buzios-Convention1-768x512.jpg 768w, https:\/\/wenttrip.com.br\/wp-content\/uploads\/2023\/11\/Hotel-Atlantico-Buzios-Convention1-18x12.jpg 18w, https:\/\/wenttrip.com.br\/wp-content\/uploads\/2023\/11\/Hotel-Atlantico-Buzios-Convention1-930x620.jpg 930w, https:\/\/wenttrip.com.br\/wp-content\/uploads\/2023\/11\/Hotel-Atlantico-Buzios-Convention1.jpg 1024w\" sizes=\"(max-width: 800px) 100vw, 800px\" \/><\/a><\/figure>\n<\/figure>\n\n\n\n<h3 class=\"wp-block-heading\"><span class=\"ez-toc-section\" id=\"Colonna_Park_Hotel\"><\/span>Colonna Park Hotel<span class=\"ez-toc-section-end\"><\/span><\/h3>\n\n\n\n<p>Auf einem Felsen zwischen den Str\u00e4nden Jo\u00e3o Fernandes und Jo\u00e3o Fernandinho in B\u00fazios gelegen <strong><a href=\"https:\/\/www.booking.com\/hotel\/br\/colonna-park.en.html?aid=8010377&amp;no_rooms=1&amp;group_adults=2\" target=\"_blank\" rel=\"noreferrer noopener\">Colonna Park Hotel <\/a><\/strong>Es ist ein elegantes 4-Sterne-Hotel. Mit klimatisierten Zimmern, einem Au\u00dfenpool und kostenfreiem WLAN bietet die Unterkunft ein au\u00dfergew\u00f6hnliches Erlebnis.<\/p>\n\n\n\n<p>Die Zimmer im Colonna Park Hotel bieten einen atemberaubenden Meerblick und einige bieten den zus\u00e4tzlichen Luxus eines Whirlpools.<\/p>\n\n\n\n<style>\n    \n    .booking-button {\n      display: inline-block;\n      padding: 15px 30px;\n      font-size: 18px;\n      text-align: center;\n      text-decoration: none;\n      background-color: #003580;\n      color: #fff;\n      border-radius: 5px;\n      transition: background-color 0.3s;\n    }\n\n    .booking-button:hover {\n      background-color: #001f4d;\n    }\n  <\/style>\n\n<div class=\"container\">\n  <a href=\"https:\/\/www.booking.com\/hotel\/br\/colonna-park.en.html?aid=8010377&#038;no_rooms=1&#038;group_adults=2\" class=\"booking-button\" id=\"booking-link\" target=\"_blank\" rel=\"noopener\">\u00dcberpr\u00fcfen Sie den Tageswert<\/a>\n<\/div>\n\n\n\n<p><\/p>\n\n\n\n<figure class=\"wp-block-gallery has-nested-images columns-default is-cropped wp-block-gallery-3 is-layout-flex wp-block-gallery-is-layout-flex\">\n<figure class=\"wp-block-image size-large\"><a href=\"https:\/\/www.booking.com\/hotel\/br\/colonna-park.en.html?aid=8010377&amp;no_rooms=1&amp;group_adults=2\" target=\"_blank\" rel=\"noreferrer noopener\"><img decoding=\"async\" width=\"800\" height=\"534\" data-id=\"23922\" src=\"https:\/\/wenttrip.com.br\/wp-content\/uploads\/2023\/11\/Colonna-Park-Hotel-800x534.jpg\" alt=\"Colonna Park Hotel\" class=\"wp-image-23922\" srcset=\"https:\/\/wenttrip.com.br\/wp-content\/uploads\/2023\/11\/Colonna-Park-Hotel-800x534.jpg 800w, https:\/\/wenttrip.com.br\/wp-content\/uploads\/2023\/11\/Colonna-Park-Hotel-300x200.jpg 300w, https:\/\/wenttrip.com.br\/wp-content\/uploads\/2023\/11\/Colonna-Park-Hotel-768x512.jpg 768w, https:\/\/wenttrip.com.br\/wp-content\/uploads\/2023\/11\/Colonna-Park-Hotel-18x12.jpg 18w, https:\/\/wenttrip.com.br\/wp-content\/uploads\/2023\/11\/Colonna-Park-Hotel-930x620.jpg 930w, https:\/\/wenttrip.com.br\/wp-content\/uploads\/2023\/11\/Colonna-Park-Hotel.jpg 1024w\" sizes=\"(max-width: 800px) 100vw, 800px\" \/><\/a><\/figure>\n\n\n\n<figure class=\"wp-block-image size-large\"><a href=\"https:\/\/www.booking.com\/hotel\/br\/colonna-park.en.html?aid=8010377&amp;no_rooms=1&amp;group_adults=2\"><img decoding=\"async\" width=\"576\" height=\"768\" data-id=\"23921\" src=\"https:\/\/wenttrip.com.br\/wp-content\/uploads\/2023\/11\/Colonna-Park-Hotel1.jpg\" alt=\"Colonna Park Hotel\" class=\"wp-image-23921\" srcset=\"https:\/\/wenttrip.com.br\/wp-content\/uploads\/2023\/11\/Colonna-Park-Hotel1.jpg 576w, https:\/\/wenttrip.com.br\/wp-content\/uploads\/2023\/11\/Colonna-Park-Hotel1-225x300.jpg 225w, https:\/\/wenttrip.com.br\/wp-content\/uploads\/2023\/11\/Colonna-Park-Hotel1-9x12.jpg 9w\" sizes=\"(max-width: 576px) 100vw, 576px\" \/><\/a><\/figure>\n\n\n\n<figure class=\"wp-block-image size-large\"><a href=\"https:\/\/www.booking.com\/hotel\/br\/colonna-park.en.html?aid=8010377&amp;no_rooms=1&amp;group_adults=2\" target=\"_blank\" rel=\"noreferrer noopener\"><img decoding=\"async\" width=\"800\" height=\"600\" data-id=\"23923\" src=\"https:\/\/wenttrip.com.br\/wp-content\/uploads\/2023\/11\/Colonna-Park-Hotel2-800x600.jpg\" alt=\"Colonna Park Hotel\" class=\"wp-image-23923\" srcset=\"https:\/\/wenttrip.com.br\/wp-content\/uploads\/2023\/11\/Colonna-Park-Hotel2-800x600.jpg 800w, https:\/\/wenttrip.com.br\/wp-content\/uploads\/2023\/11\/Colonna-Park-Hotel2-300x225.jpg 300w, https:\/\/wenttrip.com.br\/wp-content\/uploads\/2023\/11\/Colonna-Park-Hotel2-768x576.jpg 768w, https:\/\/wenttrip.com.br\/wp-content\/uploads\/2023\/11\/Colonna-Park-Hotel2-16x12.jpg 16w, https:\/\/wenttrip.com.br\/wp-content\/uploads\/2023\/11\/Colonna-Park-Hotel2.jpg 1024w\" sizes=\"(max-width: 800px) 100vw, 800px\" \/><\/a><\/figure>\n<\/figure>\n\n\n\n<p><\/p>\n\n\n\n<h3 class=\"wp-block-heading\"><span class=\"ez-toc-section\" id=\"HOTEL_VILLE_LA_PLAGE_BEACH_CLUB\"><\/span>HOTEL VILLE LA PLAGE &amp; BEACH CLUB<span class=\"ez-toc-section-end\"><\/span><\/h3>\n\n\n\n<p>Ville La Plage liegt nur einen kurzen Spaziergang vom Atlantischen Ozean, dem Strand Jo\u00e3o Fernandes und dem La Plage Beach Club entfernt. Die Unterkunft verf\u00fcgt \u00fcber einen Au\u00dfenpool mit Meerblick. <\/p>\n\n\n\n<p>Die Zimmer im Ville La Plage verf\u00fcgen \u00fcber eine Klimaanlage, eine Minibar und einen Safe. Als Gast k\u00f6nnen Sie die Einrichtungen des Club La Plage auf der gegen\u00fcberliegenden Stra\u00dfenseite nutzen.<\/p>\n\n\n\n<p>Der Club verf\u00fcgt \u00fcber ein Spa, einen Pool im Lagunenstil und ein Strandrestaurant mit Au\u00dfenterrasse und Meerblick.<\/p>\n\n\n\n<style>\n    \n    .booking-button {\n      display: inline-block;\n      padding: 15px 30px;\n      font-size: 18px;\n      text-align: center;\n      text-decoration: none;\n      background-color: #003580;\n      color: #fff;\n      border-radius: 5px;\n      transition: background-color 0.3s;\n    }\n\n    .booking-button:hover {\n      background-color: #001f4d;\n    }\n  <\/style>\n\n<div class=\"container\">\n  <a href=\"https:\/\/www.booking.com\/hotel\/br\/pousada-ville-la-plage.en.html?aid=8010377&#038;no_rooms=1&#038;group_adults=2\" class=\"booking-button\" id=\"booking-link\" target=\"_blank\" rel=\"noopener\">\u00dcberpr\u00fcfen Sie den Tageswert<\/a>\n<\/div>\n\n\n\n<figure class=\"wp-block-gallery has-nested-images columns-default is-cropped wp-block-gallery-4 is-layout-flex wp-block-gallery-is-layout-flex\">\n<figure class=\"wp-block-image size-large\"><a href=\"https:\/\/www.booking.com\/hotel\/br\/pousada-ville-la-plage.en.html?aid=8010377&amp;no_rooms=1&amp;group_adults=2\" target=\"_blank\" rel=\"noreferrer noopener\"><img decoding=\"async\" width=\"800\" height=\"450\" data-id=\"23929\" src=\"https:\/\/wenttrip.com.br\/wp-content\/uploads\/2023\/11\/HOTEL-VILLE-LA-PLAGE-BEACH-CLUB-800x450.jpg\" alt=\"HOTEL VILLE LA PLAGE &amp; BEACH CLUB\" class=\"wp-image-23929\" srcset=\"https:\/\/wenttrip.com.br\/wp-content\/uploads\/2023\/11\/HOTEL-VILLE-LA-PLAGE-BEACH-CLUB-800x450.jpg 800w, https:\/\/wenttrip.com.br\/wp-content\/uploads\/2023\/11\/HOTEL-VILLE-LA-PLAGE-BEACH-CLUB-300x169.jpg 300w, https:\/\/wenttrip.com.br\/wp-content\/uploads\/2023\/11\/HOTEL-VILLE-LA-PLAGE-BEACH-CLUB-768x432.jpg 768w, https:\/\/wenttrip.com.br\/wp-content\/uploads\/2023\/11\/HOTEL-VILLE-LA-PLAGE-BEACH-CLUB-18x10.jpg 18w, https:\/\/wenttrip.com.br\/wp-content\/uploads\/2023\/11\/HOTEL-VILLE-LA-PLAGE-BEACH-CLUB.jpg 1024w\" sizes=\"(max-width: 800px) 100vw, 800px\" \/><\/a><\/figure>\n\n\n\n<figure class=\"wp-block-image size-large\"><a href=\"https:\/\/www.booking.com\/hotel\/br\/pousada-ville-la-plage.en.html?aid=8010377&amp;no_rooms=1&amp;group_adults=2\" target=\"_blank\" rel=\"noreferrer noopener\"><img decoding=\"async\" width=\"800\" height=\"534\" data-id=\"23928\" src=\"https:\/\/wenttrip.com.br\/wp-content\/uploads\/2023\/11\/HOTEL-VILLE-LA-PLAGE-BEACH-CLUB1-800x534.jpg\" alt=\"HOTEL VILLE LA PLAGE &amp; BEACH CLUB\" class=\"wp-image-23928\" srcset=\"https:\/\/wenttrip.com.br\/wp-content\/uploads\/2023\/11\/HOTEL-VILLE-LA-PLAGE-BEACH-CLUB1-800x534.jpg 800w, https:\/\/wenttrip.com.br\/wp-content\/uploads\/2023\/11\/HOTEL-VILLE-LA-PLAGE-BEACH-CLUB1-300x200.jpg 300w, https:\/\/wenttrip.com.br\/wp-content\/uploads\/2023\/11\/HOTEL-VILLE-LA-PLAGE-BEACH-CLUB1-768x512.jpg 768w, https:\/\/wenttrip.com.br\/wp-content\/uploads\/2023\/11\/HOTEL-VILLE-LA-PLAGE-BEACH-CLUB1-18x12.jpg 18w, https:\/\/wenttrip.com.br\/wp-content\/uploads\/2023\/11\/HOTEL-VILLE-LA-PLAGE-BEACH-CLUB1-930x620.jpg 930w, https:\/\/wenttrip.com.br\/wp-content\/uploads\/2023\/11\/HOTEL-VILLE-LA-PLAGE-BEACH-CLUB1.jpg 1024w\" sizes=\"(max-width: 800px) 100vw, 800px\" \/><\/a><\/figure>\n\n\n\n<figure class=\"wp-block-image size-large\"><a href=\"https:\/\/www.booking.com\/hotel\/br\/pousada-ville-la-plage.en.html?aid=8010377&amp;no_rooms=1&amp;group_adults=2\" target=\"_blank\" rel=\"noreferrer noopener\"><img decoding=\"async\" width=\"800\" height=\"534\" data-id=\"23930\" src=\"https:\/\/wenttrip.com.br\/wp-content\/uploads\/2023\/11\/HOTEL-VILLE-LA-PLAGE-BEACH-CLUB2-800x534.jpg\" alt=\"HOTEL VILLE LA PLAGE &amp; BEACH CLUB\" class=\"wp-image-23930\" srcset=\"https:\/\/wenttrip.com.br\/wp-content\/uploads\/2023\/11\/HOTEL-VILLE-LA-PLAGE-BEACH-CLUB2-800x534.jpg 800w, https:\/\/wenttrip.com.br\/wp-content\/uploads\/2023\/11\/HOTEL-VILLE-LA-PLAGE-BEACH-CLUB2-300x200.jpg 300w, https:\/\/wenttrip.com.br\/wp-content\/uploads\/2023\/11\/HOTEL-VILLE-LA-PLAGE-BEACH-CLUB2-768x512.jpg 768w, https:\/\/wenttrip.com.br\/wp-content\/uploads\/2023\/11\/HOTEL-VILLE-LA-PLAGE-BEACH-CLUB2-18x12.jpg 18w, https:\/\/wenttrip.com.br\/wp-content\/uploads\/2023\/11\/HOTEL-VILLE-LA-PLAGE-BEACH-CLUB2-930x620.jpg 930w, https:\/\/wenttrip.com.br\/wp-content\/uploads\/2023\/11\/HOTEL-VILLE-LA-PLAGE-BEACH-CLUB2.jpg 1024w\" sizes=\"(max-width: 800px) 100vw, 800px\" \/><\/a><\/figure>\n<\/figure>\n\n\n\n<p>Weitere Hoteloptionen finden Sie hier auf der Website <a href=\"https:\/\/www.booking.com\/searchresults.en.html?city=-626254&amp;aid=8010377&amp;no_rooms=1&amp;group_adults=2\" target=\"_blank\" rel=\"noreferrer noopener\"><strong>Booking.com<\/strong><\/a>!<\/p>\n\n\n\n<h2 class=\"wp-block-heading\"><span class=\"ez-toc-section\" id=\"Qual_Praia_de_Buzios_tem_queima_de_fogos\"><\/span>An welchem Strand in B\u00fazios gibt es Feuerwerk?<span class=\"ez-toc-section-end\"><\/span><\/h2>\n\n\n\n<p>W\u00e4hrend der Silvesterzeit empf\u00e4ngt die Stadt Tausende von Touristen aus verschiedenen Teilen Brasiliens und der ganzen Welt und der H\u00f6hepunkt der Silvesterfeier findet an vier Orten in der Stadt statt: <strong>Centro (Orla Bardot), Gerib\u00e1, Rasa (INEFI) und Manguinhos.<\/strong><\/p>\n\n\n\n<p>Wir warten auf die Best\u00e4tigung des Rathauses, es handelt sich bei diesen Daten um Informationen aus dem letzten Jahr (2022\/2023).<\/p>\n\n\n\n<h2 class=\"wp-block-heading\"><span class=\"ez-toc-section\" id=\"Vai_ter_queima_de_fogos_em_Buzios_2023\"><\/span>Wird es in B\u00fazios 2023 ein Feuerwerk geben?<span class=\"ez-toc-section-end\"><\/span><\/h2>\n\n\n\n<p>Es ist noch nicht bekannt, dass das Feuerwerk im Vorjahr letzte Woche abgesagt wurde, der Grund war umweltbedingt.<\/p>\n\n\n\n<h2 class=\"wp-block-heading\"><span class=\"ez-toc-section\" id=\"Onde_passar_reveillon_em_Buzios\"><\/span>Wo kann man Silvester in B\u00fazios verbringen?<span class=\"ez-toc-section-end\"><\/span><\/h2>\n\n\n\n<p>Ich hoffe, die Tipps haben euch gefallen und bis zum n\u00e4chsten Mal!!!<\/p>","protected":false},"excerpt":{"rendered":"<p>Begr\u00fc\u00dfen Sie das neue Jahr im Charme von B\u00fazios! Mit seinen atemberaubenden Str\u00e4nden, Restaurants am Meer und der lebhaften Atmosph\u00e4re verspricht Silvester in B\u00fazios ein unvergessliches Fest. Schauen Sie sich in diesem Beitrag alle Informationen an, die Sie f\u00fcr einen unvergesslichen Silvesterabend wissen m\u00fcssen! W\u00e4hrend der Neujahrszeit empf\u00e4ngt die Stadt Tausende von Touristen\u2026&nbsp;<a href=\"https:\/\/wenttrip.com.br\/de\/brasilien\/brasil-sudeste\/rio-de-janeiro\/neues-jahr-in-buzios-aktualisiert\/\" rel=\"bookmark\">Weiterlesen \u00bb<span class=\"screen-reader-text\">Silvester in B\u00fazios \u2013 Aktualisiert<\/span><\/a><\/p>","protected":false},"author":1,"featured_media":23898,"comment_status":"open","ping_status":"closed","sticky":false,"template":"","format":"standard","meta":{"neve_meta_sidebar":"","neve_meta_container":"","neve_meta_enable_content_width":"","neve_meta_content_width":0,"neve_meta_title_alignment":"","neve_meta_author_avatar":"","neve_post_elements_order":"","neve_meta_disable_header":"","neve_meta_disable_footer":"","neve_meta_disable_title":"","footnotes":""},"categories":[1700],"tags":[4558,4552,2817],"class_list":["post-23876","post","type-post","status-publish","format-standard","has-post-thumbnail","hentry","category-rio-de-janeiro","tag-buzios","tag-reveillon","tag-rio-de-janeiro"],"yoast_head":"<!-- This site is optimized with the Yoast SEO plugin v27.5 - https:\/\/yoast.com\/product\/yoast-seo-wordpress\/ -->\n<title>R\u00e9veillon em B\u00fazios - Atualizado - WentTrip<\/title>\n<meta name=\"description\" content=\"Receba o ano novo sob o encanto de B\u00fazios! Com suas praias deslumbrantes, restaurantes \u00e0 beira-mar e uma atmosfera vibrante, o R\u00e9veillon em B\u00fazios promete uma celebra\u00e7\u00e3o inesquec\u00edvel. Confira aqui nesse post todas as informa\u00e7\u00f5es que voc\u00ea precisa saber para ter um r\u00e9veillon memor\u00e1vel!\" \/>\n<meta name=\"robots\" content=\"index, follow, max-snippet:-1, max-image-preview:large, max-video-preview:-1\" \/>\n<link rel=\"canonical\" href=\"https:\/\/wenttrip.com.br\/de\/brasilien\/brasil-sudeste\/rio-de-janeiro\/neues-jahr-in-buzios-aktualisiert\/\" \/>\n<meta property=\"og:locale\" content=\"de_DE\" \/>\n<meta property=\"og:type\" content=\"article\" \/>\n<meta property=\"og:title\" content=\"R\u00e9veillon em B\u00fazios - Atualizado - WentTrip\" \/>\n<meta property=\"og:description\" content=\"Receba o ano novo sob o encanto de B\u00fazios! Com suas praias deslumbrantes, restaurantes \u00e0 beira-mar e uma atmosfera vibrante, o R\u00e9veillon em B\u00fazios promete uma celebra\u00e7\u00e3o inesquec\u00edvel. Confira aqui nesse post todas as informa\u00e7\u00f5es que voc\u00ea precisa saber para ter um r\u00e9veillon memor\u00e1vel!\" \/>\n<meta property=\"og:url\" content=\"https:\/\/wenttrip.com.br\/de\/brasilien\/brasil-sudeste\/rio-de-janeiro\/neues-jahr-in-buzios-aktualisiert\/\" \/>\n<meta property=\"og:site_name\" content=\"WentTrip\" \/>\n<meta property=\"article:publisher\" content=\"https:\/\/m.facebook.com\/profile.php\" \/>\n<meta property=\"article:author\" content=\"https:\/\/m.facebook.com\/profile.php\" \/>\n<meta property=\"article:published_time\" content=\"2023-11-27T20:19:38+00:00\" \/>\n<meta property=\"article:modified_time\" content=\"2023-11-27T20:59:51+00:00\" \/>\n<meta property=\"og:image\" content=\"https:\/\/wenttrip.com.br\/wp-content\/uploads\/2023\/11\/buzios.jpg\" \/>\n\t<meta property=\"og:image:width\" content=\"640\" \/>\n\t<meta property=\"og:image:height\" content=\"425\" \/>\n\t<meta property=\"og:image:type\" content=\"image\/jpeg\" \/>\n<meta name=\"author\" content=\"Fernanda Machado\" \/>\n<meta name=\"twitter:card\" content=\"summary_large_image\" \/>\n<meta name=\"twitter:creator\" content=\"@https:\/\/twitter.com\/wenttrip\" \/>\n<meta name=\"twitter:site\" content=\"@wenttrip\" \/>\n<meta name=\"twitter:label1\" content=\"Verfasst von\" \/>\n\t<meta name=\"twitter:data1\" content=\"Fernanda Machado\" \/>\n\t<meta name=\"twitter:label2\" content=\"Gesch\u00e4tzte Lesezeit\" \/>\n\t<meta name=\"twitter:data2\" content=\"9\u00a0Minuten\" \/>\n<script type=\"application\/ld+json\" class=\"yoast-schema-graph\">{\"@context\":\"https:\\\/\\\/schema.org\",\"@graph\":[{\"@type\":\"Article\",\"@id\":\"https:\\\/\\\/wenttrip.com.br\\\/de\\\/brasilien\\\/brasil-sudeste\\\/rio-de-janeiro\\\/neues-jahr-in-buzios-aktualisiert\\\/#article\",\"isPartOf\":{\"@id\":\"https:\\\/\\\/wenttrip.com.br\\\/de\\\/brasilien\\\/brasil-sudeste\\\/rio-de-janeiro\\\/neues-jahr-in-buzios-aktualisiert\\\/\"},\"author\":{\"name\":\"Fernanda Machado\",\"@id\":\"https:\\\/\\\/wenttrip.com.br\\\/de\\\/#\\\/schema\\\/person\\\/c0ff87b449a960037fdd1b024842fcf9\"},\"headline\":\"R\u00e9veillon em B\u00fazios &#8211; Atualizado\",\"datePublished\":\"2023-11-27T20:19:38+00:00\",\"dateModified\":\"2023-11-27T20:59:51+00:00\",\"mainEntityOfPage\":{\"@id\":\"https:\\\/\\\/wenttrip.com.br\\\/de\\\/brasilien\\\/brasil-sudeste\\\/rio-de-janeiro\\\/neues-jahr-in-buzios-aktualisiert\\\/\"},\"wordCount\":1495,\"commentCount\":0,\"publisher\":{\"@id\":\"https:\\\/\\\/wenttrip.com.br\\\/de\\\/#\\\/schema\\\/person\\\/c0ff87b449a960037fdd1b024842fcf9\"},\"image\":{\"@id\":\"https:\\\/\\\/wenttrip.com.br\\\/de\\\/brasilien\\\/brasil-sudeste\\\/rio-de-janeiro\\\/neues-jahr-in-buzios-aktualisiert\\\/#primaryimage\"},\"thumbnailUrl\":\"https:\\\/\\\/wenttrip.com.br\\\/wp-content\\\/uploads\\\/2023\\\/11\\\/buzios.jpg\",\"keywords\":[\"b\u00fazios\",\"r\u00e9veillon\",\"rio de Janeiro\"],\"articleSection\":[\"Rio de Janeiro\"],\"inLanguage\":\"de\",\"potentialAction\":[{\"@type\":\"CommentAction\",\"name\":\"Comment\",\"target\":[\"https:\\\/\\\/wenttrip.com.br\\\/de\\\/brasilien\\\/brasil-sudeste\\\/rio-de-janeiro\\\/neues-jahr-in-buzios-aktualisiert\\\/#respond\"]}]},{\"@type\":\"WebPage\",\"@id\":\"https:\\\/\\\/wenttrip.com.br\\\/de\\\/brasilien\\\/brasil-sudeste\\\/rio-de-janeiro\\\/neues-jahr-in-buzios-aktualisiert\\\/\",\"url\":\"https:\\\/\\\/wenttrip.com.br\\\/de\\\/brasilien\\\/brasil-sudeste\\\/rio-de-janeiro\\\/neues-jahr-in-buzios-aktualisiert\\\/\",\"name\":\"R\u00e9veillon em B\u00fazios - Atualizado - WentTrip\",\"isPartOf\":{\"@id\":\"https:\\\/\\\/wenttrip.com.br\\\/de\\\/#website\"},\"primaryImageOfPage\":{\"@id\":\"https:\\\/\\\/wenttrip.com.br\\\/de\\\/brasilien\\\/brasil-sudeste\\\/rio-de-janeiro\\\/neues-jahr-in-buzios-aktualisiert\\\/#primaryimage\"},\"image\":{\"@id\":\"https:\\\/\\\/wenttrip.com.br\\\/de\\\/brasilien\\\/brasil-sudeste\\\/rio-de-janeiro\\\/neues-jahr-in-buzios-aktualisiert\\\/#primaryimage\"},\"thumbnailUrl\":\"https:\\\/\\\/wenttrip.com.br\\\/wp-content\\\/uploads\\\/2023\\\/11\\\/buzios.jpg\",\"datePublished\":\"2023-11-27T20:19:38+00:00\",\"dateModified\":\"2023-11-27T20:59:51+00:00\",\"description\":\"Receba o ano novo sob o encanto de B\u00fazios! Com suas praias deslumbrantes, restaurantes \u00e0 beira-mar e uma atmosfera vibrante, o R\u00e9veillon em B\u00fazios promete uma celebra\u00e7\u00e3o inesquec\u00edvel. Confira aqui nesse post todas as informa\u00e7\u00f5es que voc\u00ea precisa saber para ter um r\u00e9veillon memor\u00e1vel!\",\"breadcrumb\":{\"@id\":\"https:\\\/\\\/wenttrip.com.br\\\/de\\\/brasilien\\\/brasil-sudeste\\\/rio-de-janeiro\\\/neues-jahr-in-buzios-aktualisiert\\\/#breadcrumb\"},\"inLanguage\":\"de\",\"potentialAction\":[{\"@type\":\"ReadAction\",\"target\":[\"https:\\\/\\\/wenttrip.com.br\\\/de\\\/brasilien\\\/brasil-sudeste\\\/rio-de-janeiro\\\/neues-jahr-in-buzios-aktualisiert\\\/\"]}]},{\"@type\":\"ImageObject\",\"inLanguage\":\"de\",\"@id\":\"https:\\\/\\\/wenttrip.com.br\\\/de\\\/brasilien\\\/brasil-sudeste\\\/rio-de-janeiro\\\/neues-jahr-in-buzios-aktualisiert\\\/#primaryimage\",\"url\":\"https:\\\/\\\/wenttrip.com.br\\\/wp-content\\\/uploads\\\/2023\\\/11\\\/buzios.jpg\",\"contentUrl\":\"https:\\\/\\\/wenttrip.com.br\\\/wp-content\\\/uploads\\\/2023\\\/11\\\/buzios.jpg\",\"width\":640,\"height\":425,\"caption\":\"B\u00fazios\"},{\"@type\":\"BreadcrumbList\",\"@id\":\"https:\\\/\\\/wenttrip.com.br\\\/de\\\/brasilien\\\/brasil-sudeste\\\/rio-de-janeiro\\\/neues-jahr-in-buzios-aktualisiert\\\/#breadcrumb\",\"itemListElement\":[{\"@type\":\"ListItem\",\"position\":1,\"name\":\"In\u00edcio\",\"item\":\"https:\\\/\\\/wenttrip.com.br\\\/de\\\/\"},{\"@type\":\"ListItem\",\"position\":2,\"name\":\"R\u00e9veillon em B\u00fazios &#8211; Atualizado\"}]},{\"@type\":\"WebSite\",\"@id\":\"https:\\\/\\\/wenttrip.com.br\\\/de\\\/#website\",\"url\":\"https:\\\/\\\/wenttrip.com.br\\\/de\\\/\",\"name\":\"WentTrip\",\"description\":\"O seu guia completo com muitas dicas de aventuras, lugares, alimenta\u00e7\u00e3o, hot\u00e9is.\",\"publisher\":{\"@id\":\"https:\\\/\\\/wenttrip.com.br\\\/de\\\/#\\\/schema\\\/person\\\/c0ff87b449a960037fdd1b024842fcf9\"},\"potentialAction\":[{\"@type\":\"SearchAction\",\"target\":{\"@type\":\"EntryPoint\",\"urlTemplate\":\"https:\\\/\\\/wenttrip.com.br\\\/de\\\/?s={search_term_string}\"},\"query-input\":{\"@type\":\"PropertyValueSpecification\",\"valueRequired\":true,\"valueName\":\"search_term_string\"}}],\"inLanguage\":\"de\"},{\"@type\":[\"Person\",\"Organization\"],\"@id\":\"https:\\\/\\\/wenttrip.com.br\\\/de\\\/#\\\/schema\\\/person\\\/c0ff87b449a960037fdd1b024842fcf9\",\"name\":\"Fernanda Machado\",\"image\":{\"@type\":\"ImageObject\",\"inLanguage\":\"de\",\"@id\":\"https:\\\/\\\/wenttrip.com.br\\\/wp-content\\\/uploads\\\/2022\\\/08\\\/WentTrip-2.png\",\"url\":\"https:\\\/\\\/wenttrip.com.br\\\/wp-content\\\/uploads\\\/2022\\\/08\\\/WentTrip-2.png\",\"contentUrl\":\"https:\\\/\\\/wenttrip.com.br\\\/wp-content\\\/uploads\\\/2022\\\/08\\\/WentTrip-2.png\",\"width\":1000,\"height\":1000,\"caption\":\"Fernanda Machado\"},\"logo\":{\"@id\":\"https:\\\/\\\/wenttrip.com.br\\\/wp-content\\\/uploads\\\/2022\\\/08\\\/WentTrip-2.png\"},\"description\":\"Aprendi que a vida \u00e9 mais leve quando colocamos uma mochila nas costas junto com sonhos. Amo viajar! Tenho 34 anos, mam\u00e3e de 3 cachorros: A Pantufa, O mutley e o Mixuruca. Compartilhamos nossas experi\u00eancias por aqui, esperamos que gostem!\",\"sameAs\":[\"https:\\\/\\\/wenttrip.com.br\",\"https:\\\/\\\/m.facebook.com\\\/profile.php\",\"https:\\\/\\\/www.instagram.com\\\/wenttrip\\\/\",\"https:\\\/\\\/x.com\\\/https:\\\/\\\/twitter.com\\\/wenttrip\",\"https:\\\/\\\/www.youtube.com\\\/c\\\/WentTrip\\\/videos\"],\"url\":\"https:\\\/\\\/wenttrip.com.br\\\/de\\\/author\\\/admin\\\/\"}]}<\/script>\n<!-- \/ Yoast SEO plugin. -->","yoast_head_json":{"title":"Silvester in B\u00fazios \u2013 Aktualisiert \u2013 WentTrip","description":"Begr\u00fc\u00dfen Sie das neue Jahr im Charme von B\u00fazios! Mit seinen atemberaubenden Str\u00e4nden, Restaurants am Meer und der lebhaften Atmosph\u00e4re verspricht Silvester in B\u00fazios ein unvergessliches Fest. Schauen Sie sich in diesem Beitrag alle Informationen an, die Sie f\u00fcr einen unvergesslichen Silvesterabend wissen m\u00fcssen!","robots":{"index":"index","follow":"follow","max-snippet":"max-snippet:-1","max-image-preview":"max-image-preview:large","max-video-preview":"max-video-preview:-1"},"canonical":"https:\/\/wenttrip.com.br\/de\/brasilien\/brasil-sudeste\/rio-de-janeiro\/neues-jahr-in-buzios-aktualisiert\/","og_locale":"de_DE","og_type":"article","og_title":"R\u00e9veillon em B\u00fazios - Atualizado - WentTrip","og_description":"Receba o ano novo sob o encanto de B\u00fazios! Com suas praias deslumbrantes, restaurantes \u00e0 beira-mar e uma atmosfera vibrante, o R\u00e9veillon em B\u00fazios promete uma celebra\u00e7\u00e3o inesquec\u00edvel. Confira aqui nesse post todas as informa\u00e7\u00f5es que voc\u00ea precisa saber para ter um r\u00e9veillon memor\u00e1vel!","og_url":"https:\/\/wenttrip.com.br\/de\/brasilien\/brasil-sudeste\/rio-de-janeiro\/neues-jahr-in-buzios-aktualisiert\/","og_site_name":"WentTrip","article_publisher":"https:\/\/m.facebook.com\/profile.php","article_author":"https:\/\/m.facebook.com\/profile.php","article_published_time":"2023-11-27T20:19:38+00:00","article_modified_time":"2023-11-27T20:59:51+00:00","og_image":[{"width":640,"height":425,"url":"https:\/\/wenttrip.com.br\/wp-content\/uploads\/2023\/11\/buzios.jpg","type":"image\/jpeg"}],"author":"Fernanda Machado","twitter_card":"summary_large_image","twitter_creator":"@https:\/\/twitter.com\/wenttrip","twitter_site":"@wenttrip","twitter_misc":{"Verfasst von":"Fernanda Machado","Gesch\u00e4tzte Lesezeit":"9\u00a0Minuten"},"schema":{"@context":"https:\/\/schema.org","@graph":[{"@type":"Article","@id":"https:\/\/wenttrip.com.br\/de\/brasilien\/brasil-sudeste\/rio-de-janeiro\/neues-jahr-in-buzios-aktualisiert\/#article","isPartOf":{"@id":"https:\/\/wenttrip.com.br\/de\/brasilien\/brasil-sudeste\/rio-de-janeiro\/neues-jahr-in-buzios-aktualisiert\/"},"author":{"name":"Fernanda Machado","@id":"https:\/\/wenttrip.com.br\/de\/#\/schema\/person\/c0ff87b449a960037fdd1b024842fcf9"},"headline":"R\u00e9veillon em B\u00fazios &#8211; Atualizado","datePublished":"2023-11-27T20:19:38+00:00","dateModified":"2023-11-27T20:59:51+00:00","mainEntityOfPage":{"@id":"https:\/\/wenttrip.com.br\/de\/brasilien\/brasil-sudeste\/rio-de-janeiro\/neues-jahr-in-buzios-aktualisiert\/"},"wordCount":1495,"commentCount":0,"publisher":{"@id":"https:\/\/wenttrip.com.br\/de\/#\/schema\/person\/c0ff87b449a960037fdd1b024842fcf9"},"image":{"@id":"https:\/\/wenttrip.com.br\/de\/brasilien\/brasil-sudeste\/rio-de-janeiro\/neues-jahr-in-buzios-aktualisiert\/#primaryimage"},"thumbnailUrl":"https:\/\/wenttrip.com.br\/wp-content\/uploads\/2023\/11\/buzios.jpg","keywords":["b\u00fazios","r\u00e9veillon","rio de Janeiro"],"articleSection":["Rio de Janeiro"],"inLanguage":"de","potentialAction":[{"@type":"CommentAction","name":"Comment","target":["https:\/\/wenttrip.com.br\/de\/brasilien\/brasil-sudeste\/rio-de-janeiro\/neues-jahr-in-buzios-aktualisiert\/#respond"]}]},{"@type":"WebPage","@id":"https:\/\/wenttrip.com.br\/de\/brasilien\/brasil-sudeste\/rio-de-janeiro\/neues-jahr-in-buzios-aktualisiert\/","url":"https:\/\/wenttrip.com.br\/de\/brasilien\/brasil-sudeste\/rio-de-janeiro\/neues-jahr-in-buzios-aktualisiert\/","name":"Silvester in B\u00fazios \u2013 Aktualisiert \u2013 WentTrip","isPartOf":{"@id":"https:\/\/wenttrip.com.br\/de\/#website"},"primaryImageOfPage":{"@id":"https:\/\/wenttrip.com.br\/de\/brasilien\/brasil-sudeste\/rio-de-janeiro\/neues-jahr-in-buzios-aktualisiert\/#primaryimage"},"image":{"@id":"https:\/\/wenttrip.com.br\/de\/brasilien\/brasil-sudeste\/rio-de-janeiro\/neues-jahr-in-buzios-aktualisiert\/#primaryimage"},"thumbnailUrl":"https:\/\/wenttrip.com.br\/wp-content\/uploads\/2023\/11\/buzios.jpg","datePublished":"2023-11-27T20:19:38+00:00","dateModified":"2023-11-27T20:59:51+00:00","description":"Begr\u00fc\u00dfen Sie das neue Jahr im Charme von B\u00fazios! Mit seinen atemberaubenden Str\u00e4nden, Restaurants am Meer und der lebhaften Atmosph\u00e4re verspricht Silvester in B\u00fazios ein unvergessliches Fest. Schauen Sie sich in diesem Beitrag alle Informationen an, die Sie f\u00fcr einen unvergesslichen Silvesterabend wissen m\u00fcssen!","breadcrumb":{"@id":"https:\/\/wenttrip.com.br\/de\/brasilien\/brasil-sudeste\/rio-de-janeiro\/neues-jahr-in-buzios-aktualisiert\/#breadcrumb"},"inLanguage":"de","potentialAction":[{"@type":"ReadAction","target":["https:\/\/wenttrip.com.br\/de\/brasilien\/brasil-sudeste\/rio-de-janeiro\/neues-jahr-in-buzios-aktualisiert\/"]}]},{"@type":"ImageObject","inLanguage":"de","@id":"https:\/\/wenttrip.com.br\/de\/brasilien\/brasil-sudeste\/rio-de-janeiro\/neues-jahr-in-buzios-aktualisiert\/#primaryimage","url":"https:\/\/wenttrip.com.br\/wp-content\/uploads\/2023\/11\/buzios.jpg","contentUrl":"https:\/\/wenttrip.com.br\/wp-content\/uploads\/2023\/11\/buzios.jpg","width":640,"height":425,"caption":"B\u00fazios"},{"@type":"BreadcrumbList","@id":"https:\/\/wenttrip.com.br\/de\/brasilien\/brasil-sudeste\/rio-de-janeiro\/neues-jahr-in-buzios-aktualisiert\/#breadcrumb","itemListElement":[{"@type":"ListItem","position":1,"name":"In\u00edcio","item":"https:\/\/wenttrip.com.br\/de\/"},{"@type":"ListItem","position":2,"name":"R\u00e9veillon em B\u00fazios &#8211; Atualizado"}]},{"@type":"WebSite","@id":"https:\/\/wenttrip.com.br\/de\/#website","url":"https:\/\/wenttrip.com.br\/de\/","name":"WentTrip","description":"Ihr kompletter Reisef\u00fchrer mit vielen Tipps zu Abenteuern, Orten, Essen, Hotels.","publisher":{"@id":"https:\/\/wenttrip.com.br\/de\/#\/schema\/person\/c0ff87b449a960037fdd1b024842fcf9"},"potentialAction":[{"@type":"SearchAction","target":{"@type":"EntryPoint","urlTemplate":"https:\/\/wenttrip.com.br\/de\/?s={search_term_string}"},"query-input":{"@type":"PropertyValueSpecification","valueRequired":true,"valueName":"search_term_string"}}],"inLanguage":"de"},{"@type":["Person","Organization"],"@id":"https:\/\/wenttrip.com.br\/de\/#\/schema\/person\/c0ff87b449a960037fdd1b024842fcf9","name":"Fernanda Machado","image":{"@type":"ImageObject","inLanguage":"de","@id":"https:\/\/wenttrip.com.br\/wp-content\/uploads\/2022\/08\/WentTrip-2.png","url":"https:\/\/wenttrip.com.br\/wp-content\/uploads\/2022\/08\/WentTrip-2.png","contentUrl":"https:\/\/wenttrip.com.br\/wp-content\/uploads\/2022\/08\/WentTrip-2.png","width":1000,"height":1000,"caption":"Fernanda Machado"},"logo":{"@id":"https:\/\/wenttrip.com.br\/wp-content\/uploads\/2022\/08\/WentTrip-2.png"},"description":"Ich habe gelernt, dass das Leben leichter ist, wenn wir neben Tr\u00e4umen auch einen Rucksack auf den R\u00fccken packen. Ich liebe es zu reisen! Ich bin 34 Jahre alt, Mutter von 3 Hunden: Pantufa, Mutley und Mixuruca. Wir teilen hier unsere Erfahrungen, wir hoffen, dass es euch gef\u00e4llt!","sameAs":["https:\/\/wenttrip.com.br","https:\/\/m.facebook.com\/profile.php","https:\/\/www.instagram.com\/wenttrip\/","https:\/\/x.com\/https:\/\/twitter.com\/wenttrip","https:\/\/www.youtube.com\/c\/WentTrip\/videos"],"url":"https:\/\/wenttrip.com.br\/de\/author\/admin\/"}]}},"_links":{"self":[{"href":"https:\/\/wenttrip.com.br\/de\/wp-json\/wp\/v2\/posts\/23876","targetHints":{"allow":["GET"]}}],"collection":[{"href":"https:\/\/wenttrip.com.br\/de\/wp-json\/wp\/v2\/posts"}],"about":[{"href":"https:\/\/wenttrip.com.br\/de\/wp-json\/wp\/v2\/types\/post"}],"author":[{"embeddable":true,"href":"https:\/\/wenttrip.com.br\/de\/wp-json\/wp\/v2\/users\/1"}],"replies":[{"embeddable":true,"href":"https:\/\/wenttrip.com.br\/de\/wp-json\/wp\/v2\/comments?post=23876"}],"version-history":[{"count":0,"href":"https:\/\/wenttrip.com.br\/de\/wp-json\/wp\/v2\/posts\/23876\/revisions"}],"wp:featuredmedia":[{"embeddable":true,"href":"https:\/\/wenttrip.com.br\/de\/wp-json\/wp\/v2\/media\/23898"}],"wp:attachment":[{"href":"https:\/\/wenttrip.com.br\/de\/wp-json\/wp\/v2\/media?parent=23876"}],"wp:term":[{"taxonomy":"category","embeddable":true,"href":"https:\/\/wenttrip.com.br\/de\/wp-json\/wp\/v2\/categories?post=23876"},{"taxonomy":"post_tag","embeddable":true,"href":"https:\/\/wenttrip.com.br\/de\/wp-json\/wp\/v2\/tags?post=23876"}],"curies":[{"name":"wp","href":"https:\/\/api.w.org\/{rel}","templated":true}]}}